{"id":5082,"date":"2009-03-19T03:07:00","date_gmt":"2009-03-19T03:07:00","guid":{"rendered":"https:\/\/www.fraczinet.cl\/sitio\/2009\/03\/19\/santuario-de-yumbel-preparado-para-festividad-del-20\/"},"modified":"2009-03-19T03:07:00","modified_gmt":"2009-03-19T03:07:00","slug":"santuario-de-yumbel-preparado-para-festividad-del-20","status":"publish","type":"post","link":"https:\/\/www.fraczinet.cl\/sitio\/2009\/03\/19\/santuario-de-yumbel-preparado-para-festividad-del-20\/","title":{"rendered":"Santuario de Yumbel preparado para festividad del \u201c20\u201d"},"content":{"rendered":"<div style=\"text-align: justify;\">Con la novena en honor a San Sebasti\u00e1n, se inici\u00f3 el 11 de marzo, la preparaci\u00f3n de la festividad religiosa en el santuario de Yumbel, conocida como \u201c20 Chico\u201d.<\/div>\n<div style=\"text-align: justify;\"><\/div>\n<div style=\"text-align: justify;\">Cada d\u00eda, a las 17 horas, se reza el rosario y concluye con la celebraci\u00f3n de una misa. En esta oportunidad, las pr\u00e9dicas diarias est\u00e1n a cargo del presb\u00edtero Claudio Alarc\u00f3n, p\u00e1rroco de la parroquia Nuestra Se\u00f1ora del Rosario, Florida.<\/div>\n<div style=\"text-align: justify;\"><\/div>\n<div style=\"text-align: justify;\">El inicio de la novena se dio con el traslado de la imagen de San Sebasti\u00e1n, desde el templo hasta el campo de oraci\u00f3n, siendo instalado en la parte superior del altar, donde permanecer\u00e1 hasta el viernes 20 de marzo. La animaci\u00f3n de la Novena ha estado a cargo de diferentes grupos pastorales de la comunidad parroquial de Yumbel.<\/div>\n<div style=\"text-align: justify;\"><\/div>\n<div style=\"text-align: justify;\">El d\u00eda 20, la celebraci\u00f3n de misas comenzar\u00e1 a las 00 horas. Las eucarist\u00edas continuar\u00e1n cada dos horas. A las 10 horas, la misa ser\u00e1 presidida por monse\u00f1or Ricardo Ezzati, arzobispo de Concepci\u00f3n.<\/div>\n<div style=\"text-align: justify;\"><\/div>\n<div style=\"text-align: justify;\">La festividad concluir\u00e1 con una procesi\u00f3n por calles de Yumbel, a partir de las 17 horas, con participaci\u00f3n de los obispos, el p\u00e1rroco de Yumbel, padre Luis Castro; sacerdotes y seminaristas que participar\u00e1n en esta festividad. Al igual que el 20 de enero, se espera una gran afluencia de peregrinos provenientes de la regi\u00f3n y de distintos puntos del pa\u00eds. <\/div>\n<div style=\"text-align: justify;\"><\/div>\n<div style=\"text-align: justify;\">Fuente: Diario La Tribuna 18\/03\/2009<\/div>\n","protected":false},"excerpt":{"rendered":"<p>Con la novena en honor a San Sebasti\u00e1n, se inici\u00f3 el 11 de marzo, la preparaci\u00f3n de la festividad religiosa en el santuario de Yumbel, conocida como \u201c20 Chico\u201d. Cada d\u00eda, a las 17 horas, se reza el rosario y concluye con la celebraci\u00f3n de una misa. En esta oportunidad, las pr\u00e9dicas diarias est\u00e1n a [&hellip;]<\/p>\n","protected":false},"author":1,"featured_media":0,"comment_status":"open","ping_status":"open","sticky":false,"template":"","format":"standard","meta":{"footnotes":""},"categories":[7,109],"tags":[],"class_list":["post-5082","post","type-post","status-publish","format-standard","hentry","category-fiestas-y-tradiciones","category-yumbel"],"yoast_head":"<!-- This site is optimized with the Yoast SEO plugin v25.0 - https:\/\/yoast.com\/wordpress\/plugins\/seo\/ -->\n<title>Santuario de Yumbel preparado para festividad del \u201c20\u201d - Nuestro Bio B\u00edo<\/title>\n<meta name=\"robots\" content=\"index, follow, max-snippet:-1, max-image-preview:large, max-video-preview:-1\" \/>\n<link rel=\"canonical\" href=\"https:\/\/www.fraczinet.cl\/sitio\/2009\/03\/19\/santuario-de-yumbel-preparado-para-festividad-del-20\/\" \/>\n<meta property=\"og:locale\" content=\"es_ES\" \/>\n<meta property=\"og:type\" content=\"article\" \/>\n<meta property=\"og:title\" content=\"Santuario de Yumbel preparado para festividad del \u201c20\u201d - Nuestro Bio B\u00edo\" \/>\n<meta property=\"og:description\" content=\"Con la novena en honor a San Sebasti\u00e1n, se inici\u00f3 el 11 de marzo, la preparaci\u00f3n de la festividad religiosa en el santuario de Yumbel, conocida como \u201c20 Chico\u201d. Cada d\u00eda, a las 17 horas, se reza el rosario y concluye con la celebraci\u00f3n de una misa. En esta oportunidad, las pr\u00e9dicas diarias est\u00e1n a [&hellip;]\" \/>\n<meta property=\"og:url\" content=\"https:\/\/www.fraczinet.cl\/sitio\/2009\/03\/19\/santuario-de-yumbel-preparado-para-festividad-del-20\/\" \/>\n<meta property=\"og:site_name\" content=\"Nuestro Bio B\u00edo\" \/>\n<meta property=\"article:published_time\" content=\"2009-03-19T03:07:00+00:00\" \/>\n<meta property=\"og:image\" content=\"https:\/\/www.fraczinet.cl\/sitio\/wp-content\/uploads\/2021\/07\/bannerlogo-1.gif\" \/>\n\t<meta property=\"og:image:width\" content=\"159\" \/>\n\t<meta property=\"og:image:height\" content=\"79\" \/>\n\t<meta property=\"og:image:type\" content=\"image\/gif\" \/>\n<meta name=\"author\" content=\"admin\" \/>\n<meta name=\"twitter:card\" content=\"summary_large_image\" \/>\n<meta name=\"twitter:creator\" content=\"@nuestrobiobio\" \/>\n<meta name=\"twitter:site\" content=\"@nuestrobiobio\" \/>\n<meta name=\"twitter:label1\" content=\"Escrito por\" \/>\n\t<meta name=\"twitter:data1\" content=\"admin\" \/>\n\t<meta name=\"twitter:label2\" content=\"Tiempo de lectura\" \/>\n\t<meta name=\"twitter:data2\" content=\"1 minuto\" \/>\n<script type=\"application\/ld+json\" class=\"yoast-schema-graph\">{\"@context\":\"https:\/\/schema.org\",\"@graph\":[{\"@type\":\"Article\",\"@id\":\"https:\/\/www.fraczinet.cl\/sitio\/2009\/03\/19\/santuario-de-yumbel-preparado-para-festividad-del-20\/#article\",\"isPartOf\":{\"@id\":\"https:\/\/www.fraczinet.cl\/sitio\/2009\/03\/19\/santuario-de-yumbel-preparado-para-festividad-del-20\/\"},\"author\":{\"name\":\"admin\",\"@id\":\"https:\/\/www.fraczinet.cl\/sitio\/#\/schema\/person\/bc30f98e9cb10ae7e119dbe14bc93784\"},\"headline\":\"Santuario de Yumbel preparado para festividad del \u201c20\u201d\",\"datePublished\":\"2009-03-19T03:07:00+00:00\",\"mainEntityOfPage\":{\"@id\":\"https:\/\/www.fraczinet.cl\/sitio\/2009\/03\/19\/santuario-de-yumbel-preparado-para-festividad-del-20\/\"},\"wordCount\":248,\"commentCount\":0,\"publisher\":{\"@id\":\"https:\/\/www.fraczinet.cl\/sitio\/#\/schema\/person\/aec8ee4da68df2b9b0eefdad24a0d582\"},\"articleSection\":[\"Fiestas y Tradiciones\",\"Yumbel\"],\"inLanguage\":\"es\",\"potentialAction\":[{\"@type\":\"CommentAction\",\"name\":\"Comment\",\"target\":[\"https:\/\/www.fraczinet.cl\/sitio\/2009\/03\/19\/santuario-de-yumbel-preparado-para-festividad-del-20\/#respond\"]}]},{\"@type\":\"WebPage\",\"@id\":\"https:\/\/www.fraczinet.cl\/sitio\/2009\/03\/19\/santuario-de-yumbel-preparado-para-festividad-del-20\/\",\"url\":\"https:\/\/www.fraczinet.cl\/sitio\/2009\/03\/19\/santuario-de-yumbel-preparado-para-festividad-del-20\/\",\"name\":\"Santuario de Yumbel preparado para festividad del \u201c20\u201d - Nuestro Bio B\u00edo\",\"isPartOf\":{\"@id\":\"https:\/\/www.fraczinet.cl\/sitio\/#website\"},\"datePublished\":\"2009-03-19T03:07:00+00:00\",\"breadcrumb\":{\"@id\":\"https:\/\/www.fraczinet.cl\/sitio\/2009\/03\/19\/santuario-de-yumbel-preparado-para-festividad-del-20\/#breadcrumb\"},\"inLanguage\":\"es\",\"potentialAction\":[{\"@type\":\"ReadAction\",\"target\":[\"https:\/\/www.fraczinet.cl\/sitio\/2009\/03\/19\/santuario-de-yumbel-preparado-para-festividad-del-20\/\"]}]},{\"@type\":\"BreadcrumbList\",\"@id\":\"https:\/\/www.fraczinet.cl\/sitio\/2009\/03\/19\/santuario-de-yumbel-preparado-para-festividad-del-20\/#breadcrumb\",\"itemListElement\":[{\"@type\":\"ListItem\",\"position\":1,\"name\":\"Portada\",\"item\":\"https:\/\/www.fraczinet.cl\/sitio\/\"},{\"@type\":\"ListItem\",\"position\":2,\"name\":\"Santuario de Yumbel preparado para festividad del \u201c20\u201d\"}]},{\"@type\":\"WebSite\",\"@id\":\"https:\/\/www.fraczinet.cl\/sitio\/#website\",\"url\":\"https:\/\/www.fraczinet.cl\/sitio\/\",\"name\":\"Nuestro Bio B\u00edo\",\"description\":\"Tierra de Encuentros\",\"publisher\":{\"@id\":\"https:\/\/www.fraczinet.cl\/sitio\/#\/schema\/person\/aec8ee4da68df2b9b0eefdad24a0d582\"},\"potentialAction\":[{\"@type\":\"SearchAction\",\"target\":{\"@type\":\"EntryPoint\",\"urlTemplate\":\"https:\/\/www.fraczinet.cl\/sitio\/?s={search_term_string}\"},\"query-input\":{\"@type\":\"PropertyValueSpecification\",\"valueRequired\":true,\"valueName\":\"search_term_string\"}}],\"inLanguage\":\"es\"},{\"@type\":[\"Person\",\"Organization\"],\"@id\":\"https:\/\/www.fraczinet.cl\/sitio\/#\/schema\/person\/aec8ee4da68df2b9b0eefdad24a0d582\",\"name\":\"Luis Fernando Fraczinet\",\"image\":{\"@type\":\"ImageObject\",\"inLanguage\":\"es\",\"@id\":\"https:\/\/www.fraczinet.cl\/sitio\/#\/schema\/person\/image\/\",\"url\":\"https:\/\/www.fraczinet.cl\/sitio\/wp-content\/uploads\/2021\/07\/bannerlogo-1.gif\",\"contentUrl\":\"https:\/\/www.fraczinet.cl\/sitio\/wp-content\/uploads\/2021\/07\/bannerlogo-1.gif\",\"width\":159,\"height\":79,\"caption\":\"Luis Fernando Fraczinet\"},\"logo\":{\"@id\":\"https:\/\/www.fraczinet.cl\/sitio\/#\/schema\/person\/image\/\"},\"sameAs\":[\"https:\/\/www.fraczinet.cl\/sitio\/\"]},{\"@type\":\"Person\",\"@id\":\"https:\/\/www.fraczinet.cl\/sitio\/#\/schema\/person\/bc30f98e9cb10ae7e119dbe14bc93784\",\"name\":\"admin\",\"image\":{\"@type\":\"ImageObject\",\"inLanguage\":\"es\",\"@id\":\"https:\/\/www.fraczinet.cl\/sitio\/#\/schema\/person\/image\/\",\"url\":\"https:\/\/secure.gravatar.com\/avatar\/d5ad3cf7ef3b23a2bb5be73be780c86b2fc8545c3ad6b149f3913ff458c00099?s=96&d=mm&r=g\",\"contentUrl\":\"https:\/\/secure.gravatar.com\/avatar\/d5ad3cf7ef3b23a2bb5be73be780c86b2fc8545c3ad6b149f3913ff458c00099?s=96&d=mm&r=g\",\"caption\":\"admin\"},\"sameAs\":[\"https:\/\/www.fraczinet.cl\/sitio\"]}]}<\/script>\n<!-- \/ Yoast SEO plugin. -->","yoast_head_json":{"title":"Santuario de Yumbel preparado para festividad del \u201c20\u201d - Nuestro Bio B\u00edo","robots":{"index":"index","follow":"follow","max-snippet":"max-snippet:-1","max-image-preview":"max-image-preview:large","max-video-preview":"max-video-preview:-1"},"canonical":"https:\/\/www.fraczinet.cl\/sitio\/2009\/03\/19\/santuario-de-yumbel-preparado-para-festividad-del-20\/","og_locale":"es_ES","og_type":"article","og_title":"Santuario de Yumbel preparado para festividad del \u201c20\u201d - Nuestro Bio B\u00edo","og_description":"Con la novena en honor a San Sebasti\u00e1n, se inici\u00f3 el 11 de marzo, la preparaci\u00f3n de la festividad religiosa en el santuario de Yumbel, conocida como \u201c20 Chico\u201d. Cada d\u00eda, a las 17 horas, se reza el rosario y concluye con la celebraci\u00f3n de una misa. En esta oportunidad, las pr\u00e9dicas diarias est\u00e1n a [&hellip;]","og_url":"https:\/\/www.fraczinet.cl\/sitio\/2009\/03\/19\/santuario-de-yumbel-preparado-para-festividad-del-20\/","og_site_name":"Nuestro Bio B\u00edo","article_published_time":"2009-03-19T03:07:00+00:00","og_image":[{"width":159,"height":79,"url":"https:\/\/www.fraczinet.cl\/sitio\/wp-content\/uploads\/2021\/07\/bannerlogo-1.gif","type":"image\/gif"}],"author":"admin","twitter_card":"summary_large_image","twitter_creator":"@nuestrobiobio","twitter_site":"@nuestrobiobio","twitter_misc":{"Escrito por":"admin","Tiempo de lectura":"1 minuto"},"schema":{"@context":"https:\/\/schema.org","@graph":[{"@type":"Article","@id":"https:\/\/www.fraczinet.cl\/sitio\/2009\/03\/19\/santuario-de-yumbel-preparado-para-festividad-del-20\/#article","isPartOf":{"@id":"https:\/\/www.fraczinet.cl\/sitio\/2009\/03\/19\/santuario-de-yumbel-preparado-para-festividad-del-20\/"},"author":{"name":"admin","@id":"https:\/\/www.fraczinet.cl\/sitio\/#\/schema\/person\/bc30f98e9cb10ae7e119dbe14bc93784"},"headline":"Santuario de Yumbel preparado para festividad del \u201c20\u201d","datePublished":"2009-03-19T03:07:00+00:00","mainEntityOfPage":{"@id":"https:\/\/www.fraczinet.cl\/sitio\/2009\/03\/19\/santuario-de-yumbel-preparado-para-festividad-del-20\/"},"wordCount":248,"commentCount":0,"publisher":{"@id":"https:\/\/www.fraczinet.cl\/sitio\/#\/schema\/person\/aec8ee4da68df2b9b0eefdad24a0d582"},"articleSection":["Fiestas y Tradiciones","Yumbel"],"inLanguage":"es","potentialAction":[{"@type":"CommentAction","name":"Comment","target":["https:\/\/www.fraczinet.cl\/sitio\/2009\/03\/19\/santuario-de-yumbel-preparado-para-festividad-del-20\/#respond"]}]},{"@type":"WebPage","@id":"https:\/\/www.fraczinet.cl\/sitio\/2009\/03\/19\/santuario-de-yumbel-preparado-para-festividad-del-20\/","url":"https:\/\/www.fraczinet.cl\/sitio\/2009\/03\/19\/santuario-de-yumbel-preparado-para-festividad-del-20\/","name":"Santuario de Yumbel preparado para festividad del \u201c20\u201d - Nuestro Bio B\u00edo","isPartOf":{"@id":"https:\/\/www.fraczinet.cl\/sitio\/#website"},"datePublished":"2009-03-19T03:07:00+00:00","breadcrumb":{"@id":"https:\/\/www.fraczinet.cl\/sitio\/2009\/03\/19\/santuario-de-yumbel-preparado-para-festividad-del-20\/#breadcrumb"},"inLanguage":"es","potentialAction":[{"@type":"ReadAction","target":["https:\/\/www.fraczinet.cl\/sitio\/2009\/03\/19\/santuario-de-yumbel-preparado-para-festividad-del-20\/"]}]},{"@type":"BreadcrumbList","@id":"https:\/\/www.fraczinet.cl\/sitio\/2009\/03\/19\/santuario-de-yumbel-preparado-para-festividad-del-20\/#breadcrumb","itemListElement":[{"@type":"ListItem","position":1,"name":"Portada","item":"https:\/\/www.fraczinet.cl\/sitio\/"},{"@type":"ListItem","position":2,"name":"Santuario de Yumbel preparado para festividad del \u201c20\u201d"}]},{"@type":"WebSite","@id":"https:\/\/www.fraczinet.cl\/sitio\/#website","url":"https:\/\/www.fraczinet.cl\/sitio\/","name":"Nuestro Bio B\u00edo","description":"Tierra de Encuentros","publisher":{"@id":"https:\/\/www.fraczinet.cl\/sitio\/#\/schema\/person\/aec8ee4da68df2b9b0eefdad24a0d582"},"potentialAction":[{"@type":"SearchAction","target":{"@type":"EntryPoint","urlTemplate":"https:\/\/www.fraczinet.cl\/sitio\/?s={search_term_string}"},"query-input":{"@type":"PropertyValueSpecification","valueRequired":true,"valueName":"search_term_string"}}],"inLanguage":"es"},{"@type":["Person","Organization"],"@id":"https:\/\/www.fraczinet.cl\/sitio\/#\/schema\/person\/aec8ee4da68df2b9b0eefdad24a0d582","name":"Luis Fernando Fraczinet","image":{"@type":"ImageObject","inLanguage":"es","@id":"https:\/\/www.fraczinet.cl\/sitio\/#\/schema\/person\/image\/","url":"https:\/\/www.fraczinet.cl\/sitio\/wp-content\/uploads\/2021\/07\/bannerlogo-1.gif","contentUrl":"https:\/\/www.fraczinet.cl\/sitio\/wp-content\/uploads\/2021\/07\/bannerlogo-1.gif","width":159,"height":79,"caption":"Luis Fernando Fraczinet"},"logo":{"@id":"https:\/\/www.fraczinet.cl\/sitio\/#\/schema\/person\/image\/"},"sameAs":["https:\/\/www.fraczinet.cl\/sitio\/"]},{"@type":"Person","@id":"https:\/\/www.fraczinet.cl\/sitio\/#\/schema\/person\/bc30f98e9cb10ae7e119dbe14bc93784","name":"admin","image":{"@type":"ImageObject","inLanguage":"es","@id":"https:\/\/www.fraczinet.cl\/sitio\/#\/schema\/person\/image\/","url":"https:\/\/secure.gravatar.com\/avatar\/d5ad3cf7ef3b23a2bb5be73be780c86b2fc8545c3ad6b149f3913ff458c00099?s=96&d=mm&r=g","contentUrl":"https:\/\/secure.gravatar.com\/avatar\/d5ad3cf7ef3b23a2bb5be73be780c86b2fc8545c3ad6b149f3913ff458c00099?s=96&d=mm&r=g","caption":"admin"},"sameAs":["https:\/\/www.fraczinet.cl\/sitio"]}]}},"_links":{"self":[{"href":"https:\/\/www.fraczinet.cl\/sitio\/wp-json\/wp\/v2\/posts\/5082","targetHints":{"allow":["GET"]}}],"collection":[{"href":"https:\/\/www.fraczinet.cl\/sitio\/wp-json\/wp\/v2\/posts"}],"about":[{"href":"https:\/\/www.fraczinet.cl\/sitio\/wp-json\/wp\/v2\/types\/post"}],"author":[{"embeddable":true,"href":"https:\/\/www.fraczinet.cl\/sitio\/wp-json\/wp\/v2\/users\/1"}],"replies":[{"embeddable":true,"href":"https:\/\/www.fraczinet.cl\/sitio\/wp-json\/wp\/v2\/comments?post=5082"}],"version-history":[{"count":0,"href":"https:\/\/www.fraczinet.cl\/sitio\/wp-json\/wp\/v2\/posts\/5082\/revisions"}],"wp:attachment":[{"href":"https:\/\/www.fraczinet.cl\/sitio\/wp-json\/wp\/v2\/media?parent=5082"}],"wp:term":[{"taxonomy":"category","embeddable":true,"href":"https:\/\/www.fraczinet.cl\/sitio\/wp-json\/wp\/v2\/categories?post=5082"},{"taxonomy":"post_tag","embeddable":true,"href":"https:\/\/www.fraczinet.cl\/sitio\/wp-json\/wp\/v2\/tags?post=5082"}],"curies":[{"name":"wp","href":"https:\/\/api.w.org\/{rel}","templated":true}]}}