{"id":5091,"date":"2009-03-12T17:45:00","date_gmt":"2009-03-12T17:45:00","guid":{"rendered":"https:\/\/www.fraczinet.cl\/sitio\/2009\/03\/12\/hoy-tres-mujeres-nueva-mente\/"},"modified":"2022-09-27T01:43:53","modified_gmt":"2022-09-27T01:43:53","slug":"hoy-tres-mujeres-nueva-mente","status":"publish","type":"post","link":"https:\/\/www.fraczinet.cl\/sitio\/2009\/03\/12\/hoy-tres-mujeres-nueva-mente\/","title":{"rendered":"Hoy Tres Mujeres Nueva-Mente"},"content":{"rendered":"<p>Contin\u00faa el Ciclo de Lecturas \u00abTRES MUJERES-NUEVAMENTE\u00bb Jueves 12 \/21hrs \u201cVar de Bersos: Poes\u00eda + Alcohol\u201d Bar Mal Paso. Maip\u00fa 1199\/con Ongolmo. Concepci\u00f3n. ESCRITORA INVITADA: CARMEN VELOZO En esta ocasi\u00f3n el escritor invitado es el distinguido Federico Krampack Breve rese\u00f1a: Federico Krampack(O como su hom\u00f3nimo, Felipe Y\u00e9venes), nace el 08 de marzo de 1983, en Talcahuano. Actualmente es comunicador audiovisual, estudiante de Post Grado en el ICEI de la Universidad de Chile (Santiago), productor independiente de fiestas y sesiones de cine, y prol\u00edfico escritor de narrativa, poes\u00eda, ensayos y guiones, es un cesante m\u00e1s del pa\u00eds. Fundador y editor del Fanzine \u201cPlaneta Z\u201d, un creativo, singular y ya objeto de culto, medio de difusi\u00f3n donde mezcla temas desde tendencias a discriminaci\u00f3n sexual, cr\u00edtica, punk, dada\u00edsmo, televisi\u00f3n basura, cine. Ha publicado \u201cLas reinas sin corona\u201d,, \u201cEl verdugo amarillo\u201d en la antolog\u00eda \u2018El Abrazo del Oso\u2019, editada por Gato Mira, en marzo del 2007, en Santiago de Chile, \u201cEl rey de la noche\u201d en la antolog\u00eda \u2018Voces Hispanohablantes en el mundo\u2019 editada por Trazo Literario, en el marco del concurso Isaac Asimov, en enero del 2006, en Buenos Aires, Argentina. El mon\u00f3logo \u201cLas m\u00e1quinas del cielo\u201d, en la revista quincenal OpusGay, en Santiago de Chile, en noviembre del 2003, obteniendo importantes cr\u00edticas positivas por la reivindicaci\u00f3n de las minor\u00edas sociales, a trav\u00e9s de la difusi\u00f3n y fomentaci\u00f3n de la no discriminaci\u00f3n en los medios de comunicaci\u00f3n de masas (http:\/\/www.opusgay.cl\/1315\/article-33382.html). Tercer finalista chileno en el Concurso Internacional de Relatos Breves titulado \u201cRELAT\u2026 ANDO\u201d, organizado por La lectora impaciente, Adriana Serlik, por el relato \u201cDioses y demonios\u201d.Menci\u00f3n especial con diploma por \u201cLos bufones desnudos\u201d, en el 6to Concurso de Cuentos organizado por Instituto DuocUC, Sede Alonso de Ovalle, en Santiago de Chile, en noviembre del 2002. Y ha sido seleccionado en el concurso nacional TERMINEMOS EL CUENTO, organizado por diario La Tercera y por la escritora chilena Alejandra Costamagna. Los esperamos.<\/p>\n","protected":false},"excerpt":{"rendered":"<p>Contin\u00faa el Ciclo de Lecturas \u00abTRES MUJERES-NUEVAMENTE\u00bb Jueves 12 \/21hrs \u201cVar de Bersos: Poes\u00eda + Alcohol\u201d Bar Mal Paso. Maip\u00fa 1199\/con Ongolmo. Concepci\u00f3n. ESCRITORA INVITADA: CARMEN VELOZO En esta ocasi\u00f3n el escritor invitado es el distinguido Federico Krampack Breve rese\u00f1a: Federico Krampack(O como su hom\u00f3nimo, Felipe Y\u00e9venes), nace el 08 de marzo de 1983, en [&hellip;]<\/p>\n","protected":false},"author":1,"featured_media":0,"comment_status":"open","ping_status":"open","sticky":false,"template":"","format":"standard","meta":{"footnotes":""},"categories":[160],"tags":[],"class_list":["post-5091","post","type-post","status-publish","format-standard","hentry","category-cultura"],"yoast_head":"<!-- This site is optimized with the Yoast SEO plugin v25.0 - https:\/\/yoast.com\/wordpress\/plugins\/seo\/ -->\n<title>Hoy Tres Mujeres Nueva-Mente - Nuestro Bio B\u00edo<\/title>\n<meta name=\"robots\" content=\"index, follow, max-snippet:-1, max-image-preview:large, max-video-preview:-1\" \/>\n<link rel=\"canonical\" href=\"https:\/\/www.fraczinet.cl\/sitio\/2009\/03\/12\/hoy-tres-mujeres-nueva-mente\/\" \/>\n<meta property=\"og:locale\" content=\"es_ES\" \/>\n<meta property=\"og:type\" content=\"article\" \/>\n<meta property=\"og:title\" content=\"Hoy Tres Mujeres Nueva-Mente - Nuestro Bio B\u00edo\" \/>\n<meta property=\"og:description\" content=\"Contin\u00faa el Ciclo de Lecturas \u00abTRES MUJERES-NUEVAMENTE\u00bb Jueves 12 \/21hrs \u201cVar de Bersos: Poes\u00eda + Alcohol\u201d Bar Mal Paso. Maip\u00fa 1199\/con Ongolmo. Concepci\u00f3n. ESCRITORA INVITADA: CARMEN VELOZO En esta ocasi\u00f3n el escritor invitado es el distinguido Federico Krampack Breve rese\u00f1a: Federico Krampack(O como su hom\u00f3nimo, Felipe Y\u00e9venes), nace el 08 de marzo de 1983, en [&hellip;]\" \/>\n<meta property=\"og:url\" content=\"https:\/\/www.fraczinet.cl\/sitio\/2009\/03\/12\/hoy-tres-mujeres-nueva-mente\/\" \/>\n<meta property=\"og:site_name\" content=\"Nuestro Bio B\u00edo\" \/>\n<meta property=\"article:published_time\" content=\"2009-03-12T17:45:00+00:00\" \/>\n<meta property=\"article:modified_time\" content=\"2022-09-27T01:43:53+00:00\" \/>\n<meta property=\"og:image\" content=\"https:\/\/www.fraczinet.cl\/sitio\/wp-content\/uploads\/2021\/07\/bannerlogo-1.gif\" \/>\n\t<meta property=\"og:image:width\" content=\"159\" \/>\n\t<meta property=\"og:image:height\" content=\"79\" \/>\n\t<meta property=\"og:image:type\" content=\"image\/gif\" \/>\n<meta name=\"author\" content=\"admin\" \/>\n<meta name=\"twitter:card\" content=\"summary_large_image\" \/>\n<meta name=\"twitter:creator\" content=\"@nuestrobiobio\" \/>\n<meta name=\"twitter:site\" content=\"@nuestrobiobio\" \/>\n<meta name=\"twitter:label1\" content=\"Escrito por\" \/>\n\t<meta name=\"twitter:data1\" content=\"admin\" \/>\n\t<meta name=\"twitter:label2\" content=\"Tiempo de lectura\" \/>\n\t<meta name=\"twitter:data2\" content=\"2 minutos\" \/>\n<script type=\"application\/ld+json\" class=\"yoast-schema-graph\">{\"@context\":\"https:\/\/schema.org\",\"@graph\":[{\"@type\":\"Article\",\"@id\":\"https:\/\/www.fraczinet.cl\/sitio\/2009\/03\/12\/hoy-tres-mujeres-nueva-mente\/#article\",\"isPartOf\":{\"@id\":\"https:\/\/www.fraczinet.cl\/sitio\/2009\/03\/12\/hoy-tres-mujeres-nueva-mente\/\"},\"author\":{\"name\":\"admin\",\"@id\":\"https:\/\/www.fraczinet.cl\/sitio\/#\/schema\/person\/bc30f98e9cb10ae7e119dbe14bc93784\"},\"headline\":\"Hoy Tres Mujeres Nueva-Mente\",\"datePublished\":\"2009-03-12T17:45:00+00:00\",\"dateModified\":\"2022-09-27T01:43:53+00:00\",\"mainEntityOfPage\":{\"@id\":\"https:\/\/www.fraczinet.cl\/sitio\/2009\/03\/12\/hoy-tres-mujeres-nueva-mente\/\"},\"wordCount\":349,\"commentCount\":0,\"publisher\":{\"@id\":\"https:\/\/www.fraczinet.cl\/sitio\/#\/schema\/person\/aec8ee4da68df2b9b0eefdad24a0d582\"},\"articleSection\":[\"Cultura\"],\"inLanguage\":\"es\",\"potentialAction\":[{\"@type\":\"CommentAction\",\"name\":\"Comment\",\"target\":[\"https:\/\/www.fraczinet.cl\/sitio\/2009\/03\/12\/hoy-tres-mujeres-nueva-mente\/#respond\"]}]},{\"@type\":\"WebPage\",\"@id\":\"https:\/\/www.fraczinet.cl\/sitio\/2009\/03\/12\/hoy-tres-mujeres-nueva-mente\/\",\"url\":\"https:\/\/www.fraczinet.cl\/sitio\/2009\/03\/12\/hoy-tres-mujeres-nueva-mente\/\",\"name\":\"Hoy Tres Mujeres Nueva-Mente - Nuestro Bio B\u00edo\",\"isPartOf\":{\"@id\":\"https:\/\/www.fraczinet.cl\/sitio\/#website\"},\"datePublished\":\"2009-03-12T17:45:00+00:00\",\"dateModified\":\"2022-09-27T01:43:53+00:00\",\"breadcrumb\":{\"@id\":\"https:\/\/www.fraczinet.cl\/sitio\/2009\/03\/12\/hoy-tres-mujeres-nueva-mente\/#breadcrumb\"},\"inLanguage\":\"es\",\"potentialAction\":[{\"@type\":\"ReadAction\",\"target\":[\"https:\/\/www.fraczinet.cl\/sitio\/2009\/03\/12\/hoy-tres-mujeres-nueva-mente\/\"]}]},{\"@type\":\"BreadcrumbList\",\"@id\":\"https:\/\/www.fraczinet.cl\/sitio\/2009\/03\/12\/hoy-tres-mujeres-nueva-mente\/#breadcrumb\",\"itemListElement\":[{\"@type\":\"ListItem\",\"position\":1,\"name\":\"Portada\",\"item\":\"https:\/\/www.fraczinet.cl\/sitio\/\"},{\"@type\":\"ListItem\",\"position\":2,\"name\":\"Hoy Tres Mujeres Nueva-Mente\"}]},{\"@type\":\"WebSite\",\"@id\":\"https:\/\/www.fraczinet.cl\/sitio\/#website\",\"url\":\"https:\/\/www.fraczinet.cl\/sitio\/\",\"name\":\"Nuestro Bio B\u00edo\",\"description\":\"Tierra de Encuentros\",\"publisher\":{\"@id\":\"https:\/\/www.fraczinet.cl\/sitio\/#\/schema\/person\/aec8ee4da68df2b9b0eefdad24a0d582\"},\"potentialAction\":[{\"@type\":\"SearchAction\",\"target\":{\"@type\":\"EntryPoint\",\"urlTemplate\":\"https:\/\/www.fraczinet.cl\/sitio\/?s={search_term_string}\"},\"query-input\":{\"@type\":\"PropertyValueSpecification\",\"valueRequired\":true,\"valueName\":\"search_term_string\"}}],\"inLanguage\":\"es\"},{\"@type\":[\"Person\",\"Organization\"],\"@id\":\"https:\/\/www.fraczinet.cl\/sitio\/#\/schema\/person\/aec8ee4da68df2b9b0eefdad24a0d582\",\"name\":\"Luis Fernando Fraczinet\",\"image\":{\"@type\":\"ImageObject\",\"inLanguage\":\"es\",\"@id\":\"https:\/\/www.fraczinet.cl\/sitio\/#\/schema\/person\/image\/\",\"url\":\"https:\/\/www.fraczinet.cl\/sitio\/wp-content\/uploads\/2021\/07\/bannerlogo-1.gif\",\"contentUrl\":\"https:\/\/www.fraczinet.cl\/sitio\/wp-content\/uploads\/2021\/07\/bannerlogo-1.gif\",\"width\":159,\"height\":79,\"caption\":\"Luis Fernando Fraczinet\"},\"logo\":{\"@id\":\"https:\/\/www.fraczinet.cl\/sitio\/#\/schema\/person\/image\/\"},\"sameAs\":[\"https:\/\/www.fraczinet.cl\/sitio\/\"]},{\"@type\":\"Person\",\"@id\":\"https:\/\/www.fraczinet.cl\/sitio\/#\/schema\/person\/bc30f98e9cb10ae7e119dbe14bc93784\",\"name\":\"admin\",\"image\":{\"@type\":\"ImageObject\",\"inLanguage\":\"es\",\"@id\":\"https:\/\/www.fraczinet.cl\/sitio\/#\/schema\/person\/image\/\",\"url\":\"https:\/\/secure.gravatar.com\/avatar\/d5ad3cf7ef3b23a2bb5be73be780c86b2fc8545c3ad6b149f3913ff458c00099?s=96&d=mm&r=g\",\"contentUrl\":\"https:\/\/secure.gravatar.com\/avatar\/d5ad3cf7ef3b23a2bb5be73be780c86b2fc8545c3ad6b149f3913ff458c00099?s=96&d=mm&r=g\",\"caption\":\"admin\"},\"sameAs\":[\"https:\/\/www.fraczinet.cl\/sitio\"]}]}<\/script>\n<!-- \/ Yoast SEO plugin. -->","yoast_head_json":{"title":"Hoy Tres Mujeres Nueva-Mente - Nuestro Bio B\u00edo","robots":{"index":"index","follow":"follow","max-snippet":"max-snippet:-1","max-image-preview":"max-image-preview:large","max-video-preview":"max-video-preview:-1"},"canonical":"https:\/\/www.fraczinet.cl\/sitio\/2009\/03\/12\/hoy-tres-mujeres-nueva-mente\/","og_locale":"es_ES","og_type":"article","og_title":"Hoy Tres Mujeres Nueva-Mente - Nuestro Bio B\u00edo","og_description":"Contin\u00faa el Ciclo de Lecturas \u00abTRES MUJERES-NUEVAMENTE\u00bb Jueves 12 \/21hrs \u201cVar de Bersos: Poes\u00eda + Alcohol\u201d Bar Mal Paso. Maip\u00fa 1199\/con Ongolmo. Concepci\u00f3n. ESCRITORA INVITADA: CARMEN VELOZO En esta ocasi\u00f3n el escritor invitado es el distinguido Federico Krampack Breve rese\u00f1a: Federico Krampack(O como su hom\u00f3nimo, Felipe Y\u00e9venes), nace el 08 de marzo de 1983, en [&hellip;]","og_url":"https:\/\/www.fraczinet.cl\/sitio\/2009\/03\/12\/hoy-tres-mujeres-nueva-mente\/","og_site_name":"Nuestro Bio B\u00edo","article_published_time":"2009-03-12T17:45:00+00:00","article_modified_time":"2022-09-27T01:43:53+00:00","og_image":[{"width":159,"height":79,"url":"https:\/\/www.fraczinet.cl\/sitio\/wp-content\/uploads\/2021\/07\/bannerlogo-1.gif","type":"image\/gif"}],"author":"admin","twitter_card":"summary_large_image","twitter_creator":"@nuestrobiobio","twitter_site":"@nuestrobiobio","twitter_misc":{"Escrito por":"admin","Tiempo de lectura":"2 minutos"},"schema":{"@context":"https:\/\/schema.org","@graph":[{"@type":"Article","@id":"https:\/\/www.fraczinet.cl\/sitio\/2009\/03\/12\/hoy-tres-mujeres-nueva-mente\/#article","isPartOf":{"@id":"https:\/\/www.fraczinet.cl\/sitio\/2009\/03\/12\/hoy-tres-mujeres-nueva-mente\/"},"author":{"name":"admin","@id":"https:\/\/www.fraczinet.cl\/sitio\/#\/schema\/person\/bc30f98e9cb10ae7e119dbe14bc93784"},"headline":"Hoy Tres Mujeres Nueva-Mente","datePublished":"2009-03-12T17:45:00+00:00","dateModified":"2022-09-27T01:43:53+00:00","mainEntityOfPage":{"@id":"https:\/\/www.fraczinet.cl\/sitio\/2009\/03\/12\/hoy-tres-mujeres-nueva-mente\/"},"wordCount":349,"commentCount":0,"publisher":{"@id":"https:\/\/www.fraczinet.cl\/sitio\/#\/schema\/person\/aec8ee4da68df2b9b0eefdad24a0d582"},"articleSection":["Cultura"],"inLanguage":"es","potentialAction":[{"@type":"CommentAction","name":"Comment","target":["https:\/\/www.fraczinet.cl\/sitio\/2009\/03\/12\/hoy-tres-mujeres-nueva-mente\/#respond"]}]},{"@type":"WebPage","@id":"https:\/\/www.fraczinet.cl\/sitio\/2009\/03\/12\/hoy-tres-mujeres-nueva-mente\/","url":"https:\/\/www.fraczinet.cl\/sitio\/2009\/03\/12\/hoy-tres-mujeres-nueva-mente\/","name":"Hoy Tres Mujeres Nueva-Mente - Nuestro Bio B\u00edo","isPartOf":{"@id":"https:\/\/www.fraczinet.cl\/sitio\/#website"},"datePublished":"2009-03-12T17:45:00+00:00","dateModified":"2022-09-27T01:43:53+00:00","breadcrumb":{"@id":"https:\/\/www.fraczinet.cl\/sitio\/2009\/03\/12\/hoy-tres-mujeres-nueva-mente\/#breadcrumb"},"inLanguage":"es","potentialAction":[{"@type":"ReadAction","target":["https:\/\/www.fraczinet.cl\/sitio\/2009\/03\/12\/hoy-tres-mujeres-nueva-mente\/"]}]},{"@type":"BreadcrumbList","@id":"https:\/\/www.fraczinet.cl\/sitio\/2009\/03\/12\/hoy-tres-mujeres-nueva-mente\/#breadcrumb","itemListElement":[{"@type":"ListItem","position":1,"name":"Portada","item":"https:\/\/www.fraczinet.cl\/sitio\/"},{"@type":"ListItem","position":2,"name":"Hoy Tres Mujeres Nueva-Mente"}]},{"@type":"WebSite","@id":"https:\/\/www.fraczinet.cl\/sitio\/#website","url":"https:\/\/www.fraczinet.cl\/sitio\/","name":"Nuestro Bio B\u00edo","description":"Tierra de Encuentros","publisher":{"@id":"https:\/\/www.fraczinet.cl\/sitio\/#\/schema\/person\/aec8ee4da68df2b9b0eefdad24a0d582"},"potentialAction":[{"@type":"SearchAction","target":{"@type":"EntryPoint","urlTemplate":"https:\/\/www.fraczinet.cl\/sitio\/?s={search_term_string}"},"query-input":{"@type":"PropertyValueSpecification","valueRequired":true,"valueName":"search_term_string"}}],"inLanguage":"es"},{"@type":["Person","Organization"],"@id":"https:\/\/www.fraczinet.cl\/sitio\/#\/schema\/person\/aec8ee4da68df2b9b0eefdad24a0d582","name":"Luis Fernando Fraczinet","image":{"@type":"ImageObject","inLanguage":"es","@id":"https:\/\/www.fraczinet.cl\/sitio\/#\/schema\/person\/image\/","url":"https:\/\/www.fraczinet.cl\/sitio\/wp-content\/uploads\/2021\/07\/bannerlogo-1.gif","contentUrl":"https:\/\/www.fraczinet.cl\/sitio\/wp-content\/uploads\/2021\/07\/bannerlogo-1.gif","width":159,"height":79,"caption":"Luis Fernando Fraczinet"},"logo":{"@id":"https:\/\/www.fraczinet.cl\/sitio\/#\/schema\/person\/image\/"},"sameAs":["https:\/\/www.fraczinet.cl\/sitio\/"]},{"@type":"Person","@id":"https:\/\/www.fraczinet.cl\/sitio\/#\/schema\/person\/bc30f98e9cb10ae7e119dbe14bc93784","name":"admin","image":{"@type":"ImageObject","inLanguage":"es","@id":"https:\/\/www.fraczinet.cl\/sitio\/#\/schema\/person\/image\/","url":"https:\/\/secure.gravatar.com\/avatar\/d5ad3cf7ef3b23a2bb5be73be780c86b2fc8545c3ad6b149f3913ff458c00099?s=96&d=mm&r=g","contentUrl":"https:\/\/secure.gravatar.com\/avatar\/d5ad3cf7ef3b23a2bb5be73be780c86b2fc8545c3ad6b149f3913ff458c00099?s=96&d=mm&r=g","caption":"admin"},"sameAs":["https:\/\/www.fraczinet.cl\/sitio"]}]}},"_links":{"self":[{"href":"https:\/\/www.fraczinet.cl\/sitio\/wp-json\/wp\/v2\/posts\/5091","targetHints":{"allow":["GET"]}}],"collection":[{"href":"https:\/\/www.fraczinet.cl\/sitio\/wp-json\/wp\/v2\/posts"}],"about":[{"href":"https:\/\/www.fraczinet.cl\/sitio\/wp-json\/wp\/v2\/types\/post"}],"author":[{"embeddable":true,"href":"https:\/\/www.fraczinet.cl\/sitio\/wp-json\/wp\/v2\/users\/1"}],"replies":[{"embeddable":true,"href":"https:\/\/www.fraczinet.cl\/sitio\/wp-json\/wp\/v2\/comments?post=5091"}],"version-history":[{"count":1,"href":"https:\/\/www.fraczinet.cl\/sitio\/wp-json\/wp\/v2\/posts\/5091\/revisions"}],"predecessor-version":[{"id":13564,"href":"https:\/\/www.fraczinet.cl\/sitio\/wp-json\/wp\/v2\/posts\/5091\/revisions\/13564"}],"wp:attachment":[{"href":"https:\/\/www.fraczinet.cl\/sitio\/wp-json\/wp\/v2\/media?parent=5091"}],"wp:term":[{"taxonomy":"category","embeddable":true,"href":"https:\/\/www.fraczinet.cl\/sitio\/wp-json\/wp\/v2\/categories?post=5091"},{"taxonomy":"post_tag","embeddable":true,"href":"https:\/\/www.fraczinet.cl\/sitio\/wp-json\/wp\/v2\/tags?post=5091"}],"curies":[{"name":"wp","href":"https:\/\/api.w.org\/{rel}","templated":true}]}}