{"id":5094,"date":"2009-03-11T17:13:00","date_gmt":"2009-03-11T17:13:00","guid":{"rendered":"https:\/\/www.fraczinet.cl\/sitio\/2009\/03\/11\/convocatoria-a-los-artistas-visuales-de-la-region-del-bio-bio\/"},"modified":"2009-03-11T17:13:00","modified_gmt":"2009-03-11T17:13:00","slug":"convocatoria-a-los-artistas-visuales-de-la-region-del-bio-bio","status":"publish","type":"post","link":"https:\/\/www.fraczinet.cl\/sitio\/2009\/03\/11\/convocatoria-a-los-artistas-visuales-de-la-region-del-bio-bio\/","title":{"rendered":"Convocatoria a los Artistas Visuales de la Regi\u00f3n del Bio B\u00edo"},"content":{"rendered":"<p>GALER\u00cdA PARA EL ARTE EMERGENTE  La Corporaci\u00f3n Cultural Balmaceda Arte Joven invita a los artistas visuales de la regi\u00f3n del B\u00edo B\u00edo a presentar propuestas de exhibiciones o intervenciones art\u00edsticas para el programa 2009 de la galer\u00eda ubicada en la sede de Concepci\u00f3n. La invitaci\u00f3n es a presentar un proyecto de obra sin limitaciones t\u00e9cnicas, que haga manifiesta una coherencia o concepto com\u00fan y que contemple las condiciones de la sala y su lugar de emplazamiento.  Balmaceda Arte Joven es hoy una plataforma efectiva de posicionamiento del arte contempor\u00e1neo local y de los artistas seleccionados en el medio de las artes nacionales.  Esta convocatoria es una instancia abierta a la participaci\u00f3n e iniciativa de los artistas visuales de la regi\u00f3n, y se plantea el inter\u00e9s de otorgar un espacio al v\u00ednculo entre la pr\u00e1ctica art\u00edstica y el marco de relaciones (sociales, culturales, urbanas, pol\u00edticas, etc.) que hoy articulan y conflict\u00faan nuestro vivir. Deseamos motivar aquellas propuestas \u201cen contexto\u201d, que, m\u00e1s all\u00e1 de alcanzar un efectivo uso formal de los recursos art\u00edsticos, contengan la expectativa de una apertura e interacci\u00f3n que trascienda lo meramente est\u00e9tico.  Esta propuesta, que sugiere como asunto de elaboraci\u00f3n la relaci\u00f3n con el contexto (en su m\u00e1s amplia comprensi\u00f3n), intenta albergar aquella parte de la pr\u00e1ctica art\u00edstica visual que desarrolla una viva reflexi\u00f3n y experimentaci\u00f3n en lo relativo a los recursos de \u00e9sta, sus modos de producci\u00f3n, sus alternativas y posibilidades de recepci\u00f3n. Por otra parte, el est\u00edmulo de una pr\u00e1ctica art\u00edstica relativa al contexto abriga la expectativa de que junto a la producci\u00f3n de obra se generen situaciones que conduzcan a nuevas miradas sobre el entorno, y que encierren nuevas posibilidades de vivir y apropiarse del barrio o la ciudad. En un nivel pr\u00e1ctico, pensamos que una invitaci\u00f3n expl\u00edcita a realizar obras seg\u00fan la orientaci\u00f3n antes se\u00f1alada, predispondr\u00e1 condiciones para establecer un \u00e1rea adjunta de trabajo, involucrada en la gesti\u00f3n del espacio expositivo y dedicada al desarrollo de estrategias did\u00e1cticas destinadas a la socializaci\u00f3n de las producciones exhibidas.  Los proyectos pueden ser individuales o colectivos. El o los postulantes deber\u00e1n presentar el proyecto de obra para la sala de Balmaceda Arte Joven junto a una carpeta en papel y otra digital con fotograf\u00edas de trabajos anteriores y el curr\u00edculum de \u00e9l o los participantes. Los proyectos se presentan bajo el formato general, o sea cabe precisar sus objetivos, fundamentaci\u00f3n, y descripci\u00f3n. Se cierra la recepci\u00f3n de las propuestas el viernes 15 de mayo del 2009.  El calendario de exposiciones ser\u00e1 determinado por un jurado. En lo que concierne al proceso de curator\u00eda, la comisi\u00f3n planificar\u00e1 una sucesi\u00f3n coherente de las exhibiciones o bien conjuntos exhibitivos (dos o m\u00e1s obras en cada montaje), diagrama fundamentado en el ejercicio de lectura de los integrantes del equipo curatorial.  Mayores informaciones al fono 041-2785403 o a colinirene@gmail.com o icolin@balmacedartejoven.cl. Tambi\u00e9n pueden dirigirse a la sede de la Corporaci\u00f3n ubicada en calle Colo Colo 1855, sector Tucapel Bajo, Concepci\u00f3n.&nbsp;<\/p>\n","protected":false},"excerpt":{"rendered":"<p>GALER\u00cdA PARA EL ARTE EMERGENTE La Corporaci\u00f3n Cultural Balmaceda Arte Joven invita a los artistas visuales de la regi\u00f3n del B\u00edo B\u00edo a presentar propuestas de exhibiciones o intervenciones art\u00edsticas para el programa 2009 de la galer\u00eda ubicada en la sede de Concepci\u00f3n. La invitaci\u00f3n es a presentar un proyecto de obra sin limitaciones t\u00e9cnicas, [&hellip;]<\/p>\n","protected":false},"author":1,"featured_media":0,"comment_status":"open","ping_status":"open","sticky":false,"template":"","format":"standard","meta":{"footnotes":""},"categories":[68],"tags":[],"class_list":["post-5094","post","type-post","status-publish","format-standard","hentry","category-artes-visuales"],"yoast_head":"<!-- This site is optimized with the Yoast SEO plugin v25.0 - https:\/\/yoast.com\/wordpress\/plugins\/seo\/ -->\n<title>Convocatoria a los Artistas Visuales de la Regi\u00f3n del Bio B\u00edo - Nuestro Bio B\u00edo<\/title>\n<meta name=\"robots\" content=\"index, follow, max-snippet:-1, max-image-preview:large, max-video-preview:-1\" \/>\n<link rel=\"canonical\" href=\"https:\/\/www.fraczinet.cl\/sitio\/2009\/03\/11\/convocatoria-a-los-artistas-visuales-de-la-region-del-bio-bio\/\" \/>\n<meta property=\"og:locale\" content=\"es_ES\" \/>\n<meta property=\"og:type\" content=\"article\" \/>\n<meta property=\"og:title\" content=\"Convocatoria a los Artistas Visuales de la Regi\u00f3n del Bio B\u00edo - Nuestro Bio B\u00edo\" \/>\n<meta property=\"og:description\" content=\"GALER\u00cdA PARA EL ARTE EMERGENTE La Corporaci\u00f3n Cultural Balmaceda Arte Joven invita a los artistas visuales de la regi\u00f3n del B\u00edo B\u00edo a presentar propuestas de exhibiciones o intervenciones art\u00edsticas para el programa 2009 de la galer\u00eda ubicada en la sede de Concepci\u00f3n. La invitaci\u00f3n es a presentar un proyecto de obra sin limitaciones t\u00e9cnicas, [&hellip;]\" \/>\n<meta property=\"og:url\" content=\"https:\/\/www.fraczinet.cl\/sitio\/2009\/03\/11\/convocatoria-a-los-artistas-visuales-de-la-region-del-bio-bio\/\" \/>\n<meta property=\"og:site_name\" content=\"Nuestro Bio B\u00edo\" \/>\n<meta property=\"article:published_time\" content=\"2009-03-11T17:13:00+00:00\" \/>\n<meta property=\"og:image\" content=\"https:\/\/www.fraczinet.cl\/sitio\/wp-content\/uploads\/2021\/07\/bannerlogo-1.gif\" \/>\n\t<meta property=\"og:image:width\" content=\"159\" \/>\n\t<meta property=\"og:image:height\" content=\"79\" \/>\n\t<meta property=\"og:image:type\" content=\"image\/gif\" \/>\n<meta name=\"author\" content=\"admin\" \/>\n<meta name=\"twitter:card\" content=\"summary_large_image\" \/>\n<meta name=\"twitter:creator\" content=\"@nuestrobiobio\" \/>\n<meta name=\"twitter:site\" content=\"@nuestrobiobio\" \/>\n<meta name=\"twitter:label1\" content=\"Escrito por\" \/>\n\t<meta name=\"twitter:data1\" content=\"admin\" \/>\n\t<meta name=\"twitter:label2\" content=\"Tiempo de lectura\" \/>\n\t<meta name=\"twitter:data2\" content=\"3 minutos\" \/>\n<script type=\"application\/ld+json\" class=\"yoast-schema-graph\">{\"@context\":\"https:\/\/schema.org\",\"@graph\":[{\"@type\":\"Article\",\"@id\":\"https:\/\/www.fraczinet.cl\/sitio\/2009\/03\/11\/convocatoria-a-los-artistas-visuales-de-la-region-del-bio-bio\/#article\",\"isPartOf\":{\"@id\":\"https:\/\/www.fraczinet.cl\/sitio\/2009\/03\/11\/convocatoria-a-los-artistas-visuales-de-la-region-del-bio-bio\/\"},\"author\":{\"name\":\"admin\",\"@id\":\"https:\/\/www.fraczinet.cl\/sitio\/#\/schema\/person\/bc30f98e9cb10ae7e119dbe14bc93784\"},\"headline\":\"Convocatoria a los Artistas Visuales de la Regi\u00f3n del Bio B\u00edo\",\"datePublished\":\"2009-03-11T17:13:00+00:00\",\"mainEntityOfPage\":{\"@id\":\"https:\/\/www.fraczinet.cl\/sitio\/2009\/03\/11\/convocatoria-a-los-artistas-visuales-de-la-region-del-bio-bio\/\"},\"wordCount\":562,\"commentCount\":0,\"publisher\":{\"@id\":\"https:\/\/www.fraczinet.cl\/sitio\/#\/schema\/person\/aec8ee4da68df2b9b0eefdad24a0d582\"},\"articleSection\":[\"Artes Visuales\"],\"inLanguage\":\"es\",\"potentialAction\":[{\"@type\":\"CommentAction\",\"name\":\"Comment\",\"target\":[\"https:\/\/www.fraczinet.cl\/sitio\/2009\/03\/11\/convocatoria-a-los-artistas-visuales-de-la-region-del-bio-bio\/#respond\"]}]},{\"@type\":\"WebPage\",\"@id\":\"https:\/\/www.fraczinet.cl\/sitio\/2009\/03\/11\/convocatoria-a-los-artistas-visuales-de-la-region-del-bio-bio\/\",\"url\":\"https:\/\/www.fraczinet.cl\/sitio\/2009\/03\/11\/convocatoria-a-los-artistas-visuales-de-la-region-del-bio-bio\/\",\"name\":\"Convocatoria a los Artistas Visuales de la Regi\u00f3n del Bio B\u00edo - Nuestro Bio B\u00edo\",\"isPartOf\":{\"@id\":\"https:\/\/www.fraczinet.cl\/sitio\/#website\"},\"datePublished\":\"2009-03-11T17:13:00+00:00\",\"breadcrumb\":{\"@id\":\"https:\/\/www.fraczinet.cl\/sitio\/2009\/03\/11\/convocatoria-a-los-artistas-visuales-de-la-region-del-bio-bio\/#breadcrumb\"},\"inLanguage\":\"es\",\"potentialAction\":[{\"@type\":\"ReadAction\",\"target\":[\"https:\/\/www.fraczinet.cl\/sitio\/2009\/03\/11\/convocatoria-a-los-artistas-visuales-de-la-region-del-bio-bio\/\"]}]},{\"@type\":\"BreadcrumbList\",\"@id\":\"https:\/\/www.fraczinet.cl\/sitio\/2009\/03\/11\/convocatoria-a-los-artistas-visuales-de-la-region-del-bio-bio\/#breadcrumb\",\"itemListElement\":[{\"@type\":\"ListItem\",\"position\":1,\"name\":\"Portada\",\"item\":\"https:\/\/www.fraczinet.cl\/sitio\/\"},{\"@type\":\"ListItem\",\"position\":2,\"name\":\"Convocatoria a los Artistas Visuales de la Regi\u00f3n del Bio B\u00edo\"}]},{\"@type\":\"WebSite\",\"@id\":\"https:\/\/www.fraczinet.cl\/sitio\/#website\",\"url\":\"https:\/\/www.fraczinet.cl\/sitio\/\",\"name\":\"Nuestro Bio B\u00edo\",\"description\":\"Tierra de Encuentros\",\"publisher\":{\"@id\":\"https:\/\/www.fraczinet.cl\/sitio\/#\/schema\/person\/aec8ee4da68df2b9b0eefdad24a0d582\"},\"potentialAction\":[{\"@type\":\"SearchAction\",\"target\":{\"@type\":\"EntryPoint\",\"urlTemplate\":\"https:\/\/www.fraczinet.cl\/sitio\/?s={search_term_string}\"},\"query-input\":{\"@type\":\"PropertyValueSpecification\",\"valueRequired\":true,\"valueName\":\"search_term_string\"}}],\"inLanguage\":\"es\"},{\"@type\":[\"Person\",\"Organization\"],\"@id\":\"https:\/\/www.fraczinet.cl\/sitio\/#\/schema\/person\/aec8ee4da68df2b9b0eefdad24a0d582\",\"name\":\"Luis Fernando Fraczinet\",\"image\":{\"@type\":\"ImageObject\",\"inLanguage\":\"es\",\"@id\":\"https:\/\/www.fraczinet.cl\/sitio\/#\/schema\/person\/image\/\",\"url\":\"https:\/\/www.fraczinet.cl\/sitio\/wp-content\/uploads\/2021\/07\/bannerlogo-1.gif\",\"contentUrl\":\"https:\/\/www.fraczinet.cl\/sitio\/wp-content\/uploads\/2021\/07\/bannerlogo-1.gif\",\"width\":159,\"height\":79,\"caption\":\"Luis Fernando Fraczinet\"},\"logo\":{\"@id\":\"https:\/\/www.fraczinet.cl\/sitio\/#\/schema\/person\/image\/\"},\"sameAs\":[\"https:\/\/www.fraczinet.cl\/sitio\/\"]},{\"@type\":\"Person\",\"@id\":\"https:\/\/www.fraczinet.cl\/sitio\/#\/schema\/person\/bc30f98e9cb10ae7e119dbe14bc93784\",\"name\":\"admin\",\"image\":{\"@type\":\"ImageObject\",\"inLanguage\":\"es\",\"@id\":\"https:\/\/www.fraczinet.cl\/sitio\/#\/schema\/person\/image\/\",\"url\":\"https:\/\/secure.gravatar.com\/avatar\/d5ad3cf7ef3b23a2bb5be73be780c86b2fc8545c3ad6b149f3913ff458c00099?s=96&d=mm&r=g\",\"contentUrl\":\"https:\/\/secure.gravatar.com\/avatar\/d5ad3cf7ef3b23a2bb5be73be780c86b2fc8545c3ad6b149f3913ff458c00099?s=96&d=mm&r=g\",\"caption\":\"admin\"},\"sameAs\":[\"https:\/\/www.fraczinet.cl\/sitio\"]}]}<\/script>\n<!-- \/ Yoast SEO plugin. -->","yoast_head_json":{"title":"Convocatoria a los Artistas Visuales de la Regi\u00f3n del Bio B\u00edo - Nuestro Bio B\u00edo","robots":{"index":"index","follow":"follow","max-snippet":"max-snippet:-1","max-image-preview":"max-image-preview:large","max-video-preview":"max-video-preview:-1"},"canonical":"https:\/\/www.fraczinet.cl\/sitio\/2009\/03\/11\/convocatoria-a-los-artistas-visuales-de-la-region-del-bio-bio\/","og_locale":"es_ES","og_type":"article","og_title":"Convocatoria a los Artistas Visuales de la Regi\u00f3n del Bio B\u00edo - Nuestro Bio B\u00edo","og_description":"GALER\u00cdA PARA EL ARTE EMERGENTE La Corporaci\u00f3n Cultural Balmaceda Arte Joven invita a los artistas visuales de la regi\u00f3n del B\u00edo B\u00edo a presentar propuestas de exhibiciones o intervenciones art\u00edsticas para el programa 2009 de la galer\u00eda ubicada en la sede de Concepci\u00f3n. La invitaci\u00f3n es a presentar un proyecto de obra sin limitaciones t\u00e9cnicas, [&hellip;]","og_url":"https:\/\/www.fraczinet.cl\/sitio\/2009\/03\/11\/convocatoria-a-los-artistas-visuales-de-la-region-del-bio-bio\/","og_site_name":"Nuestro Bio B\u00edo","article_published_time":"2009-03-11T17:13:00+00:00","og_image":[{"width":159,"height":79,"url":"https:\/\/www.fraczinet.cl\/sitio\/wp-content\/uploads\/2021\/07\/bannerlogo-1.gif","type":"image\/gif"}],"author":"admin","twitter_card":"summary_large_image","twitter_creator":"@nuestrobiobio","twitter_site":"@nuestrobiobio","twitter_misc":{"Escrito por":"admin","Tiempo de lectura":"3 minutos"},"schema":{"@context":"https:\/\/schema.org","@graph":[{"@type":"Article","@id":"https:\/\/www.fraczinet.cl\/sitio\/2009\/03\/11\/convocatoria-a-los-artistas-visuales-de-la-region-del-bio-bio\/#article","isPartOf":{"@id":"https:\/\/www.fraczinet.cl\/sitio\/2009\/03\/11\/convocatoria-a-los-artistas-visuales-de-la-region-del-bio-bio\/"},"author":{"name":"admin","@id":"https:\/\/www.fraczinet.cl\/sitio\/#\/schema\/person\/bc30f98e9cb10ae7e119dbe14bc93784"},"headline":"Convocatoria a los Artistas Visuales de la Regi\u00f3n del Bio B\u00edo","datePublished":"2009-03-11T17:13:00+00:00","mainEntityOfPage":{"@id":"https:\/\/www.fraczinet.cl\/sitio\/2009\/03\/11\/convocatoria-a-los-artistas-visuales-de-la-region-del-bio-bio\/"},"wordCount":562,"commentCount":0,"publisher":{"@id":"https:\/\/www.fraczinet.cl\/sitio\/#\/schema\/person\/aec8ee4da68df2b9b0eefdad24a0d582"},"articleSection":["Artes Visuales"],"inLanguage":"es","potentialAction":[{"@type":"CommentAction","name":"Comment","target":["https:\/\/www.fraczinet.cl\/sitio\/2009\/03\/11\/convocatoria-a-los-artistas-visuales-de-la-region-del-bio-bio\/#respond"]}]},{"@type":"WebPage","@id":"https:\/\/www.fraczinet.cl\/sitio\/2009\/03\/11\/convocatoria-a-los-artistas-visuales-de-la-region-del-bio-bio\/","url":"https:\/\/www.fraczinet.cl\/sitio\/2009\/03\/11\/convocatoria-a-los-artistas-visuales-de-la-region-del-bio-bio\/","name":"Convocatoria a los Artistas Visuales de la Regi\u00f3n del Bio B\u00edo - Nuestro Bio B\u00edo","isPartOf":{"@id":"https:\/\/www.fraczinet.cl\/sitio\/#website"},"datePublished":"2009-03-11T17:13:00+00:00","breadcrumb":{"@id":"https:\/\/www.fraczinet.cl\/sitio\/2009\/03\/11\/convocatoria-a-los-artistas-visuales-de-la-region-del-bio-bio\/#breadcrumb"},"inLanguage":"es","potentialAction":[{"@type":"ReadAction","target":["https:\/\/www.fraczinet.cl\/sitio\/2009\/03\/11\/convocatoria-a-los-artistas-visuales-de-la-region-del-bio-bio\/"]}]},{"@type":"BreadcrumbList","@id":"https:\/\/www.fraczinet.cl\/sitio\/2009\/03\/11\/convocatoria-a-los-artistas-visuales-de-la-region-del-bio-bio\/#breadcrumb","itemListElement":[{"@type":"ListItem","position":1,"name":"Portada","item":"https:\/\/www.fraczinet.cl\/sitio\/"},{"@type":"ListItem","position":2,"name":"Convocatoria a los Artistas Visuales de la Regi\u00f3n del Bio B\u00edo"}]},{"@type":"WebSite","@id":"https:\/\/www.fraczinet.cl\/sitio\/#website","url":"https:\/\/www.fraczinet.cl\/sitio\/","name":"Nuestro Bio B\u00edo","description":"Tierra de Encuentros","publisher":{"@id":"https:\/\/www.fraczinet.cl\/sitio\/#\/schema\/person\/aec8ee4da68df2b9b0eefdad24a0d582"},"potentialAction":[{"@type":"SearchAction","target":{"@type":"EntryPoint","urlTemplate":"https:\/\/www.fraczinet.cl\/sitio\/?s={search_term_string}"},"query-input":{"@type":"PropertyValueSpecification","valueRequired":true,"valueName":"search_term_string"}}],"inLanguage":"es"},{"@type":["Person","Organization"],"@id":"https:\/\/www.fraczinet.cl\/sitio\/#\/schema\/person\/aec8ee4da68df2b9b0eefdad24a0d582","name":"Luis Fernando Fraczinet","image":{"@type":"ImageObject","inLanguage":"es","@id":"https:\/\/www.fraczinet.cl\/sitio\/#\/schema\/person\/image\/","url":"https:\/\/www.fraczinet.cl\/sitio\/wp-content\/uploads\/2021\/07\/bannerlogo-1.gif","contentUrl":"https:\/\/www.fraczinet.cl\/sitio\/wp-content\/uploads\/2021\/07\/bannerlogo-1.gif","width":159,"height":79,"caption":"Luis Fernando Fraczinet"},"logo":{"@id":"https:\/\/www.fraczinet.cl\/sitio\/#\/schema\/person\/image\/"},"sameAs":["https:\/\/www.fraczinet.cl\/sitio\/"]},{"@type":"Person","@id":"https:\/\/www.fraczinet.cl\/sitio\/#\/schema\/person\/bc30f98e9cb10ae7e119dbe14bc93784","name":"admin","image":{"@type":"ImageObject","inLanguage":"es","@id":"https:\/\/www.fraczinet.cl\/sitio\/#\/schema\/person\/image\/","url":"https:\/\/secure.gravatar.com\/avatar\/d5ad3cf7ef3b23a2bb5be73be780c86b2fc8545c3ad6b149f3913ff458c00099?s=96&d=mm&r=g","contentUrl":"https:\/\/secure.gravatar.com\/avatar\/d5ad3cf7ef3b23a2bb5be73be780c86b2fc8545c3ad6b149f3913ff458c00099?s=96&d=mm&r=g","caption":"admin"},"sameAs":["https:\/\/www.fraczinet.cl\/sitio"]}]}},"_links":{"self":[{"href":"https:\/\/www.fraczinet.cl\/sitio\/wp-json\/wp\/v2\/posts\/5094","targetHints":{"allow":["GET"]}}],"collection":[{"href":"https:\/\/www.fraczinet.cl\/sitio\/wp-json\/wp\/v2\/posts"}],"about":[{"href":"https:\/\/www.fraczinet.cl\/sitio\/wp-json\/wp\/v2\/types\/post"}],"author":[{"embeddable":true,"href":"https:\/\/www.fraczinet.cl\/sitio\/wp-json\/wp\/v2\/users\/1"}],"replies":[{"embeddable":true,"href":"https:\/\/www.fraczinet.cl\/sitio\/wp-json\/wp\/v2\/comments?post=5094"}],"version-history":[{"count":0,"href":"https:\/\/www.fraczinet.cl\/sitio\/wp-json\/wp\/v2\/posts\/5094\/revisions"}],"wp:attachment":[{"href":"https:\/\/www.fraczinet.cl\/sitio\/wp-json\/wp\/v2\/media?parent=5094"}],"wp:term":[{"taxonomy":"category","embeddable":true,"href":"https:\/\/www.fraczinet.cl\/sitio\/wp-json\/wp\/v2\/categories?post=5094"},{"taxonomy":"post_tag","embeddable":true,"href":"https:\/\/www.fraczinet.cl\/sitio\/wp-json\/wp\/v2\/tags?post=5094"}],"curies":[{"name":"wp","href":"https:\/\/api.w.org\/{rel}","templated":true}]}}