{"id":5097,"date":"2009-03-11T09:48:00","date_gmt":"2009-03-11T09:48:00","guid":{"rendered":"https:\/\/www.fraczinet.cl\/sitio\/2009\/03\/11\/trabajadores-del-consejo-de-la-cultura-critican-gestion-ministerial\/"},"modified":"2009-03-11T09:48:00","modified_gmt":"2009-03-11T09:48:00","slug":"trabajadores-del-consejo-de-la-cultura-critican-gestion-ministerial","status":"publish","type":"post","link":"https:\/\/www.fraczinet.cl\/sitio\/2009\/03\/11\/trabajadores-del-consejo-de-la-cultura-critican-gestion-ministerial\/","title":{"rendered":"Trabajadores del Consejo de la Cultura critican gesti\u00f3n ministerial"},"content":{"rendered":"<p>SANTIAGO.- El desempe\u00f1o de la Presidenta del Consejo de la Cultura y las Artes (CNCA), Paulina Urrutia, fue criticado hoy por la Asociaci\u00f3n Nacional de Funcionarios de dicho organismo (Anfulcultura). Los trabajadores acusan a la ministra de ser incapaz de regularizar una serie de problemas que afectan al CNCA, en el \u00e1mbito econ\u00f3mico y laboral.  De acuerdo a Anfucultura, el Consejo Nacional de la Cultura y las Artes no ha pagado una serie de proyectos adjudicados el a\u00f1o pasado, debido a que el sistema establecido por la direcci\u00f3n impone trabas burocr\u00e1ticas que impiden la r\u00e1pida entrega de los recursos. Lo anterior, sumado al no pago de cuentas a proveedores y servicios, provoc\u00f3 que el CNCA haya ingresado a Dicom.  El presidente nacional de Anfucultura, Rodrigo Dellaquila, se\u00f1al\u00f3 que la administraci\u00f3n de la ministra Urrutia ha sido \u00abp\u00e9sima\u00bb y \u00abdeficiente\u00bb. \u00bb Tenemos a la cabeza del Consejo a una mujer con una gran imagen p\u00fablica, muy cercana a la gente y a la Presidenta (Bachelet), pero por otra parte, tiene un mal servicio en el Consejo Nacional de la Cultura y las Artes, y adem\u00e1s delega todas las tareas al subsecretario\u00bb.  Por otra parte, el presidente de la Agrupaci\u00f3n Nacional de Empleados Fiscales (Anef), Ra\u00fal de la Puente, se\u00f1al\u00f3 que los problemas en el CNCA existen desde sus comienzos, ya que se cre\u00f3 de una manera r\u00e1pida, sin pensar en la conformaci\u00f3n de una \u00abestructura racional\u00bb, sino que s\u00f3lo un\u00eda diferentes \u00e1reas de los ministerios de Educaci\u00f3n y de Secretar\u00eda General de Gobierno.  Los trabajadores del CNCA a\u00f1adieron que la ministra Paulina Urrutia no tiene la capacidad de \u00abestablecer un di\u00e1logo serio con la organizaci\u00f3n de los funcionarios del CNCA y, lo que es peor, haciendo uso de su cargo se ha dedicado a desprestigiar a Anfucultura sobre la base de infundios, con el claro objetivo de debilitarla y deslegitimarla\u00bb.  Por otra parte, denunciaron las malas condiciones laborales de los empleados, ya que deben trabajar en un edificio que se encuentra en malas condiciones estructurales. De acuerdo a la Asociaci\u00f3n Chilena de Seguridad, la construcci\u00f3n deber\u00eda estar clausurada por su deficiente conexi\u00f3n el\u00e9ctrica.  El objetivo de la asociaci\u00f3n de trabajadores es que el Consejo Nacional de la Cultura y las Artes elabore una estructura org\u00e1nica que de cuenta de las necesidades de la instituci\u00f3n, para as\u00ed lograr llevar a cabo de manera eficiente sus labores y se solucionen las irregularidades.  Anfucultura esperar\u00e1 que el Consejo exprese su inter\u00e9s en llegar a una soluci\u00f3n. De lo contrario, no descartan una paralizaci\u00f3n de sus actividades.  Una semana conflictiva para Urrutia La denuncia de irregularidades por parte de los trabajadores del Consejo Nacional de la Cultura y las Artes, se suma a la petici\u00f3n de una auditor\u00eda que realiz\u00f3 el viernes pasado la diputada Marisol Turres, debido a problemas administrativos en el organismo p\u00fablico.  Turres se\u00f1al\u00f3 que entre las irregularidades se encuentra el uso indebido de un Veh\u00edculo fiscal, el cobro injustificado de vi\u00e1ticos e ilegalidades en la ejecuci\u00f3n del Fondo de Extensi\u00f3n Cultural de m\u00e1s de 2 mil millones de pesos.&nbsp;<\/p>\n","protected":false},"excerpt":{"rendered":"<p>SANTIAGO.- El desempe\u00f1o de la Presidenta del Consejo de la Cultura y las Artes (CNCA), Paulina Urrutia, fue criticado hoy por la Asociaci\u00f3n Nacional de Funcionarios de dicho organismo (Anfulcultura). Los trabajadores acusan a la ministra de ser incapaz de regularizar una serie de problemas que afectan al CNCA, en el \u00e1mbito econ\u00f3mico y laboral. [&hellip;]<\/p>\n","protected":false},"author":1,"featured_media":0,"comment_status":"open","ping_status":"open","sticky":false,"template":"","format":"standard","meta":{"footnotes":""},"categories":[207],"tags":[],"class_list":["post-5097","post","type-post","status-publish","format-standard","hentry","category-gestion-cultural"],"yoast_head":"<!-- This site is optimized with the Yoast SEO plugin v25.0 - https:\/\/yoast.com\/wordpress\/plugins\/seo\/ -->\n<title>Trabajadores del Consejo de la Cultura critican gesti\u00f3n ministerial - Nuestro Bio B\u00edo<\/title>\n<meta name=\"robots\" content=\"index, follow, max-snippet:-1, max-image-preview:large, max-video-preview:-1\" \/>\n<link rel=\"canonical\" href=\"https:\/\/www.fraczinet.cl\/sitio\/2009\/03\/11\/trabajadores-del-consejo-de-la-cultura-critican-gestion-ministerial\/\" \/>\n<meta property=\"og:locale\" content=\"es_ES\" \/>\n<meta property=\"og:type\" content=\"article\" \/>\n<meta property=\"og:title\" content=\"Trabajadores del Consejo de la Cultura critican gesti\u00f3n ministerial - Nuestro Bio B\u00edo\" \/>\n<meta property=\"og:description\" content=\"SANTIAGO.- El desempe\u00f1o de la Presidenta del Consejo de la Cultura y las Artes (CNCA), Paulina Urrutia, fue criticado hoy por la Asociaci\u00f3n Nacional de Funcionarios de dicho organismo (Anfulcultura). Los trabajadores acusan a la ministra de ser incapaz de regularizar una serie de problemas que afectan al CNCA, en el \u00e1mbito econ\u00f3mico y laboral. [&hellip;]\" \/>\n<meta property=\"og:url\" content=\"https:\/\/www.fraczinet.cl\/sitio\/2009\/03\/11\/trabajadores-del-consejo-de-la-cultura-critican-gestion-ministerial\/\" \/>\n<meta property=\"og:site_name\" content=\"Nuestro Bio B\u00edo\" \/>\n<meta property=\"article:published_time\" content=\"2009-03-11T09:48:00+00:00\" \/>\n<meta property=\"og:image\" content=\"https:\/\/www.fraczinet.cl\/sitio\/wp-content\/uploads\/2021\/07\/bannerlogo-1.gif\" \/>\n\t<meta property=\"og:image:width\" content=\"159\" \/>\n\t<meta property=\"og:image:height\" content=\"79\" \/>\n\t<meta property=\"og:image:type\" content=\"image\/gif\" \/>\n<meta name=\"author\" content=\"admin\" \/>\n<meta name=\"twitter:card\" content=\"summary_large_image\" \/>\n<meta name=\"twitter:creator\" content=\"@nuestrobiobio\" \/>\n<meta name=\"twitter:site\" content=\"@nuestrobiobio\" \/>\n<meta name=\"twitter:label1\" content=\"Escrito por\" \/>\n\t<meta name=\"twitter:data1\" content=\"admin\" \/>\n\t<meta name=\"twitter:label2\" content=\"Tiempo de lectura\" \/>\n\t<meta name=\"twitter:data2\" content=\"3 minutos\" \/>\n<script type=\"application\/ld+json\" class=\"yoast-schema-graph\">{\"@context\":\"https:\/\/schema.org\",\"@graph\":[{\"@type\":\"Article\",\"@id\":\"https:\/\/www.fraczinet.cl\/sitio\/2009\/03\/11\/trabajadores-del-consejo-de-la-cultura-critican-gestion-ministerial\/#article\",\"isPartOf\":{\"@id\":\"https:\/\/www.fraczinet.cl\/sitio\/2009\/03\/11\/trabajadores-del-consejo-de-la-cultura-critican-gestion-ministerial\/\"},\"author\":{\"name\":\"admin\",\"@id\":\"https:\/\/www.fraczinet.cl\/sitio\/#\/schema\/person\/bc30f98e9cb10ae7e119dbe14bc93784\"},\"headline\":\"Trabajadores del Consejo de la Cultura critican gesti\u00f3n ministerial\",\"datePublished\":\"2009-03-11T09:48:00+00:00\",\"mainEntityOfPage\":{\"@id\":\"https:\/\/www.fraczinet.cl\/sitio\/2009\/03\/11\/trabajadores-del-consejo-de-la-cultura-critican-gestion-ministerial\/\"},\"wordCount\":562,\"commentCount\":0,\"publisher\":{\"@id\":\"https:\/\/www.fraczinet.cl\/sitio\/#\/schema\/person\/aec8ee4da68df2b9b0eefdad24a0d582\"},\"articleSection\":[\"Gesti\u00f3n Cultural\"],\"inLanguage\":\"es\",\"potentialAction\":[{\"@type\":\"CommentAction\",\"name\":\"Comment\",\"target\":[\"https:\/\/www.fraczinet.cl\/sitio\/2009\/03\/11\/trabajadores-del-consejo-de-la-cultura-critican-gestion-ministerial\/#respond\"]}]},{\"@type\":\"WebPage\",\"@id\":\"https:\/\/www.fraczinet.cl\/sitio\/2009\/03\/11\/trabajadores-del-consejo-de-la-cultura-critican-gestion-ministerial\/\",\"url\":\"https:\/\/www.fraczinet.cl\/sitio\/2009\/03\/11\/trabajadores-del-consejo-de-la-cultura-critican-gestion-ministerial\/\",\"name\":\"Trabajadores del Consejo de la Cultura critican gesti\u00f3n ministerial - Nuestro Bio B\u00edo\",\"isPartOf\":{\"@id\":\"https:\/\/www.fraczinet.cl\/sitio\/#website\"},\"datePublished\":\"2009-03-11T09:48:00+00:00\",\"breadcrumb\":{\"@id\":\"https:\/\/www.fraczinet.cl\/sitio\/2009\/03\/11\/trabajadores-del-consejo-de-la-cultura-critican-gestion-ministerial\/#breadcrumb\"},\"inLanguage\":\"es\",\"potentialAction\":[{\"@type\":\"ReadAction\",\"target\":[\"https:\/\/www.fraczinet.cl\/sitio\/2009\/03\/11\/trabajadores-del-consejo-de-la-cultura-critican-gestion-ministerial\/\"]}]},{\"@type\":\"BreadcrumbList\",\"@id\":\"https:\/\/www.fraczinet.cl\/sitio\/2009\/03\/11\/trabajadores-del-consejo-de-la-cultura-critican-gestion-ministerial\/#breadcrumb\",\"itemListElement\":[{\"@type\":\"ListItem\",\"position\":1,\"name\":\"Portada\",\"item\":\"https:\/\/www.fraczinet.cl\/sitio\/\"},{\"@type\":\"ListItem\",\"position\":2,\"name\":\"Trabajadores del Consejo de la Cultura critican gesti\u00f3n ministerial\"}]},{\"@type\":\"WebSite\",\"@id\":\"https:\/\/www.fraczinet.cl\/sitio\/#website\",\"url\":\"https:\/\/www.fraczinet.cl\/sitio\/\",\"name\":\"Nuestro Bio B\u00edo\",\"description\":\"Tierra de Encuentros\",\"publisher\":{\"@id\":\"https:\/\/www.fraczinet.cl\/sitio\/#\/schema\/person\/aec8ee4da68df2b9b0eefdad24a0d582\"},\"potentialAction\":[{\"@type\":\"SearchAction\",\"target\":{\"@type\":\"EntryPoint\",\"urlTemplate\":\"https:\/\/www.fraczinet.cl\/sitio\/?s={search_term_string}\"},\"query-input\":{\"@type\":\"PropertyValueSpecification\",\"valueRequired\":true,\"valueName\":\"search_term_string\"}}],\"inLanguage\":\"es\"},{\"@type\":[\"Person\",\"Organization\"],\"@id\":\"https:\/\/www.fraczinet.cl\/sitio\/#\/schema\/person\/aec8ee4da68df2b9b0eefdad24a0d582\",\"name\":\"Luis Fernando Fraczinet\",\"image\":{\"@type\":\"ImageObject\",\"inLanguage\":\"es\",\"@id\":\"https:\/\/www.fraczinet.cl\/sitio\/#\/schema\/person\/image\/\",\"url\":\"https:\/\/www.fraczinet.cl\/sitio\/wp-content\/uploads\/2021\/07\/bannerlogo-1.gif\",\"contentUrl\":\"https:\/\/www.fraczinet.cl\/sitio\/wp-content\/uploads\/2021\/07\/bannerlogo-1.gif\",\"width\":159,\"height\":79,\"caption\":\"Luis Fernando Fraczinet\"},\"logo\":{\"@id\":\"https:\/\/www.fraczinet.cl\/sitio\/#\/schema\/person\/image\/\"},\"sameAs\":[\"https:\/\/www.fraczinet.cl\/sitio\/\"]},{\"@type\":\"Person\",\"@id\":\"https:\/\/www.fraczinet.cl\/sitio\/#\/schema\/person\/bc30f98e9cb10ae7e119dbe14bc93784\",\"name\":\"admin\",\"image\":{\"@type\":\"ImageObject\",\"inLanguage\":\"es\",\"@id\":\"https:\/\/www.fraczinet.cl\/sitio\/#\/schema\/person\/image\/\",\"url\":\"https:\/\/secure.gravatar.com\/avatar\/d5ad3cf7ef3b23a2bb5be73be780c86b2fc8545c3ad6b149f3913ff458c00099?s=96&d=mm&r=g\",\"contentUrl\":\"https:\/\/secure.gravatar.com\/avatar\/d5ad3cf7ef3b23a2bb5be73be780c86b2fc8545c3ad6b149f3913ff458c00099?s=96&d=mm&r=g\",\"caption\":\"admin\"},\"sameAs\":[\"https:\/\/www.fraczinet.cl\/sitio\"]}]}<\/script>\n<!-- \/ Yoast SEO plugin. -->","yoast_head_json":{"title":"Trabajadores del Consejo de la Cultura critican gesti\u00f3n ministerial - Nuestro Bio B\u00edo","robots":{"index":"index","follow":"follow","max-snippet":"max-snippet:-1","max-image-preview":"max-image-preview:large","max-video-preview":"max-video-preview:-1"},"canonical":"https:\/\/www.fraczinet.cl\/sitio\/2009\/03\/11\/trabajadores-del-consejo-de-la-cultura-critican-gestion-ministerial\/","og_locale":"es_ES","og_type":"article","og_title":"Trabajadores del Consejo de la Cultura critican gesti\u00f3n ministerial - Nuestro Bio B\u00edo","og_description":"SANTIAGO.- El desempe\u00f1o de la Presidenta del Consejo de la Cultura y las Artes (CNCA), Paulina Urrutia, fue criticado hoy por la Asociaci\u00f3n Nacional de Funcionarios de dicho organismo (Anfulcultura). Los trabajadores acusan a la ministra de ser incapaz de regularizar una serie de problemas que afectan al CNCA, en el \u00e1mbito econ\u00f3mico y laboral. [&hellip;]","og_url":"https:\/\/www.fraczinet.cl\/sitio\/2009\/03\/11\/trabajadores-del-consejo-de-la-cultura-critican-gestion-ministerial\/","og_site_name":"Nuestro Bio B\u00edo","article_published_time":"2009-03-11T09:48:00+00:00","og_image":[{"width":159,"height":79,"url":"https:\/\/www.fraczinet.cl\/sitio\/wp-content\/uploads\/2021\/07\/bannerlogo-1.gif","type":"image\/gif"}],"author":"admin","twitter_card":"summary_large_image","twitter_creator":"@nuestrobiobio","twitter_site":"@nuestrobiobio","twitter_misc":{"Escrito por":"admin","Tiempo de lectura":"3 minutos"},"schema":{"@context":"https:\/\/schema.org","@graph":[{"@type":"Article","@id":"https:\/\/www.fraczinet.cl\/sitio\/2009\/03\/11\/trabajadores-del-consejo-de-la-cultura-critican-gestion-ministerial\/#article","isPartOf":{"@id":"https:\/\/www.fraczinet.cl\/sitio\/2009\/03\/11\/trabajadores-del-consejo-de-la-cultura-critican-gestion-ministerial\/"},"author":{"name":"admin","@id":"https:\/\/www.fraczinet.cl\/sitio\/#\/schema\/person\/bc30f98e9cb10ae7e119dbe14bc93784"},"headline":"Trabajadores del Consejo de la Cultura critican gesti\u00f3n ministerial","datePublished":"2009-03-11T09:48:00+00:00","mainEntityOfPage":{"@id":"https:\/\/www.fraczinet.cl\/sitio\/2009\/03\/11\/trabajadores-del-consejo-de-la-cultura-critican-gestion-ministerial\/"},"wordCount":562,"commentCount":0,"publisher":{"@id":"https:\/\/www.fraczinet.cl\/sitio\/#\/schema\/person\/aec8ee4da68df2b9b0eefdad24a0d582"},"articleSection":["Gesti\u00f3n Cultural"],"inLanguage":"es","potentialAction":[{"@type":"CommentAction","name":"Comment","target":["https:\/\/www.fraczinet.cl\/sitio\/2009\/03\/11\/trabajadores-del-consejo-de-la-cultura-critican-gestion-ministerial\/#respond"]}]},{"@type":"WebPage","@id":"https:\/\/www.fraczinet.cl\/sitio\/2009\/03\/11\/trabajadores-del-consejo-de-la-cultura-critican-gestion-ministerial\/","url":"https:\/\/www.fraczinet.cl\/sitio\/2009\/03\/11\/trabajadores-del-consejo-de-la-cultura-critican-gestion-ministerial\/","name":"Trabajadores del Consejo de la Cultura critican gesti\u00f3n ministerial - Nuestro Bio B\u00edo","isPartOf":{"@id":"https:\/\/www.fraczinet.cl\/sitio\/#website"},"datePublished":"2009-03-11T09:48:00+00:00","breadcrumb":{"@id":"https:\/\/www.fraczinet.cl\/sitio\/2009\/03\/11\/trabajadores-del-consejo-de-la-cultura-critican-gestion-ministerial\/#breadcrumb"},"inLanguage":"es","potentialAction":[{"@type":"ReadAction","target":["https:\/\/www.fraczinet.cl\/sitio\/2009\/03\/11\/trabajadores-del-consejo-de-la-cultura-critican-gestion-ministerial\/"]}]},{"@type":"BreadcrumbList","@id":"https:\/\/www.fraczinet.cl\/sitio\/2009\/03\/11\/trabajadores-del-consejo-de-la-cultura-critican-gestion-ministerial\/#breadcrumb","itemListElement":[{"@type":"ListItem","position":1,"name":"Portada","item":"https:\/\/www.fraczinet.cl\/sitio\/"},{"@type":"ListItem","position":2,"name":"Trabajadores del Consejo de la Cultura critican gesti\u00f3n ministerial"}]},{"@type":"WebSite","@id":"https:\/\/www.fraczinet.cl\/sitio\/#website","url":"https:\/\/www.fraczinet.cl\/sitio\/","name":"Nuestro Bio B\u00edo","description":"Tierra de Encuentros","publisher":{"@id":"https:\/\/www.fraczinet.cl\/sitio\/#\/schema\/person\/aec8ee4da68df2b9b0eefdad24a0d582"},"potentialAction":[{"@type":"SearchAction","target":{"@type":"EntryPoint","urlTemplate":"https:\/\/www.fraczinet.cl\/sitio\/?s={search_term_string}"},"query-input":{"@type":"PropertyValueSpecification","valueRequired":true,"valueName":"search_term_string"}}],"inLanguage":"es"},{"@type":["Person","Organization"],"@id":"https:\/\/www.fraczinet.cl\/sitio\/#\/schema\/person\/aec8ee4da68df2b9b0eefdad24a0d582","name":"Luis Fernando Fraczinet","image":{"@type":"ImageObject","inLanguage":"es","@id":"https:\/\/www.fraczinet.cl\/sitio\/#\/schema\/person\/image\/","url":"https:\/\/www.fraczinet.cl\/sitio\/wp-content\/uploads\/2021\/07\/bannerlogo-1.gif","contentUrl":"https:\/\/www.fraczinet.cl\/sitio\/wp-content\/uploads\/2021\/07\/bannerlogo-1.gif","width":159,"height":79,"caption":"Luis Fernando Fraczinet"},"logo":{"@id":"https:\/\/www.fraczinet.cl\/sitio\/#\/schema\/person\/image\/"},"sameAs":["https:\/\/www.fraczinet.cl\/sitio\/"]},{"@type":"Person","@id":"https:\/\/www.fraczinet.cl\/sitio\/#\/schema\/person\/bc30f98e9cb10ae7e119dbe14bc93784","name":"admin","image":{"@type":"ImageObject","inLanguage":"es","@id":"https:\/\/www.fraczinet.cl\/sitio\/#\/schema\/person\/image\/","url":"https:\/\/secure.gravatar.com\/avatar\/d5ad3cf7ef3b23a2bb5be73be780c86b2fc8545c3ad6b149f3913ff458c00099?s=96&d=mm&r=g","contentUrl":"https:\/\/secure.gravatar.com\/avatar\/d5ad3cf7ef3b23a2bb5be73be780c86b2fc8545c3ad6b149f3913ff458c00099?s=96&d=mm&r=g","caption":"admin"},"sameAs":["https:\/\/www.fraczinet.cl\/sitio"]}]}},"_links":{"self":[{"href":"https:\/\/www.fraczinet.cl\/sitio\/wp-json\/wp\/v2\/posts\/5097","targetHints":{"allow":["GET"]}}],"collection":[{"href":"https:\/\/www.fraczinet.cl\/sitio\/wp-json\/wp\/v2\/posts"}],"about":[{"href":"https:\/\/www.fraczinet.cl\/sitio\/wp-json\/wp\/v2\/types\/post"}],"author":[{"embeddable":true,"href":"https:\/\/www.fraczinet.cl\/sitio\/wp-json\/wp\/v2\/users\/1"}],"replies":[{"embeddable":true,"href":"https:\/\/www.fraczinet.cl\/sitio\/wp-json\/wp\/v2\/comments?post=5097"}],"version-history":[{"count":0,"href":"https:\/\/www.fraczinet.cl\/sitio\/wp-json\/wp\/v2\/posts\/5097\/revisions"}],"wp:attachment":[{"href":"https:\/\/www.fraczinet.cl\/sitio\/wp-json\/wp\/v2\/media?parent=5097"}],"wp:term":[{"taxonomy":"category","embeddable":true,"href":"https:\/\/www.fraczinet.cl\/sitio\/wp-json\/wp\/v2\/categories?post=5097"},{"taxonomy":"post_tag","embeddable":true,"href":"https:\/\/www.fraczinet.cl\/sitio\/wp-json\/wp\/v2\/tags?post=5097"}],"curies":[{"name":"wp","href":"https:\/\/api.w.org\/{rel}","templated":true}]}}