{"id":5100,"date":"2009-03-10T13:34:00","date_gmt":"2009-03-10T13:34:00","guid":{"rendered":"https:\/\/www.fraczinet.cl\/sitio\/2009\/03\/10\/la-fantasma-de-cantervilla-itinera-por-barrios-de-bio-bio\/"},"modified":"2009-03-10T13:34:00","modified_gmt":"2009-03-10T13:34:00","slug":"la-fantasma-de-cantervilla-itinera-por-barrios-de-bio-bio","status":"publish","type":"post","link":"https:\/\/www.fraczinet.cl\/sitio\/la-fantasma-de-cantervilla-itinera-por-barrios-de-bio-bio\/","title":{"rendered":"La Fantasma de Cantervilla itinera por barrios de Bio B\u00edo"},"content":{"rendered":"<div style=\"text-align: justify;\">Desde el 12 de marzo hasta el 05 de abril la Compa\u00f1\u00eda de Teatro de T\u00edteres Vagabundo realizar\u00e1 diversas presentaciones con la obra \u201cLa Fantasma de Cantervilla\u201d, en diferentes barrios de la Regi\u00f3n del B\u00edo B\u00edo.<\/div>\n<div style=\"text-align: justify;\"><\/div>\n<div style=\"text-align: justify;\">La itinerancia de la obra, pensada para toda la familia, se enmarca en el \u201cPrograma Verano en Buena\u201d, impulsado por el Consejo Nacional de la Cultura y las Artes.<\/div>\n<div style=\"text-align: justify;\"><\/div>\n<div style=\"text-align: justify;\">Calendario de presentaciones<\/div>\n<div style=\"text-align: justify;\"><\/div>\n<div style=\"text-align: justify;\">Los \u00c1ngeles Barrio Domingo Contreras G\u00f3mez<\/div>\n<div style=\"text-align: justify;\">Escuela Rep\u00fablica de Grecia<\/div>\n<div style=\"text-align: justify;\">12 de marzo, 18:00 hrs.<\/div>\n<div style=\"text-align: justify;\"><\/div>\n<div style=\"text-align: justify;\">Barrio Escritores de Chile<\/div>\n<div style=\"text-align: justify;\">Jard\u00edn Infantil Piececitos de Ni\u00f1os<\/div>\n<div style=\"text-align: justify;\">13 de marzo, 15:00 hrs.<\/div>\n<div style=\"text-align: justify;\"><\/div>\n<div style=\"text-align: justify;\">Concepci\u00f3n Barrio Ag\u00fcita de la Perdiz<\/div>\n<div style=\"text-align: justify;\">Escuela F 560<\/div>\n<div style=\"text-align: justify;\">28 de marzo, 18:00 hrs.<\/div>\n<div style=\"text-align: justify;\"><\/div>\n<div style=\"text-align: justify;\">Barrio Plaza Cruz<\/div>\n<div style=\"text-align: justify;\">Colegio Mar\u00eda Inmaculada<\/div>\n<div style=\"text-align: justify;\">29 de marzo, 16:00 hrs.<\/div>\n<div style=\"text-align: justify;\"><\/div>\n<div style=\"text-align: justify;\"><\/div>\n<div style=\"text-align: justify;\">Barrio Pedro de Valdivia Bajo<\/div>\n<div style=\"text-align: justify;\">Junta de Vecinos n\u00ba 32<\/div>\n<div style=\"text-align: justify;\">04 de abril, 18:00 hrs.<\/div>\n<div style=\"text-align: justify;\"><\/div>\n<div style=\"text-align: justify;\">Hualp\u00e9n Barrio Cabo Aroca<\/div>\n<div style=\"text-align: justify;\">Club Deportivo \u201cLas \u00c1guilas\u201d<\/div>\n<div style=\"text-align: justify;\">14 de marzo, 18 hrs.<\/div>\n<div style=\"text-align: justify;\"><\/div>\n<div style=\"text-align: justify;\">Talcahuano Barrio Diego Portales, Sector 1<\/div>\n<div style=\"text-align: justify;\">Sede Vecinal \u201cEl Guindo\u201d<\/div>\n<div style=\"text-align: justify;\">15 de marzo, 16:00 hrs.<\/div>\n<div style=\"text-align: justify;\"><\/div>\n<div style=\"text-align: justify;\">San Pedro Barrio Boca Sur<\/div>\n<div style=\"text-align: justify;\">Sindicato de Trabajadores Eventuales<\/div>\n<div style=\"text-align: justify;\">19 de marzo, 18:00 hrs.<\/div>\n<div style=\"text-align: justify;\"><\/div>\n<div style=\"text-align: justify;\">Coronel Barrio Schwager<\/div>\n<div style=\"text-align: justify;\">Sal\u00f3n del Apostolado Popular<\/div>\n<div style=\"text-align: justify;\">20 de marzo, 12:00 hrs.<\/div>\n<div style=\"text-align: justify;\"><\/div>\n<div style=\"text-align: justify;\">Chiguayante Barrio Valle la Piedra, Sector 1<\/div>\n<div style=\"text-align: justify;\">Sede Social Valle la Piedra<\/div>\n<div style=\"text-align: justify;\">21 de marzo, 18:00 hrs.<\/div>\n<div style=\"text-align: justify;\"><\/div>\n<div style=\"text-align: justify;\">Lota  Pabellones Hist\u00f3ricos<\/div>\n<div style=\"text-align: justify;\">Casa de la Cultura<\/div>\n<div style=\"text-align: justify;\">22 de marzo, 16:00 hrs.<\/div>\n<div style=\"text-align: justify;\"><\/div>\n<div style=\"text-align: justify;\">Ca\u00f1ete Barrio Leiva<\/div>\n<div style=\"text-align: justify;\">Sede Social<\/div>\n<div style=\"text-align: justify;\">26 de marzo, 18:00 hrs.<\/div>\n<div style=\"text-align: justify;\"><\/div>\n<div style=\"text-align: justify;\">Curanilahue Barrio Chillancito<\/div>\n<div style=\"text-align: justify;\">Colegio Buena Esperanza<\/div>\n<div style=\"text-align: justify;\">27 de marzo, 18:00 hrs.<\/div>\n<div style=\"text-align: justify;\"><\/div>\n<div style=\"text-align: justify;\"><\/div>\n<div style=\"text-align: justify;\">Chill\u00e1n  Barrio El Roble<\/div>\n<div style=\"text-align: justify;\">Sede Vecinal Junta de Vecinos<\/div>\n<div style=\"text-align: justify;\">05 de abril, 16:00 hrs.<\/div>\n<div style=\"text-align: justify;\"><\/div>\n<div style=\"text-align: justify;\">Todas las presentaciones son con entrada liberada.<\/div>\n","protected":false},"excerpt":{"rendered":"<p>Desde el 12 de marzo hasta el 05 de abril la Compa\u00f1\u00eda de Teatro de T\u00edteres Vagabundo realizar\u00e1 diversas presentaciones con la obra \u201cLa Fantasma de Cantervilla\u201d, en diferentes barrios de la Regi\u00f3n del B\u00edo B\u00edo. La itinerancia de la obra, pensada para toda la familia, se enmarca en el \u201cPrograma Verano en Buena\u201d, impulsado [&hellip;]<\/p>\n","protected":false},"author":1,"featured_media":0,"comment_status":"open","ping_status":"closed","sticky":false,"template":"","format":"standard","meta":{"footnotes":""},"categories":[44,127],"tags":[],"class_list":["post-5100","post","type-post","status-publish","format-standard","hentry","category-eventos","category-teatro"],"yoast_head":"<!-- This site is optimized with the Yoast SEO plugin v28.2 - https:\/\/yoast.com\/product\/yoast-seo-wordpress\/ -->\n<title>La Fantasma de Cantervilla itinera por barrios de Bio B\u00edo - Nuestro Bio B\u00edo<\/title>\n<meta name=\"robots\" content=\"index, follow, max-snippet:-1, max-image-preview:large, max-video-preview:-1\" \/>\n<link rel=\"canonical\" href=\"https:\/\/www.fraczinet.cl\/sitio\/la-fantasma-de-cantervilla-itinera-por-barrios-de-bio-bio\/\" \/>\n<meta property=\"og:locale\" content=\"es_ES\" \/>\n<meta property=\"og:type\" content=\"article\" \/>\n<meta property=\"og:title\" content=\"La Fantasma de Cantervilla itinera por barrios de Bio B\u00edo - Nuestro Bio B\u00edo\" \/>\n<meta property=\"og:description\" content=\"Desde el 12 de marzo hasta el 05 de abril la Compa\u00f1\u00eda de Teatro de T\u00edteres Vagabundo realizar\u00e1 diversas presentaciones con la obra \u201cLa Fantasma de Cantervilla\u201d, en diferentes barrios de la Regi\u00f3n del B\u00edo B\u00edo. La itinerancia de la obra, pensada para toda la familia, se enmarca en el \u201cPrograma Verano en Buena\u201d, impulsado [&hellip;]\" \/>\n<meta property=\"og:url\" content=\"https:\/\/www.fraczinet.cl\/sitio\/la-fantasma-de-cantervilla-itinera-por-barrios-de-bio-bio\/\" \/>\n<meta property=\"og:site_name\" content=\"Nuestro Bio B\u00edo\" \/>\n<meta property=\"article:publisher\" content=\"https:\/\/www.facebook.com\/groups\/15721414452\/\" \/>\n<meta property=\"article:published_time\" content=\"2009-03-10T13:34:00+00:00\" \/>\n<meta property=\"og:image\" content=\"https:\/\/www.fraczinet.cl\/sitio\/wp-content\/uploads\/2021\/07\/bannerlogo-1.gif\" \/>\n\t<meta property=\"og:image:width\" content=\"159\" \/>\n\t<meta property=\"og:image:height\" content=\"79\" \/>\n\t<meta property=\"og:image:type\" content=\"image\/gif\" \/>\n<meta name=\"twitter:card\" content=\"summary_large_image\" \/>\n<meta name=\"twitter:creator\" content=\"@nuestrobiobio\" \/>\n<meta name=\"twitter:site\" content=\"@nuestrobiobio\" \/>\n<meta name=\"twitter:label1\" content=\"Escrito por\" \/>\n\t<meta name=\"twitter:data1\" content=\"\" \/>\n\t<meta name=\"twitter:label2\" content=\"Tiempo de lectura\" \/>\n\t<meta name=\"twitter:data2\" content=\"1 minuto\" \/>\n<script type=\"application\/ld+json\" class=\"yoast-schema-graph\">{\"@context\":\"https:\\\/\\\/schema.org\",\"@graph\":[{\"@type\":\"Article\",\"@id\":\"https:\\\/\\\/www.fraczinet.cl\\\/sitio\\\/la-fantasma-de-cantervilla-itinera-por-barrios-de-bio-bio\\\/#article\",\"isPartOf\":{\"@id\":\"https:\\\/\\\/www.fraczinet.cl\\\/sitio\\\/la-fantasma-de-cantervilla-itinera-por-barrios-de-bio-bio\\\/\"},\"author\":{\"name\":\"\",\"@id\":\"\"},\"headline\":\"La Fantasma de Cantervilla itinera por barrios de Bio B\u00edo\",\"datePublished\":\"2009-03-10T13:34:00+00:00\",\"mainEntityOfPage\":{\"@id\":\"https:\\\/\\\/www.fraczinet.cl\\\/sitio\\\/la-fantasma-de-cantervilla-itinera-por-barrios-de-bio-bio\\\/\"},\"wordCount\":256,\"commentCount\":0,\"articleSection\":[\"Eventos\",\"Teatro\"],\"inLanguage\":\"es\",\"potentialAction\":[{\"@type\":\"CommentAction\",\"name\":\"Comment\",\"target\":[\"https:\\\/\\\/www.fraczinet.cl\\\/sitio\\\/la-fantasma-de-cantervilla-itinera-por-barrios-de-bio-bio\\\/#respond\"]}]},{\"@type\":\"WebPage\",\"@id\":\"https:\\\/\\\/www.fraczinet.cl\\\/sitio\\\/la-fantasma-de-cantervilla-itinera-por-barrios-de-bio-bio\\\/\",\"url\":\"https:\\\/\\\/www.fraczinet.cl\\\/sitio\\\/la-fantasma-de-cantervilla-itinera-por-barrios-de-bio-bio\\\/\",\"name\":\"La Fantasma de Cantervilla itinera por barrios de Bio B\u00edo - Nuestro Bio B\u00edo\",\"isPartOf\":{\"@id\":\"https:\\\/\\\/www.fraczinet.cl\\\/sitio\\\/#website\"},\"datePublished\":\"2009-03-10T13:34:00+00:00\",\"author\":{\"@id\":\"\"},\"breadcrumb\":{\"@id\":\"https:\\\/\\\/www.fraczinet.cl\\\/sitio\\\/la-fantasma-de-cantervilla-itinera-por-barrios-de-bio-bio\\\/#breadcrumb\"},\"inLanguage\":\"es\",\"potentialAction\":[{\"@type\":\"ReadAction\",\"target\":[\"https:\\\/\\\/www.fraczinet.cl\\\/sitio\\\/la-fantasma-de-cantervilla-itinera-por-barrios-de-bio-bio\\\/\"]}]},{\"@type\":\"BreadcrumbList\",\"@id\":\"https:\\\/\\\/www.fraczinet.cl\\\/sitio\\\/la-fantasma-de-cantervilla-itinera-por-barrios-de-bio-bio\\\/#breadcrumb\",\"itemListElement\":[{\"@type\":\"ListItem\",\"position\":1,\"name\":\"Portada\",\"item\":\"https:\\\/\\\/www.fraczinet.cl\\\/sitio\\\/\"},{\"@type\":\"ListItem\",\"position\":2,\"name\":\"La Fantasma de Cantervilla itinera por barrios de Bio B\u00edo\"}]},{\"@type\":\"WebSite\",\"@id\":\"https:\\\/\\\/www.fraczinet.cl\\\/sitio\\\/#website\",\"url\":\"https:\\\/\\\/www.fraczinet.cl\\\/sitio\\\/\",\"name\":\"Nuestro Bio B\u00edo\",\"description\":\"Tierra de Encuentros\",\"potentialAction\":[{\"@type\":\"SearchAction\",\"target\":{\"@type\":\"EntryPoint\",\"urlTemplate\":\"https:\\\/\\\/www.fraczinet.cl\\\/sitio\\\/?s={search_term_string}\"},\"query-input\":{\"@type\":\"PropertyValueSpecification\",\"valueRequired\":true,\"valueName\":\"search_term_string\"}}],\"inLanguage\":\"es\"},{\"@type\":\"Person\",\"@id\":\"\"}]}<\/script>\n<!-- \/ Yoast SEO plugin. -->","yoast_head_json":{"title":"La Fantasma de Cantervilla itinera por barrios de Bio B\u00edo - Nuestro Bio B\u00edo","robots":{"index":"index","follow":"follow","max-snippet":"max-snippet:-1","max-image-preview":"max-image-preview:large","max-video-preview":"max-video-preview:-1"},"canonical":"https:\/\/www.fraczinet.cl\/sitio\/la-fantasma-de-cantervilla-itinera-por-barrios-de-bio-bio\/","og_locale":"es_ES","og_type":"article","og_title":"La Fantasma de Cantervilla itinera por barrios de Bio B\u00edo - Nuestro Bio B\u00edo","og_description":"Desde el 12 de marzo hasta el 05 de abril la Compa\u00f1\u00eda de Teatro de T\u00edteres Vagabundo realizar\u00e1 diversas presentaciones con la obra \u201cLa Fantasma de Cantervilla\u201d, en diferentes barrios de la Regi\u00f3n del B\u00edo B\u00edo. La itinerancia de la obra, pensada para toda la familia, se enmarca en el \u201cPrograma Verano en Buena\u201d, impulsado [&hellip;]","og_url":"https:\/\/www.fraczinet.cl\/sitio\/la-fantasma-de-cantervilla-itinera-por-barrios-de-bio-bio\/","og_site_name":"Nuestro Bio B\u00edo","article_publisher":"https:\/\/www.facebook.com\/groups\/15721414452\/","article_published_time":"2009-03-10T13:34:00+00:00","og_image":[{"width":159,"height":79,"url":"https:\/\/www.fraczinet.cl\/sitio\/wp-content\/uploads\/2021\/07\/bannerlogo-1.gif","type":"image\/gif"}],"twitter_card":"summary_large_image","twitter_creator":"@nuestrobiobio","twitter_site":"@nuestrobiobio","twitter_misc":{"Escrito por":"","Tiempo de lectura":"1 minuto"},"schema":{"@context":"https:\/\/schema.org","@graph":[{"@type":"Article","@id":"https:\/\/www.fraczinet.cl\/sitio\/la-fantasma-de-cantervilla-itinera-por-barrios-de-bio-bio\/#article","isPartOf":{"@id":"https:\/\/www.fraczinet.cl\/sitio\/la-fantasma-de-cantervilla-itinera-por-barrios-de-bio-bio\/"},"author":{"name":"","@id":""},"headline":"La Fantasma de Cantervilla itinera por barrios de Bio B\u00edo","datePublished":"2009-03-10T13:34:00+00:00","mainEntityOfPage":{"@id":"https:\/\/www.fraczinet.cl\/sitio\/la-fantasma-de-cantervilla-itinera-por-barrios-de-bio-bio\/"},"wordCount":256,"commentCount":0,"articleSection":["Eventos","Teatro"],"inLanguage":"es","potentialAction":[{"@type":"CommentAction","name":"Comment","target":["https:\/\/www.fraczinet.cl\/sitio\/la-fantasma-de-cantervilla-itinera-por-barrios-de-bio-bio\/#respond"]}]},{"@type":"WebPage","@id":"https:\/\/www.fraczinet.cl\/sitio\/la-fantasma-de-cantervilla-itinera-por-barrios-de-bio-bio\/","url":"https:\/\/www.fraczinet.cl\/sitio\/la-fantasma-de-cantervilla-itinera-por-barrios-de-bio-bio\/","name":"La Fantasma de Cantervilla itinera por barrios de Bio B\u00edo - Nuestro Bio B\u00edo","isPartOf":{"@id":"https:\/\/www.fraczinet.cl\/sitio\/#website"},"datePublished":"2009-03-10T13:34:00+00:00","author":{"@id":""},"breadcrumb":{"@id":"https:\/\/www.fraczinet.cl\/sitio\/la-fantasma-de-cantervilla-itinera-por-barrios-de-bio-bio\/#breadcrumb"},"inLanguage":"es","potentialAction":[{"@type":"ReadAction","target":["https:\/\/www.fraczinet.cl\/sitio\/la-fantasma-de-cantervilla-itinera-por-barrios-de-bio-bio\/"]}]},{"@type":"BreadcrumbList","@id":"https:\/\/www.fraczinet.cl\/sitio\/la-fantasma-de-cantervilla-itinera-por-barrios-de-bio-bio\/#breadcrumb","itemListElement":[{"@type":"ListItem","position":1,"name":"Portada","item":"https:\/\/www.fraczinet.cl\/sitio\/"},{"@type":"ListItem","position":2,"name":"La Fantasma de Cantervilla itinera por barrios de Bio B\u00edo"}]},{"@type":"WebSite","@id":"https:\/\/www.fraczinet.cl\/sitio\/#website","url":"https:\/\/www.fraczinet.cl\/sitio\/","name":"Nuestro Bio B\u00edo","description":"Tierra de Encuentros","potentialAction":[{"@type":"SearchAction","target":{"@type":"EntryPoint","urlTemplate":"https:\/\/www.fraczinet.cl\/sitio\/?s={search_term_string}"},"query-input":{"@type":"PropertyValueSpecification","valueRequired":true,"valueName":"search_term_string"}}],"inLanguage":"es"},{"@type":"Person","@id":""}]}},"_links":{"self":[{"href":"https:\/\/www.fraczinet.cl\/sitio\/wp-json\/wp\/v2\/posts\/5100","targetHints":{"allow":["GET"]}}],"collection":[{"href":"https:\/\/www.fraczinet.cl\/sitio\/wp-json\/wp\/v2\/posts"}],"about":[{"href":"https:\/\/www.fraczinet.cl\/sitio\/wp-json\/wp\/v2\/types\/post"}],"author":[{"embeddable":true,"href":"https:\/\/www.fraczinet.cl\/sitio\/wp-json\/wp\/v2\/users\/1"}],"replies":[{"embeddable":true,"href":"https:\/\/www.fraczinet.cl\/sitio\/wp-json\/wp\/v2\/comments?post=5100"}],"version-history":[{"count":0,"href":"https:\/\/www.fraczinet.cl\/sitio\/wp-json\/wp\/v2\/posts\/5100\/revisions"}],"wp:attachment":[{"href":"https:\/\/www.fraczinet.cl\/sitio\/wp-json\/wp\/v2\/media?parent=5100"}],"wp:term":[{"taxonomy":"category","embeddable":true,"href":"https:\/\/www.fraczinet.cl\/sitio\/wp-json\/wp\/v2\/categories?post=5100"},{"taxonomy":"post_tag","embeddable":true,"href":"https:\/\/www.fraczinet.cl\/sitio\/wp-json\/wp\/v2\/tags?post=5100"}],"curies":[{"name":"wp","href":"https:\/\/api.w.org\/{rel}","templated":true}]}}