{"id":5144,"date":"2009-02-12T05:58:00","date_gmt":"2009-02-12T05:58:00","guid":{"rendered":"https:\/\/www.fraczinet.cl\/sitio\/2009\/02\/12\/renovacion-de-los-integrantes-del-consejo-del-arte-y-la-industria-audiovisual\/"},"modified":"2022-09-27T02:16:57","modified_gmt":"2022-09-27T02:16:57","slug":"renovacion-de-los-integrantes-del-consejo-del-arte-y-la-industria-audiovisual","status":"publish","type":"post","link":"https:\/\/www.fraczinet.cl\/sitio\/2009\/02\/12\/renovacion-de-los-integrantes-del-consejo-del-arte-y-la-industria-audiovisual\/","title":{"rendered":"Renovaci\u00f3n de los Integrantes del Consejo del Arte y la Industria Audiovisual"},"content":{"rendered":"<div style=\"text-align: justify;\">Este a\u00f1o corresponde la renovaci\u00f3n de los miembros del Consejo del Arte y la Industria Audiovisual, por lo cual el Consejo Nacional de la Cultura y las Artes ha comenzado su llamado a participar del proceso de designaci\u00f3n de las entidades audiovisuales representativas que se encargar\u00e1n de designar a sus integrantes, los cuales se desempe\u00f1ar\u00e1n en su cargo durante el per\u00edodo contemplado desde el a\u00f1o 2009 al 2011.<\/div>\n<div style=\"text-align: justify;\"><\/div>\n<div style=\"text-align: justify;\">Dicho Consejo est\u00e1 integrado por diecisiete personas representantes de diversos quehaceres del audiovisual. Para su conformaci\u00f3n, la convocatoria contempla dos etapas de postulaci\u00f3n: en un primer proceso se designar\u00e1 a las entidades audiovisuales m\u00e1s representativas, las que ya elegidas se encargar\u00e1n de efectuar el nombramiento de su Representante seg\u00fan sea el caso.<\/div>\n<div style=\"text-align: justify;\"><\/div>\n<div style=\"text-align: justify;\">En virtud de lo anterior se invita a las entidades audiovisuales que se se\u00f1alan a continuaci\u00f3n a presentar hasta el 2 de marzo de 2009 los antecedentes para ser considerados como entidades m\u00e1s representativas.<\/div>\n<div style=\"text-align: justify;\"><\/div>\n<div style=\"text-align: justify;\">Consejo del Arte y la Industria Audiovisual<\/div>\n<div style=\"text-align: justify;\"><\/div>\n<div style=\"text-align: justify;\">La ley 19981 sobre Fomento Audiovisual tiene por objeto el desarrollo, fomento, difusi\u00f3n, protecci\u00f3n y preservaci\u00f3n de las obras audiovisuales nacionales y de la industria audiovisual, as\u00ed como la investigaci\u00f3n y desarrollo de nuevos lenguajes audiovisuales. Dicha legislaci\u00f3n cre\u00f3 en el Consejo Nacional de la Cultura y las Artes, el Consejo del Arte y la Industria Audiovisual que est\u00e1 integrado por:<\/div>\n<div style=\"text-align: justify;\"><\/div>\n<div style=\"text-align: justify;\">a) El Presidente del Consejo Nacional de la Cultura y las Artes o su representante, quien lo presidir\u00e1.<\/div>\n<div style=\"text-align: justify;\"><\/div>\n<div style=\"text-align: justify;\">b) Un representante del Ministerio de Relaciones Exteriores, designado por la autoridad superior de dicho Ministerio.<\/div>\n<div style=\"text-align: justify;\"><\/div>\n<div style=\"text-align: justify;\">c) Un representante del Ministerio de Educaci\u00f3n, que ejerza su funci\u00f3n en una Regi\u00f3n distinta de la Metropolitana, designado por autoridad superior de dicho Ministerio.<\/div>\n<div style=\"text-align: justify;\"><\/div>\n<div style=\"text-align: justify;\">d) Un representante de la Corporaci\u00f3n Fomento de la Producci\u00f3n (CORFO), designado por la autoridad superior de dicha Instituci\u00f3n.<\/div>\n<div style=\"text-align: justify;\"><\/div>\n<div style=\"text-align: justify;\">e) Un representante del Consejo Nacional de Televisi\u00f3n, designado por la autoridad superior de dicha Instituci\u00f3n.<\/div>\n<div style=\"text-align: justify;\"><\/div>\n<div style=\"text-align: justify;\">f) Un representante de Directores de Largometraje de Ficci\u00f3n, designado por la entidad de car\u00e1cter nacional m\u00e1s representativa que los agrupe.<\/div>\n<div style=\"text-align: justify;\"><\/div>\n<div style=\"text-align: justify;\">g) Un representante de Directores de otros formatos Audiovisuales, designado por la entidad de car\u00e1cter nacional m\u00e1s representativa que los agrupe.<\/div>\n<div style=\"text-align: justify;\"><\/div>\n<div style=\"text-align: justify;\">h) Un representante de Directores y productores de Documentales, designado por la entidad de car\u00e1cter nacional m\u00e1s representativa que los agrupe.<\/div>\n<div style=\"text-align: justify;\"><\/div>\n<div style=\"text-align: justify;\">i) Un representante de Productores Audiovisuales designado por la entidad de car\u00e1cter nacional m\u00e1s representativa que los agrupe.<\/div>\n<div style=\"text-align: justify;\"><\/div>\n<div style=\"text-align: justify;\">j) Un representante de Actores o actrices de Audiovisual, designado por la entidad de car\u00e1cter nacional m\u00e1s representativa que los agrupe.<\/div>\n<div style=\"text-align: justify;\"><\/div>\n<div style=\"text-align: justify;\">k) Un representante de T\u00e9cnicos de la producci\u00f3n Audiovisual designado por la entidad de car\u00e1cter nacional m\u00e1s representativa que los agrupe.<\/div>\n<div style=\"text-align: justify;\"><\/div>\n<div style=\"text-align: justify;\">l) Tres representantes de la Actividad Audiovisual Regional, que desarrollen la actividad y residan en Regi\u00f3n distinta Metropolitana, designados por las organizaciones regionales m\u00e1s representativas de la actividad audiovisual y que ser\u00e1n convocadas para tal efecto por el Presidente del CNCA.<\/div>\n<div style=\"text-align: justify;\"><\/div>\n<div style=\"text-align: justify;\">m) Un representante de Guionistas nombrado por el Presidente del CNCA.<\/div>\n<div style=\"text-align: justify;\"><\/div>\n<div style=\"text-align: justify;\">n) Dos representantes de los Acad\u00e9micos, de reconocido prestigio en materias audiovisuales y que impartan formaci\u00f3n profesional, designados por el Presidente del CNCA, propuestos por entidades de Educaci\u00f3n Superior que gocen de autonom\u00eda y que impartan formaci\u00f3n audiovisual, debiendo uno de ellos pertenecer a un regi\u00f3n distinta de la Metropolitana.<\/div>\n<div style=\"text-align: justify;\"><\/div>\n<div style=\"text-align: justify;\">Los integrantes del Consejo Audiovisual permanecen dos a\u00f1os en el cargo, el cual podr\u00e1 ser designado hasta por un nuevo per\u00edodo consecutivo y no percibir\u00e1n remuneraci\u00f3n por sus funciones seg\u00fan se\u00f1ala el art\u00edculo 9\u00b0, Dto. 265, 2004 e inc. final, art. 5\u00b0 de la Ley de Fomento Audiovisual.<\/div>\n<div style=\"text-align: justify;\"><\/div>\n<div style=\"text-align: justify;\">El nombramiento de los integrantes del CAIA se efectuar\u00e1 mediante resoluci\u00f3n del Presidente del CNCA en el mes de abril 2009 y a contar de su dictaci\u00f3n se contar\u00e1 el plazo de los respectivos nombramientos o designaciones.<\/div>\n<div style=\"text-align: justify;\"><\/div>\n<div style=\"text-align: justify;\">I. Designaci\u00f3n de Entidades m\u00e1s Representativas<\/div>\n<div style=\"text-align: justify;\"><\/div>\n<div style=\"text-align: justify;\">El art\u00edculo 4, del Decreto. 265 de 2004 considerar\u00e1 como Entidades Representativas a las asociaciones gremiales, organizaciones sindicales, corporaciones u otras entidades sin fines de lucro que agrupen mayoritariamente a los sectores profesionales o actividades respectivas, ya sea nacional o regional, seg\u00fan corresponda.<\/div>\n<div style=\"text-align: justify;\"><\/div>\n<div style=\"text-align: justify;\">Esta determinaci\u00f3n de representatividad de las organizaciones a nivel nacional y regional, se har\u00e1 considerando a las que cuenten con mayor n\u00famero de asociados al 31 de octubre de 2008, a la cual le corresponder\u00e1 efectuar los nombramientos, tal como se\u00f1ala el art\u00edculo 11, Dto. 265, 2004.<\/div>\n<div style=\"text-align: justify;\"><\/div>\n<div style=\"text-align: justify;\">Requisitos para las Organizaciones que participen del proceso<\/div>\n<div style=\"text-align: justify;\"><\/div>\n<div style=\"text-align: justify;\">Para proponer o designar integrantes del Consejo del Arte y la Industria Audiovisual, las Organizaciones deben cumplir con los siguientes requisitos:<\/div>\n<div style=\"text-align: justify;\">1.- Tener personalidad jur\u00eddica vigente.<\/div>\n<div style=\"text-align: justify;\">2.- Contemplar en sus estatutos fines u objetivos a fines relativos al arte o la industria audiovisual.<\/div>\n<div style=\"text-align: justify;\">3.- Agrupar a asociados de cualquier lugar del territorio nacional (nacionales).<\/div>\n<div style=\"text-align: justify;\">4.- Agrupar a asociados que pertenezcan s\u00f3lo a una parte del territorio nacional (regionales).<\/div>\n<div style=\"text-align: justify;\">Antecedentes que se solicitan a las Organizaciones:<\/div>\n<div style=\"text-align: justify;\">Una vez cumplido con los requisitos, las organizaciones deber\u00e1n acreditar su situaci\u00f3n a trav\u00e9s de la entrega de los siguientes antecedentes:<\/div>\n<div style=\"text-align: justify;\">1.- Acreditaci\u00f3n de personalidad jur\u00eddica vigente.<\/div>\n<div style=\"text-align: justify;\">2.- Estatutos de la entidad y sus modificaciones, cuando las hubiere.<\/div>\n<div style=\"text-align: justify;\">3.- Identificaci\u00f3n del Directorio.<\/div>\n<div style=\"text-align: justify;\">4.- Domicilio de la organizaci\u00f3n.<\/div>\n<div style=\"text-align: justify;\">5.- N\u00f3mina de asociados, debidamente inscritos en el registro oficial de la organizaci\u00f3n al 31 de octubre del a\u00f1o anterior al que corresponda efectuar el respectivo nombramiento de integrantes del Consejo del Arte y la Industria Audiovisual, acreditado mediante certificado emitido por la autoridad competente.<\/div>\n<div style=\"text-align: justify;\">6.- Experiencia profesional reconocida de sus miembros o asociados: la existencia p\u00fablica de obras audiovisuales o actividades realizadas, sean \u00e9stas de producci\u00f3n, difusi\u00f3n o preservaci\u00f3n patrimonial en el \u00e1mbito audiovisual. La existencia p\u00fablica puede probarse a trav\u00e9s del soporte y publicaci\u00f3n del estreno en el caso de obras audiovisuales, y de publicaciones e informaci\u00f3n de prensa en el caso de las actividades.<\/div>\n<div style=\"text-align: justify;\">7.- Informe o memoria de las actividades realizadas durante el a\u00f1o inmediatamente anterior a la fecha de presentaci\u00f3n de antecedentes ante el Consejo Nacional de la Cultura y las Artes, en que conste la experiencia demostrada por la organizaci\u00f3n.<\/div>\n<div style=\"text-align: justify;\">Para estos efectos, se entender\u00e1 por experiencia demostrada de la organizaci\u00f3n, la existencia p\u00fablica de actividades realizadas de desarrollo y promoci\u00f3n del \u00e1rea que representan sean \u00e9stas de producci\u00f3n, difusi\u00f3n, preservaci\u00f3n patrimonial audiovisual u otras pertinentes, considerando la relevancia e impacto de \u00e9stas dentro del sector audiovisual. Estas actividades deber\u00e1n estar respaldadas a trav\u00e9s de publicaciones, documentos, informaci\u00f3n de prensa, antecedentes audiovisuales u otros soportes que las acrediten.<\/div>\n<div style=\"text-align: justify;\"><\/div>\n<div style=\"text-align: justify;\">Postulaci\u00f3n y entrega de Antecedentes de la Organizaci\u00f3n<\/div>\n<div style=\"text-align: justify;\"><\/div>\n<div style=\"text-align: justify;\">La documentaci\u00f3n exigida debe hacerse llegar a la Secretar\u00eda Ejecutiva del Consejo del Arte y la Industria Audiovisual, (oficinas de Santiago o Valpara\u00edso) o a las Direcciones Regionales el 2 de marzo de 2009 para que el CNCA establezca las entidades m\u00e1s representativas y formule la respectiva convocatoria.<\/div>\n<div style=\"text-align: justify;\"><\/div>\n<div style=\"text-align: justify;\"><\/div>\n<div style=\"text-align: justify;\">II. Designaci\u00f3n de Representante Designados por las Entidades Nacionales m\u00e1s Representativas que los agrupe<\/div>\n<div style=\"text-align: justify;\"><\/div>\n<div style=\"text-align: justify;\">&#8211; Entidades nacionales: En el mes de marzo de 2009, el Presidente del CNCA, solicitar\u00e1 por escrito a las respectivas entidades nacionales designadas efectuar las designaciones correspondientes, quienes tendr\u00e1n un plazo de 15 d\u00edas , desde la recepci\u00f3n de la solicitud para efectuar la respectiva designaci\u00f3n y comunicarla por escrito al Presidente del CNCA.(art. 5\u00b0, Dto. 265, 2004)<\/div>\n<div style=\"text-align: justify;\"><\/div>\n<div style=\"text-align: justify;\">&#8211; Entidades Regionales: En el mes de marzo de 2009 se convocar\u00e1 a los respectivos representantes de las organizaciones regionales m\u00e1s representativas, a una sesi\u00f3n especialmente destinada para este objeto, en la que deber\u00e1n votar por personas que re\u00fanan los requisitos exigidos, resultando elegidos quienes obtengan las tres primeras mayor\u00edas. (art. 6\u00b0, Dto. 265, 2004)<\/div>\n<div style=\"text-align: justify;\"><\/div>\n<div style=\"text-align: justify;\">&#8211; Representante Guionistas: Este ser\u00e1 designado por el Presidente del CNCA en el mes de marzo del correspondiente a\u00f1o. (art. 7\u00b0, Dto. 265, 2004)<\/div>\n<div style=\"text-align: justify;\"><\/div>\n<div style=\"text-align: justify;\">&#8211; Representantes propuestos por Entidades de Educaci\u00f3n Superior: En el mes de marzo de 2009 se solicitar\u00e1 a las entidades de educaci\u00f3n superior que gocen de autonom\u00eda e impartan formaci\u00f3n profesional audiovisual que propongan por escrito, a acad\u00e9micos de reconocido prestigio profesional en material audiovisuales nacionales. (art. 8\u00b0, Dto. 265, 2004).<\/div>\n<div style=\"text-align: justify;\"><\/div>\n<div style=\"text-align: justify;\">Para m\u00e1s informaciones respecto a la convocatoria, comunicarse con<\/div>\n<div style=\"text-align: justify;\">Claudia Guti\u00e9rrez claudia.gutierrez@consejodelacultura.cl<\/div>\n<div style=\"text-align: justify;\">Giovanna Guerino giovanna.guerino@consejodelacultura.cl<\/div>\n<div style=\"text-align: justify;\"><\/div>\n<div style=\"text-align: justify;\">Cronograma del Proceso de Renovaci\u00f3n del Consejo del Arte y la Industria Audiovisual<\/div>\n<div style=\"text-align: justify;\"><\/div>\n<div style=\"text-align: justify;\">Enero \u2013 Febrero<\/div>\n<div style=\"text-align: justify;\">&#8211; Convocatoria a Organizaciones Audiovisualistas Regionales, Sindicatos y<\/div>\n<div style=\"text-align: justify;\">&#8211; Gremios Representativos \/ presentaci\u00f3n de antecedentes hasta 2 de marzo.<\/div>\n<div style=\"text-align: justify;\">Marzo<\/div>\n<div style=\"text-align: justify;\">&#8211; Desde 2 al 13 de Marzo: Revisi\u00f3n antecedentes de Entidades Audiovisuales.<\/div>\n<div style=\"text-align: justify;\">&#8211; 16 de Marzo: Convocatoria Formal Entidades a designar nombre del Representante<\/div>\n<div style=\"text-align: justify;\">&#8211; 16 de Marzo: Convocatoria Formal a Universidades a proponer nombre de posibles representantes acad\u00e9micos.<\/div>\n<div style=\"text-align: justify;\">&#8211; Convocatoria a entidades regionales a reuni\u00f3n con presidente CNCA.<\/div>\n<div style=\"text-align: justify;\">&#8211; Reuni\u00f3n de elecci\u00f3n de 3 representantes Audiovisualistas Regionales<\/div>\n<div style=\"text-align: justify;\">&#8211; Designaci\u00f3n de Representante Guionistas por Presidente CNCA<\/div>\n<div style=\"text-align: justify;\">&#8211; Definici\u00f3n de Acad\u00e9micos<\/div>\n<div style=\"text-align: justify;\">Abril<\/div>\n<div style=\"text-align: justify;\">&#8211; Resoluci\u00f3n oficial con el Nombramiento de Integrantes del Consejo per\u00edodo 2009 a 2011<\/div>\n<div style=\"text-align: justify;\">&#8211; 24 de abril: Primera Reuni\u00f3n del Consejo del Arte y la Industria Audiovisual<\/div>\n","protected":false},"excerpt":{"rendered":"<p>Este a\u00f1o corresponde la renovaci\u00f3n de los miembros del Consejo del Arte y la Industria Audiovisual, por lo cual el Consejo Nacional de la Cultura y las Artes ha comenzado su llamado a participar del proceso de designaci\u00f3n de las entidades audiovisuales representativas que se encargar\u00e1n de designar a sus integrantes, los cuales se desempe\u00f1ar\u00e1n [&hellip;]<\/p>\n","protected":false},"author":1,"featured_media":13572,"comment_status":"open","ping_status":"open","sticky":false,"template":"","format":"standard","meta":{"footnotes":""},"categories":[160,207],"tags":[],"class_list":["post-5144","post","type-post","status-publish","format-standard","has-post-thumbnail","hentry","category-cultura","category-gestion-cultural"],"yoast_head":"<!-- This site is optimized with the Yoast SEO plugin v25.0 - https:\/\/yoast.com\/wordpress\/plugins\/seo\/ -->\n<title>Renovaci\u00f3n de los Integrantes del Consejo del Arte y la Industria Audiovisual - Nuestro Bio B\u00edo<\/title>\n<meta name=\"robots\" content=\"index, follow, max-snippet:-1, max-image-preview:large, max-video-preview:-1\" \/>\n<link rel=\"canonical\" href=\"https:\/\/www.fraczinet.cl\/sitio\/2009\/02\/12\/renovacion-de-los-integrantes-del-consejo-del-arte-y-la-industria-audiovisual\/\" \/>\n<meta property=\"og:locale\" content=\"es_ES\" \/>\n<meta property=\"og:type\" content=\"article\" \/>\n<meta property=\"og:title\" content=\"Renovaci\u00f3n de los Integrantes del Consejo del Arte y la Industria Audiovisual - Nuestro Bio B\u00edo\" \/>\n<meta property=\"og:description\" content=\"Este a\u00f1o corresponde la renovaci\u00f3n de los miembros del Consejo del Arte y la Industria Audiovisual, por lo cual el Consejo Nacional de la Cultura y las Artes ha comenzado su llamado a participar del proceso de designaci\u00f3n de las entidades audiovisuales representativas que se encargar\u00e1n de designar a sus integrantes, los cuales se desempe\u00f1ar\u00e1n [&hellip;]\" \/>\n<meta property=\"og:url\" content=\"https:\/\/www.fraczinet.cl\/sitio\/2009\/02\/12\/renovacion-de-los-integrantes-del-consejo-del-arte-y-la-industria-audiovisual\/\" \/>\n<meta property=\"og:site_name\" content=\"Nuestro Bio B\u00edo\" \/>\n<meta property=\"article:published_time\" content=\"2009-02-12T05:58:00+00:00\" \/>\n<meta property=\"article:modified_time\" content=\"2022-09-27T02:16:57+00:00\" \/>\n<meta property=\"og:image\" content=\"https:\/\/www.fraczinet.cl\/sitio\/wp-content\/uploads\/2009\/02\/danza.jpeg\" \/>\n\t<meta property=\"og:image:width\" content=\"300\" \/>\n\t<meta property=\"og:image:height\" content=\"168\" \/>\n\t<meta property=\"og:image:type\" content=\"image\/jpeg\" \/>\n<meta name=\"author\" content=\"admin\" \/>\n<meta name=\"twitter:card\" content=\"summary_large_image\" \/>\n<meta name=\"twitter:creator\" content=\"@nuestrobiobio\" \/>\n<meta name=\"twitter:site\" content=\"@nuestrobiobio\" \/>\n<meta name=\"twitter:label1\" content=\"Escrito por\" \/>\n\t<meta name=\"twitter:data1\" content=\"admin\" \/>\n\t<meta name=\"twitter:label2\" content=\"Tiempo de lectura\" \/>\n\t<meta name=\"twitter:data2\" content=\"8 minutos\" \/>\n<script type=\"application\/ld+json\" class=\"yoast-schema-graph\">{\"@context\":\"https:\/\/schema.org\",\"@graph\":[{\"@type\":\"Article\",\"@id\":\"https:\/\/www.fraczinet.cl\/sitio\/2009\/02\/12\/renovacion-de-los-integrantes-del-consejo-del-arte-y-la-industria-audiovisual\/#article\",\"isPartOf\":{\"@id\":\"https:\/\/www.fraczinet.cl\/sitio\/2009\/02\/12\/renovacion-de-los-integrantes-del-consejo-del-arte-y-la-industria-audiovisual\/\"},\"author\":{\"name\":\"admin\",\"@id\":\"https:\/\/www.fraczinet.cl\/sitio\/#\/schema\/person\/bc30f98e9cb10ae7e119dbe14bc93784\"},\"headline\":\"Renovaci\u00f3n de los Integrantes del Consejo del Arte y la Industria Audiovisual\",\"datePublished\":\"2009-02-12T05:58:00+00:00\",\"dateModified\":\"2022-09-27T02:16:57+00:00\",\"mainEntityOfPage\":{\"@id\":\"https:\/\/www.fraczinet.cl\/sitio\/2009\/02\/12\/renovacion-de-los-integrantes-del-consejo-del-arte-y-la-industria-audiovisual\/\"},\"wordCount\":1585,\"commentCount\":0,\"publisher\":{\"@id\":\"https:\/\/www.fraczinet.cl\/sitio\/#\/schema\/person\/aec8ee4da68df2b9b0eefdad24a0d582\"},\"image\":{\"@id\":\"https:\/\/www.fraczinet.cl\/sitio\/2009\/02\/12\/renovacion-de-los-integrantes-del-consejo-del-arte-y-la-industria-audiovisual\/#primaryimage\"},\"thumbnailUrl\":\"https:\/\/www.fraczinet.cl\/sitio\/wp-content\/uploads\/2009\/02\/danza.jpeg\",\"articleSection\":[\"Cultura\",\"Gesti\u00f3n Cultural\"],\"inLanguage\":\"es\",\"potentialAction\":[{\"@type\":\"CommentAction\",\"name\":\"Comment\",\"target\":[\"https:\/\/www.fraczinet.cl\/sitio\/2009\/02\/12\/renovacion-de-los-integrantes-del-consejo-del-arte-y-la-industria-audiovisual\/#respond\"]}]},{\"@type\":\"WebPage\",\"@id\":\"https:\/\/www.fraczinet.cl\/sitio\/2009\/02\/12\/renovacion-de-los-integrantes-del-consejo-del-arte-y-la-industria-audiovisual\/\",\"url\":\"https:\/\/www.fraczinet.cl\/sitio\/2009\/02\/12\/renovacion-de-los-integrantes-del-consejo-del-arte-y-la-industria-audiovisual\/\",\"name\":\"Renovaci\u00f3n de los Integrantes del Consejo del Arte y la Industria Audiovisual - Nuestro Bio B\u00edo\",\"isPartOf\":{\"@id\":\"https:\/\/www.fraczinet.cl\/sitio\/#website\"},\"primaryImageOfPage\":{\"@id\":\"https:\/\/www.fraczinet.cl\/sitio\/2009\/02\/12\/renovacion-de-los-integrantes-del-consejo-del-arte-y-la-industria-audiovisual\/#primaryimage\"},\"image\":{\"@id\":\"https:\/\/www.fraczinet.cl\/sitio\/2009\/02\/12\/renovacion-de-los-integrantes-del-consejo-del-arte-y-la-industria-audiovisual\/#primaryimage\"},\"thumbnailUrl\":\"https:\/\/www.fraczinet.cl\/sitio\/wp-content\/uploads\/2009\/02\/danza.jpeg\",\"datePublished\":\"2009-02-12T05:58:00+00:00\",\"dateModified\":\"2022-09-27T02:16:57+00:00\",\"breadcrumb\":{\"@id\":\"https:\/\/www.fraczinet.cl\/sitio\/2009\/02\/12\/renovacion-de-los-integrantes-del-consejo-del-arte-y-la-industria-audiovisual\/#breadcrumb\"},\"inLanguage\":\"es\",\"potentialAction\":[{\"@type\":\"ReadAction\",\"target\":[\"https:\/\/www.fraczinet.cl\/sitio\/2009\/02\/12\/renovacion-de-los-integrantes-del-consejo-del-arte-y-la-industria-audiovisual\/\"]}]},{\"@type\":\"ImageObject\",\"inLanguage\":\"es\",\"@id\":\"https:\/\/www.fraczinet.cl\/sitio\/2009\/02\/12\/renovacion-de-los-integrantes-del-consejo-del-arte-y-la-industria-audiovisual\/#primaryimage\",\"url\":\"https:\/\/www.fraczinet.cl\/sitio\/wp-content\/uploads\/2009\/02\/danza.jpeg\",\"contentUrl\":\"https:\/\/www.fraczinet.cl\/sitio\/wp-content\/uploads\/2009\/02\/danza.jpeg\",\"width\":300,\"height\":168},{\"@type\":\"BreadcrumbList\",\"@id\":\"https:\/\/www.fraczinet.cl\/sitio\/2009\/02\/12\/renovacion-de-los-integrantes-del-consejo-del-arte-y-la-industria-audiovisual\/#breadcrumb\",\"itemListElement\":[{\"@type\":\"ListItem\",\"position\":1,\"name\":\"Portada\",\"item\":\"https:\/\/www.fraczinet.cl\/sitio\/\"},{\"@type\":\"ListItem\",\"position\":2,\"name\":\"Renovaci\u00f3n de los Integrantes del Consejo del Arte y la Industria Audiovisual\"}]},{\"@type\":\"WebSite\",\"@id\":\"https:\/\/www.fraczinet.cl\/sitio\/#website\",\"url\":\"https:\/\/www.fraczinet.cl\/sitio\/\",\"name\":\"Nuestro Bio B\u00edo\",\"description\":\"Tierra de Encuentros\",\"publisher\":{\"@id\":\"https:\/\/www.fraczinet.cl\/sitio\/#\/schema\/person\/aec8ee4da68df2b9b0eefdad24a0d582\"},\"potentialAction\":[{\"@type\":\"SearchAction\",\"target\":{\"@type\":\"EntryPoint\",\"urlTemplate\":\"https:\/\/www.fraczinet.cl\/sitio\/?s={search_term_string}\"},\"query-input\":{\"@type\":\"PropertyValueSpecification\",\"valueRequired\":true,\"valueName\":\"search_term_string\"}}],\"inLanguage\":\"es\"},{\"@type\":[\"Person\",\"Organization\"],\"@id\":\"https:\/\/www.fraczinet.cl\/sitio\/#\/schema\/person\/aec8ee4da68df2b9b0eefdad24a0d582\",\"name\":\"Luis Fernando Fraczinet\",\"image\":{\"@type\":\"ImageObject\",\"inLanguage\":\"es\",\"@id\":\"https:\/\/www.fraczinet.cl\/sitio\/#\/schema\/person\/image\/\",\"url\":\"https:\/\/www.fraczinet.cl\/sitio\/wp-content\/uploads\/2021\/07\/bannerlogo-1.gif\",\"contentUrl\":\"https:\/\/www.fraczinet.cl\/sitio\/wp-content\/uploads\/2021\/07\/bannerlogo-1.gif\",\"width\":159,\"height\":79,\"caption\":\"Luis Fernando Fraczinet\"},\"logo\":{\"@id\":\"https:\/\/www.fraczinet.cl\/sitio\/#\/schema\/person\/image\/\"},\"sameAs\":[\"https:\/\/www.fraczinet.cl\/sitio\/\"]},{\"@type\":\"Person\",\"@id\":\"https:\/\/www.fraczinet.cl\/sitio\/#\/schema\/person\/bc30f98e9cb10ae7e119dbe14bc93784\",\"name\":\"admin\",\"image\":{\"@type\":\"ImageObject\",\"inLanguage\":\"es\",\"@id\":\"https:\/\/www.fraczinet.cl\/sitio\/#\/schema\/person\/image\/\",\"url\":\"https:\/\/secure.gravatar.com\/avatar\/d5ad3cf7ef3b23a2bb5be73be780c86b2fc8545c3ad6b149f3913ff458c00099?s=96&d=mm&r=g\",\"contentUrl\":\"https:\/\/secure.gravatar.com\/avatar\/d5ad3cf7ef3b23a2bb5be73be780c86b2fc8545c3ad6b149f3913ff458c00099?s=96&d=mm&r=g\",\"caption\":\"admin\"},\"sameAs\":[\"https:\/\/www.fraczinet.cl\/sitio\"]}]}<\/script>\n<!-- \/ Yoast SEO plugin. -->","yoast_head_json":{"title":"Renovaci\u00f3n de los Integrantes del Consejo del Arte y la Industria Audiovisual - Nuestro Bio B\u00edo","robots":{"index":"index","follow":"follow","max-snippet":"max-snippet:-1","max-image-preview":"max-image-preview:large","max-video-preview":"max-video-preview:-1"},"canonical":"https:\/\/www.fraczinet.cl\/sitio\/2009\/02\/12\/renovacion-de-los-integrantes-del-consejo-del-arte-y-la-industria-audiovisual\/","og_locale":"es_ES","og_type":"article","og_title":"Renovaci\u00f3n de los Integrantes del Consejo del Arte y la Industria Audiovisual - Nuestro Bio B\u00edo","og_description":"Este a\u00f1o corresponde la renovaci\u00f3n de los miembros del Consejo del Arte y la Industria Audiovisual, por lo cual el Consejo Nacional de la Cultura y las Artes ha comenzado su llamado a participar del proceso de designaci\u00f3n de las entidades audiovisuales representativas que se encargar\u00e1n de designar a sus integrantes, los cuales se desempe\u00f1ar\u00e1n [&hellip;]","og_url":"https:\/\/www.fraczinet.cl\/sitio\/2009\/02\/12\/renovacion-de-los-integrantes-del-consejo-del-arte-y-la-industria-audiovisual\/","og_site_name":"Nuestro Bio B\u00edo","article_published_time":"2009-02-12T05:58:00+00:00","article_modified_time":"2022-09-27T02:16:57+00:00","og_image":[{"width":300,"height":168,"url":"https:\/\/www.fraczinet.cl\/sitio\/wp-content\/uploads\/2009\/02\/danza.jpeg","type":"image\/jpeg"}],"author":"admin","twitter_card":"summary_large_image","twitter_creator":"@nuestrobiobio","twitter_site":"@nuestrobiobio","twitter_misc":{"Escrito por":"admin","Tiempo de lectura":"8 minutos"},"schema":{"@context":"https:\/\/schema.org","@graph":[{"@type":"Article","@id":"https:\/\/www.fraczinet.cl\/sitio\/2009\/02\/12\/renovacion-de-los-integrantes-del-consejo-del-arte-y-la-industria-audiovisual\/#article","isPartOf":{"@id":"https:\/\/www.fraczinet.cl\/sitio\/2009\/02\/12\/renovacion-de-los-integrantes-del-consejo-del-arte-y-la-industria-audiovisual\/"},"author":{"name":"admin","@id":"https:\/\/www.fraczinet.cl\/sitio\/#\/schema\/person\/bc30f98e9cb10ae7e119dbe14bc93784"},"headline":"Renovaci\u00f3n de los Integrantes del Consejo del Arte y la Industria Audiovisual","datePublished":"2009-02-12T05:58:00+00:00","dateModified":"2022-09-27T02:16:57+00:00","mainEntityOfPage":{"@id":"https:\/\/www.fraczinet.cl\/sitio\/2009\/02\/12\/renovacion-de-los-integrantes-del-consejo-del-arte-y-la-industria-audiovisual\/"},"wordCount":1585,"commentCount":0,"publisher":{"@id":"https:\/\/www.fraczinet.cl\/sitio\/#\/schema\/person\/aec8ee4da68df2b9b0eefdad24a0d582"},"image":{"@id":"https:\/\/www.fraczinet.cl\/sitio\/2009\/02\/12\/renovacion-de-los-integrantes-del-consejo-del-arte-y-la-industria-audiovisual\/#primaryimage"},"thumbnailUrl":"https:\/\/www.fraczinet.cl\/sitio\/wp-content\/uploads\/2009\/02\/danza.jpeg","articleSection":["Cultura","Gesti\u00f3n Cultural"],"inLanguage":"es","potentialAction":[{"@type":"CommentAction","name":"Comment","target":["https:\/\/www.fraczinet.cl\/sitio\/2009\/02\/12\/renovacion-de-los-integrantes-del-consejo-del-arte-y-la-industria-audiovisual\/#respond"]}]},{"@type":"WebPage","@id":"https:\/\/www.fraczinet.cl\/sitio\/2009\/02\/12\/renovacion-de-los-integrantes-del-consejo-del-arte-y-la-industria-audiovisual\/","url":"https:\/\/www.fraczinet.cl\/sitio\/2009\/02\/12\/renovacion-de-los-integrantes-del-consejo-del-arte-y-la-industria-audiovisual\/","name":"Renovaci\u00f3n de los Integrantes del Consejo del Arte y la Industria Audiovisual - Nuestro Bio B\u00edo","isPartOf":{"@id":"https:\/\/www.fraczinet.cl\/sitio\/#website"},"primaryImageOfPage":{"@id":"https:\/\/www.fraczinet.cl\/sitio\/2009\/02\/12\/renovacion-de-los-integrantes-del-consejo-del-arte-y-la-industria-audiovisual\/#primaryimage"},"image":{"@id":"https:\/\/www.fraczinet.cl\/sitio\/2009\/02\/12\/renovacion-de-los-integrantes-del-consejo-del-arte-y-la-industria-audiovisual\/#primaryimage"},"thumbnailUrl":"https:\/\/www.fraczinet.cl\/sitio\/wp-content\/uploads\/2009\/02\/danza.jpeg","datePublished":"2009-02-12T05:58:00+00:00","dateModified":"2022-09-27T02:16:57+00:00","breadcrumb":{"@id":"https:\/\/www.fraczinet.cl\/sitio\/2009\/02\/12\/renovacion-de-los-integrantes-del-consejo-del-arte-y-la-industria-audiovisual\/#breadcrumb"},"inLanguage":"es","potentialAction":[{"@type":"ReadAction","target":["https:\/\/www.fraczinet.cl\/sitio\/2009\/02\/12\/renovacion-de-los-integrantes-del-consejo-del-arte-y-la-industria-audiovisual\/"]}]},{"@type":"ImageObject","inLanguage":"es","@id":"https:\/\/www.fraczinet.cl\/sitio\/2009\/02\/12\/renovacion-de-los-integrantes-del-consejo-del-arte-y-la-industria-audiovisual\/#primaryimage","url":"https:\/\/www.fraczinet.cl\/sitio\/wp-content\/uploads\/2009\/02\/danza.jpeg","contentUrl":"https:\/\/www.fraczinet.cl\/sitio\/wp-content\/uploads\/2009\/02\/danza.jpeg","width":300,"height":168},{"@type":"BreadcrumbList","@id":"https:\/\/www.fraczinet.cl\/sitio\/2009\/02\/12\/renovacion-de-los-integrantes-del-consejo-del-arte-y-la-industria-audiovisual\/#breadcrumb","itemListElement":[{"@type":"ListItem","position":1,"name":"Portada","item":"https:\/\/www.fraczinet.cl\/sitio\/"},{"@type":"ListItem","position":2,"name":"Renovaci\u00f3n de los Integrantes del Consejo del Arte y la Industria Audiovisual"}]},{"@type":"WebSite","@id":"https:\/\/www.fraczinet.cl\/sitio\/#website","url":"https:\/\/www.fraczinet.cl\/sitio\/","name":"Nuestro Bio B\u00edo","description":"Tierra de Encuentros","publisher":{"@id":"https:\/\/www.fraczinet.cl\/sitio\/#\/schema\/person\/aec8ee4da68df2b9b0eefdad24a0d582"},"potentialAction":[{"@type":"SearchAction","target":{"@type":"EntryPoint","urlTemplate":"https:\/\/www.fraczinet.cl\/sitio\/?s={search_term_string}"},"query-input":{"@type":"PropertyValueSpecification","valueRequired":true,"valueName":"search_term_string"}}],"inLanguage":"es"},{"@type":["Person","Organization"],"@id":"https:\/\/www.fraczinet.cl\/sitio\/#\/schema\/person\/aec8ee4da68df2b9b0eefdad24a0d582","name":"Luis Fernando Fraczinet","image":{"@type":"ImageObject","inLanguage":"es","@id":"https:\/\/www.fraczinet.cl\/sitio\/#\/schema\/person\/image\/","url":"https:\/\/www.fraczinet.cl\/sitio\/wp-content\/uploads\/2021\/07\/bannerlogo-1.gif","contentUrl":"https:\/\/www.fraczinet.cl\/sitio\/wp-content\/uploads\/2021\/07\/bannerlogo-1.gif","width":159,"height":79,"caption":"Luis Fernando Fraczinet"},"logo":{"@id":"https:\/\/www.fraczinet.cl\/sitio\/#\/schema\/person\/image\/"},"sameAs":["https:\/\/www.fraczinet.cl\/sitio\/"]},{"@type":"Person","@id":"https:\/\/www.fraczinet.cl\/sitio\/#\/schema\/person\/bc30f98e9cb10ae7e119dbe14bc93784","name":"admin","image":{"@type":"ImageObject","inLanguage":"es","@id":"https:\/\/www.fraczinet.cl\/sitio\/#\/schema\/person\/image\/","url":"https:\/\/secure.gravatar.com\/avatar\/d5ad3cf7ef3b23a2bb5be73be780c86b2fc8545c3ad6b149f3913ff458c00099?s=96&d=mm&r=g","contentUrl":"https:\/\/secure.gravatar.com\/avatar\/d5ad3cf7ef3b23a2bb5be73be780c86b2fc8545c3ad6b149f3913ff458c00099?s=96&d=mm&r=g","caption":"admin"},"sameAs":["https:\/\/www.fraczinet.cl\/sitio"]}]}},"_links":{"self":[{"href":"https:\/\/www.fraczinet.cl\/sitio\/wp-json\/wp\/v2\/posts\/5144","targetHints":{"allow":["GET"]}}],"collection":[{"href":"https:\/\/www.fraczinet.cl\/sitio\/wp-json\/wp\/v2\/posts"}],"about":[{"href":"https:\/\/www.fraczinet.cl\/sitio\/wp-json\/wp\/v2\/types\/post"}],"author":[{"embeddable":true,"href":"https:\/\/www.fraczinet.cl\/sitio\/wp-json\/wp\/v2\/users\/1"}],"replies":[{"embeddable":true,"href":"https:\/\/www.fraczinet.cl\/sitio\/wp-json\/wp\/v2\/comments?post=5144"}],"version-history":[{"count":1,"href":"https:\/\/www.fraczinet.cl\/sitio\/wp-json\/wp\/v2\/posts\/5144\/revisions"}],"predecessor-version":[{"id":13573,"href":"https:\/\/www.fraczinet.cl\/sitio\/wp-json\/wp\/v2\/posts\/5144\/revisions\/13573"}],"wp:featuredmedia":[{"embeddable":true,"href":"https:\/\/www.fraczinet.cl\/sitio\/wp-json\/wp\/v2\/media\/13572"}],"wp:attachment":[{"href":"https:\/\/www.fraczinet.cl\/sitio\/wp-json\/wp\/v2\/media?parent=5144"}],"wp:term":[{"taxonomy":"category","embeddable":true,"href":"https:\/\/www.fraczinet.cl\/sitio\/wp-json\/wp\/v2\/categories?post=5144"},{"taxonomy":"post_tag","embeddable":true,"href":"https:\/\/www.fraczinet.cl\/sitio\/wp-json\/wp\/v2\/tags?post=5144"}],"curies":[{"name":"wp","href":"https:\/\/api.w.org\/{rel}","templated":true}]}}