{"id":5159,"date":"2009-02-02T22:47:00","date_gmt":"2009-02-02T22:47:00","guid":{"rendered":"https:\/\/www.fraczinet.cl\/sitio\/2009\/02\/02\/nuevo-fondo-para-artes-escenicas\/"},"modified":"2009-02-02T22:47:00","modified_gmt":"2009-02-02T22:47:00","slug":"nuevo-fondo-para-artes-escenicas","status":"publish","type":"post","link":"https:\/\/www.fraczinet.cl\/sitio\/nuevo-fondo-para-artes-escenicas\/","title":{"rendered":"Nuevo fondo para Artes Esc\u00e9nicas"},"content":{"rendered":"<div style=\"text-align: justify;\">La existencia de un nuevo fondo p\u00fablico, en el caso del teatro para la promoci\u00f3n y difusi\u00f3n de las obras, especialmente en el extranjero, anunci\u00f3 la Ministra de Cultura, Paulina Urrutia, durante una reuni\u00f3n con los programadores internacionales que asisten al Festival Santiago a Mil.<\/div>\n<div style=\"text-align: justify;\"><\/div>\n<div style=\"text-align: justify;\">Se trata de la l\u00ednea del Fondart  \u00abVentanilla Abierta\u00bb, que estar\u00e1 a disposici\u00f3n de los interesados durante todo el a\u00f1o \u00abpara brindar mayores oportunidades a muchos, como pol\u00edtica de Estado\u00bb y forma de contribuir a la vinculaci\u00f3n con la producci\u00f3n internacional, seg\u00fan manifest\u00f3 la autoridad,.<\/div>\n<div style=\"text-align: justify;\"><\/div>\n<div style=\"text-align: justify;\">A la reuni\u00f3n de trabajo asisti\u00f3 una veintena de representantes de Festivales de Europa, Am\u00e9rica Latina y Estados Unidos, con el fin de observar la amplia cartelera y gestionar el intercambio.<\/div>\n<div style=\"text-align: justify;\"><\/div>\n<div style=\"text-align: justify;\">Entre los m\u00e1s solicitados se encuentra el dramaturgo nacional Guillermo Calder\u00f3n, cuya obra \u00abNeva\u00bb en 2008 ya estuvo en escenarios de Corea, Italia y Espa\u00f1a. Su trilog\u00eda, compuesta por \u00abNeva\u00bb, \u00abDiciembre\u00bb y \u00abClase\u00bb,  estar\u00e1 en el Festival de Buenos Aires 2009, adem\u00e1s de otras invitaciones a M\u00e9xico, Santa Cruz de la Sierra, Bolivia, y Polonia. Este a\u00f1o tambi\u00e9n \u00abEl Capote\u00bb, de la compa\u00f1\u00eda Milagros, que lidera Aline Kuppenheim, estar\u00e1 en el Festival de Mosc\u00fa.<\/div>\n","protected":false},"excerpt":{"rendered":"<p>La existencia de un nuevo fondo p\u00fablico, en el caso del teatro para la promoci\u00f3n y difusi\u00f3n de las obras, especialmente en el extranjero, anunci\u00f3 la Ministra de Cultura, Paulina Urrutia, durante una reuni\u00f3n con los programadores internacionales que asisten al Festival Santiago a Mil. Se trata de la l\u00ednea del Fondart \u00abVentanilla Abierta\u00bb, que [&hellip;]<\/p>\n","protected":false},"author":1,"featured_media":0,"comment_status":"open","ping_status":"closed","sticky":false,"template":"","format":"standard","meta":{"footnotes":""},"categories":[178],"tags":[],"class_list":["post-5159","post","type-post","status-publish","format-standard","hentry","category-fondos-concursables"],"yoast_head":"<!-- This site is optimized with the Yoast SEO plugin v28.2 - https:\/\/yoast.com\/product\/yoast-seo-wordpress\/ -->\n<title>Nuevo fondo para Artes Esc\u00e9nicas - Nuestro Bio B\u00edo<\/title>\n<meta name=\"robots\" content=\"index, follow, max-snippet:-1, max-image-preview:large, max-video-preview:-1\" \/>\n<link rel=\"canonical\" href=\"https:\/\/www.fraczinet.cl\/sitio\/nuevo-fondo-para-artes-escenicas\/\" \/>\n<meta property=\"og:locale\" content=\"es_ES\" \/>\n<meta property=\"og:type\" content=\"article\" \/>\n<meta property=\"og:title\" content=\"Nuevo fondo para Artes Esc\u00e9nicas - Nuestro Bio B\u00edo\" \/>\n<meta property=\"og:description\" content=\"La existencia de un nuevo fondo p\u00fablico, en el caso del teatro para la promoci\u00f3n y difusi\u00f3n de las obras, especialmente en el extranjero, anunci\u00f3 la Ministra de Cultura, Paulina Urrutia, durante una reuni\u00f3n con los programadores internacionales que asisten al Festival Santiago a Mil. Se trata de la l\u00ednea del Fondart \u00abVentanilla Abierta\u00bb, que [&hellip;]\" \/>\n<meta property=\"og:url\" content=\"https:\/\/www.fraczinet.cl\/sitio\/nuevo-fondo-para-artes-escenicas\/\" \/>\n<meta property=\"og:site_name\" content=\"Nuestro Bio B\u00edo\" \/>\n<meta property=\"article:publisher\" content=\"https:\/\/www.facebook.com\/groups\/15721414452\/\" \/>\n<meta property=\"article:published_time\" content=\"2009-02-02T22:47:00+00:00\" \/>\n<meta property=\"og:image\" content=\"https:\/\/www.fraczinet.cl\/sitio\/wp-content\/uploads\/2021\/07\/bannerlogo-1.gif\" \/>\n\t<meta property=\"og:image:width\" content=\"159\" \/>\n\t<meta property=\"og:image:height\" content=\"79\" \/>\n\t<meta property=\"og:image:type\" content=\"image\/gif\" \/>\n<meta name=\"twitter:card\" content=\"summary_large_image\" \/>\n<meta name=\"twitter:creator\" content=\"@nuestrobiobio\" \/>\n<meta name=\"twitter:site\" content=\"@nuestrobiobio\" \/>\n<meta name=\"twitter:label1\" content=\"Escrito por\" \/>\n\t<meta name=\"twitter:data1\" content=\"\" \/>\n\t<meta name=\"twitter:label2\" content=\"Tiempo de lectura\" \/>\n\t<meta name=\"twitter:data2\" content=\"1 minuto\" \/>\n<script type=\"application\/ld+json\" class=\"yoast-schema-graph\">{\"@context\":\"https:\\\/\\\/schema.org\",\"@graph\":[{\"@type\":\"Article\",\"@id\":\"https:\\\/\\\/www.fraczinet.cl\\\/sitio\\\/nuevo-fondo-para-artes-escenicas\\\/#article\",\"isPartOf\":{\"@id\":\"https:\\\/\\\/www.fraczinet.cl\\\/sitio\\\/nuevo-fondo-para-artes-escenicas\\\/\"},\"author\":{\"name\":\"\",\"@id\":\"\"},\"headline\":\"Nuevo fondo para Artes Esc\u00e9nicas\",\"datePublished\":\"2009-02-02T22:47:00+00:00\",\"mainEntityOfPage\":{\"@id\":\"https:\\\/\\\/www.fraczinet.cl\\\/sitio\\\/nuevo-fondo-para-artes-escenicas\\\/\"},\"wordCount\":221,\"commentCount\":0,\"articleSection\":[\"Fondos Concursables\"],\"inLanguage\":\"es\",\"potentialAction\":[{\"@type\":\"CommentAction\",\"name\":\"Comment\",\"target\":[\"https:\\\/\\\/www.fraczinet.cl\\\/sitio\\\/nuevo-fondo-para-artes-escenicas\\\/#respond\"]}]},{\"@type\":\"WebPage\",\"@id\":\"https:\\\/\\\/www.fraczinet.cl\\\/sitio\\\/nuevo-fondo-para-artes-escenicas\\\/\",\"url\":\"https:\\\/\\\/www.fraczinet.cl\\\/sitio\\\/nuevo-fondo-para-artes-escenicas\\\/\",\"name\":\"Nuevo fondo para Artes Esc\u00e9nicas - Nuestro Bio B\u00edo\",\"isPartOf\":{\"@id\":\"https:\\\/\\\/www.fraczinet.cl\\\/sitio\\\/#website\"},\"datePublished\":\"2009-02-02T22:47:00+00:00\",\"author\":{\"@id\":\"\"},\"breadcrumb\":{\"@id\":\"https:\\\/\\\/www.fraczinet.cl\\\/sitio\\\/nuevo-fondo-para-artes-escenicas\\\/#breadcrumb\"},\"inLanguage\":\"es\",\"potentialAction\":[{\"@type\":\"ReadAction\",\"target\":[\"https:\\\/\\\/www.fraczinet.cl\\\/sitio\\\/nuevo-fondo-para-artes-escenicas\\\/\"]}]},{\"@type\":\"BreadcrumbList\",\"@id\":\"https:\\\/\\\/www.fraczinet.cl\\\/sitio\\\/nuevo-fondo-para-artes-escenicas\\\/#breadcrumb\",\"itemListElement\":[{\"@type\":\"ListItem\",\"position\":1,\"name\":\"Portada\",\"item\":\"https:\\\/\\\/www.fraczinet.cl\\\/sitio\\\/\"},{\"@type\":\"ListItem\",\"position\":2,\"name\":\"Nuevo fondo para Artes Esc\u00e9nicas\"}]},{\"@type\":\"WebSite\",\"@id\":\"https:\\\/\\\/www.fraczinet.cl\\\/sitio\\\/#website\",\"url\":\"https:\\\/\\\/www.fraczinet.cl\\\/sitio\\\/\",\"name\":\"Nuestro Bio B\u00edo\",\"description\":\"Tierra de Encuentros\",\"potentialAction\":[{\"@type\":\"SearchAction\",\"target\":{\"@type\":\"EntryPoint\",\"urlTemplate\":\"https:\\\/\\\/www.fraczinet.cl\\\/sitio\\\/?s={search_term_string}\"},\"query-input\":{\"@type\":\"PropertyValueSpecification\",\"valueRequired\":true,\"valueName\":\"search_term_string\"}}],\"inLanguage\":\"es\"},{\"@type\":\"Person\",\"@id\":\"\"}]}<\/script>\n<!-- \/ Yoast SEO plugin. -->","yoast_head_json":{"title":"Nuevo fondo para Artes Esc\u00e9nicas - Nuestro Bio B\u00edo","robots":{"index":"index","follow":"follow","max-snippet":"max-snippet:-1","max-image-preview":"max-image-preview:large","max-video-preview":"max-video-preview:-1"},"canonical":"https:\/\/www.fraczinet.cl\/sitio\/nuevo-fondo-para-artes-escenicas\/","og_locale":"es_ES","og_type":"article","og_title":"Nuevo fondo para Artes Esc\u00e9nicas - Nuestro Bio B\u00edo","og_description":"La existencia de un nuevo fondo p\u00fablico, en el caso del teatro para la promoci\u00f3n y difusi\u00f3n de las obras, especialmente en el extranjero, anunci\u00f3 la Ministra de Cultura, Paulina Urrutia, durante una reuni\u00f3n con los programadores internacionales que asisten al Festival Santiago a Mil. Se trata de la l\u00ednea del Fondart \u00abVentanilla Abierta\u00bb, que [&hellip;]","og_url":"https:\/\/www.fraczinet.cl\/sitio\/nuevo-fondo-para-artes-escenicas\/","og_site_name":"Nuestro Bio B\u00edo","article_publisher":"https:\/\/www.facebook.com\/groups\/15721414452\/","article_published_time":"2009-02-02T22:47:00+00:00","og_image":[{"width":159,"height":79,"url":"https:\/\/www.fraczinet.cl\/sitio\/wp-content\/uploads\/2021\/07\/bannerlogo-1.gif","type":"image\/gif"}],"twitter_card":"summary_large_image","twitter_creator":"@nuestrobiobio","twitter_site":"@nuestrobiobio","twitter_misc":{"Escrito por":"","Tiempo de lectura":"1 minuto"},"schema":{"@context":"https:\/\/schema.org","@graph":[{"@type":"Article","@id":"https:\/\/www.fraczinet.cl\/sitio\/nuevo-fondo-para-artes-escenicas\/#article","isPartOf":{"@id":"https:\/\/www.fraczinet.cl\/sitio\/nuevo-fondo-para-artes-escenicas\/"},"author":{"name":"","@id":""},"headline":"Nuevo fondo para Artes Esc\u00e9nicas","datePublished":"2009-02-02T22:47:00+00:00","mainEntityOfPage":{"@id":"https:\/\/www.fraczinet.cl\/sitio\/nuevo-fondo-para-artes-escenicas\/"},"wordCount":221,"commentCount":0,"articleSection":["Fondos Concursables"],"inLanguage":"es","potentialAction":[{"@type":"CommentAction","name":"Comment","target":["https:\/\/www.fraczinet.cl\/sitio\/nuevo-fondo-para-artes-escenicas\/#respond"]}]},{"@type":"WebPage","@id":"https:\/\/www.fraczinet.cl\/sitio\/nuevo-fondo-para-artes-escenicas\/","url":"https:\/\/www.fraczinet.cl\/sitio\/nuevo-fondo-para-artes-escenicas\/","name":"Nuevo fondo para Artes Esc\u00e9nicas - Nuestro Bio B\u00edo","isPartOf":{"@id":"https:\/\/www.fraczinet.cl\/sitio\/#website"},"datePublished":"2009-02-02T22:47:00+00:00","author":{"@id":""},"breadcrumb":{"@id":"https:\/\/www.fraczinet.cl\/sitio\/nuevo-fondo-para-artes-escenicas\/#breadcrumb"},"inLanguage":"es","potentialAction":[{"@type":"ReadAction","target":["https:\/\/www.fraczinet.cl\/sitio\/nuevo-fondo-para-artes-escenicas\/"]}]},{"@type":"BreadcrumbList","@id":"https:\/\/www.fraczinet.cl\/sitio\/nuevo-fondo-para-artes-escenicas\/#breadcrumb","itemListElement":[{"@type":"ListItem","position":1,"name":"Portada","item":"https:\/\/www.fraczinet.cl\/sitio\/"},{"@type":"ListItem","position":2,"name":"Nuevo fondo para Artes Esc\u00e9nicas"}]},{"@type":"WebSite","@id":"https:\/\/www.fraczinet.cl\/sitio\/#website","url":"https:\/\/www.fraczinet.cl\/sitio\/","name":"Nuestro Bio B\u00edo","description":"Tierra de Encuentros","potentialAction":[{"@type":"SearchAction","target":{"@type":"EntryPoint","urlTemplate":"https:\/\/www.fraczinet.cl\/sitio\/?s={search_term_string}"},"query-input":{"@type":"PropertyValueSpecification","valueRequired":true,"valueName":"search_term_string"}}],"inLanguage":"es"},{"@type":"Person","@id":""}]}},"_links":{"self":[{"href":"https:\/\/www.fraczinet.cl\/sitio\/wp-json\/wp\/v2\/posts\/5159","targetHints":{"allow":["GET"]}}],"collection":[{"href":"https:\/\/www.fraczinet.cl\/sitio\/wp-json\/wp\/v2\/posts"}],"about":[{"href":"https:\/\/www.fraczinet.cl\/sitio\/wp-json\/wp\/v2\/types\/post"}],"author":[{"embeddable":true,"href":"https:\/\/www.fraczinet.cl\/sitio\/wp-json\/wp\/v2\/users\/1"}],"replies":[{"embeddable":true,"href":"https:\/\/www.fraczinet.cl\/sitio\/wp-json\/wp\/v2\/comments?post=5159"}],"version-history":[{"count":0,"href":"https:\/\/www.fraczinet.cl\/sitio\/wp-json\/wp\/v2\/posts\/5159\/revisions"}],"wp:attachment":[{"href":"https:\/\/www.fraczinet.cl\/sitio\/wp-json\/wp\/v2\/media?parent=5159"}],"wp:term":[{"taxonomy":"category","embeddable":true,"href":"https:\/\/www.fraczinet.cl\/sitio\/wp-json\/wp\/v2\/categories?post=5159"},{"taxonomy":"post_tag","embeddable":true,"href":"https:\/\/www.fraczinet.cl\/sitio\/wp-json\/wp\/v2\/tags?post=5159"}],"curies":[{"name":"wp","href":"https:\/\/api.w.org\/{rel}","templated":true}]}}