{"id":5162,"date":"2009-01-29T02:28:00","date_gmt":"2009-01-29T02:28:00","guid":{"rendered":"https:\/\/www.fraczinet.cl\/sitio\/2009\/01\/29\/sabados-culturales-de-verano-2009\/"},"modified":"2009-01-29T02:28:00","modified_gmt":"2009-01-29T02:28:00","slug":"sabados-culturales-de-verano-2009","status":"publish","type":"post","link":"https:\/\/www.fraczinet.cl\/sitio\/sabados-culturales-de-verano-2009\/","title":{"rendered":"S\u00e1bados Culturales de Verano 2009"},"content":{"rendered":"<div style=\"text-align: justify;\">Nuevos artistas en Parque Educativo Jorge Alessandri<\/div>\n<div style=\"text-align: justify;\"><\/div>\n<div style=\"text-align: justify;\">Contin\u00faa la entretenci\u00f3n familiar en el parque, es decir, los \u201cS\u00e1bados Culturales de Verano 2009\u201d, con la presentaci\u00f3n de dos orquestas infantiles que prometen un espect\u00e1culo \u00fanico para grandes y chicos, junto a un entorno privilegiado en que la naturaleza se manifiesta en todo su esplendor.<\/div>\n<div style=\"text-align: justify;\"><\/div>\n<div style=\"text-align: justify;\">A las 15:00 horas, nuevamente la Zona Infantil promete un panorama divertido para los m\u00e1s peque\u00f1os junto a nuestras monitoras, donde disfrutar\u00e1n de momentos de mucho color.<\/div>\n<div style=\"text-align: justify;\"><\/div>\n<div style=\"text-align: justify;\">En nuestra plaza, desde las 16:00 horas, los visitantes podr\u00e1n apreciar la exposici\u00f3n pl\u00e1stica del artista Alberto de la Carrera quien presentar\u00e1 sus creaciones de paisajes, adem\u00e1s hasta las 18:00 horas, el artista realizar\u00e1 un taller de pintura sobre celulosa para aquellos que deseen exteriorizar sus ideas a trav\u00e9s de la pintura. A las 17:00 horas en el escenario montado en los jardines del parque, la presentaci\u00f3n de la Orquesta Infantil de Yumbel, espera encantar a todos los asistentes; y a las 18:00 horas, en nuestro Anfiteatro Natural, la Orquesta Infantil de Nacimiento con la interpretaci\u00f3n de sus bellas melod\u00edas cautivar\u00e1 a todos aquellos que deseen deleitarse con la m\u00fasica cl\u00e1sica.<\/div>\n<div style=\"text-align: justify;\"><\/div>\n<div style=\"text-align: justify;\">Finalmente, hasta el 22 de febrero, en el auditorio principal del parque se estar\u00e1 exhibiendo la exposici\u00f3n \u201cEl Universo de la Luz\u201d, 18 experiencias interactivas con una mezcla de arte y ciencia que explican los fen\u00f3menos luminosos. La muestra est\u00e1 a cargo de monitores capacitados quienes explican a los visitantes cada uno de los experimentos de martes a domingo de 10:00 a 13:00 horas y de 14:00 a 18:00 horas<\/div>\n<div style=\"text-align: justify;\"><\/div>\n<div style=\"text-align: justify;\">Los esperamos y recuerda que la entrada a todas nuestras actividades es completamente gratuita!!!<\/div>\n<div style=\"text-align: justify;\"><\/div>\n<div style=\"text-align: justify;\">Contacto<\/div>\n<div style=\"text-align: justify;\">Patricia Bustamante<\/div>\n<div style=\"text-align: justify;\">Paula Ruiz Metzner<\/div>\n<div style=\"text-align: justify;\">Parque Educativo Jorge Alessandri<\/div>\n<div style=\"text-align: justify;\">Camino a Coronel Km 18<\/div>\n<div style=\"text-align: justify;\">Tel\u00e9fono 41-2857404<\/div>\n<div style=\"text-align: justify;\">Fax 41-2751139<\/div>\n","protected":false},"excerpt":{"rendered":"<p>Nuevos artistas en Parque Educativo Jorge Alessandri Contin\u00faa la entretenci\u00f3n familiar en el parque, es decir, los \u201cS\u00e1bados Culturales de Verano 2009\u201d, con la presentaci\u00f3n de dos orquestas infantiles que prometen un espect\u00e1culo \u00fanico para grandes y chicos, junto a un entorno privilegiado en que la naturaleza se manifiesta en todo su esplendor. A las [&hellip;]<\/p>\n","protected":false},"author":1,"featured_media":0,"comment_status":"open","ping_status":"closed","sticky":false,"template":"","format":"standard","meta":{"footnotes":""},"categories":[44],"tags":[],"class_list":["post-5162","post","type-post","status-publish","format-standard","hentry","category-eventos"],"yoast_head":"<!-- This site is optimized with the Yoast SEO plugin v28.2 - https:\/\/yoast.com\/product\/yoast-seo-wordpress\/ -->\n<title>S\u00e1bados Culturales de Verano 2009 - Nuestro Bio B\u00edo<\/title>\n<meta name=\"robots\" content=\"index, follow, max-snippet:-1, max-image-preview:large, max-video-preview:-1\" \/>\n<link rel=\"canonical\" href=\"https:\/\/www.fraczinet.cl\/sitio\/sabados-culturales-de-verano-2009\/\" \/>\n<meta property=\"og:locale\" content=\"es_ES\" \/>\n<meta property=\"og:type\" content=\"article\" \/>\n<meta property=\"og:title\" content=\"S\u00e1bados Culturales de Verano 2009 - Nuestro Bio B\u00edo\" \/>\n<meta property=\"og:description\" content=\"Nuevos artistas en Parque Educativo Jorge Alessandri Contin\u00faa la entretenci\u00f3n familiar en el parque, es decir, los \u201cS\u00e1bados Culturales de Verano 2009\u201d, con la presentaci\u00f3n de dos orquestas infantiles que prometen un espect\u00e1culo \u00fanico para grandes y chicos, junto a un entorno privilegiado en que la naturaleza se manifiesta en todo su esplendor. A las [&hellip;]\" \/>\n<meta property=\"og:url\" content=\"https:\/\/www.fraczinet.cl\/sitio\/sabados-culturales-de-verano-2009\/\" \/>\n<meta property=\"og:site_name\" content=\"Nuestro Bio B\u00edo\" \/>\n<meta property=\"article:publisher\" content=\"https:\/\/www.facebook.com\/groups\/15721414452\/\" \/>\n<meta property=\"article:published_time\" content=\"2009-01-29T02:28:00+00:00\" \/>\n<meta property=\"og:image\" content=\"https:\/\/www.fraczinet.cl\/sitio\/wp-content\/uploads\/2021\/07\/bannerlogo-1.gif\" \/>\n\t<meta property=\"og:image:width\" content=\"159\" \/>\n\t<meta property=\"og:image:height\" content=\"79\" \/>\n\t<meta property=\"og:image:type\" content=\"image\/gif\" \/>\n<meta name=\"twitter:card\" content=\"summary_large_image\" \/>\n<meta name=\"twitter:creator\" content=\"@nuestrobiobio\" \/>\n<meta name=\"twitter:site\" content=\"@nuestrobiobio\" \/>\n<meta name=\"twitter:label1\" content=\"Escrito por\" \/>\n\t<meta name=\"twitter:data1\" content=\"\" \/>\n\t<meta name=\"twitter:label2\" content=\"Tiempo de lectura\" \/>\n\t<meta name=\"twitter:data2\" content=\"1 minuto\" \/>\n<script type=\"application\/ld+json\" class=\"yoast-schema-graph\">{\"@context\":\"https:\\\/\\\/schema.org\",\"@graph\":[{\"@type\":\"Article\",\"@id\":\"https:\\\/\\\/www.fraczinet.cl\\\/sitio\\\/sabados-culturales-de-verano-2009\\\/#article\",\"isPartOf\":{\"@id\":\"https:\\\/\\\/www.fraczinet.cl\\\/sitio\\\/sabados-culturales-de-verano-2009\\\/\"},\"author\":{\"name\":\"\",\"@id\":\"\"},\"headline\":\"S\u00e1bados Culturales de Verano 2009\",\"datePublished\":\"2009-01-29T02:28:00+00:00\",\"mainEntityOfPage\":{\"@id\":\"https:\\\/\\\/www.fraczinet.cl\\\/sitio\\\/sabados-culturales-de-verano-2009\\\/\"},\"wordCount\":307,\"commentCount\":0,\"articleSection\":[\"Eventos\"],\"inLanguage\":\"es\",\"potentialAction\":[{\"@type\":\"CommentAction\",\"name\":\"Comment\",\"target\":[\"https:\\\/\\\/www.fraczinet.cl\\\/sitio\\\/sabados-culturales-de-verano-2009\\\/#respond\"]}]},{\"@type\":\"WebPage\",\"@id\":\"https:\\\/\\\/www.fraczinet.cl\\\/sitio\\\/sabados-culturales-de-verano-2009\\\/\",\"url\":\"https:\\\/\\\/www.fraczinet.cl\\\/sitio\\\/sabados-culturales-de-verano-2009\\\/\",\"name\":\"S\u00e1bados Culturales de Verano 2009 - Nuestro Bio B\u00edo\",\"isPartOf\":{\"@id\":\"https:\\\/\\\/www.fraczinet.cl\\\/sitio\\\/#website\"},\"datePublished\":\"2009-01-29T02:28:00+00:00\",\"author\":{\"@id\":\"\"},\"breadcrumb\":{\"@id\":\"https:\\\/\\\/www.fraczinet.cl\\\/sitio\\\/sabados-culturales-de-verano-2009\\\/#breadcrumb\"},\"inLanguage\":\"es\",\"potentialAction\":[{\"@type\":\"ReadAction\",\"target\":[\"https:\\\/\\\/www.fraczinet.cl\\\/sitio\\\/sabados-culturales-de-verano-2009\\\/\"]}]},{\"@type\":\"BreadcrumbList\",\"@id\":\"https:\\\/\\\/www.fraczinet.cl\\\/sitio\\\/sabados-culturales-de-verano-2009\\\/#breadcrumb\",\"itemListElement\":[{\"@type\":\"ListItem\",\"position\":1,\"name\":\"Portada\",\"item\":\"https:\\\/\\\/www.fraczinet.cl\\\/sitio\\\/\"},{\"@type\":\"ListItem\",\"position\":2,\"name\":\"S\u00e1bados Culturales de Verano 2009\"}]},{\"@type\":\"WebSite\",\"@id\":\"https:\\\/\\\/www.fraczinet.cl\\\/sitio\\\/#website\",\"url\":\"https:\\\/\\\/www.fraczinet.cl\\\/sitio\\\/\",\"name\":\"Nuestro Bio B\u00edo\",\"description\":\"Tierra de Encuentros\",\"potentialAction\":[{\"@type\":\"SearchAction\",\"target\":{\"@type\":\"EntryPoint\",\"urlTemplate\":\"https:\\\/\\\/www.fraczinet.cl\\\/sitio\\\/?s={search_term_string}\"},\"query-input\":{\"@type\":\"PropertyValueSpecification\",\"valueRequired\":true,\"valueName\":\"search_term_string\"}}],\"inLanguage\":\"es\"},{\"@type\":\"Person\",\"@id\":\"\"}]}<\/script>\n<!-- \/ Yoast SEO plugin. -->","yoast_head_json":{"title":"S\u00e1bados Culturales de Verano 2009 - Nuestro Bio B\u00edo","robots":{"index":"index","follow":"follow","max-snippet":"max-snippet:-1","max-image-preview":"max-image-preview:large","max-video-preview":"max-video-preview:-1"},"canonical":"https:\/\/www.fraczinet.cl\/sitio\/sabados-culturales-de-verano-2009\/","og_locale":"es_ES","og_type":"article","og_title":"S\u00e1bados Culturales de Verano 2009 - Nuestro Bio B\u00edo","og_description":"Nuevos artistas en Parque Educativo Jorge Alessandri Contin\u00faa la entretenci\u00f3n familiar en el parque, es decir, los \u201cS\u00e1bados Culturales de Verano 2009\u201d, con la presentaci\u00f3n de dos orquestas infantiles que prometen un espect\u00e1culo \u00fanico para grandes y chicos, junto a un entorno privilegiado en que la naturaleza se manifiesta en todo su esplendor. A las [&hellip;]","og_url":"https:\/\/www.fraczinet.cl\/sitio\/sabados-culturales-de-verano-2009\/","og_site_name":"Nuestro Bio B\u00edo","article_publisher":"https:\/\/www.facebook.com\/groups\/15721414452\/","article_published_time":"2009-01-29T02:28:00+00:00","og_image":[{"width":159,"height":79,"url":"https:\/\/www.fraczinet.cl\/sitio\/wp-content\/uploads\/2021\/07\/bannerlogo-1.gif","type":"image\/gif"}],"twitter_card":"summary_large_image","twitter_creator":"@nuestrobiobio","twitter_site":"@nuestrobiobio","twitter_misc":{"Escrito por":"","Tiempo de lectura":"1 minuto"},"schema":{"@context":"https:\/\/schema.org","@graph":[{"@type":"Article","@id":"https:\/\/www.fraczinet.cl\/sitio\/sabados-culturales-de-verano-2009\/#article","isPartOf":{"@id":"https:\/\/www.fraczinet.cl\/sitio\/sabados-culturales-de-verano-2009\/"},"author":{"name":"","@id":""},"headline":"S\u00e1bados Culturales de Verano 2009","datePublished":"2009-01-29T02:28:00+00:00","mainEntityOfPage":{"@id":"https:\/\/www.fraczinet.cl\/sitio\/sabados-culturales-de-verano-2009\/"},"wordCount":307,"commentCount":0,"articleSection":["Eventos"],"inLanguage":"es","potentialAction":[{"@type":"CommentAction","name":"Comment","target":["https:\/\/www.fraczinet.cl\/sitio\/sabados-culturales-de-verano-2009\/#respond"]}]},{"@type":"WebPage","@id":"https:\/\/www.fraczinet.cl\/sitio\/sabados-culturales-de-verano-2009\/","url":"https:\/\/www.fraczinet.cl\/sitio\/sabados-culturales-de-verano-2009\/","name":"S\u00e1bados Culturales de Verano 2009 - Nuestro Bio B\u00edo","isPartOf":{"@id":"https:\/\/www.fraczinet.cl\/sitio\/#website"},"datePublished":"2009-01-29T02:28:00+00:00","author":{"@id":""},"breadcrumb":{"@id":"https:\/\/www.fraczinet.cl\/sitio\/sabados-culturales-de-verano-2009\/#breadcrumb"},"inLanguage":"es","potentialAction":[{"@type":"ReadAction","target":["https:\/\/www.fraczinet.cl\/sitio\/sabados-culturales-de-verano-2009\/"]}]},{"@type":"BreadcrumbList","@id":"https:\/\/www.fraczinet.cl\/sitio\/sabados-culturales-de-verano-2009\/#breadcrumb","itemListElement":[{"@type":"ListItem","position":1,"name":"Portada","item":"https:\/\/www.fraczinet.cl\/sitio\/"},{"@type":"ListItem","position":2,"name":"S\u00e1bados Culturales de Verano 2009"}]},{"@type":"WebSite","@id":"https:\/\/www.fraczinet.cl\/sitio\/#website","url":"https:\/\/www.fraczinet.cl\/sitio\/","name":"Nuestro Bio B\u00edo","description":"Tierra de Encuentros","potentialAction":[{"@type":"SearchAction","target":{"@type":"EntryPoint","urlTemplate":"https:\/\/www.fraczinet.cl\/sitio\/?s={search_term_string}"},"query-input":{"@type":"PropertyValueSpecification","valueRequired":true,"valueName":"search_term_string"}}],"inLanguage":"es"},{"@type":"Person","@id":""}]}},"_links":{"self":[{"href":"https:\/\/www.fraczinet.cl\/sitio\/wp-json\/wp\/v2\/posts\/5162","targetHints":{"allow":["GET"]}}],"collection":[{"href":"https:\/\/www.fraczinet.cl\/sitio\/wp-json\/wp\/v2\/posts"}],"about":[{"href":"https:\/\/www.fraczinet.cl\/sitio\/wp-json\/wp\/v2\/types\/post"}],"author":[{"embeddable":true,"href":"https:\/\/www.fraczinet.cl\/sitio\/wp-json\/wp\/v2\/users\/1"}],"replies":[{"embeddable":true,"href":"https:\/\/www.fraczinet.cl\/sitio\/wp-json\/wp\/v2\/comments?post=5162"}],"version-history":[{"count":0,"href":"https:\/\/www.fraczinet.cl\/sitio\/wp-json\/wp\/v2\/posts\/5162\/revisions"}],"wp:attachment":[{"href":"https:\/\/www.fraczinet.cl\/sitio\/wp-json\/wp\/v2\/media?parent=5162"}],"wp:term":[{"taxonomy":"category","embeddable":true,"href":"https:\/\/www.fraczinet.cl\/sitio\/wp-json\/wp\/v2\/categories?post=5162"},{"taxonomy":"post_tag","embeddable":true,"href":"https:\/\/www.fraczinet.cl\/sitio\/wp-json\/wp\/v2\/tags?post=5162"}],"curies":[{"name":"wp","href":"https:\/\/api.w.org\/{rel}","templated":true}]}}