{"id":5170,"date":"2009-01-23T17:33:00","date_gmt":"2009-01-23T17:33:00","guid":{"rendered":"https:\/\/www.fraczinet.cl\/sitio\/2009\/01\/23\/documental-huellas-abrira-espacio-para-reflexionar-a-cerca-de-la-inmigracion\/"},"modified":"2009-01-23T17:33:00","modified_gmt":"2009-01-23T17:33:00","slug":"documental-huellas-abrira-espacio-para-reflexionar-a-cerca-de-la-inmigracion","status":"publish","type":"post","link":"https:\/\/www.fraczinet.cl\/sitio\/documental-huellas-abrira-espacio-para-reflexionar-a-cerca-de-la-inmigracion\/","title":{"rendered":"Documental \u201cHuellas\u201d abrir\u00e1 espacio para reflexionar a cerca de la inmigraci\u00f3n"},"content":{"rendered":"<div style=\"text-align: justify;\">Este viernes 23 de enero a las 19:00 hrs., se exhibir\u00e1 (en forma gratuita) el documental \u201cHuellas de inmigraci\u00f3n\u201d de los realizadores \u00c1lvaro Hammam\u00e9 y M\u00f3nica Lindares, en el Centro Cultural de la Alianza Francesa.<\/div>\n<div style=\"text-align: justify;\"><\/div>\n<div style=\"text-align: justify;\">Enmarcada en el trabajo que el Consejo Regional de la Cultura y las Artes ha venido desarrollando en torno a los Derechos Humanos, \u201cHuellas de inmigraci\u00f3n\u201d, es un documental que recoge los testimonios de subsaharianos que escapan de la pobreza, del hambre y de las consecuencias devastadoras de la guerra en \u00c1frica.<\/div>\n<div style=\"text-align: justify;\"><\/div>\n<div style=\"text-align: justify;\">\u201cEste trabajo es un documental principalmente testimonial, basado en casos reales de valor y sobrevivencia, donde cuatro historias se entrelazan y dan cuenta de un tema muy contingente en Espa\u00f1a. A diario, con mi compa\u00f1era de trabajo, le\u00edamos noticias a trav\u00e9s de las cuales los medios de comunicaci\u00f3n espa\u00f1oles manten\u00edan (y mantienen) un discurso sumamente impersonalista sobre el tema\u201d, agreg\u00f3 el realizador y periodista penquista \u00c1lvaro Hammam\u00e9.<\/div>\n<div style=\"text-align: justify;\"><\/div>\n<div style=\"text-align: justify;\">Seg\u00fan cuenta, la motivaci\u00f3n principal que dio curso a la realizaci\u00f3n del documental y para lo cual tuvo que cruzar hacia \u00c1frica, fue resaltar algunos testimonios de los miles inmigrantes que a diario dejan sus tierras en b\u00fasqueda de un \u201cmejor pasar\u201d, escapando de la guerra, la pobreza y los trastornos derivados de los abruptos cambios clim\u00e1ticos. <\/div>\n<div style=\"text-align: justify;\"><\/div>\n<div style=\"text-align: justify;\">\u201cQuer\u00edamos mostrar el por qu\u00e9 del fen\u00f3meno de la inmigraci\u00f3n, darle espacio para que sus propios protagonistas hablen y dejar en evidencia la responsabilidad que Occidente tiene de la actual realidad que viven los africanos\u201d, enfatiz\u00f3 Hammam\u00e9.<\/div>\n<div style=\"text-align: justify;\"><\/div>\n<div style=\"text-align: justify;\">\u201cHuellas de inmigraci\u00f3n\u201d es la primera vez que se presenta en Concepci\u00f3n y en Espa\u00f1a, ha tenido una muy buena recepci\u00f3n en diversas galer\u00edas de arte, en universidades y casas ocupa, donde ha abierto espacios para el debate y reflexi\u00f3n. En mayo se estrenar\u00e1 el Festival Documental Madrid.<\/div>\n<div style=\"text-align: justify;\"><\/div>\n<div style=\"text-align: justify;\">\u00c1lvaro ha realizado tambi\u00e9n trabajos audiovisuales en torno a las causas de la inmigraci\u00f3n latinoamericana y actualmente trabaja en el proyecto de un documental basado en la historia y cultura de Palestina, pa\u00eds del cual provienen sus abuelos.<\/div>\n","protected":false},"excerpt":{"rendered":"<p>Este viernes 23 de enero a las 19:00 hrs., se exhibir\u00e1 (en forma gratuita) el documental \u201cHuellas de inmigraci\u00f3n\u201d de los realizadores \u00c1lvaro Hammam\u00e9 y M\u00f3nica Lindares, en el Centro Cultural de la Alianza Francesa. Enmarcada en el trabajo que el Consejo Regional de la Cultura y las Artes ha venido desarrollando en torno a [&hellip;]<\/p>\n","protected":false},"author":1,"featured_media":0,"comment_status":"open","ping_status":"closed","sticky":false,"template":"","format":"standard","meta":{"footnotes":""},"categories":[164,44],"tags":[],"class_list":["post-5170","post","type-post","status-publish","format-standard","hentry","category-documentales","category-eventos"],"yoast_head":"<!-- This site is optimized with the Yoast SEO plugin v28.2 - https:\/\/yoast.com\/product\/yoast-seo-wordpress\/ -->\n<title>Documental \u201cHuellas\u201d abrir\u00e1 espacio para reflexionar a cerca de la inmigraci\u00f3n - Nuestro Bio B\u00edo<\/title>\n<meta name=\"robots\" content=\"index, follow, max-snippet:-1, max-image-preview:large, max-video-preview:-1\" \/>\n<link rel=\"canonical\" href=\"https:\/\/www.fraczinet.cl\/sitio\/documental-huellas-abrira-espacio-para-reflexionar-a-cerca-de-la-inmigracion\/\" \/>\n<meta property=\"og:locale\" content=\"es_ES\" \/>\n<meta property=\"og:type\" content=\"article\" \/>\n<meta property=\"og:title\" content=\"Documental \u201cHuellas\u201d abrir\u00e1 espacio para reflexionar a cerca de la inmigraci\u00f3n - Nuestro Bio B\u00edo\" \/>\n<meta property=\"og:description\" content=\"Este viernes 23 de enero a las 19:00 hrs., se exhibir\u00e1 (en forma gratuita) el documental \u201cHuellas de inmigraci\u00f3n\u201d de los realizadores \u00c1lvaro Hammam\u00e9 y M\u00f3nica Lindares, en el Centro Cultural de la Alianza Francesa. Enmarcada en el trabajo que el Consejo Regional de la Cultura y las Artes ha venido desarrollando en torno a [&hellip;]\" \/>\n<meta property=\"og:url\" content=\"https:\/\/www.fraczinet.cl\/sitio\/documental-huellas-abrira-espacio-para-reflexionar-a-cerca-de-la-inmigracion\/\" \/>\n<meta property=\"og:site_name\" content=\"Nuestro Bio B\u00edo\" \/>\n<meta property=\"article:publisher\" content=\"https:\/\/www.facebook.com\/groups\/15721414452\/\" \/>\n<meta property=\"article:published_time\" content=\"2009-01-23T17:33:00+00:00\" \/>\n<meta property=\"og:image\" content=\"https:\/\/www.fraczinet.cl\/sitio\/wp-content\/uploads\/2021\/07\/bannerlogo-1.gif\" \/>\n\t<meta property=\"og:image:width\" content=\"159\" \/>\n\t<meta property=\"og:image:height\" content=\"79\" \/>\n\t<meta property=\"og:image:type\" content=\"image\/gif\" \/>\n<meta name=\"twitter:card\" content=\"summary_large_image\" \/>\n<meta name=\"twitter:creator\" content=\"@nuestrobiobio\" \/>\n<meta name=\"twitter:site\" content=\"@nuestrobiobio\" \/>\n<meta name=\"twitter:label1\" content=\"Escrito por\" \/>\n\t<meta name=\"twitter:data1\" content=\"\" \/>\n\t<meta name=\"twitter:label2\" content=\"Tiempo de lectura\" \/>\n\t<meta name=\"twitter:data2\" content=\"2 minutos\" \/>\n<script type=\"application\/ld+json\" class=\"yoast-schema-graph\">{\"@context\":\"https:\\\/\\\/schema.org\",\"@graph\":[{\"@type\":\"Article\",\"@id\":\"https:\\\/\\\/www.fraczinet.cl\\\/sitio\\\/documental-huellas-abrira-espacio-para-reflexionar-a-cerca-de-la-inmigracion\\\/#article\",\"isPartOf\":{\"@id\":\"https:\\\/\\\/www.fraczinet.cl\\\/sitio\\\/documental-huellas-abrira-espacio-para-reflexionar-a-cerca-de-la-inmigracion\\\/\"},\"author\":{\"name\":\"\",\"@id\":\"\"},\"headline\":\"Documental \u201cHuellas\u201d abrir\u00e1 espacio para reflexionar a cerca de la inmigraci\u00f3n\",\"datePublished\":\"2009-01-23T17:33:00+00:00\",\"mainEntityOfPage\":{\"@id\":\"https:\\\/\\\/www.fraczinet.cl\\\/sitio\\\/documental-huellas-abrira-espacio-para-reflexionar-a-cerca-de-la-inmigracion\\\/\"},\"wordCount\":371,\"commentCount\":0,\"articleSection\":[\"Documentales\",\"Eventos\"],\"inLanguage\":\"es\",\"potentialAction\":[{\"@type\":\"CommentAction\",\"name\":\"Comment\",\"target\":[\"https:\\\/\\\/www.fraczinet.cl\\\/sitio\\\/documental-huellas-abrira-espacio-para-reflexionar-a-cerca-de-la-inmigracion\\\/#respond\"]}]},{\"@type\":\"WebPage\",\"@id\":\"https:\\\/\\\/www.fraczinet.cl\\\/sitio\\\/documental-huellas-abrira-espacio-para-reflexionar-a-cerca-de-la-inmigracion\\\/\",\"url\":\"https:\\\/\\\/www.fraczinet.cl\\\/sitio\\\/documental-huellas-abrira-espacio-para-reflexionar-a-cerca-de-la-inmigracion\\\/\",\"name\":\"Documental \u201cHuellas\u201d abrir\u00e1 espacio para reflexionar a cerca de la inmigraci\u00f3n - Nuestro Bio B\u00edo\",\"isPartOf\":{\"@id\":\"https:\\\/\\\/www.fraczinet.cl\\\/sitio\\\/#website\"},\"datePublished\":\"2009-01-23T17:33:00+00:00\",\"author\":{\"@id\":\"\"},\"breadcrumb\":{\"@id\":\"https:\\\/\\\/www.fraczinet.cl\\\/sitio\\\/documental-huellas-abrira-espacio-para-reflexionar-a-cerca-de-la-inmigracion\\\/#breadcrumb\"},\"inLanguage\":\"es\",\"potentialAction\":[{\"@type\":\"ReadAction\",\"target\":[\"https:\\\/\\\/www.fraczinet.cl\\\/sitio\\\/documental-huellas-abrira-espacio-para-reflexionar-a-cerca-de-la-inmigracion\\\/\"]}]},{\"@type\":\"BreadcrumbList\",\"@id\":\"https:\\\/\\\/www.fraczinet.cl\\\/sitio\\\/documental-huellas-abrira-espacio-para-reflexionar-a-cerca-de-la-inmigracion\\\/#breadcrumb\",\"itemListElement\":[{\"@type\":\"ListItem\",\"position\":1,\"name\":\"Portada\",\"item\":\"https:\\\/\\\/www.fraczinet.cl\\\/sitio\\\/\"},{\"@type\":\"ListItem\",\"position\":2,\"name\":\"Documental \u201cHuellas\u201d abrir\u00e1 espacio para reflexionar a cerca de la inmigraci\u00f3n\"}]},{\"@type\":\"WebSite\",\"@id\":\"https:\\\/\\\/www.fraczinet.cl\\\/sitio\\\/#website\",\"url\":\"https:\\\/\\\/www.fraczinet.cl\\\/sitio\\\/\",\"name\":\"Nuestro Bio B\u00edo\",\"description\":\"Tierra de Encuentros\",\"potentialAction\":[{\"@type\":\"SearchAction\",\"target\":{\"@type\":\"EntryPoint\",\"urlTemplate\":\"https:\\\/\\\/www.fraczinet.cl\\\/sitio\\\/?s={search_term_string}\"},\"query-input\":{\"@type\":\"PropertyValueSpecification\",\"valueRequired\":true,\"valueName\":\"search_term_string\"}}],\"inLanguage\":\"es\"},{\"@type\":\"Person\",\"@id\":\"\"}]}<\/script>\n<!-- \/ Yoast SEO plugin. -->","yoast_head_json":{"title":"Documental \u201cHuellas\u201d abrir\u00e1 espacio para reflexionar a cerca de la inmigraci\u00f3n - Nuestro Bio B\u00edo","robots":{"index":"index","follow":"follow","max-snippet":"max-snippet:-1","max-image-preview":"max-image-preview:large","max-video-preview":"max-video-preview:-1"},"canonical":"https:\/\/www.fraczinet.cl\/sitio\/documental-huellas-abrira-espacio-para-reflexionar-a-cerca-de-la-inmigracion\/","og_locale":"es_ES","og_type":"article","og_title":"Documental \u201cHuellas\u201d abrir\u00e1 espacio para reflexionar a cerca de la inmigraci\u00f3n - Nuestro Bio B\u00edo","og_description":"Este viernes 23 de enero a las 19:00 hrs., se exhibir\u00e1 (en forma gratuita) el documental \u201cHuellas de inmigraci\u00f3n\u201d de los realizadores \u00c1lvaro Hammam\u00e9 y M\u00f3nica Lindares, en el Centro Cultural de la Alianza Francesa. Enmarcada en el trabajo que el Consejo Regional de la Cultura y las Artes ha venido desarrollando en torno a [&hellip;]","og_url":"https:\/\/www.fraczinet.cl\/sitio\/documental-huellas-abrira-espacio-para-reflexionar-a-cerca-de-la-inmigracion\/","og_site_name":"Nuestro Bio B\u00edo","article_publisher":"https:\/\/www.facebook.com\/groups\/15721414452\/","article_published_time":"2009-01-23T17:33:00+00:00","og_image":[{"width":159,"height":79,"url":"https:\/\/www.fraczinet.cl\/sitio\/wp-content\/uploads\/2021\/07\/bannerlogo-1.gif","type":"image\/gif"}],"twitter_card":"summary_large_image","twitter_creator":"@nuestrobiobio","twitter_site":"@nuestrobiobio","twitter_misc":{"Escrito por":"","Tiempo de lectura":"2 minutos"},"schema":{"@context":"https:\/\/schema.org","@graph":[{"@type":"Article","@id":"https:\/\/www.fraczinet.cl\/sitio\/documental-huellas-abrira-espacio-para-reflexionar-a-cerca-de-la-inmigracion\/#article","isPartOf":{"@id":"https:\/\/www.fraczinet.cl\/sitio\/documental-huellas-abrira-espacio-para-reflexionar-a-cerca-de-la-inmigracion\/"},"author":{"name":"","@id":""},"headline":"Documental \u201cHuellas\u201d abrir\u00e1 espacio para reflexionar a cerca de la inmigraci\u00f3n","datePublished":"2009-01-23T17:33:00+00:00","mainEntityOfPage":{"@id":"https:\/\/www.fraczinet.cl\/sitio\/documental-huellas-abrira-espacio-para-reflexionar-a-cerca-de-la-inmigracion\/"},"wordCount":371,"commentCount":0,"articleSection":["Documentales","Eventos"],"inLanguage":"es","potentialAction":[{"@type":"CommentAction","name":"Comment","target":["https:\/\/www.fraczinet.cl\/sitio\/documental-huellas-abrira-espacio-para-reflexionar-a-cerca-de-la-inmigracion\/#respond"]}]},{"@type":"WebPage","@id":"https:\/\/www.fraczinet.cl\/sitio\/documental-huellas-abrira-espacio-para-reflexionar-a-cerca-de-la-inmigracion\/","url":"https:\/\/www.fraczinet.cl\/sitio\/documental-huellas-abrira-espacio-para-reflexionar-a-cerca-de-la-inmigracion\/","name":"Documental \u201cHuellas\u201d abrir\u00e1 espacio para reflexionar a cerca de la inmigraci\u00f3n - Nuestro Bio B\u00edo","isPartOf":{"@id":"https:\/\/www.fraczinet.cl\/sitio\/#website"},"datePublished":"2009-01-23T17:33:00+00:00","author":{"@id":""},"breadcrumb":{"@id":"https:\/\/www.fraczinet.cl\/sitio\/documental-huellas-abrira-espacio-para-reflexionar-a-cerca-de-la-inmigracion\/#breadcrumb"},"inLanguage":"es","potentialAction":[{"@type":"ReadAction","target":["https:\/\/www.fraczinet.cl\/sitio\/documental-huellas-abrira-espacio-para-reflexionar-a-cerca-de-la-inmigracion\/"]}]},{"@type":"BreadcrumbList","@id":"https:\/\/www.fraczinet.cl\/sitio\/documental-huellas-abrira-espacio-para-reflexionar-a-cerca-de-la-inmigracion\/#breadcrumb","itemListElement":[{"@type":"ListItem","position":1,"name":"Portada","item":"https:\/\/www.fraczinet.cl\/sitio\/"},{"@type":"ListItem","position":2,"name":"Documental \u201cHuellas\u201d abrir\u00e1 espacio para reflexionar a cerca de la inmigraci\u00f3n"}]},{"@type":"WebSite","@id":"https:\/\/www.fraczinet.cl\/sitio\/#website","url":"https:\/\/www.fraczinet.cl\/sitio\/","name":"Nuestro Bio B\u00edo","description":"Tierra de Encuentros","potentialAction":[{"@type":"SearchAction","target":{"@type":"EntryPoint","urlTemplate":"https:\/\/www.fraczinet.cl\/sitio\/?s={search_term_string}"},"query-input":{"@type":"PropertyValueSpecification","valueRequired":true,"valueName":"search_term_string"}}],"inLanguage":"es"},{"@type":"Person","@id":""}]}},"_links":{"self":[{"href":"https:\/\/www.fraczinet.cl\/sitio\/wp-json\/wp\/v2\/posts\/5170","targetHints":{"allow":["GET"]}}],"collection":[{"href":"https:\/\/www.fraczinet.cl\/sitio\/wp-json\/wp\/v2\/posts"}],"about":[{"href":"https:\/\/www.fraczinet.cl\/sitio\/wp-json\/wp\/v2\/types\/post"}],"author":[{"embeddable":true,"href":"https:\/\/www.fraczinet.cl\/sitio\/wp-json\/wp\/v2\/users\/1"}],"replies":[{"embeddable":true,"href":"https:\/\/www.fraczinet.cl\/sitio\/wp-json\/wp\/v2\/comments?post=5170"}],"version-history":[{"count":0,"href":"https:\/\/www.fraczinet.cl\/sitio\/wp-json\/wp\/v2\/posts\/5170\/revisions"}],"wp:attachment":[{"href":"https:\/\/www.fraczinet.cl\/sitio\/wp-json\/wp\/v2\/media?parent=5170"}],"wp:term":[{"taxonomy":"category","embeddable":true,"href":"https:\/\/www.fraczinet.cl\/sitio\/wp-json\/wp\/v2\/categories?post=5170"},{"taxonomy":"post_tag","embeddable":true,"href":"https:\/\/www.fraczinet.cl\/sitio\/wp-json\/wp\/v2\/tags?post=5170"}],"curies":[{"name":"wp","href":"https:\/\/api.w.org\/{rel}","templated":true}]}}