{"id":5184,"date":"2009-01-14T21:05:00","date_gmt":"2009-01-14T21:05:00","guid":{"rendered":"https:\/\/www.fraczinet.cl\/sitio\/2009\/01\/14\/universo-de-la-luz-exposicion-itinerante-interactiva\/"},"modified":"2009-01-14T21:05:00","modified_gmt":"2009-01-14T21:05:00","slug":"universo-de-la-luz-exposicion-itinerante-interactiva","status":"publish","type":"post","link":"https:\/\/www.fraczinet.cl\/sitio\/2009\/01\/14\/universo-de-la-luz-exposicion-itinerante-interactiva\/","title":{"rendered":"\u201cUniverso de la Luz\u201d Exposici\u00f3n Itinerante Interactiva"},"content":{"rendered":"<div style=\"text-align: justify;\">La exposici\u00f3n, creada y producida en Concepci\u00f3n, se inaugurar\u00e1 el pr\u00f3ximo 16 de enero, a las 11:00 horas, y permanecer\u00e1 abierta al p\u00fablico hasta el 22 de febrero, en el Parque Educativo Jorge Alessandri, ubicado en el km 18 del camino Concepci\u00f3n-Coronel. <\/div>\n<div style=\"text-align: justify;\"><\/div>\n<div style=\"text-align: justify;\">Un conjunto de 18 experiencias interactivas, que mezclan el arte y la ciencia, a trav\u00e9s del conocimiento de los fen\u00f3menos luminosos, estar\u00e1n a disposici\u00f3n de la comunidad este verano 2009. Se trata de \u201cEl Universo de la Luz\u201d, una exposici\u00f3n itinerante e innovadora \u2013que a trav\u00e9s de la divulgaci\u00f3n cient\u00edfica- busca encantar al p\u00fablico con bellos fen\u00f3menos de la luz, sus propiedades y las sorprendentes aplicaciones de la \u00f3ptica en la tecnolog\u00eda que usamos a diario.<\/div>\n<div style=\"text-align: justify;\"><\/div>\n<div style=\"text-align: justify;\">Los asistentes, podr\u00e1n recorrer la exhibici\u00f3n, con la ayuda de monitores que guiar\u00e1n y explicar\u00e1n la historia de la \u00f3ptica, desde los primeros experimentos hasta sofisticados estudios modernos y sus revolucionarias aplicaciones. <\/div>\n<div style=\"text-align: justify;\"><\/div>\n<div style=\"text-align: justify;\">Si bien, la muestra est\u00e1 dirigida principalmente a escolares, la convocatoria es abierta para toda la comunidad de la Regi\u00f3n del B\u00edo B\u00edo. El \u201cUniverso de la Luz\u201d recibi\u00f3 miles de visitas en Santiago y regiones, situaci\u00f3n que se espera tambi\u00e9n en Concepci\u00f3n, lugar de origen y desarrollo de los experimentos.<\/div>\n<div style=\"text-align: justify;\"><\/div>\n<div style=\"text-align: justify;\">Durante el 2008, \u201cEl Universo de al Luz\u201d recorri\u00f3 el pa\u00eds para llevar la ciencia de una manera did\u00e1ctica y simple a diferentes regiones de Chile, siguiendo el programa de exposiciones itinerantes de EXPLORA CONICYT. <\/div>\n<div style=\"text-align: justify;\"><\/div>\n<div style=\"text-align: justify;\"><\/div>\n<div style=\"text-align: justify;\">M\u00e1s informaci\u00f3n acerca de la exposici\u00f3n y su inauguraci\u00f3n en:<\/div>\n<div style=\"text-align: justify;\">www.explora.cl\/biobio   y  http:\/\/quantum-optics.udec.cl\/universodelaluz\/<\/div>\n<div style=\"text-align: justify;\"><\/div>\n<div style=\"text-align: justify;\"><\/div>\n<div style=\"text-align: justify;\">La entrada es liberada, y los horarios de visita ser\u00e1n de: <\/div>\n<div style=\"text-align: justify;\"><\/div>\n<div style=\"text-align: justify;\">Martes a Domingo: <\/div>\n<div style=\"text-align: justify;\">9:00 a 13:00 horas<\/div>\n<div style=\"text-align: justify;\">14:00 a 18:00 horas<\/div>\n<div style=\"text-align: justify;\"><\/div>\n<div style=\"text-align: justify;\">M\u00e1s Informaci\u00f3n de las visitas: <\/div>\n<div style=\"text-align: justify;\"><\/div>\n<div style=\"text-align: justify;\">Sr. Daniel Morales<\/div>\n<div style=\"text-align: justify;\">Fono: 2857404<\/div>\n<div style=\"text-align: justify;\">daniel.morales@forestal.cmpc.cl<\/div>\n<div style=\"text-align: justify;\">www.parquealessandri.cl<\/div>\n<div style=\"text-align: justify;\"><\/div>\n<div style=\"text-align: justify;\"><\/div>\n<div style=\"text-align: justify;\">MAYORES INFORMACIONES: <\/div>\n<div style=\"text-align: justify;\">Paulina Hern\u00e1ndez Jara<\/div>\n<div style=\"text-align: justify;\">Periodista<\/div>\n<div style=\"text-align: justify;\">Coordinadora \u00c1rea Comunicaciones<\/div>\n<div style=\"text-align: justify;\">Programa EXPLORA CONICYT<\/div>\n<div style=\"text-align: justify;\">Regi\u00f3n del B\u00edo B\u00edo<\/div>\n<div style=\"text-align: justify;\">2207093 \/  89386273<\/div>\n<div style=\"text-align: justify;\">phernandezj@udec.cl <\/div>\n<div style=\"text-align: justify;\">explora@udec.cl<\/div>\n<div style=\"text-align: justify;\">paulinamhj@hotmail.com<\/div>\n","protected":false},"excerpt":{"rendered":"<p>La exposici\u00f3n, creada y producida en Concepci\u00f3n, se inaugurar\u00e1 el pr\u00f3ximo 16 de enero, a las 11:00 horas, y permanecer\u00e1 abierta al p\u00fablico hasta el 22 de febrero, en el Parque Educativo Jorge Alessandri, ubicado en el km 18 del camino Concepci\u00f3n-Coronel. Un conjunto de 18 experiencias interactivas, que mezclan el arte y la ciencia, [&hellip;]<\/p>\n","protected":false},"author":1,"featured_media":0,"comment_status":"open","ping_status":"open","sticky":false,"template":"","format":"standard","meta":{"footnotes":""},"categories":[44],"tags":[],"class_list":["post-5184","post","type-post","status-publish","format-standard","hentry","category-eventos"],"yoast_head":"<!-- This site is optimized with the Yoast SEO plugin v25.0 - https:\/\/yoast.com\/wordpress\/plugins\/seo\/ -->\n<title>\u201cUniverso de la Luz\u201d Exposici\u00f3n Itinerante Interactiva - Nuestro Bio B\u00edo<\/title>\n<meta name=\"robots\" content=\"index, follow, max-snippet:-1, max-image-preview:large, max-video-preview:-1\" \/>\n<link rel=\"canonical\" href=\"https:\/\/www.fraczinet.cl\/sitio\/2009\/01\/14\/universo-de-la-luz-exposicion-itinerante-interactiva\/\" \/>\n<meta property=\"og:locale\" content=\"es_ES\" \/>\n<meta property=\"og:type\" content=\"article\" \/>\n<meta property=\"og:title\" content=\"\u201cUniverso de la Luz\u201d Exposici\u00f3n Itinerante Interactiva - Nuestro Bio B\u00edo\" \/>\n<meta property=\"og:description\" content=\"La exposici\u00f3n, creada y producida en Concepci\u00f3n, se inaugurar\u00e1 el pr\u00f3ximo 16 de enero, a las 11:00 horas, y permanecer\u00e1 abierta al p\u00fablico hasta el 22 de febrero, en el Parque Educativo Jorge Alessandri, ubicado en el km 18 del camino Concepci\u00f3n-Coronel. Un conjunto de 18 experiencias interactivas, que mezclan el arte y la ciencia, [&hellip;]\" \/>\n<meta property=\"og:url\" content=\"https:\/\/www.fraczinet.cl\/sitio\/2009\/01\/14\/universo-de-la-luz-exposicion-itinerante-interactiva\/\" \/>\n<meta property=\"og:site_name\" content=\"Nuestro Bio B\u00edo\" \/>\n<meta property=\"article:published_time\" content=\"2009-01-14T21:05:00+00:00\" \/>\n<meta property=\"og:image\" content=\"https:\/\/www.fraczinet.cl\/sitio\/wp-content\/uploads\/2021\/07\/bannerlogo-1.gif\" \/>\n\t<meta property=\"og:image:width\" content=\"159\" \/>\n\t<meta property=\"og:image:height\" content=\"79\" \/>\n\t<meta property=\"og:image:type\" content=\"image\/gif\" \/>\n<meta name=\"author\" content=\"admin\" \/>\n<meta name=\"twitter:card\" content=\"summary_large_image\" \/>\n<meta name=\"twitter:creator\" content=\"@nuestrobiobio\" \/>\n<meta name=\"twitter:site\" content=\"@nuestrobiobio\" \/>\n<meta name=\"twitter:label1\" content=\"Escrito por\" \/>\n\t<meta name=\"twitter:data1\" content=\"admin\" \/>\n\t<meta name=\"twitter:label2\" content=\"Tiempo de lectura\" \/>\n\t<meta name=\"twitter:data2\" content=\"2 minutos\" \/>\n<script type=\"application\/ld+json\" class=\"yoast-schema-graph\">{\"@context\":\"https:\/\/schema.org\",\"@graph\":[{\"@type\":\"Article\",\"@id\":\"https:\/\/www.fraczinet.cl\/sitio\/2009\/01\/14\/universo-de-la-luz-exposicion-itinerante-interactiva\/#article\",\"isPartOf\":{\"@id\":\"https:\/\/www.fraczinet.cl\/sitio\/2009\/01\/14\/universo-de-la-luz-exposicion-itinerante-interactiva\/\"},\"author\":{\"name\":\"admin\",\"@id\":\"https:\/\/www.fraczinet.cl\/sitio\/#\/schema\/person\/bc30f98e9cb10ae7e119dbe14bc93784\"},\"headline\":\"\u201cUniverso de la Luz\u201d Exposici\u00f3n Itinerante Interactiva\",\"datePublished\":\"2009-01-14T21:05:00+00:00\",\"mainEntityOfPage\":{\"@id\":\"https:\/\/www.fraczinet.cl\/sitio\/2009\/01\/14\/universo-de-la-luz-exposicion-itinerante-interactiva\/\"},\"wordCount\":356,\"commentCount\":0,\"publisher\":{\"@id\":\"https:\/\/www.fraczinet.cl\/sitio\/#\/schema\/person\/aec8ee4da68df2b9b0eefdad24a0d582\"},\"articleSection\":[\"Eventos\"],\"inLanguage\":\"es\",\"potentialAction\":[{\"@type\":\"CommentAction\",\"name\":\"Comment\",\"target\":[\"https:\/\/www.fraczinet.cl\/sitio\/2009\/01\/14\/universo-de-la-luz-exposicion-itinerante-interactiva\/#respond\"]}]},{\"@type\":\"WebPage\",\"@id\":\"https:\/\/www.fraczinet.cl\/sitio\/2009\/01\/14\/universo-de-la-luz-exposicion-itinerante-interactiva\/\",\"url\":\"https:\/\/www.fraczinet.cl\/sitio\/2009\/01\/14\/universo-de-la-luz-exposicion-itinerante-interactiva\/\",\"name\":\"\u201cUniverso de la Luz\u201d Exposici\u00f3n Itinerante Interactiva - Nuestro Bio B\u00edo\",\"isPartOf\":{\"@id\":\"https:\/\/www.fraczinet.cl\/sitio\/#website\"},\"datePublished\":\"2009-01-14T21:05:00+00:00\",\"breadcrumb\":{\"@id\":\"https:\/\/www.fraczinet.cl\/sitio\/2009\/01\/14\/universo-de-la-luz-exposicion-itinerante-interactiva\/#breadcrumb\"},\"inLanguage\":\"es\",\"potentialAction\":[{\"@type\":\"ReadAction\",\"target\":[\"https:\/\/www.fraczinet.cl\/sitio\/2009\/01\/14\/universo-de-la-luz-exposicion-itinerante-interactiva\/\"]}]},{\"@type\":\"BreadcrumbList\",\"@id\":\"https:\/\/www.fraczinet.cl\/sitio\/2009\/01\/14\/universo-de-la-luz-exposicion-itinerante-interactiva\/#breadcrumb\",\"itemListElement\":[{\"@type\":\"ListItem\",\"position\":1,\"name\":\"Portada\",\"item\":\"https:\/\/www.fraczinet.cl\/sitio\/\"},{\"@type\":\"ListItem\",\"position\":2,\"name\":\"\u201cUniverso de la Luz\u201d Exposici\u00f3n Itinerante Interactiva\"}]},{\"@type\":\"WebSite\",\"@id\":\"https:\/\/www.fraczinet.cl\/sitio\/#website\",\"url\":\"https:\/\/www.fraczinet.cl\/sitio\/\",\"name\":\"Nuestro Bio B\u00edo\",\"description\":\"Tierra de Encuentros\",\"publisher\":{\"@id\":\"https:\/\/www.fraczinet.cl\/sitio\/#\/schema\/person\/aec8ee4da68df2b9b0eefdad24a0d582\"},\"potentialAction\":[{\"@type\":\"SearchAction\",\"target\":{\"@type\":\"EntryPoint\",\"urlTemplate\":\"https:\/\/www.fraczinet.cl\/sitio\/?s={search_term_string}\"},\"query-input\":{\"@type\":\"PropertyValueSpecification\",\"valueRequired\":true,\"valueName\":\"search_term_string\"}}],\"inLanguage\":\"es\"},{\"@type\":[\"Person\",\"Organization\"],\"@id\":\"https:\/\/www.fraczinet.cl\/sitio\/#\/schema\/person\/aec8ee4da68df2b9b0eefdad24a0d582\",\"name\":\"Luis Fernando Fraczinet\",\"image\":{\"@type\":\"ImageObject\",\"inLanguage\":\"es\",\"@id\":\"https:\/\/www.fraczinet.cl\/sitio\/#\/schema\/person\/image\/\",\"url\":\"https:\/\/www.fraczinet.cl\/sitio\/wp-content\/uploads\/2021\/07\/bannerlogo-1.gif\",\"contentUrl\":\"https:\/\/www.fraczinet.cl\/sitio\/wp-content\/uploads\/2021\/07\/bannerlogo-1.gif\",\"width\":159,\"height\":79,\"caption\":\"Luis Fernando Fraczinet\"},\"logo\":{\"@id\":\"https:\/\/www.fraczinet.cl\/sitio\/#\/schema\/person\/image\/\"},\"sameAs\":[\"https:\/\/www.fraczinet.cl\/sitio\/\"]},{\"@type\":\"Person\",\"@id\":\"https:\/\/www.fraczinet.cl\/sitio\/#\/schema\/person\/bc30f98e9cb10ae7e119dbe14bc93784\",\"name\":\"admin\",\"image\":{\"@type\":\"ImageObject\",\"inLanguage\":\"es\",\"@id\":\"https:\/\/www.fraczinet.cl\/sitio\/#\/schema\/person\/image\/\",\"url\":\"https:\/\/secure.gravatar.com\/avatar\/d5ad3cf7ef3b23a2bb5be73be780c86b2fc8545c3ad6b149f3913ff458c00099?s=96&d=mm&r=g\",\"contentUrl\":\"https:\/\/secure.gravatar.com\/avatar\/d5ad3cf7ef3b23a2bb5be73be780c86b2fc8545c3ad6b149f3913ff458c00099?s=96&d=mm&r=g\",\"caption\":\"admin\"},\"sameAs\":[\"https:\/\/www.fraczinet.cl\/sitio\"]}]}<\/script>\n<!-- \/ Yoast SEO plugin. -->","yoast_head_json":{"title":"\u201cUniverso de la Luz\u201d Exposici\u00f3n Itinerante Interactiva - Nuestro Bio B\u00edo","robots":{"index":"index","follow":"follow","max-snippet":"max-snippet:-1","max-image-preview":"max-image-preview:large","max-video-preview":"max-video-preview:-1"},"canonical":"https:\/\/www.fraczinet.cl\/sitio\/2009\/01\/14\/universo-de-la-luz-exposicion-itinerante-interactiva\/","og_locale":"es_ES","og_type":"article","og_title":"\u201cUniverso de la Luz\u201d Exposici\u00f3n Itinerante Interactiva - Nuestro Bio B\u00edo","og_description":"La exposici\u00f3n, creada y producida en Concepci\u00f3n, se inaugurar\u00e1 el pr\u00f3ximo 16 de enero, a las 11:00 horas, y permanecer\u00e1 abierta al p\u00fablico hasta el 22 de febrero, en el Parque Educativo Jorge Alessandri, ubicado en el km 18 del camino Concepci\u00f3n-Coronel. Un conjunto de 18 experiencias interactivas, que mezclan el arte y la ciencia, [&hellip;]","og_url":"https:\/\/www.fraczinet.cl\/sitio\/2009\/01\/14\/universo-de-la-luz-exposicion-itinerante-interactiva\/","og_site_name":"Nuestro Bio B\u00edo","article_published_time":"2009-01-14T21:05:00+00:00","og_image":[{"width":159,"height":79,"url":"https:\/\/www.fraczinet.cl\/sitio\/wp-content\/uploads\/2021\/07\/bannerlogo-1.gif","type":"image\/gif"}],"author":"admin","twitter_card":"summary_large_image","twitter_creator":"@nuestrobiobio","twitter_site":"@nuestrobiobio","twitter_misc":{"Escrito por":"admin","Tiempo de lectura":"2 minutos"},"schema":{"@context":"https:\/\/schema.org","@graph":[{"@type":"Article","@id":"https:\/\/www.fraczinet.cl\/sitio\/2009\/01\/14\/universo-de-la-luz-exposicion-itinerante-interactiva\/#article","isPartOf":{"@id":"https:\/\/www.fraczinet.cl\/sitio\/2009\/01\/14\/universo-de-la-luz-exposicion-itinerante-interactiva\/"},"author":{"name":"admin","@id":"https:\/\/www.fraczinet.cl\/sitio\/#\/schema\/person\/bc30f98e9cb10ae7e119dbe14bc93784"},"headline":"\u201cUniverso de la Luz\u201d Exposici\u00f3n Itinerante Interactiva","datePublished":"2009-01-14T21:05:00+00:00","mainEntityOfPage":{"@id":"https:\/\/www.fraczinet.cl\/sitio\/2009\/01\/14\/universo-de-la-luz-exposicion-itinerante-interactiva\/"},"wordCount":356,"commentCount":0,"publisher":{"@id":"https:\/\/www.fraczinet.cl\/sitio\/#\/schema\/person\/aec8ee4da68df2b9b0eefdad24a0d582"},"articleSection":["Eventos"],"inLanguage":"es","potentialAction":[{"@type":"CommentAction","name":"Comment","target":["https:\/\/www.fraczinet.cl\/sitio\/2009\/01\/14\/universo-de-la-luz-exposicion-itinerante-interactiva\/#respond"]}]},{"@type":"WebPage","@id":"https:\/\/www.fraczinet.cl\/sitio\/2009\/01\/14\/universo-de-la-luz-exposicion-itinerante-interactiva\/","url":"https:\/\/www.fraczinet.cl\/sitio\/2009\/01\/14\/universo-de-la-luz-exposicion-itinerante-interactiva\/","name":"\u201cUniverso de la Luz\u201d Exposici\u00f3n Itinerante Interactiva - Nuestro Bio B\u00edo","isPartOf":{"@id":"https:\/\/www.fraczinet.cl\/sitio\/#website"},"datePublished":"2009-01-14T21:05:00+00:00","breadcrumb":{"@id":"https:\/\/www.fraczinet.cl\/sitio\/2009\/01\/14\/universo-de-la-luz-exposicion-itinerante-interactiva\/#breadcrumb"},"inLanguage":"es","potentialAction":[{"@type":"ReadAction","target":["https:\/\/www.fraczinet.cl\/sitio\/2009\/01\/14\/universo-de-la-luz-exposicion-itinerante-interactiva\/"]}]},{"@type":"BreadcrumbList","@id":"https:\/\/www.fraczinet.cl\/sitio\/2009\/01\/14\/universo-de-la-luz-exposicion-itinerante-interactiva\/#breadcrumb","itemListElement":[{"@type":"ListItem","position":1,"name":"Portada","item":"https:\/\/www.fraczinet.cl\/sitio\/"},{"@type":"ListItem","position":2,"name":"\u201cUniverso de la Luz\u201d Exposici\u00f3n Itinerante Interactiva"}]},{"@type":"WebSite","@id":"https:\/\/www.fraczinet.cl\/sitio\/#website","url":"https:\/\/www.fraczinet.cl\/sitio\/","name":"Nuestro Bio B\u00edo","description":"Tierra de Encuentros","publisher":{"@id":"https:\/\/www.fraczinet.cl\/sitio\/#\/schema\/person\/aec8ee4da68df2b9b0eefdad24a0d582"},"potentialAction":[{"@type":"SearchAction","target":{"@type":"EntryPoint","urlTemplate":"https:\/\/www.fraczinet.cl\/sitio\/?s={search_term_string}"},"query-input":{"@type":"PropertyValueSpecification","valueRequired":true,"valueName":"search_term_string"}}],"inLanguage":"es"},{"@type":["Person","Organization"],"@id":"https:\/\/www.fraczinet.cl\/sitio\/#\/schema\/person\/aec8ee4da68df2b9b0eefdad24a0d582","name":"Luis Fernando Fraczinet","image":{"@type":"ImageObject","inLanguage":"es","@id":"https:\/\/www.fraczinet.cl\/sitio\/#\/schema\/person\/image\/","url":"https:\/\/www.fraczinet.cl\/sitio\/wp-content\/uploads\/2021\/07\/bannerlogo-1.gif","contentUrl":"https:\/\/www.fraczinet.cl\/sitio\/wp-content\/uploads\/2021\/07\/bannerlogo-1.gif","width":159,"height":79,"caption":"Luis Fernando Fraczinet"},"logo":{"@id":"https:\/\/www.fraczinet.cl\/sitio\/#\/schema\/person\/image\/"},"sameAs":["https:\/\/www.fraczinet.cl\/sitio\/"]},{"@type":"Person","@id":"https:\/\/www.fraczinet.cl\/sitio\/#\/schema\/person\/bc30f98e9cb10ae7e119dbe14bc93784","name":"admin","image":{"@type":"ImageObject","inLanguage":"es","@id":"https:\/\/www.fraczinet.cl\/sitio\/#\/schema\/person\/image\/","url":"https:\/\/secure.gravatar.com\/avatar\/d5ad3cf7ef3b23a2bb5be73be780c86b2fc8545c3ad6b149f3913ff458c00099?s=96&d=mm&r=g","contentUrl":"https:\/\/secure.gravatar.com\/avatar\/d5ad3cf7ef3b23a2bb5be73be780c86b2fc8545c3ad6b149f3913ff458c00099?s=96&d=mm&r=g","caption":"admin"},"sameAs":["https:\/\/www.fraczinet.cl\/sitio"]}]}},"_links":{"self":[{"href":"https:\/\/www.fraczinet.cl\/sitio\/wp-json\/wp\/v2\/posts\/5184","targetHints":{"allow":["GET"]}}],"collection":[{"href":"https:\/\/www.fraczinet.cl\/sitio\/wp-json\/wp\/v2\/posts"}],"about":[{"href":"https:\/\/www.fraczinet.cl\/sitio\/wp-json\/wp\/v2\/types\/post"}],"author":[{"embeddable":true,"href":"https:\/\/www.fraczinet.cl\/sitio\/wp-json\/wp\/v2\/users\/1"}],"replies":[{"embeddable":true,"href":"https:\/\/www.fraczinet.cl\/sitio\/wp-json\/wp\/v2\/comments?post=5184"}],"version-history":[{"count":0,"href":"https:\/\/www.fraczinet.cl\/sitio\/wp-json\/wp\/v2\/posts\/5184\/revisions"}],"wp:attachment":[{"href":"https:\/\/www.fraczinet.cl\/sitio\/wp-json\/wp\/v2\/media?parent=5184"}],"wp:term":[{"taxonomy":"category","embeddable":true,"href":"https:\/\/www.fraczinet.cl\/sitio\/wp-json\/wp\/v2\/categories?post=5184"},{"taxonomy":"post_tag","embeddable":true,"href":"https:\/\/www.fraczinet.cl\/sitio\/wp-json\/wp\/v2\/tags?post=5184"}],"curies":[{"name":"wp","href":"https:\/\/api.w.org\/{rel}","templated":true}]}}