{"id":5189,"date":"2009-01-13T13:03:00","date_gmt":"2009-01-13T13:03:00","guid":{"rendered":"https:\/\/www.fraczinet.cl\/sitio\/2009\/01\/13\/la-iii-fiesta-de-la-chilenidad-debe-superar-a-las-anteriores\/"},"modified":"2022-09-27T02:28:00","modified_gmt":"2022-09-27T02:28:00","slug":"la-iii-fiesta-de-la-chilenidad-debe-superar-a-las-anteriores","status":"publish","type":"post","link":"https:\/\/www.fraczinet.cl\/sitio\/2009\/01\/13\/la-iii-fiesta-de-la-chilenidad-debe-superar-a-las-anteriores\/","title":{"rendered":"La III Fiesta de la Chilenidad debe superar a las anteriores"},"content":{"rendered":"<p>El inter\u00e9s de la ciudadan\u00eda por conocer y apreciar las tradiciones patrias es evidente. En la ya famosa Semana de la Chilenidad, en Santiago, se recibi\u00f3 la visita de 800 mil personas. En las dos primeras ediciones de la Fiesta de la Chilenidad en Los \u00c1ngeles se apreci\u00f3 el masivo inter\u00e9s por participar en la serie de eventos ofrecidos. Por ello, no caben dudas que en esta tercera versi\u00f3n, todo apunta a que deben ser superadas en calidad y masiva concurrencia, seg\u00fan lo asegur\u00f3 Juan Enrique Vallejos Carle, presidente de la Asociaci\u00f3n de Criadores de Caballos Chilenos B\u00edo B\u00edo, que encabeza el grupo organizador de esta actividad, programada para los d\u00edas 16, 17 y 18 de enero.<\/p>\n<p>Indic\u00f3 que el cambio de fecha, desde Fiestas Patrias y noviembre a esta temporada veraniega, es una apuesta osada, que espera sea acertada, porque en esta \u00e9poca hay muchos visitantes y turistas que se sumar\u00edan a la concurrencia propia de Los \u00c1ngeles y comunas aleda\u00f1as.<\/p>\n<p>Asimismo, conf\u00eda en una masiva llegada de interesados en la realizaci\u00f3n del \u00faltimo rodeo clasificatorio, para la V Final Nacional de rodeos para criadores. Ese evento se efectuar\u00e1 a fin de mes, por lo que en Los \u00c1ngeles ser\u00e1n seleccionados los \u00faltimos participantes. En ello, acot\u00f3 Vallejos, se centrar\u00e1 la actividad corralera de estos d\u00edas, en la medialuna, aunque tambi\u00e9n en ese lugar habr\u00e1 una serie de competencias propias del mundo del rodeo chileno, en el marco del nutrido programa de la Fiesta, que incluir\u00e1n espect\u00e1culos de adiestramiento.<\/p>\n<p>En cuanto a lo propiamente relacionado con las tradiciones, que es lo que gusta al p\u00fablico provincial, habr\u00e1 una muestra de comida t\u00edpica y stands con artesan\u00edas.<br \/>\nLa corporaci\u00f3n \u201cLos \u00c1ngeles, ciudad de caballos y caballeros\u201d, har\u00e1 propicia esta Fiesta de la Chilenidad para lanzar el concurso de la escultura del caballo, \u201cun \u00edcono para la ciudad de caballos y caballeros\u201d.<\/p>\n<p>En este mundo de tradiciones, agreg\u00f3, no faltar\u00e1n el movimiento a la rienda, la exposici\u00f3n de caballos chilenos, la muestra ecuestre, -incluyendo atractivos ejemplares de razas peruana, \u00e1rabe y percherones- as\u00ed como una muestra de carruajes, carreras a la chilena, competencias de volantines y los juegos criollos, con palo ensebado y salto del ganso, incluidos.<\/p>\n<p>A estas atracciones se sumar\u00e1 una competencia de polo y tambi\u00e9n de saltos de equitaci\u00f3n, adem\u00e1s de las demostraciones de unidades del Ej\u00e9rcito, a trav\u00e9s del Regimiento \u201cLos \u00c1ngeles\u201d, Carabineros, Investigaciones, Bomberos y voluntariados femeninos. Ya se ha confirmado tambi\u00e9n el respaldo de la gobernaci\u00f3n provincial y la municipalidad.<\/p>\n<p>Juan Enrique Vallejos concluy\u00f3 expresando que en verano, como tambi\u00e9n ocurri\u00f3 en las dos primeras versiones de la Fiesta de la Chilenidad de Los \u00c1ngeles, se cuenta con un p\u00fablico distinto, no solamente los m\u00e1s aficionados y comprometidos con las tradiciones. Por ello, concluy\u00f3, es que se ha ampliado mucho la oferta de entretenimiento, incluyendo a toda la familia, m\u00e1s a\u00fan considerando que la entrada al Recinto Socab\u00edo ser\u00e1 gratuita. En este sentido, uno de los momentos culminantes, adem\u00e1s del rodeo de criadores, ser\u00e1 la presentaci\u00f3n de los afamados Charros de Lumaco, en la noche del s\u00e1bado 17. Con todo esto, no queda m\u00e1s que programarse y concurrir con la familia, porque nadie se arrepentir\u00e1 de haber asistido a esta nueva y mejor versi\u00f3n, subray\u00f3.<\/p>\n<p>Ver Galer\u00eda de Im\u00e1genes en el siguiente v\u00ednculo:<br \/>\n<a href=\"http:\/\/picasaweb.google.com\/nuestrobiobio\/FiestaDeLaChilenidad#\">http:\/\/picasaweb.google.com\/nuestrobiobio\/FiestaDeLaChilenidad#<\/a><\/p>\n<p>Fuente: Diario La Tribuna. 13\/01\/2009.<br \/>\nNoticia en el siguiente v\u00ednculo:<br \/>\n<a href=\"http:\/\/www.diariolatribuna.cl\/noticias.php?p_id=16799\">http:\/\/www.diariolatribuna.cl\/noticias.php?p_id=16799<\/a><\/p>\n","protected":false},"excerpt":{"rendered":"<p>El inter\u00e9s de la ciudadan\u00eda por conocer y apreciar las tradiciones patrias es evidente. En la ya famosa Semana de la Chilenidad, en Santiago, se recibi\u00f3 la visita de 800 mil personas. En las dos primeras ediciones de la Fiesta de la Chilenidad en Los \u00c1ngeles se apreci\u00f3 el masivo inter\u00e9s por participar en la [&hellip;]<\/p>\n","protected":false},"author":1,"featured_media":4013,"comment_status":"open","ping_status":"open","sticky":false,"template":"","format":"standard","meta":{"footnotes":""},"categories":[7],"tags":[],"class_list":["post-5189","post","type-post","status-publish","format-standard","has-post-thumbnail","hentry","category-fiestas-y-tradiciones"],"yoast_head":"<!-- This site is optimized with the Yoast SEO plugin v25.0 - https:\/\/yoast.com\/wordpress\/plugins\/seo\/ -->\n<title>La III Fiesta de la Chilenidad debe superar a las anteriores - Nuestro Bio B\u00edo<\/title>\n<meta name=\"robots\" content=\"index, follow, max-snippet:-1, max-image-preview:large, max-video-preview:-1\" \/>\n<link rel=\"canonical\" href=\"https:\/\/www.fraczinet.cl\/sitio\/2009\/01\/13\/la-iii-fiesta-de-la-chilenidad-debe-superar-a-las-anteriores\/\" \/>\n<meta property=\"og:locale\" content=\"es_ES\" \/>\n<meta property=\"og:type\" content=\"article\" \/>\n<meta property=\"og:title\" content=\"La III Fiesta de la Chilenidad debe superar a las anteriores - Nuestro Bio B\u00edo\" \/>\n<meta property=\"og:description\" content=\"El inter\u00e9s de la ciudadan\u00eda por conocer y apreciar las tradiciones patrias es evidente. En la ya famosa Semana de la Chilenidad, en Santiago, se recibi\u00f3 la visita de 800 mil personas. En las dos primeras ediciones de la Fiesta de la Chilenidad en Los \u00c1ngeles se apreci\u00f3 el masivo inter\u00e9s por participar en la [&hellip;]\" \/>\n<meta property=\"og:url\" content=\"https:\/\/www.fraczinet.cl\/sitio\/2009\/01\/13\/la-iii-fiesta-de-la-chilenidad-debe-superar-a-las-anteriores\/\" \/>\n<meta property=\"og:site_name\" content=\"Nuestro Bio B\u00edo\" \/>\n<meta property=\"article:published_time\" content=\"2009-01-13T13:03:00+00:00\" \/>\n<meta property=\"article:modified_time\" content=\"2022-09-27T02:28:00+00:00\" \/>\n<meta property=\"og:image\" content=\"https:\/\/www.fraczinet.cl\/sitio\/wp-content\/uploads\/2009\/02\/baile-23.jpg\" \/>\n\t<meta property=\"og:image:width\" content=\"640\" \/>\n\t<meta property=\"og:image:height\" content=\"480\" \/>\n\t<meta property=\"og:image:type\" content=\"image\/jpeg\" \/>\n<meta name=\"author\" content=\"admin\" \/>\n<meta name=\"twitter:card\" content=\"summary_large_image\" \/>\n<meta name=\"twitter:creator\" content=\"@nuestrobiobio\" \/>\n<meta name=\"twitter:site\" content=\"@nuestrobiobio\" \/>\n<meta name=\"twitter:label1\" content=\"Escrito por\" \/>\n\t<meta name=\"twitter:data1\" content=\"admin\" \/>\n\t<meta name=\"twitter:label2\" content=\"Tiempo de lectura\" \/>\n\t<meta name=\"twitter:data2\" content=\"3 minutos\" \/>\n<script type=\"application\/ld+json\" class=\"yoast-schema-graph\">{\"@context\":\"https:\/\/schema.org\",\"@graph\":[{\"@type\":\"Article\",\"@id\":\"https:\/\/www.fraczinet.cl\/sitio\/2009\/01\/13\/la-iii-fiesta-de-la-chilenidad-debe-superar-a-las-anteriores\/#article\",\"isPartOf\":{\"@id\":\"https:\/\/www.fraczinet.cl\/sitio\/2009\/01\/13\/la-iii-fiesta-de-la-chilenidad-debe-superar-a-las-anteriores\/\"},\"author\":{\"name\":\"admin\",\"@id\":\"https:\/\/www.fraczinet.cl\/sitio\/#\/schema\/person\/bc30f98e9cb10ae7e119dbe14bc93784\"},\"headline\":\"La III Fiesta de la Chilenidad debe superar a las anteriores\",\"datePublished\":\"2009-01-13T13:03:00+00:00\",\"dateModified\":\"2022-09-27T02:28:00+00:00\",\"mainEntityOfPage\":{\"@id\":\"https:\/\/www.fraczinet.cl\/sitio\/2009\/01\/13\/la-iii-fiesta-de-la-chilenidad-debe-superar-a-las-anteriores\/\"},\"wordCount\":623,\"commentCount\":0,\"publisher\":{\"@id\":\"https:\/\/www.fraczinet.cl\/sitio\/#\/schema\/person\/aec8ee4da68df2b9b0eefdad24a0d582\"},\"image\":{\"@id\":\"https:\/\/www.fraczinet.cl\/sitio\/2009\/01\/13\/la-iii-fiesta-de-la-chilenidad-debe-superar-a-las-anteriores\/#primaryimage\"},\"thumbnailUrl\":\"https:\/\/www.fraczinet.cl\/sitio\/wp-content\/uploads\/2009\/02\/baile-23.jpg\",\"articleSection\":[\"Fiestas y Tradiciones\"],\"inLanguage\":\"es\",\"potentialAction\":[{\"@type\":\"CommentAction\",\"name\":\"Comment\",\"target\":[\"https:\/\/www.fraczinet.cl\/sitio\/2009\/01\/13\/la-iii-fiesta-de-la-chilenidad-debe-superar-a-las-anteriores\/#respond\"]}]},{\"@type\":\"WebPage\",\"@id\":\"https:\/\/www.fraczinet.cl\/sitio\/2009\/01\/13\/la-iii-fiesta-de-la-chilenidad-debe-superar-a-las-anteriores\/\",\"url\":\"https:\/\/www.fraczinet.cl\/sitio\/2009\/01\/13\/la-iii-fiesta-de-la-chilenidad-debe-superar-a-las-anteriores\/\",\"name\":\"La III Fiesta de la Chilenidad debe superar a las anteriores - Nuestro Bio B\u00edo\",\"isPartOf\":{\"@id\":\"https:\/\/www.fraczinet.cl\/sitio\/#website\"},\"primaryImageOfPage\":{\"@id\":\"https:\/\/www.fraczinet.cl\/sitio\/2009\/01\/13\/la-iii-fiesta-de-la-chilenidad-debe-superar-a-las-anteriores\/#primaryimage\"},\"image\":{\"@id\":\"https:\/\/www.fraczinet.cl\/sitio\/2009\/01\/13\/la-iii-fiesta-de-la-chilenidad-debe-superar-a-las-anteriores\/#primaryimage\"},\"thumbnailUrl\":\"https:\/\/www.fraczinet.cl\/sitio\/wp-content\/uploads\/2009\/02\/baile-23.jpg\",\"datePublished\":\"2009-01-13T13:03:00+00:00\",\"dateModified\":\"2022-09-27T02:28:00+00:00\",\"breadcrumb\":{\"@id\":\"https:\/\/www.fraczinet.cl\/sitio\/2009\/01\/13\/la-iii-fiesta-de-la-chilenidad-debe-superar-a-las-anteriores\/#breadcrumb\"},\"inLanguage\":\"es\",\"potentialAction\":[{\"@type\":\"ReadAction\",\"target\":[\"https:\/\/www.fraczinet.cl\/sitio\/2009\/01\/13\/la-iii-fiesta-de-la-chilenidad-debe-superar-a-las-anteriores\/\"]}]},{\"@type\":\"ImageObject\",\"inLanguage\":\"es\",\"@id\":\"https:\/\/www.fraczinet.cl\/sitio\/2009\/01\/13\/la-iii-fiesta-de-la-chilenidad-debe-superar-a-las-anteriores\/#primaryimage\",\"url\":\"https:\/\/www.fraczinet.cl\/sitio\/wp-content\/uploads\/2009\/02\/baile-23.jpg\",\"contentUrl\":\"https:\/\/www.fraczinet.cl\/sitio\/wp-content\/uploads\/2009\/02\/baile-23.jpg\",\"width\":640,\"height\":480},{\"@type\":\"BreadcrumbList\",\"@id\":\"https:\/\/www.fraczinet.cl\/sitio\/2009\/01\/13\/la-iii-fiesta-de-la-chilenidad-debe-superar-a-las-anteriores\/#breadcrumb\",\"itemListElement\":[{\"@type\":\"ListItem\",\"position\":1,\"name\":\"Portada\",\"item\":\"https:\/\/www.fraczinet.cl\/sitio\/\"},{\"@type\":\"ListItem\",\"position\":2,\"name\":\"La III Fiesta de la Chilenidad debe superar a las anteriores\"}]},{\"@type\":\"WebSite\",\"@id\":\"https:\/\/www.fraczinet.cl\/sitio\/#website\",\"url\":\"https:\/\/www.fraczinet.cl\/sitio\/\",\"name\":\"Nuestro Bio B\u00edo\",\"description\":\"Tierra de Encuentros\",\"publisher\":{\"@id\":\"https:\/\/www.fraczinet.cl\/sitio\/#\/schema\/person\/aec8ee4da68df2b9b0eefdad24a0d582\"},\"potentialAction\":[{\"@type\":\"SearchAction\",\"target\":{\"@type\":\"EntryPoint\",\"urlTemplate\":\"https:\/\/www.fraczinet.cl\/sitio\/?s={search_term_string}\"},\"query-input\":{\"@type\":\"PropertyValueSpecification\",\"valueRequired\":true,\"valueName\":\"search_term_string\"}}],\"inLanguage\":\"es\"},{\"@type\":[\"Person\",\"Organization\"],\"@id\":\"https:\/\/www.fraczinet.cl\/sitio\/#\/schema\/person\/aec8ee4da68df2b9b0eefdad24a0d582\",\"name\":\"Luis Fernando Fraczinet\",\"image\":{\"@type\":\"ImageObject\",\"inLanguage\":\"es\",\"@id\":\"https:\/\/www.fraczinet.cl\/sitio\/#\/schema\/person\/image\/\",\"url\":\"https:\/\/www.fraczinet.cl\/sitio\/wp-content\/uploads\/2021\/07\/bannerlogo-1.gif\",\"contentUrl\":\"https:\/\/www.fraczinet.cl\/sitio\/wp-content\/uploads\/2021\/07\/bannerlogo-1.gif\",\"width\":159,\"height\":79,\"caption\":\"Luis Fernando Fraczinet\"},\"logo\":{\"@id\":\"https:\/\/www.fraczinet.cl\/sitio\/#\/schema\/person\/image\/\"},\"sameAs\":[\"https:\/\/www.fraczinet.cl\/sitio\/\"]},{\"@type\":\"Person\",\"@id\":\"https:\/\/www.fraczinet.cl\/sitio\/#\/schema\/person\/bc30f98e9cb10ae7e119dbe14bc93784\",\"name\":\"admin\",\"image\":{\"@type\":\"ImageObject\",\"inLanguage\":\"es\",\"@id\":\"https:\/\/www.fraczinet.cl\/sitio\/#\/schema\/person\/image\/\",\"url\":\"https:\/\/secure.gravatar.com\/avatar\/d5ad3cf7ef3b23a2bb5be73be780c86b2fc8545c3ad6b149f3913ff458c00099?s=96&d=mm&r=g\",\"contentUrl\":\"https:\/\/secure.gravatar.com\/avatar\/d5ad3cf7ef3b23a2bb5be73be780c86b2fc8545c3ad6b149f3913ff458c00099?s=96&d=mm&r=g\",\"caption\":\"admin\"},\"sameAs\":[\"https:\/\/www.fraczinet.cl\/sitio\"]}]}<\/script>\n<!-- \/ Yoast SEO plugin. -->","yoast_head_json":{"title":"La III Fiesta de la Chilenidad debe superar a las anteriores - Nuestro Bio B\u00edo","robots":{"index":"index","follow":"follow","max-snippet":"max-snippet:-1","max-image-preview":"max-image-preview:large","max-video-preview":"max-video-preview:-1"},"canonical":"https:\/\/www.fraczinet.cl\/sitio\/2009\/01\/13\/la-iii-fiesta-de-la-chilenidad-debe-superar-a-las-anteriores\/","og_locale":"es_ES","og_type":"article","og_title":"La III Fiesta de la Chilenidad debe superar a las anteriores - Nuestro Bio B\u00edo","og_description":"El inter\u00e9s de la ciudadan\u00eda por conocer y apreciar las tradiciones patrias es evidente. En la ya famosa Semana de la Chilenidad, en Santiago, se recibi\u00f3 la visita de 800 mil personas. En las dos primeras ediciones de la Fiesta de la Chilenidad en Los \u00c1ngeles se apreci\u00f3 el masivo inter\u00e9s por participar en la [&hellip;]","og_url":"https:\/\/www.fraczinet.cl\/sitio\/2009\/01\/13\/la-iii-fiesta-de-la-chilenidad-debe-superar-a-las-anteriores\/","og_site_name":"Nuestro Bio B\u00edo","article_published_time":"2009-01-13T13:03:00+00:00","article_modified_time":"2022-09-27T02:28:00+00:00","og_image":[{"width":640,"height":480,"url":"https:\/\/www.fraczinet.cl\/sitio\/wp-content\/uploads\/2009\/02\/baile-23.jpg","type":"image\/jpeg"}],"author":"admin","twitter_card":"summary_large_image","twitter_creator":"@nuestrobiobio","twitter_site":"@nuestrobiobio","twitter_misc":{"Escrito por":"admin","Tiempo de lectura":"3 minutos"},"schema":{"@context":"https:\/\/schema.org","@graph":[{"@type":"Article","@id":"https:\/\/www.fraczinet.cl\/sitio\/2009\/01\/13\/la-iii-fiesta-de-la-chilenidad-debe-superar-a-las-anteriores\/#article","isPartOf":{"@id":"https:\/\/www.fraczinet.cl\/sitio\/2009\/01\/13\/la-iii-fiesta-de-la-chilenidad-debe-superar-a-las-anteriores\/"},"author":{"name":"admin","@id":"https:\/\/www.fraczinet.cl\/sitio\/#\/schema\/person\/bc30f98e9cb10ae7e119dbe14bc93784"},"headline":"La III Fiesta de la Chilenidad debe superar a las anteriores","datePublished":"2009-01-13T13:03:00+00:00","dateModified":"2022-09-27T02:28:00+00:00","mainEntityOfPage":{"@id":"https:\/\/www.fraczinet.cl\/sitio\/2009\/01\/13\/la-iii-fiesta-de-la-chilenidad-debe-superar-a-las-anteriores\/"},"wordCount":623,"commentCount":0,"publisher":{"@id":"https:\/\/www.fraczinet.cl\/sitio\/#\/schema\/person\/aec8ee4da68df2b9b0eefdad24a0d582"},"image":{"@id":"https:\/\/www.fraczinet.cl\/sitio\/2009\/01\/13\/la-iii-fiesta-de-la-chilenidad-debe-superar-a-las-anteriores\/#primaryimage"},"thumbnailUrl":"https:\/\/www.fraczinet.cl\/sitio\/wp-content\/uploads\/2009\/02\/baile-23.jpg","articleSection":["Fiestas y Tradiciones"],"inLanguage":"es","potentialAction":[{"@type":"CommentAction","name":"Comment","target":["https:\/\/www.fraczinet.cl\/sitio\/2009\/01\/13\/la-iii-fiesta-de-la-chilenidad-debe-superar-a-las-anteriores\/#respond"]}]},{"@type":"WebPage","@id":"https:\/\/www.fraczinet.cl\/sitio\/2009\/01\/13\/la-iii-fiesta-de-la-chilenidad-debe-superar-a-las-anteriores\/","url":"https:\/\/www.fraczinet.cl\/sitio\/2009\/01\/13\/la-iii-fiesta-de-la-chilenidad-debe-superar-a-las-anteriores\/","name":"La III Fiesta de la Chilenidad debe superar a las anteriores - Nuestro Bio B\u00edo","isPartOf":{"@id":"https:\/\/www.fraczinet.cl\/sitio\/#website"},"primaryImageOfPage":{"@id":"https:\/\/www.fraczinet.cl\/sitio\/2009\/01\/13\/la-iii-fiesta-de-la-chilenidad-debe-superar-a-las-anteriores\/#primaryimage"},"image":{"@id":"https:\/\/www.fraczinet.cl\/sitio\/2009\/01\/13\/la-iii-fiesta-de-la-chilenidad-debe-superar-a-las-anteriores\/#primaryimage"},"thumbnailUrl":"https:\/\/www.fraczinet.cl\/sitio\/wp-content\/uploads\/2009\/02\/baile-23.jpg","datePublished":"2009-01-13T13:03:00+00:00","dateModified":"2022-09-27T02:28:00+00:00","breadcrumb":{"@id":"https:\/\/www.fraczinet.cl\/sitio\/2009\/01\/13\/la-iii-fiesta-de-la-chilenidad-debe-superar-a-las-anteriores\/#breadcrumb"},"inLanguage":"es","potentialAction":[{"@type":"ReadAction","target":["https:\/\/www.fraczinet.cl\/sitio\/2009\/01\/13\/la-iii-fiesta-de-la-chilenidad-debe-superar-a-las-anteriores\/"]}]},{"@type":"ImageObject","inLanguage":"es","@id":"https:\/\/www.fraczinet.cl\/sitio\/2009\/01\/13\/la-iii-fiesta-de-la-chilenidad-debe-superar-a-las-anteriores\/#primaryimage","url":"https:\/\/www.fraczinet.cl\/sitio\/wp-content\/uploads\/2009\/02\/baile-23.jpg","contentUrl":"https:\/\/www.fraczinet.cl\/sitio\/wp-content\/uploads\/2009\/02\/baile-23.jpg","width":640,"height":480},{"@type":"BreadcrumbList","@id":"https:\/\/www.fraczinet.cl\/sitio\/2009\/01\/13\/la-iii-fiesta-de-la-chilenidad-debe-superar-a-las-anteriores\/#breadcrumb","itemListElement":[{"@type":"ListItem","position":1,"name":"Portada","item":"https:\/\/www.fraczinet.cl\/sitio\/"},{"@type":"ListItem","position":2,"name":"La III Fiesta de la Chilenidad debe superar a las anteriores"}]},{"@type":"WebSite","@id":"https:\/\/www.fraczinet.cl\/sitio\/#website","url":"https:\/\/www.fraczinet.cl\/sitio\/","name":"Nuestro Bio B\u00edo","description":"Tierra de Encuentros","publisher":{"@id":"https:\/\/www.fraczinet.cl\/sitio\/#\/schema\/person\/aec8ee4da68df2b9b0eefdad24a0d582"},"potentialAction":[{"@type":"SearchAction","target":{"@type":"EntryPoint","urlTemplate":"https:\/\/www.fraczinet.cl\/sitio\/?s={search_term_string}"},"query-input":{"@type":"PropertyValueSpecification","valueRequired":true,"valueName":"search_term_string"}}],"inLanguage":"es"},{"@type":["Person","Organization"],"@id":"https:\/\/www.fraczinet.cl\/sitio\/#\/schema\/person\/aec8ee4da68df2b9b0eefdad24a0d582","name":"Luis Fernando Fraczinet","image":{"@type":"ImageObject","inLanguage":"es","@id":"https:\/\/www.fraczinet.cl\/sitio\/#\/schema\/person\/image\/","url":"https:\/\/www.fraczinet.cl\/sitio\/wp-content\/uploads\/2021\/07\/bannerlogo-1.gif","contentUrl":"https:\/\/www.fraczinet.cl\/sitio\/wp-content\/uploads\/2021\/07\/bannerlogo-1.gif","width":159,"height":79,"caption":"Luis Fernando Fraczinet"},"logo":{"@id":"https:\/\/www.fraczinet.cl\/sitio\/#\/schema\/person\/image\/"},"sameAs":["https:\/\/www.fraczinet.cl\/sitio\/"]},{"@type":"Person","@id":"https:\/\/www.fraczinet.cl\/sitio\/#\/schema\/person\/bc30f98e9cb10ae7e119dbe14bc93784","name":"admin","image":{"@type":"ImageObject","inLanguage":"es","@id":"https:\/\/www.fraczinet.cl\/sitio\/#\/schema\/person\/image\/","url":"https:\/\/secure.gravatar.com\/avatar\/d5ad3cf7ef3b23a2bb5be73be780c86b2fc8545c3ad6b149f3913ff458c00099?s=96&d=mm&r=g","contentUrl":"https:\/\/secure.gravatar.com\/avatar\/d5ad3cf7ef3b23a2bb5be73be780c86b2fc8545c3ad6b149f3913ff458c00099?s=96&d=mm&r=g","caption":"admin"},"sameAs":["https:\/\/www.fraczinet.cl\/sitio"]}]}},"_links":{"self":[{"href":"https:\/\/www.fraczinet.cl\/sitio\/wp-json\/wp\/v2\/posts\/5189","targetHints":{"allow":["GET"]}}],"collection":[{"href":"https:\/\/www.fraczinet.cl\/sitio\/wp-json\/wp\/v2\/posts"}],"about":[{"href":"https:\/\/www.fraczinet.cl\/sitio\/wp-json\/wp\/v2\/types\/post"}],"author":[{"embeddable":true,"href":"https:\/\/www.fraczinet.cl\/sitio\/wp-json\/wp\/v2\/users\/1"}],"replies":[{"embeddable":true,"href":"https:\/\/www.fraczinet.cl\/sitio\/wp-json\/wp\/v2\/comments?post=5189"}],"version-history":[{"count":1,"href":"https:\/\/www.fraczinet.cl\/sitio\/wp-json\/wp\/v2\/posts\/5189\/revisions"}],"predecessor-version":[{"id":13583,"href":"https:\/\/www.fraczinet.cl\/sitio\/wp-json\/wp\/v2\/posts\/5189\/revisions\/13583"}],"wp:featuredmedia":[{"embeddable":true,"href":"https:\/\/www.fraczinet.cl\/sitio\/wp-json\/wp\/v2\/media\/4013"}],"wp:attachment":[{"href":"https:\/\/www.fraczinet.cl\/sitio\/wp-json\/wp\/v2\/media?parent=5189"}],"wp:term":[{"taxonomy":"category","embeddable":true,"href":"https:\/\/www.fraczinet.cl\/sitio\/wp-json\/wp\/v2\/categories?post=5189"},{"taxonomy":"post_tag","embeddable":true,"href":"https:\/\/www.fraczinet.cl\/sitio\/wp-json\/wp\/v2\/tags?post=5189"}],"curies":[{"name":"wp","href":"https:\/\/api.w.org\/{rel}","templated":true}]}}