{"id":5197,"date":"2009-01-05T23:07:00","date_gmt":"2009-01-05T23:07:00","guid":{"rendered":"https:\/\/www.fraczinet.cl\/sitio\/2009\/01\/05\/bases-festival-de-la-voz-canta-quirihue-2009\/"},"modified":"2022-10-07T00:00:38","modified_gmt":"2022-10-07T00:00:38","slug":"bases-festival-de-la-voz-canta-quirihue-2009","status":"publish","type":"post","link":"https:\/\/www.fraczinet.cl\/sitio\/2009\/01\/05\/bases-festival-de-la-voz-canta-quirihue-2009\/","title":{"rendered":"BASES FESTIVAL DE LA VOZ \u201cCANTA QUIRIHUE 2009\u201d"},"content":{"rendered":"<div style=\"text-align: justify;\">La I. Municipalidad de Quirihue, a trav\u00e9s del \u00c1rea de Cultura con el prop\u00f3sito de estimular y fomentar el desarrollo de las actividades art\u00edsticas en la regi\u00f3n y as\u00ed entregar una alternativa de recreaci\u00f3n y sano esparcimiento a los habitantes del Valle del Itata convoca al \u201c1er. Festival de la Voz \u201cCanta Quirihue 2009\u201d, evento que en lo relativo a la competencia se regir\u00e1 por las siguientes bases<\/div>\n<div style=\"text-align: justify;\"><\/div>\n<div style=\"text-align: justify;\">1.- Lugar y fecha<\/div>\n<div style=\"text-align: justify;\"><\/div>\n<div style=\"text-align: justify;\">El \u201c1er. Festival de la Voz Canta Quirihue 2009\u201d se realizar\u00e1 los d\u00edas Viernes 16 y S\u00e1bado 17 de Enero de 2009 a partir de las 22 horas en el escenario central ubicado en la plaza de armas de la ciudad.<\/div>\n<div style=\"text-align: justify;\"><\/div>\n<div style=\"text-align: justify;\">2.- De los Participantes<\/div>\n<div style=\"text-align: justify;\"><\/div>\n<div style=\"text-align: justify;\">Podr\u00e1n participar en este certamen musical todos los int\u00e9rpretes, cantantes, solistas o d\u00faos, mayores de 16 a\u00f1os en categor\u00eda \u00fanica.<\/div>\n<div style=\"text-align: justify;\"><\/div>\n<div style=\"text-align: justify;\">3.- De la Inscripci\u00f3n<\/div>\n<div style=\"text-align: justify;\"><\/div>\n<div style=\"text-align: justify;\">La inscripci\u00f3n es gratuita y no tiene ning\u00fan costo para el participante.<\/div>\n<div style=\"text-align: justify;\">Los interesados en participar deber\u00e1n enviar sus datos personales, (Nombre, Rut, Domicilio, Edad, Tel\u00e9fono de contacto) a trav\u00e9s de un correo electr\u00f3nico a muniquirihuecultura@gmail.com o a trav\u00e9s de un fax al 042 \u2013 531221 o inscribi\u00e9ndose en forma personal en el Departamento de Cultura de la I. Municipalidad de Quirihue, ubicada en calle Esmeralda 698 de Quirihue.<\/div>\n<div style=\"text-align: justify;\">En la carta de inscripci\u00f3n deber\u00e1 adem\u00e1s proponer a lo menos 2 temas, de los cuales uno ser\u00e1 el que interprete en el festival y que ser\u00e1 seleccionado en estricto orden de llegada.<\/div>\n<div style=\"text-align: justify;\"><\/div>\n<div style=\"text-align: justify;\">4.- De la Preselecci\u00f3n<\/div>\n<div style=\"text-align: justify;\"><\/div>\n<div style=\"text-align: justify;\">En caso de existir m\u00e1s de 12 int\u00e9rpretes inscritos se realizar\u00e1 una preselecci\u00f3n en vivo a cargo de una comisi\u00f3n designada por el municipio, la que se realizar\u00e1 el d\u00eda Viernes 16 de Enero a las 12 horas en el Teatro Municipal de esta ciudad, ubicado en calle San Mart\u00edn, frente a la plaza de armas.<\/div>\n<div style=\"text-align: justify;\"><\/div>\n<div style=\"text-align: justify;\">5.- De los Int\u00e9rpretes.<\/div>\n<div style=\"text-align: justify;\"><\/div>\n<div style=\"text-align: justify;\">Los int\u00e9rpretes deber\u00e1n proporcionar a la organizaci\u00f3n la pista musical (karaoke) debidamente grabada y de calidad ac\u00fastica adecuada, sobre la cual cantar\u00e1n, debiendo hacerlo en vivo, no autoriz\u00e1ndose la utilizaci\u00f3n de pistas de voces grabadas o play back.<\/div>\n<div style=\"text-align: justify;\"><\/div>\n<div style=\"text-align: justify;\">Podr\u00e1n participar en este festival solistas o d\u00faos, pudiendo tambi\u00e9n hacerlo con sus propios instrumentos musicales si as\u00ed lo estiman.<\/div>\n<div style=\"text-align: justify;\">En caso de existir dos int\u00e9rpretes que deseen cantar una misma canci\u00f3n, tendr\u00e1 prioridad de hacerlo aquel que primero se inscribi\u00f3 para participar en el certamen. Si existen otros int\u00e9rpretes que deseen cantar el mismo tema deber\u00e1n hacerlo con el otro tema que ellos mismos propondr\u00e1n en su inscripci\u00f3n. Si \u00e9ste tambi\u00e9n estuviera seleccionado deber\u00e1n hacerlo con un tercer tema a elecci\u00f3n personal.<\/div>\n<div style=\"text-align: justify;\"><\/div>\n<div style=\"text-align: justify;\">Los temas que sean propuestos para interpretar en el festival podr\u00e1n corresponder a cualquier ritmo musical, (Balada, pop, rom\u00e1ntico, en ingl\u00e9s, mexicano, folcl\u00f3rico), teniendo s\u00f3lo como restricci\u00f3n que la letra del tema no debe aludir a temas pol\u00edticos, religiosos o atentatorios contra la dignidad humana.<\/div>\n<div style=\"text-align: justify;\"><\/div>\n<div style=\"text-align: justify;\">El orden de prenegaci\u00f3n de los int\u00e9rpretes para la competencia ser\u00e1 determinada en un sorteo que se realizar\u00e1 el d\u00eda Viernes 16 de Enero a las 17 horas en el Teatro Municipal de esta ciudad, oportunidad en la que deber\u00e1n estar presentes todos los participantes, de manera de realizar de inmediato la prueba de sonido y audio con al empresa contratada para tal efecto.<\/div>\n<div style=\"text-align: justify;\"><\/div>\n<div style=\"text-align: justify;\">6.- Del Jurado de la competencia<\/div>\n<div style=\"text-align: justify;\"><\/div>\n<div style=\"text-align: justify;\">A) El jurado estar\u00e1 compuesto por 5 personas designadas por la comisi\u00f3n organizadora, que corresponden a artistas o personas ligadas al mundo de la cultura, quienes deber\u00e1n asistir a los dos d\u00edas de la competencia. El primer d\u00eda de festival se elegir\u00e1n 5 temas que competir\u00e1n en la jornada final por el primer, segundo y tercer lugar, adem\u00e1s de la elecci\u00f3n del mejor int\u00e9rprete.<\/div>\n<div style=\"text-align: justify;\">B) Las decisiones del jurado ser\u00e1n inapelables y actuar\u00e1n en forma aut\u00f3noma, teniendo presente las bases generales y objetivos del certamen. Los aspectos a considerar ser\u00e1n calidad interpretativa, manejo esc\u00e9nico y vocalizaci\u00f3n.<\/div>\n<div style=\"text-align: justify;\">C) No podr\u00e1n participar en la competencia int\u00e9rpretes que sean c\u00f3nyuges o parientes por consanguinidad en toda la l\u00ednea o lateral, hasta en segundo grado inclusive, de alg\u00fan integrante del jurado. La infracci\u00f3n a esta disposici\u00f3n ser\u00e1 motivo suficiente para descalificar el tema.<\/div>\n<div style=\"text-align: justify;\"><\/div>\n<div style=\"text-align: justify;\">7.- De los Premios:<\/div>\n<div style=\"text-align: justify;\"><\/div>\n<div style=\"text-align: justify;\">Conocido el veredicto final del jurado de la competencia los ganadores se har\u00e1n acreedores de los siguientes premios:<\/div>\n<div style=\"text-align: justify;\"><\/div>\n<div style=\"text-align: justify;\">Primer lugar: $ 80.000 (ochenta mil pesos en dinero en efectivo), mas trofeo festival.<\/div>\n<div style=\"text-align: justify;\"><\/div>\n<div style=\"text-align: justify;\">Segundo lugar: $ 60.000 ( sesenta mil pesos en dinero en efectivo), mas trofeo festival.<\/div>\n<div style=\"text-align: justify;\"><\/div>\n<div style=\"text-align: justify;\">Tercer lugar: $ 40.000 ( cuarenta mil pesos en dinero en efectivo), mas trofeo festival.<\/div>\n<div style=\"text-align: justify;\"><\/div>\n<div style=\"text-align: justify;\">Mejor interprete: Galvano festival.<\/div>\n<div style=\"text-align: justify;\"><\/div>\n<div style=\"text-align: justify;\">Interprete mas popular: Galvano festival.<\/div>\n<div style=\"text-align: justify;\"><\/div>\n<div style=\"text-align: justify;\"><\/div>\n<div style=\"text-align: justify;\">8.- Varios:<\/div>\n<div style=\"text-align: justify;\"><\/div>\n<div style=\"text-align: justify;\">La comisi\u00f3n organizadora brindar\u00e1 en forma gratuita el alojamiento y la alimentaci\u00f3n en forma exclusiva a los participantes mientras dure el festival. Esto significa almuerzo y cena el d\u00eda Viernes 16 de Enero, y el desayuno, almuerzo y cena el d\u00eda S\u00e1bado 17 de Enero, y el desayuno el d\u00eda Domingo 18 de Enero.<\/div>\n<div style=\"text-align: justify;\"><\/div>\n<div style=\"text-align: justify;\">La comisi\u00f3n organizadora, est\u00e1 compuesta por: Oscar Alarc\u00f3n, Administrador municipal, Leonardo Cris\u00f3stomo jefe de Departamento de Cultura y Wilson Ponce Hern\u00e1ndez productor y coordinador del festival.<\/div>\n<div style=\"text-align: justify;\"><\/div>\n<div style=\"text-align: justify;\"><\/div>\n<div style=\"text-align: justify;\">Contactos:<\/div>\n<div style=\"text-align: justify;\"><\/div>\n<div style=\"text-align: justify;\">Leonardo Cris\u00f3stomo Sep\u00falveda: 042-531221, 042-531347. muniquirihuecultura@gmail.com, http:\/\/www.muniquirihueareadeculturablogspot.com\/<\/div>\n<div style=\"text-align: justify;\"><\/div>\n<div style=\"text-align: justify;\"><\/div>\n<div style=\"text-align: justify;\">Wilson Ponce Hern\u00e1ndez: 042-531831, 094454330. wilsonponce@gmail.com<\/div>\n<div style=\"text-align: justify;\"><\/div>\n<div style=\"text-align: justify;\">Fuente: <a href=\"http:\/\/www.muniquirihueareadecultura.blogspot.com\/\">http:\/\/www.muniquirihueareadecultura.blogspot.com<\/a><\/div>\n","protected":false},"excerpt":{"rendered":"<p>La I. Municipalidad de Quirihue, a trav\u00e9s del \u00c1rea de Cultura con el prop\u00f3sito de estimular y fomentar el desarrollo de las actividades art\u00edsticas en la regi\u00f3n y as\u00ed entregar una alternativa de recreaci\u00f3n y sano esparcimiento a los habitantes del Valle del Itata convoca al \u201c1er. Festival de la Voz \u201cCanta Quirihue 2009\u201d, evento [&hellip;]<\/p>\n","protected":false},"author":1,"featured_media":0,"comment_status":"open","ping_status":"open","sticky":false,"template":"","format":"standard","meta":{"footnotes":""},"categories":[44],"tags":[],"class_list":["post-5197","post","type-post","status-publish","format-standard","hentry","category-eventos"],"yoast_head":"<!-- This site is optimized with the Yoast SEO plugin v25.0 - https:\/\/yoast.com\/wordpress\/plugins\/seo\/ -->\n<title>BASES FESTIVAL DE LA VOZ \u201cCANTA QUIRIHUE 2009\u201d - Nuestro Bio B\u00edo<\/title>\n<meta name=\"robots\" content=\"index, follow, max-snippet:-1, max-image-preview:large, max-video-preview:-1\" \/>\n<link rel=\"canonical\" href=\"https:\/\/www.fraczinet.cl\/sitio\/2009\/01\/05\/bases-festival-de-la-voz-canta-quirihue-2009\/\" \/>\n<meta property=\"og:locale\" content=\"es_ES\" \/>\n<meta property=\"og:type\" content=\"article\" \/>\n<meta property=\"og:title\" content=\"BASES FESTIVAL DE LA VOZ \u201cCANTA QUIRIHUE 2009\u201d - Nuestro Bio B\u00edo\" \/>\n<meta property=\"og:description\" content=\"La I. Municipalidad de Quirihue, a trav\u00e9s del \u00c1rea de Cultura con el prop\u00f3sito de estimular y fomentar el desarrollo de las actividades art\u00edsticas en la regi\u00f3n y as\u00ed entregar una alternativa de recreaci\u00f3n y sano esparcimiento a los habitantes del Valle del Itata convoca al \u201c1er. Festival de la Voz \u201cCanta Quirihue 2009\u201d, evento [&hellip;]\" \/>\n<meta property=\"og:url\" content=\"https:\/\/www.fraczinet.cl\/sitio\/2009\/01\/05\/bases-festival-de-la-voz-canta-quirihue-2009\/\" \/>\n<meta property=\"og:site_name\" content=\"Nuestro Bio B\u00edo\" \/>\n<meta property=\"article:published_time\" content=\"2009-01-05T23:07:00+00:00\" \/>\n<meta property=\"article:modified_time\" content=\"2022-10-07T00:00:38+00:00\" \/>\n<meta property=\"og:image\" content=\"https:\/\/www.fraczinet.cl\/sitio\/wp-content\/uploads\/2021\/07\/bannerlogo-1.gif\" \/>\n\t<meta property=\"og:image:width\" content=\"159\" \/>\n\t<meta property=\"og:image:height\" content=\"79\" \/>\n\t<meta property=\"og:image:type\" content=\"image\/gif\" \/>\n<meta name=\"author\" content=\"admin\" \/>\n<meta name=\"twitter:card\" content=\"summary_large_image\" \/>\n<meta name=\"twitter:creator\" content=\"@nuestrobiobio\" \/>\n<meta name=\"twitter:site\" content=\"@nuestrobiobio\" \/>\n<meta name=\"twitter:label1\" content=\"Escrito por\" \/>\n\t<meta name=\"twitter:data1\" content=\"admin\" \/>\n\t<meta name=\"twitter:label2\" content=\"Tiempo de lectura\" \/>\n\t<meta name=\"twitter:data2\" content=\"5 minutos\" \/>\n<script type=\"application\/ld+json\" class=\"yoast-schema-graph\">{\"@context\":\"https:\/\/schema.org\",\"@graph\":[{\"@type\":\"Article\",\"@id\":\"https:\/\/www.fraczinet.cl\/sitio\/2009\/01\/05\/bases-festival-de-la-voz-canta-quirihue-2009\/#article\",\"isPartOf\":{\"@id\":\"https:\/\/www.fraczinet.cl\/sitio\/2009\/01\/05\/bases-festival-de-la-voz-canta-quirihue-2009\/\"},\"author\":{\"name\":\"admin\",\"@id\":\"https:\/\/www.fraczinet.cl\/sitio\/#\/schema\/person\/bc30f98e9cb10ae7e119dbe14bc93784\"},\"headline\":\"BASES FESTIVAL DE LA VOZ \u201cCANTA QUIRIHUE 2009\u201d\",\"datePublished\":\"2009-01-05T23:07:00+00:00\",\"dateModified\":\"2022-10-07T00:00:38+00:00\",\"mainEntityOfPage\":{\"@id\":\"https:\/\/www.fraczinet.cl\/sitio\/2009\/01\/05\/bases-festival-de-la-voz-canta-quirihue-2009\/\"},\"wordCount\":941,\"commentCount\":0,\"publisher\":{\"@id\":\"https:\/\/www.fraczinet.cl\/sitio\/#\/schema\/person\/aec8ee4da68df2b9b0eefdad24a0d582\"},\"articleSection\":[\"Eventos\"],\"inLanguage\":\"es\",\"potentialAction\":[{\"@type\":\"CommentAction\",\"name\":\"Comment\",\"target\":[\"https:\/\/www.fraczinet.cl\/sitio\/2009\/01\/05\/bases-festival-de-la-voz-canta-quirihue-2009\/#respond\"]}]},{\"@type\":\"WebPage\",\"@id\":\"https:\/\/www.fraczinet.cl\/sitio\/2009\/01\/05\/bases-festival-de-la-voz-canta-quirihue-2009\/\",\"url\":\"https:\/\/www.fraczinet.cl\/sitio\/2009\/01\/05\/bases-festival-de-la-voz-canta-quirihue-2009\/\",\"name\":\"BASES FESTIVAL DE LA VOZ \u201cCANTA QUIRIHUE 2009\u201d - Nuestro Bio B\u00edo\",\"isPartOf\":{\"@id\":\"https:\/\/www.fraczinet.cl\/sitio\/#website\"},\"datePublished\":\"2009-01-05T23:07:00+00:00\",\"dateModified\":\"2022-10-07T00:00:38+00:00\",\"breadcrumb\":{\"@id\":\"https:\/\/www.fraczinet.cl\/sitio\/2009\/01\/05\/bases-festival-de-la-voz-canta-quirihue-2009\/#breadcrumb\"},\"inLanguage\":\"es\",\"potentialAction\":[{\"@type\":\"ReadAction\",\"target\":[\"https:\/\/www.fraczinet.cl\/sitio\/2009\/01\/05\/bases-festival-de-la-voz-canta-quirihue-2009\/\"]}]},{\"@type\":\"BreadcrumbList\",\"@id\":\"https:\/\/www.fraczinet.cl\/sitio\/2009\/01\/05\/bases-festival-de-la-voz-canta-quirihue-2009\/#breadcrumb\",\"itemListElement\":[{\"@type\":\"ListItem\",\"position\":1,\"name\":\"Portada\",\"item\":\"https:\/\/www.fraczinet.cl\/sitio\/\"},{\"@type\":\"ListItem\",\"position\":2,\"name\":\"BASES FESTIVAL DE LA VOZ \u201cCANTA QUIRIHUE 2009\u201d\"}]},{\"@type\":\"WebSite\",\"@id\":\"https:\/\/www.fraczinet.cl\/sitio\/#website\",\"url\":\"https:\/\/www.fraczinet.cl\/sitio\/\",\"name\":\"Nuestro Bio B\u00edo\",\"description\":\"Tierra de Encuentros\",\"publisher\":{\"@id\":\"https:\/\/www.fraczinet.cl\/sitio\/#\/schema\/person\/aec8ee4da68df2b9b0eefdad24a0d582\"},\"potentialAction\":[{\"@type\":\"SearchAction\",\"target\":{\"@type\":\"EntryPoint\",\"urlTemplate\":\"https:\/\/www.fraczinet.cl\/sitio\/?s={search_term_string}\"},\"query-input\":{\"@type\":\"PropertyValueSpecification\",\"valueRequired\":true,\"valueName\":\"search_term_string\"}}],\"inLanguage\":\"es\"},{\"@type\":[\"Person\",\"Organization\"],\"@id\":\"https:\/\/www.fraczinet.cl\/sitio\/#\/schema\/person\/aec8ee4da68df2b9b0eefdad24a0d582\",\"name\":\"Luis Fernando Fraczinet\",\"image\":{\"@type\":\"ImageObject\",\"inLanguage\":\"es\",\"@id\":\"https:\/\/www.fraczinet.cl\/sitio\/#\/schema\/person\/image\/\",\"url\":\"https:\/\/www.fraczinet.cl\/sitio\/wp-content\/uploads\/2021\/07\/bannerlogo-1.gif\",\"contentUrl\":\"https:\/\/www.fraczinet.cl\/sitio\/wp-content\/uploads\/2021\/07\/bannerlogo-1.gif\",\"width\":159,\"height\":79,\"caption\":\"Luis Fernando Fraczinet\"},\"logo\":{\"@id\":\"https:\/\/www.fraczinet.cl\/sitio\/#\/schema\/person\/image\/\"},\"sameAs\":[\"https:\/\/www.fraczinet.cl\/sitio\/\"]},{\"@type\":\"Person\",\"@id\":\"https:\/\/www.fraczinet.cl\/sitio\/#\/schema\/person\/bc30f98e9cb10ae7e119dbe14bc93784\",\"name\":\"admin\",\"image\":{\"@type\":\"ImageObject\",\"inLanguage\":\"es\",\"@id\":\"https:\/\/www.fraczinet.cl\/sitio\/#\/schema\/person\/image\/\",\"url\":\"https:\/\/secure.gravatar.com\/avatar\/d5ad3cf7ef3b23a2bb5be73be780c86b2fc8545c3ad6b149f3913ff458c00099?s=96&d=mm&r=g\",\"contentUrl\":\"https:\/\/secure.gravatar.com\/avatar\/d5ad3cf7ef3b23a2bb5be73be780c86b2fc8545c3ad6b149f3913ff458c00099?s=96&d=mm&r=g\",\"caption\":\"admin\"},\"sameAs\":[\"https:\/\/www.fraczinet.cl\/sitio\"]}]}<\/script>\n<!-- \/ Yoast SEO plugin. -->","yoast_head_json":{"title":"BASES FESTIVAL DE LA VOZ \u201cCANTA QUIRIHUE 2009\u201d - Nuestro Bio B\u00edo","robots":{"index":"index","follow":"follow","max-snippet":"max-snippet:-1","max-image-preview":"max-image-preview:large","max-video-preview":"max-video-preview:-1"},"canonical":"https:\/\/www.fraczinet.cl\/sitio\/2009\/01\/05\/bases-festival-de-la-voz-canta-quirihue-2009\/","og_locale":"es_ES","og_type":"article","og_title":"BASES FESTIVAL DE LA VOZ \u201cCANTA QUIRIHUE 2009\u201d - Nuestro Bio B\u00edo","og_description":"La I. Municipalidad de Quirihue, a trav\u00e9s del \u00c1rea de Cultura con el prop\u00f3sito de estimular y fomentar el desarrollo de las actividades art\u00edsticas en la regi\u00f3n y as\u00ed entregar una alternativa de recreaci\u00f3n y sano esparcimiento a los habitantes del Valle del Itata convoca al \u201c1er. Festival de la Voz \u201cCanta Quirihue 2009\u201d, evento [&hellip;]","og_url":"https:\/\/www.fraczinet.cl\/sitio\/2009\/01\/05\/bases-festival-de-la-voz-canta-quirihue-2009\/","og_site_name":"Nuestro Bio B\u00edo","article_published_time":"2009-01-05T23:07:00+00:00","article_modified_time":"2022-10-07T00:00:38+00:00","og_image":[{"width":159,"height":79,"url":"https:\/\/www.fraczinet.cl\/sitio\/wp-content\/uploads\/2021\/07\/bannerlogo-1.gif","type":"image\/gif"}],"author":"admin","twitter_card":"summary_large_image","twitter_creator":"@nuestrobiobio","twitter_site":"@nuestrobiobio","twitter_misc":{"Escrito por":"admin","Tiempo de lectura":"5 minutos"},"schema":{"@context":"https:\/\/schema.org","@graph":[{"@type":"Article","@id":"https:\/\/www.fraczinet.cl\/sitio\/2009\/01\/05\/bases-festival-de-la-voz-canta-quirihue-2009\/#article","isPartOf":{"@id":"https:\/\/www.fraczinet.cl\/sitio\/2009\/01\/05\/bases-festival-de-la-voz-canta-quirihue-2009\/"},"author":{"name":"admin","@id":"https:\/\/www.fraczinet.cl\/sitio\/#\/schema\/person\/bc30f98e9cb10ae7e119dbe14bc93784"},"headline":"BASES FESTIVAL DE LA VOZ \u201cCANTA QUIRIHUE 2009\u201d","datePublished":"2009-01-05T23:07:00+00:00","dateModified":"2022-10-07T00:00:38+00:00","mainEntityOfPage":{"@id":"https:\/\/www.fraczinet.cl\/sitio\/2009\/01\/05\/bases-festival-de-la-voz-canta-quirihue-2009\/"},"wordCount":941,"commentCount":0,"publisher":{"@id":"https:\/\/www.fraczinet.cl\/sitio\/#\/schema\/person\/aec8ee4da68df2b9b0eefdad24a0d582"},"articleSection":["Eventos"],"inLanguage":"es","potentialAction":[{"@type":"CommentAction","name":"Comment","target":["https:\/\/www.fraczinet.cl\/sitio\/2009\/01\/05\/bases-festival-de-la-voz-canta-quirihue-2009\/#respond"]}]},{"@type":"WebPage","@id":"https:\/\/www.fraczinet.cl\/sitio\/2009\/01\/05\/bases-festival-de-la-voz-canta-quirihue-2009\/","url":"https:\/\/www.fraczinet.cl\/sitio\/2009\/01\/05\/bases-festival-de-la-voz-canta-quirihue-2009\/","name":"BASES FESTIVAL DE LA VOZ \u201cCANTA QUIRIHUE 2009\u201d - Nuestro Bio B\u00edo","isPartOf":{"@id":"https:\/\/www.fraczinet.cl\/sitio\/#website"},"datePublished":"2009-01-05T23:07:00+00:00","dateModified":"2022-10-07T00:00:38+00:00","breadcrumb":{"@id":"https:\/\/www.fraczinet.cl\/sitio\/2009\/01\/05\/bases-festival-de-la-voz-canta-quirihue-2009\/#breadcrumb"},"inLanguage":"es","potentialAction":[{"@type":"ReadAction","target":["https:\/\/www.fraczinet.cl\/sitio\/2009\/01\/05\/bases-festival-de-la-voz-canta-quirihue-2009\/"]}]},{"@type":"BreadcrumbList","@id":"https:\/\/www.fraczinet.cl\/sitio\/2009\/01\/05\/bases-festival-de-la-voz-canta-quirihue-2009\/#breadcrumb","itemListElement":[{"@type":"ListItem","position":1,"name":"Portada","item":"https:\/\/www.fraczinet.cl\/sitio\/"},{"@type":"ListItem","position":2,"name":"BASES FESTIVAL DE LA VOZ \u201cCANTA QUIRIHUE 2009\u201d"}]},{"@type":"WebSite","@id":"https:\/\/www.fraczinet.cl\/sitio\/#website","url":"https:\/\/www.fraczinet.cl\/sitio\/","name":"Nuestro Bio B\u00edo","description":"Tierra de Encuentros","publisher":{"@id":"https:\/\/www.fraczinet.cl\/sitio\/#\/schema\/person\/aec8ee4da68df2b9b0eefdad24a0d582"},"potentialAction":[{"@type":"SearchAction","target":{"@type":"EntryPoint","urlTemplate":"https:\/\/www.fraczinet.cl\/sitio\/?s={search_term_string}"},"query-input":{"@type":"PropertyValueSpecification","valueRequired":true,"valueName":"search_term_string"}}],"inLanguage":"es"},{"@type":["Person","Organization"],"@id":"https:\/\/www.fraczinet.cl\/sitio\/#\/schema\/person\/aec8ee4da68df2b9b0eefdad24a0d582","name":"Luis Fernando Fraczinet","image":{"@type":"ImageObject","inLanguage":"es","@id":"https:\/\/www.fraczinet.cl\/sitio\/#\/schema\/person\/image\/","url":"https:\/\/www.fraczinet.cl\/sitio\/wp-content\/uploads\/2021\/07\/bannerlogo-1.gif","contentUrl":"https:\/\/www.fraczinet.cl\/sitio\/wp-content\/uploads\/2021\/07\/bannerlogo-1.gif","width":159,"height":79,"caption":"Luis Fernando Fraczinet"},"logo":{"@id":"https:\/\/www.fraczinet.cl\/sitio\/#\/schema\/person\/image\/"},"sameAs":["https:\/\/www.fraczinet.cl\/sitio\/"]},{"@type":"Person","@id":"https:\/\/www.fraczinet.cl\/sitio\/#\/schema\/person\/bc30f98e9cb10ae7e119dbe14bc93784","name":"admin","image":{"@type":"ImageObject","inLanguage":"es","@id":"https:\/\/www.fraczinet.cl\/sitio\/#\/schema\/person\/image\/","url":"https:\/\/secure.gravatar.com\/avatar\/d5ad3cf7ef3b23a2bb5be73be780c86b2fc8545c3ad6b149f3913ff458c00099?s=96&d=mm&r=g","contentUrl":"https:\/\/secure.gravatar.com\/avatar\/d5ad3cf7ef3b23a2bb5be73be780c86b2fc8545c3ad6b149f3913ff458c00099?s=96&d=mm&r=g","caption":"admin"},"sameAs":["https:\/\/www.fraczinet.cl\/sitio"]}]}},"_links":{"self":[{"href":"https:\/\/www.fraczinet.cl\/sitio\/wp-json\/wp\/v2\/posts\/5197","targetHints":{"allow":["GET"]}}],"collection":[{"href":"https:\/\/www.fraczinet.cl\/sitio\/wp-json\/wp\/v2\/posts"}],"about":[{"href":"https:\/\/www.fraczinet.cl\/sitio\/wp-json\/wp\/v2\/types\/post"}],"author":[{"embeddable":true,"href":"https:\/\/www.fraczinet.cl\/sitio\/wp-json\/wp\/v2\/users\/1"}],"replies":[{"embeddable":true,"href":"https:\/\/www.fraczinet.cl\/sitio\/wp-json\/wp\/v2\/comments?post=5197"}],"version-history":[{"count":1,"href":"https:\/\/www.fraczinet.cl\/sitio\/wp-json\/wp\/v2\/posts\/5197\/revisions"}],"predecessor-version":[{"id":14388,"href":"https:\/\/www.fraczinet.cl\/sitio\/wp-json\/wp\/v2\/posts\/5197\/revisions\/14388"}],"wp:attachment":[{"href":"https:\/\/www.fraczinet.cl\/sitio\/wp-json\/wp\/v2\/media?parent=5197"}],"wp:term":[{"taxonomy":"category","embeddable":true,"href":"https:\/\/www.fraczinet.cl\/sitio\/wp-json\/wp\/v2\/categories?post=5197"},{"taxonomy":"post_tag","embeddable":true,"href":"https:\/\/www.fraczinet.cl\/sitio\/wp-json\/wp\/v2\/tags?post=5197"}],"curies":[{"name":"wp","href":"https:\/\/api.w.org\/{rel}","templated":true}]}}