{"id":5198,"date":"2009-01-05T17:16:00","date_gmt":"2009-01-05T17:16:00","guid":{"rendered":"https:\/\/www.fraczinet.cl\/sitio\/2009\/01\/05\/5o-festival-internacional-de-titeres-surterra\/"},"modified":"2009-01-05T17:16:00","modified_gmt":"2009-01-05T17:16:00","slug":"5o-festival-internacional-de-titeres-surterra","status":"publish","type":"post","link":"https:\/\/www.fraczinet.cl\/sitio\/2009\/01\/05\/5o-festival-internacional-de-titeres-surterra\/","title":{"rendered":"5\u00ba Festival Internacional de T\u00edteres SURTERRA"},"content":{"rendered":"<p><a href=\"http:\/\/4.bp.blogspot.com\/_2S_RxGRVjis\/SWJBkPqbK4I\/AAAAAAAAGPo\/Xu0xeu0s3bE\/s1600-h\/logo-internet1.GIF\"><img decoding=\"async\" alt=\"\" border=\"0\" id=\"BLOGGER_PHOTO_ID_5287861003421952898\" src=\"https:\/\/4.bp.blogspot.com\/_2S_RxGRVjis\/SWJBkPqbK4I\/AAAAAAAAGPo\/Xu0xeu0s3bE\/s320\/logo-internet1.GIF\" style=\"cursor: hand; cursor: pointer; float: left; height: 200px; margin: 0 10px 10px 0; width: 120px;\" \/><\/a><\/p>\n<div style=\"text-align: justify;\">El lunes 12 de enero de 2009 a las 12:00 hrs. comienza el 5\u2019 Festival Internacional de T\u00edteres SURTERRA, organizado por la compa\u00f1\u00eda de Teatro de T\u00edteres Vagabundo y patrocinados por la corporaci\u00f3n cultural Artistas del Acero de Concepci\u00f3n. Este evento se realizar\u00e1 con funciones simult\u00e1neas en las ciudades de Chill\u00e1n y Concepci\u00f3n a las 12:00 hrs. y 19:00 hrs.<\/div>\n<div style=\"text-align: justify;\"><\/div>\n<div style=\"text-align: justify;\">Las funciones en Chill\u00e1n, ser\u00e1n presentadas en Sala Shaeffer, ubicada en 18 de Septiembre 580; mientras en Concepci\u00f3n, la cita ser\u00e1 en la Sala de Espect\u00e1culos de Artistas del Acero, ubicada en O\u2019Higgins 1255. <\/div>\n<div style=\"text-align: justify;\"><\/div>\n<div style=\"text-align: justify;\">La entrada tiene un valor general de mil pesos, y a las funciones de 12.00 hrs. han sido invitadas organizaciones e instituciones que podr\u00e1n asistir totalmente gratis.  Las  funciones est\u00e1n dirigidas a toda la familia.<\/div>\n<div style=\"text-align: justify;\"><\/div>\n<div style=\"text-align: justify;\"><\/div>\n<div style=\"text-align: justify;\">Karen Z\u00fa\u00f1iga (Producci\u00f3n Ejecutiva) 09\/74431708<\/div>\n<div style=\"text-align: justify;\">festival@vagabundotiteres.com<\/div>\n","protected":false},"excerpt":{"rendered":"<p>El lunes 12 de enero de 2009 a las 12:00 hrs. comienza el 5\u2019 Festival Internacional de T\u00edteres SURTERRA, organizado por la compa\u00f1\u00eda de Teatro de T\u00edteres Vagabundo y patrocinados por la corporaci\u00f3n cultural Artistas del Acero de Concepci\u00f3n. Este evento se realizar\u00e1 con funciones simult\u00e1neas en las ciudades de Chill\u00e1n y Concepci\u00f3n a las [&hellip;]<\/p>\n","protected":false},"author":1,"featured_media":0,"comment_status":"open","ping_status":"open","sticky":false,"template":"","format":"standard","meta":{"footnotes":""},"categories":[31,44],"tags":[],"class_list":["post-5198","post","type-post","status-publish","format-standard","hentry","category-chillan","category-eventos"],"yoast_head":"<!-- This site is optimized with the Yoast SEO plugin v25.0 - https:\/\/yoast.com\/wordpress\/plugins\/seo\/ -->\n<title>5\u00ba Festival Internacional de T\u00edteres SURTERRA - Nuestro Bio B\u00edo<\/title>\n<meta name=\"robots\" content=\"index, follow, max-snippet:-1, max-image-preview:large, max-video-preview:-1\" \/>\n<link rel=\"canonical\" href=\"https:\/\/www.fraczinet.cl\/sitio\/2009\/01\/05\/5o-festival-internacional-de-titeres-surterra\/\" \/>\n<meta property=\"og:locale\" content=\"es_ES\" \/>\n<meta property=\"og:type\" content=\"article\" \/>\n<meta property=\"og:title\" content=\"5\u00ba Festival Internacional de T\u00edteres SURTERRA - Nuestro Bio B\u00edo\" \/>\n<meta property=\"og:description\" content=\"El lunes 12 de enero de 2009 a las 12:00 hrs. comienza el 5\u2019 Festival Internacional de T\u00edteres SURTERRA, organizado por la compa\u00f1\u00eda de Teatro de T\u00edteres Vagabundo y patrocinados por la corporaci\u00f3n cultural Artistas del Acero de Concepci\u00f3n. Este evento se realizar\u00e1 con funciones simult\u00e1neas en las ciudades de Chill\u00e1n y Concepci\u00f3n a las [&hellip;]\" \/>\n<meta property=\"og:url\" content=\"https:\/\/www.fraczinet.cl\/sitio\/2009\/01\/05\/5o-festival-internacional-de-titeres-surterra\/\" \/>\n<meta property=\"og:site_name\" content=\"Nuestro Bio B\u00edo\" \/>\n<meta property=\"article:published_time\" content=\"2009-01-05T17:16:00+00:00\" \/>\n<meta property=\"og:image\" content=\"https:\/\/4.bp.blogspot.com\/_2S_RxGRVjis\/SWJBkPqbK4I\/AAAAAAAAGPo\/Xu0xeu0s3bE\/s320\/logo-internet1.GIF\" \/>\n<meta name=\"author\" content=\"admin\" \/>\n<meta name=\"twitter:card\" content=\"summary_large_image\" \/>\n<meta name=\"twitter:creator\" content=\"@nuestrobiobio\" \/>\n<meta name=\"twitter:site\" content=\"@nuestrobiobio\" \/>\n<meta name=\"twitter:label1\" content=\"Escrito por\" \/>\n\t<meta name=\"twitter:data1\" content=\"admin\" \/>\n\t<meta name=\"twitter:label2\" content=\"Tiempo de lectura\" \/>\n\t<meta name=\"twitter:data2\" content=\"1 minuto\" \/>\n<script type=\"application\/ld+json\" class=\"yoast-schema-graph\">{\"@context\":\"https:\/\/schema.org\",\"@graph\":[{\"@type\":\"Article\",\"@id\":\"https:\/\/www.fraczinet.cl\/sitio\/2009\/01\/05\/5o-festival-internacional-de-titeres-surterra\/#article\",\"isPartOf\":{\"@id\":\"https:\/\/www.fraczinet.cl\/sitio\/2009\/01\/05\/5o-festival-internacional-de-titeres-surterra\/\"},\"author\":{\"name\":\"admin\",\"@id\":\"https:\/\/www.fraczinet.cl\/sitio\/#\/schema\/person\/bc30f98e9cb10ae7e119dbe14bc93784\"},\"headline\":\"5\u00ba Festival Internacional de T\u00edteres SURTERRA\",\"datePublished\":\"2009-01-05T17:16:00+00:00\",\"mainEntityOfPage\":{\"@id\":\"https:\/\/www.fraczinet.cl\/sitio\/2009\/01\/05\/5o-festival-internacional-de-titeres-surterra\/\"},\"wordCount\":149,\"commentCount\":0,\"publisher\":{\"@id\":\"https:\/\/www.fraczinet.cl\/sitio\/#\/schema\/person\/aec8ee4da68df2b9b0eefdad24a0d582\"},\"image\":{\"@id\":\"https:\/\/www.fraczinet.cl\/sitio\/2009\/01\/05\/5o-festival-internacional-de-titeres-surterra\/#primaryimage\"},\"thumbnailUrl\":\"https:\/\/4.bp.blogspot.com\/_2S_RxGRVjis\/SWJBkPqbK4I\/AAAAAAAAGPo\/Xu0xeu0s3bE\/s320\/logo-internet1.GIF\",\"articleSection\":[\"Chill\u00e1n\",\"Eventos\"],\"inLanguage\":\"es\",\"potentialAction\":[{\"@type\":\"CommentAction\",\"name\":\"Comment\",\"target\":[\"https:\/\/www.fraczinet.cl\/sitio\/2009\/01\/05\/5o-festival-internacional-de-titeres-surterra\/#respond\"]}]},{\"@type\":\"WebPage\",\"@id\":\"https:\/\/www.fraczinet.cl\/sitio\/2009\/01\/05\/5o-festival-internacional-de-titeres-surterra\/\",\"url\":\"https:\/\/www.fraczinet.cl\/sitio\/2009\/01\/05\/5o-festival-internacional-de-titeres-surterra\/\",\"name\":\"5\u00ba Festival Internacional de T\u00edteres SURTERRA - Nuestro Bio B\u00edo\",\"isPartOf\":{\"@id\":\"https:\/\/www.fraczinet.cl\/sitio\/#website\"},\"primaryImageOfPage\":{\"@id\":\"https:\/\/www.fraczinet.cl\/sitio\/2009\/01\/05\/5o-festival-internacional-de-titeres-surterra\/#primaryimage\"},\"image\":{\"@id\":\"https:\/\/www.fraczinet.cl\/sitio\/2009\/01\/05\/5o-festival-internacional-de-titeres-surterra\/#primaryimage\"},\"thumbnailUrl\":\"https:\/\/4.bp.blogspot.com\/_2S_RxGRVjis\/SWJBkPqbK4I\/AAAAAAAAGPo\/Xu0xeu0s3bE\/s320\/logo-internet1.GIF\",\"datePublished\":\"2009-01-05T17:16:00+00:00\",\"breadcrumb\":{\"@id\":\"https:\/\/www.fraczinet.cl\/sitio\/2009\/01\/05\/5o-festival-internacional-de-titeres-surterra\/#breadcrumb\"},\"inLanguage\":\"es\",\"potentialAction\":[{\"@type\":\"ReadAction\",\"target\":[\"https:\/\/www.fraczinet.cl\/sitio\/2009\/01\/05\/5o-festival-internacional-de-titeres-surterra\/\"]}]},{\"@type\":\"ImageObject\",\"inLanguage\":\"es\",\"@id\":\"https:\/\/www.fraczinet.cl\/sitio\/2009\/01\/05\/5o-festival-internacional-de-titeres-surterra\/#primaryimage\",\"url\":\"https:\/\/4.bp.blogspot.com\/_2S_RxGRVjis\/SWJBkPqbK4I\/AAAAAAAAGPo\/Xu0xeu0s3bE\/s320\/logo-internet1.GIF\",\"contentUrl\":\"https:\/\/4.bp.blogspot.com\/_2S_RxGRVjis\/SWJBkPqbK4I\/AAAAAAAAGPo\/Xu0xeu0s3bE\/s320\/logo-internet1.GIF\"},{\"@type\":\"BreadcrumbList\",\"@id\":\"https:\/\/www.fraczinet.cl\/sitio\/2009\/01\/05\/5o-festival-internacional-de-titeres-surterra\/#breadcrumb\",\"itemListElement\":[{\"@type\":\"ListItem\",\"position\":1,\"name\":\"Portada\",\"item\":\"https:\/\/www.fraczinet.cl\/sitio\/\"},{\"@type\":\"ListItem\",\"position\":2,\"name\":\"5\u00ba Festival Internacional de T\u00edteres SURTERRA\"}]},{\"@type\":\"WebSite\",\"@id\":\"https:\/\/www.fraczinet.cl\/sitio\/#website\",\"url\":\"https:\/\/www.fraczinet.cl\/sitio\/\",\"name\":\"Nuestro Bio B\u00edo\",\"description\":\"Tierra de Encuentros\",\"publisher\":{\"@id\":\"https:\/\/www.fraczinet.cl\/sitio\/#\/schema\/person\/aec8ee4da68df2b9b0eefdad24a0d582\"},\"potentialAction\":[{\"@type\":\"SearchAction\",\"target\":{\"@type\":\"EntryPoint\",\"urlTemplate\":\"https:\/\/www.fraczinet.cl\/sitio\/?s={search_term_string}\"},\"query-input\":{\"@type\":\"PropertyValueSpecification\",\"valueRequired\":true,\"valueName\":\"search_term_string\"}}],\"inLanguage\":\"es\"},{\"@type\":[\"Person\",\"Organization\"],\"@id\":\"https:\/\/www.fraczinet.cl\/sitio\/#\/schema\/person\/aec8ee4da68df2b9b0eefdad24a0d582\",\"name\":\"Luis Fernando Fraczinet\",\"image\":{\"@type\":\"ImageObject\",\"inLanguage\":\"es\",\"@id\":\"https:\/\/www.fraczinet.cl\/sitio\/#\/schema\/person\/image\/\",\"url\":\"https:\/\/www.fraczinet.cl\/sitio\/wp-content\/uploads\/2021\/07\/bannerlogo-1.gif\",\"contentUrl\":\"https:\/\/www.fraczinet.cl\/sitio\/wp-content\/uploads\/2021\/07\/bannerlogo-1.gif\",\"width\":159,\"height\":79,\"caption\":\"Luis Fernando Fraczinet\"},\"logo\":{\"@id\":\"https:\/\/www.fraczinet.cl\/sitio\/#\/schema\/person\/image\/\"},\"sameAs\":[\"https:\/\/www.fraczinet.cl\/sitio\/\"]},{\"@type\":\"Person\",\"@id\":\"https:\/\/www.fraczinet.cl\/sitio\/#\/schema\/person\/bc30f98e9cb10ae7e119dbe14bc93784\",\"name\":\"admin\",\"image\":{\"@type\":\"ImageObject\",\"inLanguage\":\"es\",\"@id\":\"https:\/\/www.fraczinet.cl\/sitio\/#\/schema\/person\/image\/\",\"url\":\"https:\/\/secure.gravatar.com\/avatar\/d5ad3cf7ef3b23a2bb5be73be780c86b2fc8545c3ad6b149f3913ff458c00099?s=96&d=mm&r=g\",\"contentUrl\":\"https:\/\/secure.gravatar.com\/avatar\/d5ad3cf7ef3b23a2bb5be73be780c86b2fc8545c3ad6b149f3913ff458c00099?s=96&d=mm&r=g\",\"caption\":\"admin\"},\"sameAs\":[\"https:\/\/www.fraczinet.cl\/sitio\"]}]}<\/script>\n<!-- \/ Yoast SEO plugin. -->","yoast_head_json":{"title":"5\u00ba Festival Internacional de T\u00edteres SURTERRA - Nuestro Bio B\u00edo","robots":{"index":"index","follow":"follow","max-snippet":"max-snippet:-1","max-image-preview":"max-image-preview:large","max-video-preview":"max-video-preview:-1"},"canonical":"https:\/\/www.fraczinet.cl\/sitio\/2009\/01\/05\/5o-festival-internacional-de-titeres-surterra\/","og_locale":"es_ES","og_type":"article","og_title":"5\u00ba Festival Internacional de T\u00edteres SURTERRA - Nuestro Bio B\u00edo","og_description":"El lunes 12 de enero de 2009 a las 12:00 hrs. comienza el 5\u2019 Festival Internacional de T\u00edteres SURTERRA, organizado por la compa\u00f1\u00eda de Teatro de T\u00edteres Vagabundo y patrocinados por la corporaci\u00f3n cultural Artistas del Acero de Concepci\u00f3n. Este evento se realizar\u00e1 con funciones simult\u00e1neas en las ciudades de Chill\u00e1n y Concepci\u00f3n a las [&hellip;]","og_url":"https:\/\/www.fraczinet.cl\/sitio\/2009\/01\/05\/5o-festival-internacional-de-titeres-surterra\/","og_site_name":"Nuestro Bio B\u00edo","article_published_time":"2009-01-05T17:16:00+00:00","og_image":[{"url":"https:\/\/4.bp.blogspot.com\/_2S_RxGRVjis\/SWJBkPqbK4I\/AAAAAAAAGPo\/Xu0xeu0s3bE\/s320\/logo-internet1.GIF","type":"","width":"","height":""}],"author":"admin","twitter_card":"summary_large_image","twitter_creator":"@nuestrobiobio","twitter_site":"@nuestrobiobio","twitter_misc":{"Escrito por":"admin","Tiempo de lectura":"1 minuto"},"schema":{"@context":"https:\/\/schema.org","@graph":[{"@type":"Article","@id":"https:\/\/www.fraczinet.cl\/sitio\/2009\/01\/05\/5o-festival-internacional-de-titeres-surterra\/#article","isPartOf":{"@id":"https:\/\/www.fraczinet.cl\/sitio\/2009\/01\/05\/5o-festival-internacional-de-titeres-surterra\/"},"author":{"name":"admin","@id":"https:\/\/www.fraczinet.cl\/sitio\/#\/schema\/person\/bc30f98e9cb10ae7e119dbe14bc93784"},"headline":"5\u00ba Festival Internacional de T\u00edteres SURTERRA","datePublished":"2009-01-05T17:16:00+00:00","mainEntityOfPage":{"@id":"https:\/\/www.fraczinet.cl\/sitio\/2009\/01\/05\/5o-festival-internacional-de-titeres-surterra\/"},"wordCount":149,"commentCount":0,"publisher":{"@id":"https:\/\/www.fraczinet.cl\/sitio\/#\/schema\/person\/aec8ee4da68df2b9b0eefdad24a0d582"},"image":{"@id":"https:\/\/www.fraczinet.cl\/sitio\/2009\/01\/05\/5o-festival-internacional-de-titeres-surterra\/#primaryimage"},"thumbnailUrl":"https:\/\/4.bp.blogspot.com\/_2S_RxGRVjis\/SWJBkPqbK4I\/AAAAAAAAGPo\/Xu0xeu0s3bE\/s320\/logo-internet1.GIF","articleSection":["Chill\u00e1n","Eventos"],"inLanguage":"es","potentialAction":[{"@type":"CommentAction","name":"Comment","target":["https:\/\/www.fraczinet.cl\/sitio\/2009\/01\/05\/5o-festival-internacional-de-titeres-surterra\/#respond"]}]},{"@type":"WebPage","@id":"https:\/\/www.fraczinet.cl\/sitio\/2009\/01\/05\/5o-festival-internacional-de-titeres-surterra\/","url":"https:\/\/www.fraczinet.cl\/sitio\/2009\/01\/05\/5o-festival-internacional-de-titeres-surterra\/","name":"5\u00ba Festival Internacional de T\u00edteres SURTERRA - Nuestro Bio B\u00edo","isPartOf":{"@id":"https:\/\/www.fraczinet.cl\/sitio\/#website"},"primaryImageOfPage":{"@id":"https:\/\/www.fraczinet.cl\/sitio\/2009\/01\/05\/5o-festival-internacional-de-titeres-surterra\/#primaryimage"},"image":{"@id":"https:\/\/www.fraczinet.cl\/sitio\/2009\/01\/05\/5o-festival-internacional-de-titeres-surterra\/#primaryimage"},"thumbnailUrl":"https:\/\/4.bp.blogspot.com\/_2S_RxGRVjis\/SWJBkPqbK4I\/AAAAAAAAGPo\/Xu0xeu0s3bE\/s320\/logo-internet1.GIF","datePublished":"2009-01-05T17:16:00+00:00","breadcrumb":{"@id":"https:\/\/www.fraczinet.cl\/sitio\/2009\/01\/05\/5o-festival-internacional-de-titeres-surterra\/#breadcrumb"},"inLanguage":"es","potentialAction":[{"@type":"ReadAction","target":["https:\/\/www.fraczinet.cl\/sitio\/2009\/01\/05\/5o-festival-internacional-de-titeres-surterra\/"]}]},{"@type":"ImageObject","inLanguage":"es","@id":"https:\/\/www.fraczinet.cl\/sitio\/2009\/01\/05\/5o-festival-internacional-de-titeres-surterra\/#primaryimage","url":"https:\/\/4.bp.blogspot.com\/_2S_RxGRVjis\/SWJBkPqbK4I\/AAAAAAAAGPo\/Xu0xeu0s3bE\/s320\/logo-internet1.GIF","contentUrl":"https:\/\/4.bp.blogspot.com\/_2S_RxGRVjis\/SWJBkPqbK4I\/AAAAAAAAGPo\/Xu0xeu0s3bE\/s320\/logo-internet1.GIF"},{"@type":"BreadcrumbList","@id":"https:\/\/www.fraczinet.cl\/sitio\/2009\/01\/05\/5o-festival-internacional-de-titeres-surterra\/#breadcrumb","itemListElement":[{"@type":"ListItem","position":1,"name":"Portada","item":"https:\/\/www.fraczinet.cl\/sitio\/"},{"@type":"ListItem","position":2,"name":"5\u00ba Festival Internacional de T\u00edteres SURTERRA"}]},{"@type":"WebSite","@id":"https:\/\/www.fraczinet.cl\/sitio\/#website","url":"https:\/\/www.fraczinet.cl\/sitio\/","name":"Nuestro Bio B\u00edo","description":"Tierra de Encuentros","publisher":{"@id":"https:\/\/www.fraczinet.cl\/sitio\/#\/schema\/person\/aec8ee4da68df2b9b0eefdad24a0d582"},"potentialAction":[{"@type":"SearchAction","target":{"@type":"EntryPoint","urlTemplate":"https:\/\/www.fraczinet.cl\/sitio\/?s={search_term_string}"},"query-input":{"@type":"PropertyValueSpecification","valueRequired":true,"valueName":"search_term_string"}}],"inLanguage":"es"},{"@type":["Person","Organization"],"@id":"https:\/\/www.fraczinet.cl\/sitio\/#\/schema\/person\/aec8ee4da68df2b9b0eefdad24a0d582","name":"Luis Fernando Fraczinet","image":{"@type":"ImageObject","inLanguage":"es","@id":"https:\/\/www.fraczinet.cl\/sitio\/#\/schema\/person\/image\/","url":"https:\/\/www.fraczinet.cl\/sitio\/wp-content\/uploads\/2021\/07\/bannerlogo-1.gif","contentUrl":"https:\/\/www.fraczinet.cl\/sitio\/wp-content\/uploads\/2021\/07\/bannerlogo-1.gif","width":159,"height":79,"caption":"Luis Fernando Fraczinet"},"logo":{"@id":"https:\/\/www.fraczinet.cl\/sitio\/#\/schema\/person\/image\/"},"sameAs":["https:\/\/www.fraczinet.cl\/sitio\/"]},{"@type":"Person","@id":"https:\/\/www.fraczinet.cl\/sitio\/#\/schema\/person\/bc30f98e9cb10ae7e119dbe14bc93784","name":"admin","image":{"@type":"ImageObject","inLanguage":"es","@id":"https:\/\/www.fraczinet.cl\/sitio\/#\/schema\/person\/image\/","url":"https:\/\/secure.gravatar.com\/avatar\/d5ad3cf7ef3b23a2bb5be73be780c86b2fc8545c3ad6b149f3913ff458c00099?s=96&d=mm&r=g","contentUrl":"https:\/\/secure.gravatar.com\/avatar\/d5ad3cf7ef3b23a2bb5be73be780c86b2fc8545c3ad6b149f3913ff458c00099?s=96&d=mm&r=g","caption":"admin"},"sameAs":["https:\/\/www.fraczinet.cl\/sitio"]}]}},"_links":{"self":[{"href":"https:\/\/www.fraczinet.cl\/sitio\/wp-json\/wp\/v2\/posts\/5198","targetHints":{"allow":["GET"]}}],"collection":[{"href":"https:\/\/www.fraczinet.cl\/sitio\/wp-json\/wp\/v2\/posts"}],"about":[{"href":"https:\/\/www.fraczinet.cl\/sitio\/wp-json\/wp\/v2\/types\/post"}],"author":[{"embeddable":true,"href":"https:\/\/www.fraczinet.cl\/sitio\/wp-json\/wp\/v2\/users\/1"}],"replies":[{"embeddable":true,"href":"https:\/\/www.fraczinet.cl\/sitio\/wp-json\/wp\/v2\/comments?post=5198"}],"version-history":[{"count":0,"href":"https:\/\/www.fraczinet.cl\/sitio\/wp-json\/wp\/v2\/posts\/5198\/revisions"}],"wp:attachment":[{"href":"https:\/\/www.fraczinet.cl\/sitio\/wp-json\/wp\/v2\/media?parent=5198"}],"wp:term":[{"taxonomy":"category","embeddable":true,"href":"https:\/\/www.fraczinet.cl\/sitio\/wp-json\/wp\/v2\/categories?post=5198"},{"taxonomy":"post_tag","embeddable":true,"href":"https:\/\/www.fraczinet.cl\/sitio\/wp-json\/wp\/v2\/tags?post=5198"}],"curies":[{"name":"wp","href":"https:\/\/api.w.org\/{rel}","templated":true}]}}