{"id":5199,"date":"2009-01-05T15:59:00","date_gmt":"2009-01-05T15:59:00","guid":{"rendered":"https:\/\/www.fraczinet.cl\/sitio\/2009\/01\/05\/fondos-del-libro-audiovisual-y-fondart-2009\/"},"modified":"2009-01-05T15:59:00","modified_gmt":"2009-01-05T15:59:00","slug":"fondos-del-libro-audiovisual-y-fondart-2009","status":"publish","type":"post","link":"https:\/\/www.fraczinet.cl\/sitio\/2009\/01\/05\/fondos-del-libro-audiovisual-y-fondart-2009\/","title":{"rendered":"Fondos del Libro, Audiovisual y Fondart 2009"},"content":{"rendered":"<div style=\"text-align: justify;\">El Consejo Nacional de la Cultura y las Artes pone a disposici\u00f3n de la comunidad art\u00edstica y cultural las bases de concurso de tres de sus fondos 2009: Fondart, Fondo de Fomento del Libro y la Lectura y Fondo de Fomento Audiovisual. El per\u00edodo de convocatoria de los tres fondos comienza el  viernes 16 de enero con cierres seg\u00fan Fondo y L\u00ednea entre el 16 de marzo y 14 de abril. <\/div>\n<div style=\"text-align: justify;\"><\/div>\n<div style=\"text-align: justify;\">Junto con el incremento de recursos para los fondos del 2009 con respecto al 2008, el Consejo realiz\u00f3 innovaciones sustanciales como la creaci\u00f3n de nuevas l\u00edneas y modalidades de postulaci\u00f3n y un mayor \u00e9nfasis en el \u00e1mbito de la difusi\u00f3n y promoci\u00f3n, adem\u00e1s de un mejoramiento en las convocatorias. <\/div>\n<div style=\"text-align: justify;\"><\/div>\n<div style=\"text-align: justify;\">En el caso del Fondart las principales innovaciones se realizaron en la L\u00ednea de Fomento de las Artes, donde se crea una nueva Modalidad que permitir\u00e1 financiar proyectos de creaci\u00f3n con el prop\u00f3sito de promover y estimular el proceso creativo inicial de artistas y creadores, se eliminan los g\u00e9neros de postulaci\u00f3n y se crea una nueva modalidad en el \u00c1rea de Artes Visuales para la restauraci\u00f3n de obras como monumentos p\u00fablicos o privados. <\/div>\n<div style=\"text-align: justify;\"><\/div>\n<div style=\"text-align: justify;\">Asimismo se incorporan el \u00c1rea de Artesan\u00eda en los \u00e1mbitos de financiamiento nacional y regional de esta l\u00ednea de concurso y el \u00c1rea de Folclore para el \u00e1mbito regional. Adem\u00e1s se reposiciona la L\u00ednea de Desarrollo de Infraestructura Cultural en el \u00e1mbito nacional de concurso con las modalidades de habilitaci\u00f3n, reparaci\u00f3n y reparaci\u00f3n y ampliaci\u00f3n de infraestructura cultural, junto al dise\u00f1o de obra y planes de gesti\u00f3n en comunas de menos de 50.000 habitantes.<\/div>\n<div style=\"text-align: justify;\"><\/div>\n<div style=\"text-align: justify;\">Este a\u00f1o, por primera vez se habilitar\u00e1 la modalidad de ventana abierta de postulaci\u00f3n para la difusi\u00f3n de artistas y proyectos chilenos dentro y fuera del pa\u00eds <\/div>\n<div style=\"text-align: justify;\"><\/div>\n<div style=\"text-align: justify;\">El Consejo del Arte y la Industria Audiovisual a trav\u00e9s del Fondo de Fomento Audiovisual hizo su apuesta en poner \u00e9nfasis en el acceso del p\u00fablico a la cinematograf\u00eda nacional duplicando el presupuesto de la L\u00ednea de Difusi\u00f3n y creando la modalidad de Distribuci\u00f3n no tradicional de obras audiovisuales que busca promover nuevas alternativas de distribuci\u00f3n tales como la web, telefon\u00eda m\u00f3vil, etc. Adem\u00e1s en estas Bases de Concurso, a trav\u00e9s de todas las l\u00edneas, se busca promover tambi\u00e9n aquellos proyectos orientados a la conmemoraci\u00f3n del Bicentenario de la Rep\u00fablica. <\/div>\n<div style=\"text-align: justify;\"><\/div>\n<div style=\"text-align: justify;\">Por otra parte, el Fondo Nacional de Fomento del Libro y la Lectura asimismo incorpor\u00f3 en la L\u00ednea de Fomento del Libro, la Modalidad de Promoci\u00f3n y Difusi\u00f3n de Libros Chilenos tanto en mercados nacionales como internacionales. La L\u00ednea de Apoyo a la Difusi\u00f3n y las Comunicaciones incorpora iniciativas no tradicionales en la nueva modalidad de difusi\u00f3n de iniciativas y servicios destinados al fomento del libro y la lectura utilizando distintos medios. <\/div>\n<div style=\"text-align: justify;\"><\/div>\n<div style=\"text-align: justify;\">La serie de cambios realizados en los Fondos Concursables (Fondo de Fomento del Libro y la Lectura, Fondart y Fondo de Fomento Audiovisual), son parte del proceso de perfeccionamiento que ha realizado el CNCA, como una manera de lograr un mejoramiento y una mayor eficacia en los procesos de concursabilidad y postulaci\u00f3n. <\/div>\n<div style=\"text-align: justify;\"><\/div>\n<div style=\"text-align: justify;\">Los postulantes pueden bajar las bases desde el Portal Web www.consejodelacultura.cl\/fondos<\/div>\n<div style=\"text-align: justify;\"><\/div>\n<div style=\"text-align: justify;\">Per\u00edodo de Convocatoria 2009<\/div>\n<div style=\"text-align: justify;\"><\/div>\n<div style=\"text-align: justify;\">El plazo de entrega de proyectos comienza para las presentes Convocatorias el 16 de enero de 2009 y vence a las 17 horas de Chile continental, para las regiones del pa\u00eds y el extranjero, de acuerdo al siguiente detalle: <\/div>\n<div style=\"text-align: justify;\"><\/div>\n<div style=\"text-align: justify;\"><\/div>\n<div style=\"text-align: justify;\">FONDO NACIONAL DE FOMENTO DEL LIBRO Y LA LECTURA <\/div>\n<div style=\"text-align: justify;\"><\/div>\n<div style=\"text-align: justify;\">-L\u00ednea de Fomento de la Lectura: lunes 16 de marzo de 2009. <\/div>\n<div style=\"text-align: justify;\">-L\u00ednea de Fomento del Libro: lunes 16 de marzo de 2009. <\/div>\n<div style=\"text-align: justify;\">-L\u00ednea de Fomento Bibliotecario: mi\u00e9rcoles 18 de marzo de 2009. <\/div>\n<div style=\"text-align: justify;\">-L\u00ednea de Apoyo a la Difusi\u00f3n y Comunicaciones: mi\u00e9rcoles 18 de marzo de 2009. <\/div>\n<div style=\"text-align: justify;\"><\/div>\n<div style=\"text-align: justify;\">FONDO NACIONAL DE DESARROLLO CULTURAL Y LAS ARTES-FONDART <\/div>\n<div style=\"text-align: justify;\"><\/div>\n<div style=\"text-align: justify;\">-L\u00ednea de Fomento de las Artes y la Artesan\u00eda: <\/div>\n<div style=\"text-align: justify;\">\u00c1reas Fotograf\u00eda y Danza: lunes 23 de marzo de 2009.<\/div>\n<div style=\"text-align: justify;\">\u00c1reas Artes Integradas, Artes Visuales, Artesan\u00eda y Folclore: mi\u00e9rcoles 25 de marzo de 2009<\/div>\n<div style=\"text-align: justify;\">\u00c1reas Teatro y Artes Circense: viernes 27 de marzo de 2009 <\/div>\n<div style=\"text-align: justify;\">-L\u00ednea de Comunicaci\u00f3n y Extensi\u00f3n para el Fomento de las Artes y la Cultura: lunes 30 de marzo de 2009. <\/div>\n<div style=\"text-align: justify;\">-L\u00ednea Desarrollo de Infraestructura Cultural: martes 7 de abril de 2009 <\/div>\n<div style=\"text-align: justify;\">-L\u00ednea Desarrollo Cultural Regional: martes 7 de abril de 2009 <\/div>\n<div style=\"text-align: justify;\">&#8211; L\u00ednea Conservaci\u00f3n y Promoci\u00f3n del Patrimonio Cultural: jueves 2 de abril de 2009 <\/div>\n<div style=\"text-align: justify;\">&#8211; L\u00ednea Conservaci\u00f3n y Difusi\u00f3n del Patrimonio Inmaterial: jueves 2 de abril de 2009 <\/div>\n<div style=\"text-align: justify;\">&#8211; L\u00ednea Desarrollo de las Culturas Ind\u00edgenas: martes 7 de abril de 2009 <\/div>\n<div style=\"text-align: justify;\">&#8211; L\u00ednea Desarrollo de Infraestructura Cultural: martes 7 de abril de 2009 <\/div>\n<div style=\"text-align: justify;\"><\/div>\n<div style=\"text-align: justify;\">FONDO DE FOMENTO AUDIOVISUAL <\/div>\n<div style=\"text-align: justify;\">&#8211; L\u00ednea de Creaci\u00f3n de guiones: 13 de abril de 2009 <\/div>\n<div style=\"text-align: justify;\">&#8211; L\u00ednea de Producci\u00f3n de obras: 14 de abril de 2009 <\/div>\n<div style=\"text-align: justify;\">&#8211; L\u00ednea de Investigaci\u00f3n y capacitaci\u00f3n: 9 de abril de 2009 <\/div>\n<div style=\"text-align: justify;\">&#8211; L\u00ednea de Difusi\u00f3n, Exhibici\u00f3n y Distribuci\u00f3n: 9 de abril de 2009 <\/div>\n<div style=\"text-align: justify;\">&#8211; L\u00ednea de Implementaci\u00f3n de Equipamiento: 9 de abril de 2009<\/div>\n","protected":false},"excerpt":{"rendered":"<p>El Consejo Nacional de la Cultura y las Artes pone a disposici\u00f3n de la comunidad art\u00edstica y cultural las bases de concurso de tres de sus fondos 2009: Fondart, Fondo de Fomento del Libro y la Lectura y Fondo de Fomento Audiovisual. El per\u00edodo de convocatoria de los tres fondos comienza el viernes 16 de [&hellip;]<\/p>\n","protected":false},"author":1,"featured_media":0,"comment_status":"open","ping_status":"open","sticky":false,"template":"","format":"standard","meta":{"footnotes":""},"categories":[44],"tags":[],"class_list":["post-5199","post","type-post","status-publish","format-standard","hentry","category-eventos"],"yoast_head":"<!-- This site is optimized with the Yoast SEO plugin v25.0 - https:\/\/yoast.com\/wordpress\/plugins\/seo\/ -->\n<title>Fondos del Libro, Audiovisual y Fondart 2009 - Nuestro Bio B\u00edo<\/title>\n<meta name=\"robots\" content=\"index, follow, max-snippet:-1, max-image-preview:large, max-video-preview:-1\" \/>\n<link rel=\"canonical\" href=\"https:\/\/www.fraczinet.cl\/sitio\/2009\/01\/05\/fondos-del-libro-audiovisual-y-fondart-2009\/\" \/>\n<meta property=\"og:locale\" content=\"es_ES\" \/>\n<meta property=\"og:type\" content=\"article\" \/>\n<meta property=\"og:title\" content=\"Fondos del Libro, Audiovisual y Fondart 2009 - Nuestro Bio B\u00edo\" \/>\n<meta property=\"og:description\" content=\"El Consejo Nacional de la Cultura y las Artes pone a disposici\u00f3n de la comunidad art\u00edstica y cultural las bases de concurso de tres de sus fondos 2009: Fondart, Fondo de Fomento del Libro y la Lectura y Fondo de Fomento Audiovisual. El per\u00edodo de convocatoria de los tres fondos comienza el viernes 16 de [&hellip;]\" \/>\n<meta property=\"og:url\" content=\"https:\/\/www.fraczinet.cl\/sitio\/2009\/01\/05\/fondos-del-libro-audiovisual-y-fondart-2009\/\" \/>\n<meta property=\"og:site_name\" content=\"Nuestro Bio B\u00edo\" \/>\n<meta property=\"article:published_time\" content=\"2009-01-05T15:59:00+00:00\" \/>\n<meta property=\"og:image\" content=\"https:\/\/www.fraczinet.cl\/sitio\/wp-content\/uploads\/2021\/07\/bannerlogo-1.gif\" \/>\n\t<meta property=\"og:image:width\" content=\"159\" \/>\n\t<meta property=\"og:image:height\" content=\"79\" \/>\n\t<meta property=\"og:image:type\" content=\"image\/gif\" \/>\n<meta name=\"author\" content=\"admin\" \/>\n<meta name=\"twitter:card\" content=\"summary_large_image\" \/>\n<meta name=\"twitter:creator\" content=\"@nuestrobiobio\" \/>\n<meta name=\"twitter:site\" content=\"@nuestrobiobio\" \/>\n<meta name=\"twitter:label1\" content=\"Escrito por\" \/>\n\t<meta name=\"twitter:data1\" content=\"admin\" \/>\n\t<meta name=\"twitter:label2\" content=\"Tiempo de lectura\" \/>\n\t<meta name=\"twitter:data2\" content=\"4 minutos\" \/>\n<script type=\"application\/ld+json\" class=\"yoast-schema-graph\">{\"@context\":\"https:\/\/schema.org\",\"@graph\":[{\"@type\":\"Article\",\"@id\":\"https:\/\/www.fraczinet.cl\/sitio\/2009\/01\/05\/fondos-del-libro-audiovisual-y-fondart-2009\/#article\",\"isPartOf\":{\"@id\":\"https:\/\/www.fraczinet.cl\/sitio\/2009\/01\/05\/fondos-del-libro-audiovisual-y-fondart-2009\/\"},\"author\":{\"name\":\"admin\",\"@id\":\"https:\/\/www.fraczinet.cl\/sitio\/#\/schema\/person\/bc30f98e9cb10ae7e119dbe14bc93784\"},\"headline\":\"Fondos del Libro, Audiovisual y Fondart 2009\",\"datePublished\":\"2009-01-05T15:59:00+00:00\",\"mainEntityOfPage\":{\"@id\":\"https:\/\/www.fraczinet.cl\/sitio\/2009\/01\/05\/fondos-del-libro-audiovisual-y-fondart-2009\/\"},\"wordCount\":879,\"commentCount\":0,\"publisher\":{\"@id\":\"https:\/\/www.fraczinet.cl\/sitio\/#\/schema\/person\/aec8ee4da68df2b9b0eefdad24a0d582\"},\"articleSection\":[\"Eventos\"],\"inLanguage\":\"es\",\"potentialAction\":[{\"@type\":\"CommentAction\",\"name\":\"Comment\",\"target\":[\"https:\/\/www.fraczinet.cl\/sitio\/2009\/01\/05\/fondos-del-libro-audiovisual-y-fondart-2009\/#respond\"]}]},{\"@type\":\"WebPage\",\"@id\":\"https:\/\/www.fraczinet.cl\/sitio\/2009\/01\/05\/fondos-del-libro-audiovisual-y-fondart-2009\/\",\"url\":\"https:\/\/www.fraczinet.cl\/sitio\/2009\/01\/05\/fondos-del-libro-audiovisual-y-fondart-2009\/\",\"name\":\"Fondos del Libro, Audiovisual y Fondart 2009 - Nuestro Bio B\u00edo\",\"isPartOf\":{\"@id\":\"https:\/\/www.fraczinet.cl\/sitio\/#website\"},\"datePublished\":\"2009-01-05T15:59:00+00:00\",\"breadcrumb\":{\"@id\":\"https:\/\/www.fraczinet.cl\/sitio\/2009\/01\/05\/fondos-del-libro-audiovisual-y-fondart-2009\/#breadcrumb\"},\"inLanguage\":\"es\",\"potentialAction\":[{\"@type\":\"ReadAction\",\"target\":[\"https:\/\/www.fraczinet.cl\/sitio\/2009\/01\/05\/fondos-del-libro-audiovisual-y-fondart-2009\/\"]}]},{\"@type\":\"BreadcrumbList\",\"@id\":\"https:\/\/www.fraczinet.cl\/sitio\/2009\/01\/05\/fondos-del-libro-audiovisual-y-fondart-2009\/#breadcrumb\",\"itemListElement\":[{\"@type\":\"ListItem\",\"position\":1,\"name\":\"Portada\",\"item\":\"https:\/\/www.fraczinet.cl\/sitio\/\"},{\"@type\":\"ListItem\",\"position\":2,\"name\":\"Fondos del Libro, Audiovisual y Fondart 2009\"}]},{\"@type\":\"WebSite\",\"@id\":\"https:\/\/www.fraczinet.cl\/sitio\/#website\",\"url\":\"https:\/\/www.fraczinet.cl\/sitio\/\",\"name\":\"Nuestro Bio B\u00edo\",\"description\":\"Tierra de Encuentros\",\"publisher\":{\"@id\":\"https:\/\/www.fraczinet.cl\/sitio\/#\/schema\/person\/aec8ee4da68df2b9b0eefdad24a0d582\"},\"potentialAction\":[{\"@type\":\"SearchAction\",\"target\":{\"@type\":\"EntryPoint\",\"urlTemplate\":\"https:\/\/www.fraczinet.cl\/sitio\/?s={search_term_string}\"},\"query-input\":{\"@type\":\"PropertyValueSpecification\",\"valueRequired\":true,\"valueName\":\"search_term_string\"}}],\"inLanguage\":\"es\"},{\"@type\":[\"Person\",\"Organization\"],\"@id\":\"https:\/\/www.fraczinet.cl\/sitio\/#\/schema\/person\/aec8ee4da68df2b9b0eefdad24a0d582\",\"name\":\"Luis Fernando Fraczinet\",\"image\":{\"@type\":\"ImageObject\",\"inLanguage\":\"es\",\"@id\":\"https:\/\/www.fraczinet.cl\/sitio\/#\/schema\/person\/image\/\",\"url\":\"https:\/\/www.fraczinet.cl\/sitio\/wp-content\/uploads\/2021\/07\/bannerlogo-1.gif\",\"contentUrl\":\"https:\/\/www.fraczinet.cl\/sitio\/wp-content\/uploads\/2021\/07\/bannerlogo-1.gif\",\"width\":159,\"height\":79,\"caption\":\"Luis Fernando Fraczinet\"},\"logo\":{\"@id\":\"https:\/\/www.fraczinet.cl\/sitio\/#\/schema\/person\/image\/\"},\"sameAs\":[\"https:\/\/www.fraczinet.cl\/sitio\/\"]},{\"@type\":\"Person\",\"@id\":\"https:\/\/www.fraczinet.cl\/sitio\/#\/schema\/person\/bc30f98e9cb10ae7e119dbe14bc93784\",\"name\":\"admin\",\"image\":{\"@type\":\"ImageObject\",\"inLanguage\":\"es\",\"@id\":\"https:\/\/www.fraczinet.cl\/sitio\/#\/schema\/person\/image\/\",\"url\":\"https:\/\/secure.gravatar.com\/avatar\/d5ad3cf7ef3b23a2bb5be73be780c86b2fc8545c3ad6b149f3913ff458c00099?s=96&d=mm&r=g\",\"contentUrl\":\"https:\/\/secure.gravatar.com\/avatar\/d5ad3cf7ef3b23a2bb5be73be780c86b2fc8545c3ad6b149f3913ff458c00099?s=96&d=mm&r=g\",\"caption\":\"admin\"},\"sameAs\":[\"https:\/\/www.fraczinet.cl\/sitio\"]}]}<\/script>\n<!-- \/ Yoast SEO plugin. -->","yoast_head_json":{"title":"Fondos del Libro, Audiovisual y Fondart 2009 - Nuestro Bio B\u00edo","robots":{"index":"index","follow":"follow","max-snippet":"max-snippet:-1","max-image-preview":"max-image-preview:large","max-video-preview":"max-video-preview:-1"},"canonical":"https:\/\/www.fraczinet.cl\/sitio\/2009\/01\/05\/fondos-del-libro-audiovisual-y-fondart-2009\/","og_locale":"es_ES","og_type":"article","og_title":"Fondos del Libro, Audiovisual y Fondart 2009 - Nuestro Bio B\u00edo","og_description":"El Consejo Nacional de la Cultura y las Artes pone a disposici\u00f3n de la comunidad art\u00edstica y cultural las bases de concurso de tres de sus fondos 2009: Fondart, Fondo de Fomento del Libro y la Lectura y Fondo de Fomento Audiovisual. El per\u00edodo de convocatoria de los tres fondos comienza el viernes 16 de [&hellip;]","og_url":"https:\/\/www.fraczinet.cl\/sitio\/2009\/01\/05\/fondos-del-libro-audiovisual-y-fondart-2009\/","og_site_name":"Nuestro Bio B\u00edo","article_published_time":"2009-01-05T15:59:00+00:00","og_image":[{"width":159,"height":79,"url":"https:\/\/www.fraczinet.cl\/sitio\/wp-content\/uploads\/2021\/07\/bannerlogo-1.gif","type":"image\/gif"}],"author":"admin","twitter_card":"summary_large_image","twitter_creator":"@nuestrobiobio","twitter_site":"@nuestrobiobio","twitter_misc":{"Escrito por":"admin","Tiempo de lectura":"4 minutos"},"schema":{"@context":"https:\/\/schema.org","@graph":[{"@type":"Article","@id":"https:\/\/www.fraczinet.cl\/sitio\/2009\/01\/05\/fondos-del-libro-audiovisual-y-fondart-2009\/#article","isPartOf":{"@id":"https:\/\/www.fraczinet.cl\/sitio\/2009\/01\/05\/fondos-del-libro-audiovisual-y-fondart-2009\/"},"author":{"name":"admin","@id":"https:\/\/www.fraczinet.cl\/sitio\/#\/schema\/person\/bc30f98e9cb10ae7e119dbe14bc93784"},"headline":"Fondos del Libro, Audiovisual y Fondart 2009","datePublished":"2009-01-05T15:59:00+00:00","mainEntityOfPage":{"@id":"https:\/\/www.fraczinet.cl\/sitio\/2009\/01\/05\/fondos-del-libro-audiovisual-y-fondart-2009\/"},"wordCount":879,"commentCount":0,"publisher":{"@id":"https:\/\/www.fraczinet.cl\/sitio\/#\/schema\/person\/aec8ee4da68df2b9b0eefdad24a0d582"},"articleSection":["Eventos"],"inLanguage":"es","potentialAction":[{"@type":"CommentAction","name":"Comment","target":["https:\/\/www.fraczinet.cl\/sitio\/2009\/01\/05\/fondos-del-libro-audiovisual-y-fondart-2009\/#respond"]}]},{"@type":"WebPage","@id":"https:\/\/www.fraczinet.cl\/sitio\/2009\/01\/05\/fondos-del-libro-audiovisual-y-fondart-2009\/","url":"https:\/\/www.fraczinet.cl\/sitio\/2009\/01\/05\/fondos-del-libro-audiovisual-y-fondart-2009\/","name":"Fondos del Libro, Audiovisual y Fondart 2009 - Nuestro Bio B\u00edo","isPartOf":{"@id":"https:\/\/www.fraczinet.cl\/sitio\/#website"},"datePublished":"2009-01-05T15:59:00+00:00","breadcrumb":{"@id":"https:\/\/www.fraczinet.cl\/sitio\/2009\/01\/05\/fondos-del-libro-audiovisual-y-fondart-2009\/#breadcrumb"},"inLanguage":"es","potentialAction":[{"@type":"ReadAction","target":["https:\/\/www.fraczinet.cl\/sitio\/2009\/01\/05\/fondos-del-libro-audiovisual-y-fondart-2009\/"]}]},{"@type":"BreadcrumbList","@id":"https:\/\/www.fraczinet.cl\/sitio\/2009\/01\/05\/fondos-del-libro-audiovisual-y-fondart-2009\/#breadcrumb","itemListElement":[{"@type":"ListItem","position":1,"name":"Portada","item":"https:\/\/www.fraczinet.cl\/sitio\/"},{"@type":"ListItem","position":2,"name":"Fondos del Libro, Audiovisual y Fondart 2009"}]},{"@type":"WebSite","@id":"https:\/\/www.fraczinet.cl\/sitio\/#website","url":"https:\/\/www.fraczinet.cl\/sitio\/","name":"Nuestro Bio B\u00edo","description":"Tierra de Encuentros","publisher":{"@id":"https:\/\/www.fraczinet.cl\/sitio\/#\/schema\/person\/aec8ee4da68df2b9b0eefdad24a0d582"},"potentialAction":[{"@type":"SearchAction","target":{"@type":"EntryPoint","urlTemplate":"https:\/\/www.fraczinet.cl\/sitio\/?s={search_term_string}"},"query-input":{"@type":"PropertyValueSpecification","valueRequired":true,"valueName":"search_term_string"}}],"inLanguage":"es"},{"@type":["Person","Organization"],"@id":"https:\/\/www.fraczinet.cl\/sitio\/#\/schema\/person\/aec8ee4da68df2b9b0eefdad24a0d582","name":"Luis Fernando Fraczinet","image":{"@type":"ImageObject","inLanguage":"es","@id":"https:\/\/www.fraczinet.cl\/sitio\/#\/schema\/person\/image\/","url":"https:\/\/www.fraczinet.cl\/sitio\/wp-content\/uploads\/2021\/07\/bannerlogo-1.gif","contentUrl":"https:\/\/www.fraczinet.cl\/sitio\/wp-content\/uploads\/2021\/07\/bannerlogo-1.gif","width":159,"height":79,"caption":"Luis Fernando Fraczinet"},"logo":{"@id":"https:\/\/www.fraczinet.cl\/sitio\/#\/schema\/person\/image\/"},"sameAs":["https:\/\/www.fraczinet.cl\/sitio\/"]},{"@type":"Person","@id":"https:\/\/www.fraczinet.cl\/sitio\/#\/schema\/person\/bc30f98e9cb10ae7e119dbe14bc93784","name":"admin","image":{"@type":"ImageObject","inLanguage":"es","@id":"https:\/\/www.fraczinet.cl\/sitio\/#\/schema\/person\/image\/","url":"https:\/\/secure.gravatar.com\/avatar\/d5ad3cf7ef3b23a2bb5be73be780c86b2fc8545c3ad6b149f3913ff458c00099?s=96&d=mm&r=g","contentUrl":"https:\/\/secure.gravatar.com\/avatar\/d5ad3cf7ef3b23a2bb5be73be780c86b2fc8545c3ad6b149f3913ff458c00099?s=96&d=mm&r=g","caption":"admin"},"sameAs":["https:\/\/www.fraczinet.cl\/sitio"]}]}},"_links":{"self":[{"href":"https:\/\/www.fraczinet.cl\/sitio\/wp-json\/wp\/v2\/posts\/5199","targetHints":{"allow":["GET"]}}],"collection":[{"href":"https:\/\/www.fraczinet.cl\/sitio\/wp-json\/wp\/v2\/posts"}],"about":[{"href":"https:\/\/www.fraczinet.cl\/sitio\/wp-json\/wp\/v2\/types\/post"}],"author":[{"embeddable":true,"href":"https:\/\/www.fraczinet.cl\/sitio\/wp-json\/wp\/v2\/users\/1"}],"replies":[{"embeddable":true,"href":"https:\/\/www.fraczinet.cl\/sitio\/wp-json\/wp\/v2\/comments?post=5199"}],"version-history":[{"count":0,"href":"https:\/\/www.fraczinet.cl\/sitio\/wp-json\/wp\/v2\/posts\/5199\/revisions"}],"wp:attachment":[{"href":"https:\/\/www.fraczinet.cl\/sitio\/wp-json\/wp\/v2\/media?parent=5199"}],"wp:term":[{"taxonomy":"category","embeddable":true,"href":"https:\/\/www.fraczinet.cl\/sitio\/wp-json\/wp\/v2\/categories?post=5199"},{"taxonomy":"post_tag","embeddable":true,"href":"https:\/\/www.fraczinet.cl\/sitio\/wp-json\/wp\/v2\/tags?post=5199"}],"curies":[{"name":"wp","href":"https:\/\/api.w.org\/{rel}","templated":true}]}}