{"id":5202,"date":"2008-12-28T21:36:00","date_gmt":"2008-12-28T21:36:00","guid":{"rendered":"https:\/\/www.fraczinet.cl\/sitio\/2008\/12\/28\/carta-abierta-al-mundo-de-las-artes-y-la-cultura\/"},"modified":"2008-12-28T21:36:00","modified_gmt":"2008-12-28T21:36:00","slug":"carta-abierta-al-mundo-de-las-artes-y-la-cultura","status":"publish","type":"post","link":"https:\/\/www.fraczinet.cl\/sitio\/2008\/12\/28\/carta-abierta-al-mundo-de-las-artes-y-la-cultura\/","title":{"rendered":"Carta abierta al Mundo de las Artes y la Cultura"},"content":{"rendered":"<div style=\"text-align: justify;\">Estimados Amigas y Amigos de la Cultura y Las Artes<\/div>\n<div style=\"text-align: justify;\"><\/div>\n<div style=\"text-align: justify;\">En el mes de octubre de este a\u00f1o que culmina, un grupo de personas ligadas al mundo de las Artes y la Cultura iniciamos, lo que con mucho esfuerzo consideramos un gran logro, un proceso de formaci\u00f3n del Consejo Provincial de la Cultura \u2013 Bio B\u00edo, organizaci\u00f3n con alcance provincial y cuya misi\u00f3n es la de propender, mediante sus acciones, el desarrollo de las Artes y la Cultura en todo el territorio de la Provincia de Bio B\u00edo, vinculando las necesidades de todos los actores del mundo de las Artes y la Cultura con los instrumentos de desarrollo y fomento destinados para ello, a trav\u00e9s de una plataforma de trabajo integrado por todas las ramas de las artes y la cultura.<\/div>\n<div style=\"text-align: justify;\"><\/div>\n<div style=\"text-align: justify;\">La primera de las actividades desarrolladas fue la de convocar a una asamblea abierta a toda la provincia la cual fue desarrollada el 13 de diciembre en dependencias de la Universidad de Concepci\u00f3n. Ante los asistentes se plante\u00f3 la necesidad de esta organizaci\u00f3n, la l\u00ednea de trabajo que se debe seguir en esta etapa de fortalecimiento del Consejo y un acuerdo para la elecci\u00f3n de un Directorio Transitorio integrado por una amplia gama de actores de las Artes y la Cultura.<\/div>\n<div style=\"text-align: justify;\"><\/div>\n<div style=\"text-align: justify;\">Este directorio tendr\u00e1 validez hasta el mes de marzo de 2009 cuando se vuelva a convocar a una nueva Asamblea Provincial, ocasi\u00f3n donde se elegir\u00e1 un directorio definitivo, se propondr\u00e1n los estatutos de la organizaci\u00f3n y podamos disponer de un perfil cultural de la Provincia de Bio B\u00edo que determine el estado actual y potencial de las Artes y la Cultura y nos permita seguir una l\u00ednea de trabajo enfocada en las principales necesidades de desarrollo cultural de Nuestra Provincia.<\/div>\n<div style=\"text-align: justify;\"><\/div>\n<div style=\"text-align: justify;\">La tarea a la que nos abocamos para este nuevo a\u00f1o est\u00e1n en el fortalecimiento de nuestra principal herramienta de trabajo: Nuestra Capacidad de Comunicaci\u00f3n para enfrentar nuestras necesidades, desarrollar nuestras ideas y difundir nuestro trabajo. El potencial del Consejo est\u00e1 dado por quienes lo integran, el tiempo que le dedicamos a su fortalecimiento y la representatividad para ser la voz de nuestro trabajo.<\/div>\n<div style=\"text-align: justify;\"><\/div>\n<div style=\"text-align: justify;\">Como se mencion\u00f3, una de las labores es el de desarrollar un perfil cultural de la Provincia de Bio B\u00edo y este ser\u00e1 la base para enfrentar las necesidades culturales de la provincia, para ello en nuestro Blog hemos publicado el listado de personas que actuar\u00e1n como v\u00ednculo para cada una de las comunas de Bio B\u00edo.<\/div>\n<div style=\"text-align: justify;\"><\/div>\n<div style=\"text-align: justify;\">La comunidad del Arte y la Cultura inicia esta labor, dando los primeros pasos hacia el fortalecimiento del trabajo realizado por los propios artistas, gestores culturales, conjuntos folkl\u00f3ricos y organizaciones que en su \u00e1rea tem\u00e1tica y territorial dan vida a Nuestra Provincia. <\/div>\n<div style=\"text-align: justify;\"><\/div>\n<div style=\"text-align: justify;\">Presidente<\/div>\n<div style=\"text-align: justify;\">Luis Fraczinet Ch.; Portal Nuestro Bio B\u00edo.cl<\/div>\n<div style=\"text-align: justify;\"><\/div>\n<div style=\"text-align: justify;\">Vice Presidenta<\/div>\n<div style=\"text-align: justify;\">Mariela Belmar P.; Agrupaci\u00f3n Teatral Perfiles y Siluetas<\/div>\n<div style=\"text-align: justify;\"><\/div>\n<div style=\"text-align: justify;\">Secretario<\/div>\n<div style=\"text-align: justify;\">Jorge Hevia H.; Escritor<\/div>\n<div style=\"text-align: justify;\"><\/div>\n<div style=\"text-align: justify;\">1\u00ba Consejero<\/div>\n<div style=\"text-align: justify;\">Mel Morel; Artista Visual<\/div>\n<div style=\"text-align: justify;\"><\/div>\n<div style=\"text-align: justify;\">2\u00ba Consejero<\/div>\n<div style=\"text-align: justify;\">Patricia M\u00e9ndez; Centro Cultural 7 Ramas<\/div>\n<div style=\"text-align: justify;\"><\/div>\n<div style=\"text-align: justify;\">3\u00ba Consejero<\/div>\n<div style=\"text-align: justify;\">Miguel Moya E.; M\u00fasico<\/div>\n<div style=\"text-align: justify;\"><\/div>\n<div style=\"text-align: justify;\">Contacto<\/div>\n<div style=\"text-align: justify;\">Email: info@nuestrobiobio.cl<\/div>\n<div style=\"text-align: justify;\">Blog del Consejo: <a href=\"http:\/\/consejobiobio.blogspot.com\/\">http:\/\/consejobiobio.blogspot.com<\/a><\/div>\n","protected":false},"excerpt":{"rendered":"<p>Estimados Amigas y Amigos de la Cultura y Las Artes En el mes de octubre de este a\u00f1o que culmina, un grupo de personas ligadas al mundo de las Artes y la Cultura iniciamos, lo que con mucho esfuerzo consideramos un gran logro, un proceso de formaci\u00f3n del Consejo Provincial de la Cultura \u2013 Bio [&hellip;]<\/p>\n","protected":false},"author":1,"featured_media":0,"comment_status":"open","ping_status":"open","sticky":false,"template":"","format":"standard","meta":{"footnotes":""},"categories":[30],"tags":[],"class_list":["post-5202","post","type-post","status-publish","format-standard","hentry","category-creadores"],"yoast_head":"<!-- This site is optimized with the Yoast SEO plugin v25.0 - https:\/\/yoast.com\/wordpress\/plugins\/seo\/ -->\n<title>Carta abierta al Mundo de las Artes y la Cultura - Nuestro Bio B\u00edo<\/title>\n<meta name=\"robots\" content=\"index, follow, max-snippet:-1, max-image-preview:large, max-video-preview:-1\" \/>\n<link rel=\"canonical\" href=\"https:\/\/www.fraczinet.cl\/sitio\/2008\/12\/28\/carta-abierta-al-mundo-de-las-artes-y-la-cultura\/\" \/>\n<meta property=\"og:locale\" content=\"es_ES\" \/>\n<meta property=\"og:type\" content=\"article\" \/>\n<meta property=\"og:title\" content=\"Carta abierta al Mundo de las Artes y la Cultura - Nuestro Bio B\u00edo\" \/>\n<meta property=\"og:description\" content=\"Estimados Amigas y Amigos de la Cultura y Las Artes En el mes de octubre de este a\u00f1o que culmina, un grupo de personas ligadas al mundo de las Artes y la Cultura iniciamos, lo que con mucho esfuerzo consideramos un gran logro, un proceso de formaci\u00f3n del Consejo Provincial de la Cultura \u2013 Bio [&hellip;]\" \/>\n<meta property=\"og:url\" content=\"https:\/\/www.fraczinet.cl\/sitio\/2008\/12\/28\/carta-abierta-al-mundo-de-las-artes-y-la-cultura\/\" \/>\n<meta property=\"og:site_name\" content=\"Nuestro Bio B\u00edo\" \/>\n<meta property=\"article:published_time\" content=\"2008-12-28T21:36:00+00:00\" \/>\n<meta property=\"og:image\" content=\"https:\/\/www.fraczinet.cl\/sitio\/wp-content\/uploads\/2021\/07\/bannerlogo-1.gif\" \/>\n\t<meta property=\"og:image:width\" content=\"159\" \/>\n\t<meta property=\"og:image:height\" content=\"79\" \/>\n\t<meta property=\"og:image:type\" content=\"image\/gif\" \/>\n<meta name=\"author\" content=\"admin\" \/>\n<meta name=\"twitter:card\" content=\"summary_large_image\" \/>\n<meta name=\"twitter:creator\" content=\"@nuestrobiobio\" \/>\n<meta name=\"twitter:site\" content=\"@nuestrobiobio\" \/>\n<meta name=\"twitter:label1\" content=\"Escrito por\" \/>\n\t<meta name=\"twitter:data1\" content=\"admin\" \/>\n\t<meta name=\"twitter:label2\" content=\"Tiempo de lectura\" \/>\n\t<meta name=\"twitter:data2\" content=\"3 minutos\" \/>\n<script type=\"application\/ld+json\" class=\"yoast-schema-graph\">{\"@context\":\"https:\/\/schema.org\",\"@graph\":[{\"@type\":\"Article\",\"@id\":\"https:\/\/www.fraczinet.cl\/sitio\/2008\/12\/28\/carta-abierta-al-mundo-de-las-artes-y-la-cultura\/#article\",\"isPartOf\":{\"@id\":\"https:\/\/www.fraczinet.cl\/sitio\/2008\/12\/28\/carta-abierta-al-mundo-de-las-artes-y-la-cultura\/\"},\"author\":{\"name\":\"admin\",\"@id\":\"https:\/\/www.fraczinet.cl\/sitio\/#\/schema\/person\/bc30f98e9cb10ae7e119dbe14bc93784\"},\"headline\":\"Carta abierta al Mundo de las Artes y la Cultura\",\"datePublished\":\"2008-12-28T21:36:00+00:00\",\"mainEntityOfPage\":{\"@id\":\"https:\/\/www.fraczinet.cl\/sitio\/2008\/12\/28\/carta-abierta-al-mundo-de-las-artes-y-la-cultura\/\"},\"wordCount\":543,\"commentCount\":0,\"publisher\":{\"@id\":\"https:\/\/www.fraczinet.cl\/sitio\/#\/schema\/person\/aec8ee4da68df2b9b0eefdad24a0d582\"},\"articleSection\":[\"Creadores\"],\"inLanguage\":\"es\",\"potentialAction\":[{\"@type\":\"CommentAction\",\"name\":\"Comment\",\"target\":[\"https:\/\/www.fraczinet.cl\/sitio\/2008\/12\/28\/carta-abierta-al-mundo-de-las-artes-y-la-cultura\/#respond\"]}]},{\"@type\":\"WebPage\",\"@id\":\"https:\/\/www.fraczinet.cl\/sitio\/2008\/12\/28\/carta-abierta-al-mundo-de-las-artes-y-la-cultura\/\",\"url\":\"https:\/\/www.fraczinet.cl\/sitio\/2008\/12\/28\/carta-abierta-al-mundo-de-las-artes-y-la-cultura\/\",\"name\":\"Carta abierta al Mundo de las Artes y la Cultura - Nuestro Bio B\u00edo\",\"isPartOf\":{\"@id\":\"https:\/\/www.fraczinet.cl\/sitio\/#website\"},\"datePublished\":\"2008-12-28T21:36:00+00:00\",\"breadcrumb\":{\"@id\":\"https:\/\/www.fraczinet.cl\/sitio\/2008\/12\/28\/carta-abierta-al-mundo-de-las-artes-y-la-cultura\/#breadcrumb\"},\"inLanguage\":\"es\",\"potentialAction\":[{\"@type\":\"ReadAction\",\"target\":[\"https:\/\/www.fraczinet.cl\/sitio\/2008\/12\/28\/carta-abierta-al-mundo-de-las-artes-y-la-cultura\/\"]}]},{\"@type\":\"BreadcrumbList\",\"@id\":\"https:\/\/www.fraczinet.cl\/sitio\/2008\/12\/28\/carta-abierta-al-mundo-de-las-artes-y-la-cultura\/#breadcrumb\",\"itemListElement\":[{\"@type\":\"ListItem\",\"position\":1,\"name\":\"Portada\",\"item\":\"https:\/\/www.fraczinet.cl\/sitio\/\"},{\"@type\":\"ListItem\",\"position\":2,\"name\":\"Carta abierta al Mundo de las Artes y la Cultura\"}]},{\"@type\":\"WebSite\",\"@id\":\"https:\/\/www.fraczinet.cl\/sitio\/#website\",\"url\":\"https:\/\/www.fraczinet.cl\/sitio\/\",\"name\":\"Nuestro Bio B\u00edo\",\"description\":\"Tierra de Encuentros\",\"publisher\":{\"@id\":\"https:\/\/www.fraczinet.cl\/sitio\/#\/schema\/person\/aec8ee4da68df2b9b0eefdad24a0d582\"},\"potentialAction\":[{\"@type\":\"SearchAction\",\"target\":{\"@type\":\"EntryPoint\",\"urlTemplate\":\"https:\/\/www.fraczinet.cl\/sitio\/?s={search_term_string}\"},\"query-input\":{\"@type\":\"PropertyValueSpecification\",\"valueRequired\":true,\"valueName\":\"search_term_string\"}}],\"inLanguage\":\"es\"},{\"@type\":[\"Person\",\"Organization\"],\"@id\":\"https:\/\/www.fraczinet.cl\/sitio\/#\/schema\/person\/aec8ee4da68df2b9b0eefdad24a0d582\",\"name\":\"Luis Fernando Fraczinet\",\"image\":{\"@type\":\"ImageObject\",\"inLanguage\":\"es\",\"@id\":\"https:\/\/www.fraczinet.cl\/sitio\/#\/schema\/person\/image\/\",\"url\":\"https:\/\/www.fraczinet.cl\/sitio\/wp-content\/uploads\/2021\/07\/bannerlogo-1.gif\",\"contentUrl\":\"https:\/\/www.fraczinet.cl\/sitio\/wp-content\/uploads\/2021\/07\/bannerlogo-1.gif\",\"width\":159,\"height\":79,\"caption\":\"Luis Fernando Fraczinet\"},\"logo\":{\"@id\":\"https:\/\/www.fraczinet.cl\/sitio\/#\/schema\/person\/image\/\"},\"sameAs\":[\"https:\/\/www.fraczinet.cl\/sitio\/\"]},{\"@type\":\"Person\",\"@id\":\"https:\/\/www.fraczinet.cl\/sitio\/#\/schema\/person\/bc30f98e9cb10ae7e119dbe14bc93784\",\"name\":\"admin\",\"image\":{\"@type\":\"ImageObject\",\"inLanguage\":\"es\",\"@id\":\"https:\/\/www.fraczinet.cl\/sitio\/#\/schema\/person\/image\/\",\"url\":\"https:\/\/secure.gravatar.com\/avatar\/d5ad3cf7ef3b23a2bb5be73be780c86b2fc8545c3ad6b149f3913ff458c00099?s=96&d=mm&r=g\",\"contentUrl\":\"https:\/\/secure.gravatar.com\/avatar\/d5ad3cf7ef3b23a2bb5be73be780c86b2fc8545c3ad6b149f3913ff458c00099?s=96&d=mm&r=g\",\"caption\":\"admin\"},\"sameAs\":[\"https:\/\/www.fraczinet.cl\/sitio\"]}]}<\/script>\n<!-- \/ Yoast SEO plugin. -->","yoast_head_json":{"title":"Carta abierta al Mundo de las Artes y la Cultura - Nuestro Bio B\u00edo","robots":{"index":"index","follow":"follow","max-snippet":"max-snippet:-1","max-image-preview":"max-image-preview:large","max-video-preview":"max-video-preview:-1"},"canonical":"https:\/\/www.fraczinet.cl\/sitio\/2008\/12\/28\/carta-abierta-al-mundo-de-las-artes-y-la-cultura\/","og_locale":"es_ES","og_type":"article","og_title":"Carta abierta al Mundo de las Artes y la Cultura - Nuestro Bio B\u00edo","og_description":"Estimados Amigas y Amigos de la Cultura y Las Artes En el mes de octubre de este a\u00f1o que culmina, un grupo de personas ligadas al mundo de las Artes y la Cultura iniciamos, lo que con mucho esfuerzo consideramos un gran logro, un proceso de formaci\u00f3n del Consejo Provincial de la Cultura \u2013 Bio [&hellip;]","og_url":"https:\/\/www.fraczinet.cl\/sitio\/2008\/12\/28\/carta-abierta-al-mundo-de-las-artes-y-la-cultura\/","og_site_name":"Nuestro Bio B\u00edo","article_published_time":"2008-12-28T21:36:00+00:00","og_image":[{"width":159,"height":79,"url":"https:\/\/www.fraczinet.cl\/sitio\/wp-content\/uploads\/2021\/07\/bannerlogo-1.gif","type":"image\/gif"}],"author":"admin","twitter_card":"summary_large_image","twitter_creator":"@nuestrobiobio","twitter_site":"@nuestrobiobio","twitter_misc":{"Escrito por":"admin","Tiempo de lectura":"3 minutos"},"schema":{"@context":"https:\/\/schema.org","@graph":[{"@type":"Article","@id":"https:\/\/www.fraczinet.cl\/sitio\/2008\/12\/28\/carta-abierta-al-mundo-de-las-artes-y-la-cultura\/#article","isPartOf":{"@id":"https:\/\/www.fraczinet.cl\/sitio\/2008\/12\/28\/carta-abierta-al-mundo-de-las-artes-y-la-cultura\/"},"author":{"name":"admin","@id":"https:\/\/www.fraczinet.cl\/sitio\/#\/schema\/person\/bc30f98e9cb10ae7e119dbe14bc93784"},"headline":"Carta abierta al Mundo de las Artes y la Cultura","datePublished":"2008-12-28T21:36:00+00:00","mainEntityOfPage":{"@id":"https:\/\/www.fraczinet.cl\/sitio\/2008\/12\/28\/carta-abierta-al-mundo-de-las-artes-y-la-cultura\/"},"wordCount":543,"commentCount":0,"publisher":{"@id":"https:\/\/www.fraczinet.cl\/sitio\/#\/schema\/person\/aec8ee4da68df2b9b0eefdad24a0d582"},"articleSection":["Creadores"],"inLanguage":"es","potentialAction":[{"@type":"CommentAction","name":"Comment","target":["https:\/\/www.fraczinet.cl\/sitio\/2008\/12\/28\/carta-abierta-al-mundo-de-las-artes-y-la-cultura\/#respond"]}]},{"@type":"WebPage","@id":"https:\/\/www.fraczinet.cl\/sitio\/2008\/12\/28\/carta-abierta-al-mundo-de-las-artes-y-la-cultura\/","url":"https:\/\/www.fraczinet.cl\/sitio\/2008\/12\/28\/carta-abierta-al-mundo-de-las-artes-y-la-cultura\/","name":"Carta abierta al Mundo de las Artes y la Cultura - Nuestro Bio B\u00edo","isPartOf":{"@id":"https:\/\/www.fraczinet.cl\/sitio\/#website"},"datePublished":"2008-12-28T21:36:00+00:00","breadcrumb":{"@id":"https:\/\/www.fraczinet.cl\/sitio\/2008\/12\/28\/carta-abierta-al-mundo-de-las-artes-y-la-cultura\/#breadcrumb"},"inLanguage":"es","potentialAction":[{"@type":"ReadAction","target":["https:\/\/www.fraczinet.cl\/sitio\/2008\/12\/28\/carta-abierta-al-mundo-de-las-artes-y-la-cultura\/"]}]},{"@type":"BreadcrumbList","@id":"https:\/\/www.fraczinet.cl\/sitio\/2008\/12\/28\/carta-abierta-al-mundo-de-las-artes-y-la-cultura\/#breadcrumb","itemListElement":[{"@type":"ListItem","position":1,"name":"Portada","item":"https:\/\/www.fraczinet.cl\/sitio\/"},{"@type":"ListItem","position":2,"name":"Carta abierta al Mundo de las Artes y la Cultura"}]},{"@type":"WebSite","@id":"https:\/\/www.fraczinet.cl\/sitio\/#website","url":"https:\/\/www.fraczinet.cl\/sitio\/","name":"Nuestro Bio B\u00edo","description":"Tierra de Encuentros","publisher":{"@id":"https:\/\/www.fraczinet.cl\/sitio\/#\/schema\/person\/aec8ee4da68df2b9b0eefdad24a0d582"},"potentialAction":[{"@type":"SearchAction","target":{"@type":"EntryPoint","urlTemplate":"https:\/\/www.fraczinet.cl\/sitio\/?s={search_term_string}"},"query-input":{"@type":"PropertyValueSpecification","valueRequired":true,"valueName":"search_term_string"}}],"inLanguage":"es"},{"@type":["Person","Organization"],"@id":"https:\/\/www.fraczinet.cl\/sitio\/#\/schema\/person\/aec8ee4da68df2b9b0eefdad24a0d582","name":"Luis Fernando Fraczinet","image":{"@type":"ImageObject","inLanguage":"es","@id":"https:\/\/www.fraczinet.cl\/sitio\/#\/schema\/person\/image\/","url":"https:\/\/www.fraczinet.cl\/sitio\/wp-content\/uploads\/2021\/07\/bannerlogo-1.gif","contentUrl":"https:\/\/www.fraczinet.cl\/sitio\/wp-content\/uploads\/2021\/07\/bannerlogo-1.gif","width":159,"height":79,"caption":"Luis Fernando Fraczinet"},"logo":{"@id":"https:\/\/www.fraczinet.cl\/sitio\/#\/schema\/person\/image\/"},"sameAs":["https:\/\/www.fraczinet.cl\/sitio\/"]},{"@type":"Person","@id":"https:\/\/www.fraczinet.cl\/sitio\/#\/schema\/person\/bc30f98e9cb10ae7e119dbe14bc93784","name":"admin","image":{"@type":"ImageObject","inLanguage":"es","@id":"https:\/\/www.fraczinet.cl\/sitio\/#\/schema\/person\/image\/","url":"https:\/\/secure.gravatar.com\/avatar\/d5ad3cf7ef3b23a2bb5be73be780c86b2fc8545c3ad6b149f3913ff458c00099?s=96&d=mm&r=g","contentUrl":"https:\/\/secure.gravatar.com\/avatar\/d5ad3cf7ef3b23a2bb5be73be780c86b2fc8545c3ad6b149f3913ff458c00099?s=96&d=mm&r=g","caption":"admin"},"sameAs":["https:\/\/www.fraczinet.cl\/sitio"]}]}},"_links":{"self":[{"href":"https:\/\/www.fraczinet.cl\/sitio\/wp-json\/wp\/v2\/posts\/5202","targetHints":{"allow":["GET"]}}],"collection":[{"href":"https:\/\/www.fraczinet.cl\/sitio\/wp-json\/wp\/v2\/posts"}],"about":[{"href":"https:\/\/www.fraczinet.cl\/sitio\/wp-json\/wp\/v2\/types\/post"}],"author":[{"embeddable":true,"href":"https:\/\/www.fraczinet.cl\/sitio\/wp-json\/wp\/v2\/users\/1"}],"replies":[{"embeddable":true,"href":"https:\/\/www.fraczinet.cl\/sitio\/wp-json\/wp\/v2\/comments?post=5202"}],"version-history":[{"count":0,"href":"https:\/\/www.fraczinet.cl\/sitio\/wp-json\/wp\/v2\/posts\/5202\/revisions"}],"wp:attachment":[{"href":"https:\/\/www.fraczinet.cl\/sitio\/wp-json\/wp\/v2\/media?parent=5202"}],"wp:term":[{"taxonomy":"category","embeddable":true,"href":"https:\/\/www.fraczinet.cl\/sitio\/wp-json\/wp\/v2\/categories?post=5202"},{"taxonomy":"post_tag","embeddable":true,"href":"https:\/\/www.fraczinet.cl\/sitio\/wp-json\/wp\/v2\/tags?post=5202"}],"curies":[{"name":"wp","href":"https:\/\/api.w.org\/{rel}","templated":true}]}}