{"id":5203,"date":"2008-12-28T21:15:00","date_gmt":"2008-12-28T21:15:00","guid":{"rendered":"https:\/\/www.fraczinet.cl\/sitio\/2008\/12\/28\/el-centro-cultural-para-coronel-ya-es-realidad\/"},"modified":"2022-10-06T00:39:53","modified_gmt":"2022-10-06T00:39:53","slug":"el-centro-cultural-para-coronel-ya-es-realidad","status":"publish","type":"post","link":"https:\/\/www.fraczinet.cl\/sitio\/2008\/12\/28\/el-centro-cultural-para-coronel-ya-es-realidad\/","title":{"rendered":"El Centro Cultural para Coronel ya es realidad"},"content":{"rendered":"<div style=\"text-align: justify;\">El pasado mes de septiembre, la Ministra Presidenta del Consejo Nacional de la Cultura y las Artes, Paulina Urrutia Fern\u00e1ndez, visit\u00f3 la comuna de Coronel para firmar el convenio de  compra del antiguo Cine de la ciudad.<\/div>\n<div style=\"text-align: justify;\"><\/div>\n<div style=\"text-align: justify;\">Este martes 30 de diciembre, a las 15: 00 hrs., la compra se concretar\u00e1 en instancias que la autoridad visita nuevamente la zona para hacer la entrega oficial de los recursos que har\u00e1n posible la adquisici\u00f3n del inmueble por parte del Municipio.<\/div>\n<div style=\"text-align: justify;\"><\/div>\n<div style=\"text-align: justify;\">Cabe recordar, que esta iniciativa se enmarca en el Programa de Centros Culturales impulsado por la Presidenta de la Rep\u00fablica, Michelle Bachelet, cuya meta es dotar a todas las comunas de m\u00e1s de 50 mil habitantes de un centro cultural de calidad.<\/div>\n<div style=\"text-align: justify;\"><\/div>\n<div style=\"text-align: justify;\">Por otro lado, en el marco del Programa Creando Chile en Mi Barrio, la Ministra de Cultura realizar\u00e1 un recorrido patrimonial por los lugares hist\u00f3ricos del Barrio Schwager, en el cual visitar\u00e1 los Hornos Comunitarios, la Parroquia Jes\u00fas Obrero (donde, adem\u00e1s, podr\u00e1 apreciar los trabajos realizados por los vecinos de Schwager en el Taller de Vitral), y el Chifl\u00f3n Puchoco.<\/div>\n<div style=\"text-align: justify;\"><\/div>\n<div style=\"text-align: justify;\">Asimismo, se le presentar\u00e1 el proyecto que pretende convertir a Schwager en la Primera Zona T\u00edpica del Carb\u00f3n del pa\u00eds, y el cual se inserta en el Plan Estrat\u00e9gico Regional dentro del Territorio de Reconversi\u00f3n, aportando al objetivo de dar impulso a la creaci\u00f3n de nuevas fuentes laborales, asociadas al turismo cultural entorno al rescate del Patrimonio.<\/div>\n","protected":false},"excerpt":{"rendered":"<p>El pasado mes de septiembre, la Ministra Presidenta del Consejo Nacional de la Cultura y las Artes, Paulina Urrutia Fern\u00e1ndez, visit\u00f3 la comuna de Coronel para firmar el convenio de compra del antiguo Cine de la ciudad. Este martes 30 de diciembre, a las 15: 00 hrs., la compra se concretar\u00e1 en instancias que la [&hellip;]<\/p>\n","protected":false},"author":1,"featured_media":0,"comment_status":"open","ping_status":"open","sticky":false,"template":"","format":"standard","meta":{"footnotes":""},"categories":[30,86],"tags":[],"class_list":["post-5203","post","type-post","status-publish","format-standard","hentry","category-creadores","category-espacios-culturales"],"yoast_head":"<!-- This site is optimized with the Yoast SEO plugin v25.0 - https:\/\/yoast.com\/wordpress\/plugins\/seo\/ -->\n<title>El Centro Cultural para Coronel ya es realidad - Nuestro Bio B\u00edo<\/title>\n<meta name=\"robots\" content=\"index, follow, max-snippet:-1, max-image-preview:large, max-video-preview:-1\" \/>\n<link rel=\"canonical\" href=\"https:\/\/www.fraczinet.cl\/sitio\/2008\/12\/28\/el-centro-cultural-para-coronel-ya-es-realidad\/\" \/>\n<meta property=\"og:locale\" content=\"es_ES\" \/>\n<meta property=\"og:type\" content=\"article\" \/>\n<meta property=\"og:title\" content=\"El Centro Cultural para Coronel ya es realidad - Nuestro Bio B\u00edo\" \/>\n<meta property=\"og:description\" content=\"El pasado mes de septiembre, la Ministra Presidenta del Consejo Nacional de la Cultura y las Artes, Paulina Urrutia Fern\u00e1ndez, visit\u00f3 la comuna de Coronel para firmar el convenio de compra del antiguo Cine de la ciudad. Este martes 30 de diciembre, a las 15: 00 hrs., la compra se concretar\u00e1 en instancias que la [&hellip;]\" \/>\n<meta property=\"og:url\" content=\"https:\/\/www.fraczinet.cl\/sitio\/2008\/12\/28\/el-centro-cultural-para-coronel-ya-es-realidad\/\" \/>\n<meta property=\"og:site_name\" content=\"Nuestro Bio B\u00edo\" \/>\n<meta property=\"article:published_time\" content=\"2008-12-28T21:15:00+00:00\" \/>\n<meta property=\"article:modified_time\" content=\"2022-10-06T00:39:53+00:00\" \/>\n<meta property=\"og:image\" content=\"https:\/\/www.fraczinet.cl\/sitio\/wp-content\/uploads\/2021\/07\/bannerlogo-1.gif\" \/>\n\t<meta property=\"og:image:width\" content=\"159\" \/>\n\t<meta property=\"og:image:height\" content=\"79\" \/>\n\t<meta property=\"og:image:type\" content=\"image\/gif\" \/>\n<meta name=\"author\" content=\"admin\" \/>\n<meta name=\"twitter:card\" content=\"summary_large_image\" \/>\n<meta name=\"twitter:creator\" content=\"@nuestrobiobio\" \/>\n<meta name=\"twitter:site\" content=\"@nuestrobiobio\" \/>\n<meta name=\"twitter:label1\" content=\"Escrito por\" \/>\n\t<meta name=\"twitter:data1\" content=\"admin\" \/>\n\t<meta name=\"twitter:label2\" content=\"Tiempo de lectura\" \/>\n\t<meta name=\"twitter:data2\" content=\"1 minuto\" \/>\n<script type=\"application\/ld+json\" class=\"yoast-schema-graph\">{\"@context\":\"https:\/\/schema.org\",\"@graph\":[{\"@type\":\"Article\",\"@id\":\"https:\/\/www.fraczinet.cl\/sitio\/2008\/12\/28\/el-centro-cultural-para-coronel-ya-es-realidad\/#article\",\"isPartOf\":{\"@id\":\"https:\/\/www.fraczinet.cl\/sitio\/2008\/12\/28\/el-centro-cultural-para-coronel-ya-es-realidad\/\"},\"author\":{\"name\":\"admin\",\"@id\":\"https:\/\/www.fraczinet.cl\/sitio\/#\/schema\/person\/bc30f98e9cb10ae7e119dbe14bc93784\"},\"headline\":\"El Centro Cultural para Coronel ya es realidad\",\"datePublished\":\"2008-12-28T21:15:00+00:00\",\"dateModified\":\"2022-10-06T00:39:53+00:00\",\"mainEntityOfPage\":{\"@id\":\"https:\/\/www.fraczinet.cl\/sitio\/2008\/12\/28\/el-centro-cultural-para-coronel-ya-es-realidad\/\"},\"wordCount\":257,\"commentCount\":0,\"publisher\":{\"@id\":\"https:\/\/www.fraczinet.cl\/sitio\/#\/schema\/person\/aec8ee4da68df2b9b0eefdad24a0d582\"},\"articleSection\":[\"Creadores\",\"Espacios Culturales\"],\"inLanguage\":\"es\",\"potentialAction\":[{\"@type\":\"CommentAction\",\"name\":\"Comment\",\"target\":[\"https:\/\/www.fraczinet.cl\/sitio\/2008\/12\/28\/el-centro-cultural-para-coronel-ya-es-realidad\/#respond\"]}]},{\"@type\":\"WebPage\",\"@id\":\"https:\/\/www.fraczinet.cl\/sitio\/2008\/12\/28\/el-centro-cultural-para-coronel-ya-es-realidad\/\",\"url\":\"https:\/\/www.fraczinet.cl\/sitio\/2008\/12\/28\/el-centro-cultural-para-coronel-ya-es-realidad\/\",\"name\":\"El Centro Cultural para Coronel ya es realidad - Nuestro Bio B\u00edo\",\"isPartOf\":{\"@id\":\"https:\/\/www.fraczinet.cl\/sitio\/#website\"},\"datePublished\":\"2008-12-28T21:15:00+00:00\",\"dateModified\":\"2022-10-06T00:39:53+00:00\",\"breadcrumb\":{\"@id\":\"https:\/\/www.fraczinet.cl\/sitio\/2008\/12\/28\/el-centro-cultural-para-coronel-ya-es-realidad\/#breadcrumb\"},\"inLanguage\":\"es\",\"potentialAction\":[{\"@type\":\"ReadAction\",\"target\":[\"https:\/\/www.fraczinet.cl\/sitio\/2008\/12\/28\/el-centro-cultural-para-coronel-ya-es-realidad\/\"]}]},{\"@type\":\"BreadcrumbList\",\"@id\":\"https:\/\/www.fraczinet.cl\/sitio\/2008\/12\/28\/el-centro-cultural-para-coronel-ya-es-realidad\/#breadcrumb\",\"itemListElement\":[{\"@type\":\"ListItem\",\"position\":1,\"name\":\"Portada\",\"item\":\"https:\/\/www.fraczinet.cl\/sitio\/\"},{\"@type\":\"ListItem\",\"position\":2,\"name\":\"El Centro Cultural para Coronel ya es realidad\"}]},{\"@type\":\"WebSite\",\"@id\":\"https:\/\/www.fraczinet.cl\/sitio\/#website\",\"url\":\"https:\/\/www.fraczinet.cl\/sitio\/\",\"name\":\"Nuestro Bio B\u00edo\",\"description\":\"Tierra de Encuentros\",\"publisher\":{\"@id\":\"https:\/\/www.fraczinet.cl\/sitio\/#\/schema\/person\/aec8ee4da68df2b9b0eefdad24a0d582\"},\"potentialAction\":[{\"@type\":\"SearchAction\",\"target\":{\"@type\":\"EntryPoint\",\"urlTemplate\":\"https:\/\/www.fraczinet.cl\/sitio\/?s={search_term_string}\"},\"query-input\":{\"@type\":\"PropertyValueSpecification\",\"valueRequired\":true,\"valueName\":\"search_term_string\"}}],\"inLanguage\":\"es\"},{\"@type\":[\"Person\",\"Organization\"],\"@id\":\"https:\/\/www.fraczinet.cl\/sitio\/#\/schema\/person\/aec8ee4da68df2b9b0eefdad24a0d582\",\"name\":\"Luis Fernando Fraczinet\",\"image\":{\"@type\":\"ImageObject\",\"inLanguage\":\"es\",\"@id\":\"https:\/\/www.fraczinet.cl\/sitio\/#\/schema\/person\/image\/\",\"url\":\"https:\/\/www.fraczinet.cl\/sitio\/wp-content\/uploads\/2021\/07\/bannerlogo-1.gif\",\"contentUrl\":\"https:\/\/www.fraczinet.cl\/sitio\/wp-content\/uploads\/2021\/07\/bannerlogo-1.gif\",\"width\":159,\"height\":79,\"caption\":\"Luis Fernando Fraczinet\"},\"logo\":{\"@id\":\"https:\/\/www.fraczinet.cl\/sitio\/#\/schema\/person\/image\/\"},\"sameAs\":[\"https:\/\/www.fraczinet.cl\/sitio\/\"]},{\"@type\":\"Person\",\"@id\":\"https:\/\/www.fraczinet.cl\/sitio\/#\/schema\/person\/bc30f98e9cb10ae7e119dbe14bc93784\",\"name\":\"admin\",\"image\":{\"@type\":\"ImageObject\",\"inLanguage\":\"es\",\"@id\":\"https:\/\/www.fraczinet.cl\/sitio\/#\/schema\/person\/image\/\",\"url\":\"https:\/\/secure.gravatar.com\/avatar\/d5ad3cf7ef3b23a2bb5be73be780c86b2fc8545c3ad6b149f3913ff458c00099?s=96&d=mm&r=g\",\"contentUrl\":\"https:\/\/secure.gravatar.com\/avatar\/d5ad3cf7ef3b23a2bb5be73be780c86b2fc8545c3ad6b149f3913ff458c00099?s=96&d=mm&r=g\",\"caption\":\"admin\"},\"sameAs\":[\"https:\/\/www.fraczinet.cl\/sitio\"]}]}<\/script>\n<!-- \/ Yoast SEO plugin. -->","yoast_head_json":{"title":"El Centro Cultural para Coronel ya es realidad - Nuestro Bio B\u00edo","robots":{"index":"index","follow":"follow","max-snippet":"max-snippet:-1","max-image-preview":"max-image-preview:large","max-video-preview":"max-video-preview:-1"},"canonical":"https:\/\/www.fraczinet.cl\/sitio\/2008\/12\/28\/el-centro-cultural-para-coronel-ya-es-realidad\/","og_locale":"es_ES","og_type":"article","og_title":"El Centro Cultural para Coronel ya es realidad - Nuestro Bio B\u00edo","og_description":"El pasado mes de septiembre, la Ministra Presidenta del Consejo Nacional de la Cultura y las Artes, Paulina Urrutia Fern\u00e1ndez, visit\u00f3 la comuna de Coronel para firmar el convenio de compra del antiguo Cine de la ciudad. Este martes 30 de diciembre, a las 15: 00 hrs., la compra se concretar\u00e1 en instancias que la [&hellip;]","og_url":"https:\/\/www.fraczinet.cl\/sitio\/2008\/12\/28\/el-centro-cultural-para-coronel-ya-es-realidad\/","og_site_name":"Nuestro Bio B\u00edo","article_published_time":"2008-12-28T21:15:00+00:00","article_modified_time":"2022-10-06T00:39:53+00:00","og_image":[{"width":159,"height":79,"url":"https:\/\/www.fraczinet.cl\/sitio\/wp-content\/uploads\/2021\/07\/bannerlogo-1.gif","type":"image\/gif"}],"author":"admin","twitter_card":"summary_large_image","twitter_creator":"@nuestrobiobio","twitter_site":"@nuestrobiobio","twitter_misc":{"Escrito por":"admin","Tiempo de lectura":"1 minuto"},"schema":{"@context":"https:\/\/schema.org","@graph":[{"@type":"Article","@id":"https:\/\/www.fraczinet.cl\/sitio\/2008\/12\/28\/el-centro-cultural-para-coronel-ya-es-realidad\/#article","isPartOf":{"@id":"https:\/\/www.fraczinet.cl\/sitio\/2008\/12\/28\/el-centro-cultural-para-coronel-ya-es-realidad\/"},"author":{"name":"admin","@id":"https:\/\/www.fraczinet.cl\/sitio\/#\/schema\/person\/bc30f98e9cb10ae7e119dbe14bc93784"},"headline":"El Centro Cultural para Coronel ya es realidad","datePublished":"2008-12-28T21:15:00+00:00","dateModified":"2022-10-06T00:39:53+00:00","mainEntityOfPage":{"@id":"https:\/\/www.fraczinet.cl\/sitio\/2008\/12\/28\/el-centro-cultural-para-coronel-ya-es-realidad\/"},"wordCount":257,"commentCount":0,"publisher":{"@id":"https:\/\/www.fraczinet.cl\/sitio\/#\/schema\/person\/aec8ee4da68df2b9b0eefdad24a0d582"},"articleSection":["Creadores","Espacios Culturales"],"inLanguage":"es","potentialAction":[{"@type":"CommentAction","name":"Comment","target":["https:\/\/www.fraczinet.cl\/sitio\/2008\/12\/28\/el-centro-cultural-para-coronel-ya-es-realidad\/#respond"]}]},{"@type":"WebPage","@id":"https:\/\/www.fraczinet.cl\/sitio\/2008\/12\/28\/el-centro-cultural-para-coronel-ya-es-realidad\/","url":"https:\/\/www.fraczinet.cl\/sitio\/2008\/12\/28\/el-centro-cultural-para-coronel-ya-es-realidad\/","name":"El Centro Cultural para Coronel ya es realidad - Nuestro Bio B\u00edo","isPartOf":{"@id":"https:\/\/www.fraczinet.cl\/sitio\/#website"},"datePublished":"2008-12-28T21:15:00+00:00","dateModified":"2022-10-06T00:39:53+00:00","breadcrumb":{"@id":"https:\/\/www.fraczinet.cl\/sitio\/2008\/12\/28\/el-centro-cultural-para-coronel-ya-es-realidad\/#breadcrumb"},"inLanguage":"es","potentialAction":[{"@type":"ReadAction","target":["https:\/\/www.fraczinet.cl\/sitio\/2008\/12\/28\/el-centro-cultural-para-coronel-ya-es-realidad\/"]}]},{"@type":"BreadcrumbList","@id":"https:\/\/www.fraczinet.cl\/sitio\/2008\/12\/28\/el-centro-cultural-para-coronel-ya-es-realidad\/#breadcrumb","itemListElement":[{"@type":"ListItem","position":1,"name":"Portada","item":"https:\/\/www.fraczinet.cl\/sitio\/"},{"@type":"ListItem","position":2,"name":"El Centro Cultural para Coronel ya es realidad"}]},{"@type":"WebSite","@id":"https:\/\/www.fraczinet.cl\/sitio\/#website","url":"https:\/\/www.fraczinet.cl\/sitio\/","name":"Nuestro Bio B\u00edo","description":"Tierra de Encuentros","publisher":{"@id":"https:\/\/www.fraczinet.cl\/sitio\/#\/schema\/person\/aec8ee4da68df2b9b0eefdad24a0d582"},"potentialAction":[{"@type":"SearchAction","target":{"@type":"EntryPoint","urlTemplate":"https:\/\/www.fraczinet.cl\/sitio\/?s={search_term_string}"},"query-input":{"@type":"PropertyValueSpecification","valueRequired":true,"valueName":"search_term_string"}}],"inLanguage":"es"},{"@type":["Person","Organization"],"@id":"https:\/\/www.fraczinet.cl\/sitio\/#\/schema\/person\/aec8ee4da68df2b9b0eefdad24a0d582","name":"Luis Fernando Fraczinet","image":{"@type":"ImageObject","inLanguage":"es","@id":"https:\/\/www.fraczinet.cl\/sitio\/#\/schema\/person\/image\/","url":"https:\/\/www.fraczinet.cl\/sitio\/wp-content\/uploads\/2021\/07\/bannerlogo-1.gif","contentUrl":"https:\/\/www.fraczinet.cl\/sitio\/wp-content\/uploads\/2021\/07\/bannerlogo-1.gif","width":159,"height":79,"caption":"Luis Fernando Fraczinet"},"logo":{"@id":"https:\/\/www.fraczinet.cl\/sitio\/#\/schema\/person\/image\/"},"sameAs":["https:\/\/www.fraczinet.cl\/sitio\/"]},{"@type":"Person","@id":"https:\/\/www.fraczinet.cl\/sitio\/#\/schema\/person\/bc30f98e9cb10ae7e119dbe14bc93784","name":"admin","image":{"@type":"ImageObject","inLanguage":"es","@id":"https:\/\/www.fraczinet.cl\/sitio\/#\/schema\/person\/image\/","url":"https:\/\/secure.gravatar.com\/avatar\/d5ad3cf7ef3b23a2bb5be73be780c86b2fc8545c3ad6b149f3913ff458c00099?s=96&d=mm&r=g","contentUrl":"https:\/\/secure.gravatar.com\/avatar\/d5ad3cf7ef3b23a2bb5be73be780c86b2fc8545c3ad6b149f3913ff458c00099?s=96&d=mm&r=g","caption":"admin"},"sameAs":["https:\/\/www.fraczinet.cl\/sitio"]}]}},"_links":{"self":[{"href":"https:\/\/www.fraczinet.cl\/sitio\/wp-json\/wp\/v2\/posts\/5203","targetHints":{"allow":["GET"]}}],"collection":[{"href":"https:\/\/www.fraczinet.cl\/sitio\/wp-json\/wp\/v2\/posts"}],"about":[{"href":"https:\/\/www.fraczinet.cl\/sitio\/wp-json\/wp\/v2\/types\/post"}],"author":[{"embeddable":true,"href":"https:\/\/www.fraczinet.cl\/sitio\/wp-json\/wp\/v2\/users\/1"}],"replies":[{"embeddable":true,"href":"https:\/\/www.fraczinet.cl\/sitio\/wp-json\/wp\/v2\/comments?post=5203"}],"version-history":[{"count":1,"href":"https:\/\/www.fraczinet.cl\/sitio\/wp-json\/wp\/v2\/posts\/5203\/revisions"}],"predecessor-version":[{"id":14233,"href":"https:\/\/www.fraczinet.cl\/sitio\/wp-json\/wp\/v2\/posts\/5203\/revisions\/14233"}],"wp:attachment":[{"href":"https:\/\/www.fraczinet.cl\/sitio\/wp-json\/wp\/v2\/media?parent=5203"}],"wp:term":[{"taxonomy":"category","embeddable":true,"href":"https:\/\/www.fraczinet.cl\/sitio\/wp-json\/wp\/v2\/categories?post=5203"},{"taxonomy":"post_tag","embeddable":true,"href":"https:\/\/www.fraczinet.cl\/sitio\/wp-json\/wp\/v2\/tags?post=5203"}],"curies":[{"name":"wp","href":"https:\/\/api.w.org\/{rel}","templated":true}]}}