{"id":5207,"date":"2008-12-22T12:08:00","date_gmt":"2008-12-22T12:08:00","guid":{"rendered":"https:\/\/www.fraczinet.cl\/sitio\/2008\/12\/22\/resultados-i-concurso-de-fotografia-patrimonial-de-la-region-del-bio-bio\/"},"modified":"2008-12-22T12:08:00","modified_gmt":"2008-12-22T12:08:00","slug":"resultados-i-concurso-de-fotografia-patrimonial-de-la-region-del-bio-bio","status":"publish","type":"post","link":"https:\/\/www.fraczinet.cl\/sitio\/2008\/12\/22\/resultados-i-concurso-de-fotografia-patrimonial-de-la-region-del-bio-bio\/","title":{"rendered":"Resultados I Concurso de Fotograf\u00eda Patrimonial de la Regi\u00f3n del Bio B\u00edo"},"content":{"rendered":"<div style=\"text-align: justify;\"><a href=\"http:\/\/2.bp.blogspot.com\/_2S_RxGRVjis\/SU-EAoW-YxI\/AAAAAAAAGAY\/WADkXLKusws\/s1600-h\/ganadora.jpg\"><img decoding=\"async\" alt=\"\" border=\"0\" id=\"BLOGGER_PHOTO_ID_5282586034297529106\" src=\"https:\/\/2.bp.blogspot.com\/_2S_RxGRVjis\/SU-EAoW-YxI\/AAAAAAAAGAY\/WADkXLKusws\/s320\/ganadora.jpg\" style=\"cursor: pointer; float: left; height: 200px; margin: 0px 10px 10px 0px; width: 280px;\" \/><\/a>Fotograf\u00eda Ganadora <\/div>\n<div style=\"text-align: justify;\"><\/div>\n<div style=\"text-align: justify;\">T\u00edtulo: Playa de Arauco<\/div>\n<div style=\"text-align: justify;\"><\/div>\n<div style=\"text-align: justify;\">Autora: Carol Alejandra Mart\u00ednez Herrera<\/div>\n<div style=\"text-align: justify;\"><\/div>\n<div style=\"text-align: justify;\"><\/div>\n<div style=\"text-align: justify;\">Los Expertos en Patrimonio lo definen como todos aquellos elementos y hechos en las \u00e1reas de Historia, Literatura, Ciencias Sociales, M\u00fasica y Artes Visuales que perfilan la identidad territorial del habitante. <\/div>\n<div style=\"text-align: justify;\"><\/div>\n<div style=\"text-align: justify;\">En Nuestro caso, Nuestro Patrimonio es todo aquello que nos obliga a recordar bellamente Nuestro Entorno, una imagen, un momento, una raz\u00f3n. No hay discusi\u00f3n al decir que todos nos esforzamos en hacerlo, desde esas reuniones familiares con entretenidas sobremesas, esas caminatas en plena tranquilidad o hasta nuestra simple presencia en alg\u00fan acto ceremonioso. <\/div>\n<div style=\"text-align: justify;\"><\/div>\n<div style=\"text-align: justify;\">El trabajo presentado por estos fot\u00f3grafos nos permite acercarnos a Nuestra Tierra y Nuestra Gente tal como lo intentamos hacer en Nuestro Bio B\u00edo<\/div>\n<div style=\"text-align: justify;\"><\/div>\n<div style=\"text-align: justify;\"><\/div>\n<div style=\"text-align: justify;\">Provincia de Arauco <\/div>\n<div style=\"text-align: justify;\">Casa Presidente Juan Antonio Rios, Ca\u00f1ete<\/div>\n<div style=\"text-align: justify;\">Juan Fernando Vidal  <\/div>\n<div style=\"text-align: justify;\"><\/div>\n<div style=\"text-align: justify;\">Provincia de Bio B\u00edo<\/div>\n<div style=\"text-align: justify;\">Yiwi\u00f1 Kofke&#8230;<\/div>\n<div style=\"text-align: justify;\">Pablo Az\u00faa  <\/div>\n<div style=\"text-align: justify;\"><\/div>\n<div style=\"text-align: justify;\">Provincia Concepci\u00f3n<\/div>\n<div style=\"text-align: justify;\">Los pescadores de Lirqu\u00e9n<\/div>\n<div style=\"text-align: justify;\">Enrique Valderrama<\/div>\n<div style=\"text-align: justify;\"><\/div>\n<div style=\"text-align: justify;\">Provincia de \u00d1uble <\/div>\n<div style=\"text-align: justify;\">Sector Valle las Trancas, Chillan<\/div>\n<div style=\"text-align: justify;\">Ivan Villagran  <\/div>\n<div style=\"text-align: justify;\"><\/div>\n<div style=\"text-align: justify;\">Menci\u00f3n Destacada <\/div>\n<div style=\"text-align: justify;\">Viejo en el camino<\/div>\n<div style=\"text-align: justify;\">Juan Antonio Acu\u00f1a  <\/div>\n<div style=\"text-align: justify;\"><\/div>\n<div style=\"text-align: justify;\">Preselecci\u00f3n del concurso<\/div>\n","protected":false},"excerpt":{"rendered":"<p>Fotograf\u00eda Ganadora T\u00edtulo: Playa de Arauco Autora: Carol Alejandra Mart\u00ednez Herrera Los Expertos en Patrimonio lo definen como todos aquellos elementos y hechos en las \u00e1reas de Historia, Literatura, Ciencias Sociales, M\u00fasica y Artes Visuales que perfilan la identidad territorial del habitante. En Nuestro caso, Nuestro Patrimonio es todo aquello que nos obliga a recordar [&hellip;]<\/p>\n","protected":false},"author":1,"featured_media":0,"comment_status":"open","ping_status":"open","sticky":false,"template":"","format":"standard","meta":{"footnotes":""},"categories":[206,30,44,208],"tags":[],"class_list":["post-5207","post","type-post","status-publish","format-standard","hentry","category-concursos","category-creadores","category-eventos","category-fotografia"],"yoast_head":"<!-- This site is optimized with the Yoast SEO plugin v25.0 - https:\/\/yoast.com\/wordpress\/plugins\/seo\/ -->\n<title>Resultados I Concurso de Fotograf\u00eda Patrimonial de la Regi\u00f3n del Bio B\u00edo - Nuestro Bio B\u00edo<\/title>\n<meta name=\"robots\" content=\"index, follow, max-snippet:-1, max-image-preview:large, max-video-preview:-1\" \/>\n<link rel=\"canonical\" href=\"https:\/\/www.fraczinet.cl\/sitio\/2008\/12\/22\/resultados-i-concurso-de-fotografia-patrimonial-de-la-region-del-bio-bio\/\" \/>\n<meta property=\"og:locale\" content=\"es_ES\" \/>\n<meta property=\"og:type\" content=\"article\" \/>\n<meta property=\"og:title\" content=\"Resultados I Concurso de Fotograf\u00eda Patrimonial de la Regi\u00f3n del Bio B\u00edo - Nuestro Bio B\u00edo\" \/>\n<meta property=\"og:description\" content=\"Fotograf\u00eda Ganadora T\u00edtulo: Playa de Arauco Autora: Carol Alejandra Mart\u00ednez Herrera Los Expertos en Patrimonio lo definen como todos aquellos elementos y hechos en las \u00e1reas de Historia, Literatura, Ciencias Sociales, M\u00fasica y Artes Visuales que perfilan la identidad territorial del habitante. En Nuestro caso, Nuestro Patrimonio es todo aquello que nos obliga a recordar [&hellip;]\" \/>\n<meta property=\"og:url\" content=\"https:\/\/www.fraczinet.cl\/sitio\/2008\/12\/22\/resultados-i-concurso-de-fotografia-patrimonial-de-la-region-del-bio-bio\/\" \/>\n<meta property=\"og:site_name\" content=\"Nuestro Bio B\u00edo\" \/>\n<meta property=\"article:published_time\" content=\"2008-12-22T12:08:00+00:00\" \/>\n<meta property=\"og:image\" content=\"https:\/\/2.bp.blogspot.com\/_2S_RxGRVjis\/SU-EAoW-YxI\/AAAAAAAAGAY\/WADkXLKusws\/s320\/ganadora.jpg\" \/>\n<meta name=\"author\" content=\"admin\" \/>\n<meta name=\"twitter:card\" content=\"summary_large_image\" \/>\n<meta name=\"twitter:creator\" content=\"@nuestrobiobio\" \/>\n<meta name=\"twitter:site\" content=\"@nuestrobiobio\" \/>\n<meta name=\"twitter:label1\" content=\"Escrito por\" \/>\n\t<meta name=\"twitter:data1\" content=\"admin\" \/>\n\t<meta name=\"twitter:label2\" content=\"Tiempo de lectura\" \/>\n\t<meta name=\"twitter:data2\" content=\"1 minuto\" \/>\n<script type=\"application\/ld+json\" class=\"yoast-schema-graph\">{\"@context\":\"https:\/\/schema.org\",\"@graph\":[{\"@type\":\"Article\",\"@id\":\"https:\/\/www.fraczinet.cl\/sitio\/2008\/12\/22\/resultados-i-concurso-de-fotografia-patrimonial-de-la-region-del-bio-bio\/#article\",\"isPartOf\":{\"@id\":\"https:\/\/www.fraczinet.cl\/sitio\/2008\/12\/22\/resultados-i-concurso-de-fotografia-patrimonial-de-la-region-del-bio-bio\/\"},\"author\":{\"name\":\"admin\",\"@id\":\"https:\/\/www.fraczinet.cl\/sitio\/#\/schema\/person\/bc30f98e9cb10ae7e119dbe14bc93784\"},\"headline\":\"Resultados I Concurso de Fotograf\u00eda Patrimonial de la Regi\u00f3n del Bio B\u00edo\",\"datePublished\":\"2008-12-22T12:08:00+00:00\",\"mainEntityOfPage\":{\"@id\":\"https:\/\/www.fraczinet.cl\/sitio\/2008\/12\/22\/resultados-i-concurso-de-fotografia-patrimonial-de-la-region-del-bio-bio\/\"},\"wordCount\":202,\"commentCount\":0,\"publisher\":{\"@id\":\"https:\/\/www.fraczinet.cl\/sitio\/#\/schema\/person\/aec8ee4da68df2b9b0eefdad24a0d582\"},\"image\":{\"@id\":\"https:\/\/www.fraczinet.cl\/sitio\/2008\/12\/22\/resultados-i-concurso-de-fotografia-patrimonial-de-la-region-del-bio-bio\/#primaryimage\"},\"thumbnailUrl\":\"https:\/\/2.bp.blogspot.com\/_2S_RxGRVjis\/SU-EAoW-YxI\/AAAAAAAAGAY\/WADkXLKusws\/s320\/ganadora.jpg\",\"articleSection\":[\"Concursos\",\"Creadores\",\"Eventos\",\"Fotograf\u00eda\"],\"inLanguage\":\"es\",\"potentialAction\":[{\"@type\":\"CommentAction\",\"name\":\"Comment\",\"target\":[\"https:\/\/www.fraczinet.cl\/sitio\/2008\/12\/22\/resultados-i-concurso-de-fotografia-patrimonial-de-la-region-del-bio-bio\/#respond\"]}]},{\"@type\":\"WebPage\",\"@id\":\"https:\/\/www.fraczinet.cl\/sitio\/2008\/12\/22\/resultados-i-concurso-de-fotografia-patrimonial-de-la-region-del-bio-bio\/\",\"url\":\"https:\/\/www.fraczinet.cl\/sitio\/2008\/12\/22\/resultados-i-concurso-de-fotografia-patrimonial-de-la-region-del-bio-bio\/\",\"name\":\"Resultados I Concurso de Fotograf\u00eda Patrimonial de la Regi\u00f3n del Bio B\u00edo - Nuestro Bio B\u00edo\",\"isPartOf\":{\"@id\":\"https:\/\/www.fraczinet.cl\/sitio\/#website\"},\"primaryImageOfPage\":{\"@id\":\"https:\/\/www.fraczinet.cl\/sitio\/2008\/12\/22\/resultados-i-concurso-de-fotografia-patrimonial-de-la-region-del-bio-bio\/#primaryimage\"},\"image\":{\"@id\":\"https:\/\/www.fraczinet.cl\/sitio\/2008\/12\/22\/resultados-i-concurso-de-fotografia-patrimonial-de-la-region-del-bio-bio\/#primaryimage\"},\"thumbnailUrl\":\"https:\/\/2.bp.blogspot.com\/_2S_RxGRVjis\/SU-EAoW-YxI\/AAAAAAAAGAY\/WADkXLKusws\/s320\/ganadora.jpg\",\"datePublished\":\"2008-12-22T12:08:00+00:00\",\"breadcrumb\":{\"@id\":\"https:\/\/www.fraczinet.cl\/sitio\/2008\/12\/22\/resultados-i-concurso-de-fotografia-patrimonial-de-la-region-del-bio-bio\/#breadcrumb\"},\"inLanguage\":\"es\",\"potentialAction\":[{\"@type\":\"ReadAction\",\"target\":[\"https:\/\/www.fraczinet.cl\/sitio\/2008\/12\/22\/resultados-i-concurso-de-fotografia-patrimonial-de-la-region-del-bio-bio\/\"]}]},{\"@type\":\"ImageObject\",\"inLanguage\":\"es\",\"@id\":\"https:\/\/www.fraczinet.cl\/sitio\/2008\/12\/22\/resultados-i-concurso-de-fotografia-patrimonial-de-la-region-del-bio-bio\/#primaryimage\",\"url\":\"https:\/\/2.bp.blogspot.com\/_2S_RxGRVjis\/SU-EAoW-YxI\/AAAAAAAAGAY\/WADkXLKusws\/s320\/ganadora.jpg\",\"contentUrl\":\"https:\/\/2.bp.blogspot.com\/_2S_RxGRVjis\/SU-EAoW-YxI\/AAAAAAAAGAY\/WADkXLKusws\/s320\/ganadora.jpg\"},{\"@type\":\"BreadcrumbList\",\"@id\":\"https:\/\/www.fraczinet.cl\/sitio\/2008\/12\/22\/resultados-i-concurso-de-fotografia-patrimonial-de-la-region-del-bio-bio\/#breadcrumb\",\"itemListElement\":[{\"@type\":\"ListItem\",\"position\":1,\"name\":\"Portada\",\"item\":\"https:\/\/www.fraczinet.cl\/sitio\/\"},{\"@type\":\"ListItem\",\"position\":2,\"name\":\"Resultados I Concurso de Fotograf\u00eda Patrimonial de la Regi\u00f3n del Bio B\u00edo\"}]},{\"@type\":\"WebSite\",\"@id\":\"https:\/\/www.fraczinet.cl\/sitio\/#website\",\"url\":\"https:\/\/www.fraczinet.cl\/sitio\/\",\"name\":\"Nuestro Bio B\u00edo\",\"description\":\"Tierra de Encuentros\",\"publisher\":{\"@id\":\"https:\/\/www.fraczinet.cl\/sitio\/#\/schema\/person\/aec8ee4da68df2b9b0eefdad24a0d582\"},\"potentialAction\":[{\"@type\":\"SearchAction\",\"target\":{\"@type\":\"EntryPoint\",\"urlTemplate\":\"https:\/\/www.fraczinet.cl\/sitio\/?s={search_term_string}\"},\"query-input\":{\"@type\":\"PropertyValueSpecification\",\"valueRequired\":true,\"valueName\":\"search_term_string\"}}],\"inLanguage\":\"es\"},{\"@type\":[\"Person\",\"Organization\"],\"@id\":\"https:\/\/www.fraczinet.cl\/sitio\/#\/schema\/person\/aec8ee4da68df2b9b0eefdad24a0d582\",\"name\":\"Luis Fernando Fraczinet\",\"image\":{\"@type\":\"ImageObject\",\"inLanguage\":\"es\",\"@id\":\"https:\/\/www.fraczinet.cl\/sitio\/#\/schema\/person\/image\/\",\"url\":\"https:\/\/www.fraczinet.cl\/sitio\/wp-content\/uploads\/2021\/07\/bannerlogo-1.gif\",\"contentUrl\":\"https:\/\/www.fraczinet.cl\/sitio\/wp-content\/uploads\/2021\/07\/bannerlogo-1.gif\",\"width\":159,\"height\":79,\"caption\":\"Luis Fernando Fraczinet\"},\"logo\":{\"@id\":\"https:\/\/www.fraczinet.cl\/sitio\/#\/schema\/person\/image\/\"},\"sameAs\":[\"https:\/\/www.fraczinet.cl\/sitio\/\"]},{\"@type\":\"Person\",\"@id\":\"https:\/\/www.fraczinet.cl\/sitio\/#\/schema\/person\/bc30f98e9cb10ae7e119dbe14bc93784\",\"name\":\"admin\",\"image\":{\"@type\":\"ImageObject\",\"inLanguage\":\"es\",\"@id\":\"https:\/\/www.fraczinet.cl\/sitio\/#\/schema\/person\/image\/\",\"url\":\"https:\/\/secure.gravatar.com\/avatar\/d5ad3cf7ef3b23a2bb5be73be780c86b2fc8545c3ad6b149f3913ff458c00099?s=96&d=mm&r=g\",\"contentUrl\":\"https:\/\/secure.gravatar.com\/avatar\/d5ad3cf7ef3b23a2bb5be73be780c86b2fc8545c3ad6b149f3913ff458c00099?s=96&d=mm&r=g\",\"caption\":\"admin\"},\"sameAs\":[\"https:\/\/www.fraczinet.cl\/sitio\"]}]}<\/script>\n<!-- \/ Yoast SEO plugin. -->","yoast_head_json":{"title":"Resultados I Concurso de Fotograf\u00eda Patrimonial de la Regi\u00f3n del Bio B\u00edo - Nuestro Bio B\u00edo","robots":{"index":"index","follow":"follow","max-snippet":"max-snippet:-1","max-image-preview":"max-image-preview:large","max-video-preview":"max-video-preview:-1"},"canonical":"https:\/\/www.fraczinet.cl\/sitio\/2008\/12\/22\/resultados-i-concurso-de-fotografia-patrimonial-de-la-region-del-bio-bio\/","og_locale":"es_ES","og_type":"article","og_title":"Resultados I Concurso de Fotograf\u00eda Patrimonial de la Regi\u00f3n del Bio B\u00edo - Nuestro Bio B\u00edo","og_description":"Fotograf\u00eda Ganadora T\u00edtulo: Playa de Arauco Autora: Carol Alejandra Mart\u00ednez Herrera Los Expertos en Patrimonio lo definen como todos aquellos elementos y hechos en las \u00e1reas de Historia, Literatura, Ciencias Sociales, M\u00fasica y Artes Visuales que perfilan la identidad territorial del habitante. En Nuestro caso, Nuestro Patrimonio es todo aquello que nos obliga a recordar [&hellip;]","og_url":"https:\/\/www.fraczinet.cl\/sitio\/2008\/12\/22\/resultados-i-concurso-de-fotografia-patrimonial-de-la-region-del-bio-bio\/","og_site_name":"Nuestro Bio B\u00edo","article_published_time":"2008-12-22T12:08:00+00:00","og_image":[{"url":"https:\/\/2.bp.blogspot.com\/_2S_RxGRVjis\/SU-EAoW-YxI\/AAAAAAAAGAY\/WADkXLKusws\/s320\/ganadora.jpg","type":"","width":"","height":""}],"author":"admin","twitter_card":"summary_large_image","twitter_creator":"@nuestrobiobio","twitter_site":"@nuestrobiobio","twitter_misc":{"Escrito por":"admin","Tiempo de lectura":"1 minuto"},"schema":{"@context":"https:\/\/schema.org","@graph":[{"@type":"Article","@id":"https:\/\/www.fraczinet.cl\/sitio\/2008\/12\/22\/resultados-i-concurso-de-fotografia-patrimonial-de-la-region-del-bio-bio\/#article","isPartOf":{"@id":"https:\/\/www.fraczinet.cl\/sitio\/2008\/12\/22\/resultados-i-concurso-de-fotografia-patrimonial-de-la-region-del-bio-bio\/"},"author":{"name":"admin","@id":"https:\/\/www.fraczinet.cl\/sitio\/#\/schema\/person\/bc30f98e9cb10ae7e119dbe14bc93784"},"headline":"Resultados I Concurso de Fotograf\u00eda Patrimonial de la Regi\u00f3n del Bio B\u00edo","datePublished":"2008-12-22T12:08:00+00:00","mainEntityOfPage":{"@id":"https:\/\/www.fraczinet.cl\/sitio\/2008\/12\/22\/resultados-i-concurso-de-fotografia-patrimonial-de-la-region-del-bio-bio\/"},"wordCount":202,"commentCount":0,"publisher":{"@id":"https:\/\/www.fraczinet.cl\/sitio\/#\/schema\/person\/aec8ee4da68df2b9b0eefdad24a0d582"},"image":{"@id":"https:\/\/www.fraczinet.cl\/sitio\/2008\/12\/22\/resultados-i-concurso-de-fotografia-patrimonial-de-la-region-del-bio-bio\/#primaryimage"},"thumbnailUrl":"https:\/\/2.bp.blogspot.com\/_2S_RxGRVjis\/SU-EAoW-YxI\/AAAAAAAAGAY\/WADkXLKusws\/s320\/ganadora.jpg","articleSection":["Concursos","Creadores","Eventos","Fotograf\u00eda"],"inLanguage":"es","potentialAction":[{"@type":"CommentAction","name":"Comment","target":["https:\/\/www.fraczinet.cl\/sitio\/2008\/12\/22\/resultados-i-concurso-de-fotografia-patrimonial-de-la-region-del-bio-bio\/#respond"]}]},{"@type":"WebPage","@id":"https:\/\/www.fraczinet.cl\/sitio\/2008\/12\/22\/resultados-i-concurso-de-fotografia-patrimonial-de-la-region-del-bio-bio\/","url":"https:\/\/www.fraczinet.cl\/sitio\/2008\/12\/22\/resultados-i-concurso-de-fotografia-patrimonial-de-la-region-del-bio-bio\/","name":"Resultados I Concurso de Fotograf\u00eda Patrimonial de la Regi\u00f3n del Bio B\u00edo - Nuestro Bio B\u00edo","isPartOf":{"@id":"https:\/\/www.fraczinet.cl\/sitio\/#website"},"primaryImageOfPage":{"@id":"https:\/\/www.fraczinet.cl\/sitio\/2008\/12\/22\/resultados-i-concurso-de-fotografia-patrimonial-de-la-region-del-bio-bio\/#primaryimage"},"image":{"@id":"https:\/\/www.fraczinet.cl\/sitio\/2008\/12\/22\/resultados-i-concurso-de-fotografia-patrimonial-de-la-region-del-bio-bio\/#primaryimage"},"thumbnailUrl":"https:\/\/2.bp.blogspot.com\/_2S_RxGRVjis\/SU-EAoW-YxI\/AAAAAAAAGAY\/WADkXLKusws\/s320\/ganadora.jpg","datePublished":"2008-12-22T12:08:00+00:00","breadcrumb":{"@id":"https:\/\/www.fraczinet.cl\/sitio\/2008\/12\/22\/resultados-i-concurso-de-fotografia-patrimonial-de-la-region-del-bio-bio\/#breadcrumb"},"inLanguage":"es","potentialAction":[{"@type":"ReadAction","target":["https:\/\/www.fraczinet.cl\/sitio\/2008\/12\/22\/resultados-i-concurso-de-fotografia-patrimonial-de-la-region-del-bio-bio\/"]}]},{"@type":"ImageObject","inLanguage":"es","@id":"https:\/\/www.fraczinet.cl\/sitio\/2008\/12\/22\/resultados-i-concurso-de-fotografia-patrimonial-de-la-region-del-bio-bio\/#primaryimage","url":"https:\/\/2.bp.blogspot.com\/_2S_RxGRVjis\/SU-EAoW-YxI\/AAAAAAAAGAY\/WADkXLKusws\/s320\/ganadora.jpg","contentUrl":"https:\/\/2.bp.blogspot.com\/_2S_RxGRVjis\/SU-EAoW-YxI\/AAAAAAAAGAY\/WADkXLKusws\/s320\/ganadora.jpg"},{"@type":"BreadcrumbList","@id":"https:\/\/www.fraczinet.cl\/sitio\/2008\/12\/22\/resultados-i-concurso-de-fotografia-patrimonial-de-la-region-del-bio-bio\/#breadcrumb","itemListElement":[{"@type":"ListItem","position":1,"name":"Portada","item":"https:\/\/www.fraczinet.cl\/sitio\/"},{"@type":"ListItem","position":2,"name":"Resultados I Concurso de Fotograf\u00eda Patrimonial de la Regi\u00f3n del Bio B\u00edo"}]},{"@type":"WebSite","@id":"https:\/\/www.fraczinet.cl\/sitio\/#website","url":"https:\/\/www.fraczinet.cl\/sitio\/","name":"Nuestro Bio B\u00edo","description":"Tierra de Encuentros","publisher":{"@id":"https:\/\/www.fraczinet.cl\/sitio\/#\/schema\/person\/aec8ee4da68df2b9b0eefdad24a0d582"},"potentialAction":[{"@type":"SearchAction","target":{"@type":"EntryPoint","urlTemplate":"https:\/\/www.fraczinet.cl\/sitio\/?s={search_term_string}"},"query-input":{"@type":"PropertyValueSpecification","valueRequired":true,"valueName":"search_term_string"}}],"inLanguage":"es"},{"@type":["Person","Organization"],"@id":"https:\/\/www.fraczinet.cl\/sitio\/#\/schema\/person\/aec8ee4da68df2b9b0eefdad24a0d582","name":"Luis Fernando Fraczinet","image":{"@type":"ImageObject","inLanguage":"es","@id":"https:\/\/www.fraczinet.cl\/sitio\/#\/schema\/person\/image\/","url":"https:\/\/www.fraczinet.cl\/sitio\/wp-content\/uploads\/2021\/07\/bannerlogo-1.gif","contentUrl":"https:\/\/www.fraczinet.cl\/sitio\/wp-content\/uploads\/2021\/07\/bannerlogo-1.gif","width":159,"height":79,"caption":"Luis Fernando Fraczinet"},"logo":{"@id":"https:\/\/www.fraczinet.cl\/sitio\/#\/schema\/person\/image\/"},"sameAs":["https:\/\/www.fraczinet.cl\/sitio\/"]},{"@type":"Person","@id":"https:\/\/www.fraczinet.cl\/sitio\/#\/schema\/person\/bc30f98e9cb10ae7e119dbe14bc93784","name":"admin","image":{"@type":"ImageObject","inLanguage":"es","@id":"https:\/\/www.fraczinet.cl\/sitio\/#\/schema\/person\/image\/","url":"https:\/\/secure.gravatar.com\/avatar\/d5ad3cf7ef3b23a2bb5be73be780c86b2fc8545c3ad6b149f3913ff458c00099?s=96&d=mm&r=g","contentUrl":"https:\/\/secure.gravatar.com\/avatar\/d5ad3cf7ef3b23a2bb5be73be780c86b2fc8545c3ad6b149f3913ff458c00099?s=96&d=mm&r=g","caption":"admin"},"sameAs":["https:\/\/www.fraczinet.cl\/sitio"]}]}},"_links":{"self":[{"href":"https:\/\/www.fraczinet.cl\/sitio\/wp-json\/wp\/v2\/posts\/5207","targetHints":{"allow":["GET"]}}],"collection":[{"href":"https:\/\/www.fraczinet.cl\/sitio\/wp-json\/wp\/v2\/posts"}],"about":[{"href":"https:\/\/www.fraczinet.cl\/sitio\/wp-json\/wp\/v2\/types\/post"}],"author":[{"embeddable":true,"href":"https:\/\/www.fraczinet.cl\/sitio\/wp-json\/wp\/v2\/users\/1"}],"replies":[{"embeddable":true,"href":"https:\/\/www.fraczinet.cl\/sitio\/wp-json\/wp\/v2\/comments?post=5207"}],"version-history":[{"count":0,"href":"https:\/\/www.fraczinet.cl\/sitio\/wp-json\/wp\/v2\/posts\/5207\/revisions"}],"wp:attachment":[{"href":"https:\/\/www.fraczinet.cl\/sitio\/wp-json\/wp\/v2\/media?parent=5207"}],"wp:term":[{"taxonomy":"category","embeddable":true,"href":"https:\/\/www.fraczinet.cl\/sitio\/wp-json\/wp\/v2\/categories?post=5207"},{"taxonomy":"post_tag","embeddable":true,"href":"https:\/\/www.fraczinet.cl\/sitio\/wp-json\/wp\/v2\/tags?post=5207"}],"curies":[{"name":"wp","href":"https:\/\/api.w.org\/{rel}","templated":true}]}}