{"id":5225,"date":"2008-10-20T14:36:00","date_gmt":"2008-10-20T14:36:00","guid":{"rendered":"https:\/\/www.fraczinet.cl\/sitio\/2008\/10\/20\/invitacion-a-reunion-con-director-regional-de-cultura-y-las-artes\/"},"modified":"2008-10-20T14:36:00","modified_gmt":"2008-10-20T14:36:00","slug":"invitacion-a-reunion-con-director-regional-de-cultura-y-las-artes","status":"publish","type":"post","link":"https:\/\/www.fraczinet.cl\/sitio\/invitacion-a-reunion-con-director-regional-de-cultura-y-las-artes\/","title":{"rendered":"Invitaci\u00f3n a Reuni\u00f3n con Director Regional de Cultura y las Artes"},"content":{"rendered":"<p>Estimados amigos,<\/p>\n<p>Por la presente estoy confirmando que la reuni\u00f3n del Director Regional de Cultura y las Artes,&nbsp;  con agentes culturales y encargados de la cultura  de la Provincia de B\u00edo B\u00edo tendr\u00e1 lugar el jueves 23 de Octubre en la Sala Pedro Luna, en los altos de la Biblioteca Municipal Col\u00f3n esquina Caupolic\u00e1n desde las 18 hasta las 20 horas. Se adjunta invitaci\u00f3n recibida desde el Consejo Regional. <\/p>\n<p>Este ser\u00e1 un momento para hacer consultas, evaluar gestiones y conocerse mutuamente. <\/p>\n<p>Les agradecer\u00e9 a cada uno que recibe este mail promover entre sus amigos artistas y agentes culturales esta visita del Director Regional. Ruego confirmar su asistencia por mail de retorno o comunicarla a la Sra. Mar\u00eda Palacios, Secretaria del Depto. de Extensi\u00f3n Cultural y Turismo  (408641).<\/p>\n<p>Atentamente,<\/p>\n<p>Marcela Rosen Carvajal<br \/>Consejera Regional de Cultura y las Artes del B\u00edo B\u00edo<\/p>\n","protected":false},"excerpt":{"rendered":"<p>Estimados amigos, Por la presente estoy confirmando que la reuni\u00f3n del Director Regional de Cultura y las Artes,&nbsp; con agentes culturales y encargados de la cultura de la Provincia de B\u00edo B\u00edo tendr\u00e1 lugar el jueves 23 de Octubre en la Sala Pedro Luna, en los altos de la Biblioteca Municipal Col\u00f3n esquina Caupolic\u00e1n desde [&hellip;]<\/p>\n","protected":false},"author":1,"featured_media":0,"comment_status":"open","ping_status":"closed","sticky":false,"template":"","format":"standard","meta":{"footnotes":""},"categories":[44],"tags":[],"class_list":["post-5225","post","type-post","status-publish","format-standard","hentry","category-eventos"],"yoast_head":"<!-- This site is optimized with the Yoast SEO plugin v28.2 - https:\/\/yoast.com\/product\/yoast-seo-wordpress\/ -->\n<title>Invitaci\u00f3n a Reuni\u00f3n con Director Regional de Cultura y las Artes - Nuestro Bio B\u00edo<\/title>\n<meta name=\"robots\" content=\"index, follow, max-snippet:-1, max-image-preview:large, max-video-preview:-1\" \/>\n<link rel=\"canonical\" href=\"https:\/\/www.fraczinet.cl\/sitio\/invitacion-a-reunion-con-director-regional-de-cultura-y-las-artes\/\" \/>\n<meta property=\"og:locale\" content=\"es_ES\" \/>\n<meta property=\"og:type\" content=\"article\" \/>\n<meta property=\"og:title\" content=\"Invitaci\u00f3n a Reuni\u00f3n con Director Regional de Cultura y las Artes - Nuestro Bio B\u00edo\" \/>\n<meta property=\"og:description\" content=\"Estimados amigos, Por la presente estoy confirmando que la reuni\u00f3n del Director Regional de Cultura y las Artes,&nbsp; con agentes culturales y encargados de la cultura de la Provincia de B\u00edo B\u00edo tendr\u00e1 lugar el jueves 23 de Octubre en la Sala Pedro Luna, en los altos de la Biblioteca Municipal Col\u00f3n esquina Caupolic\u00e1n desde [&hellip;]\" \/>\n<meta property=\"og:url\" content=\"https:\/\/www.fraczinet.cl\/sitio\/invitacion-a-reunion-con-director-regional-de-cultura-y-las-artes\/\" \/>\n<meta property=\"og:site_name\" content=\"Nuestro Bio B\u00edo\" \/>\n<meta property=\"article:publisher\" content=\"https:\/\/www.facebook.com\/groups\/15721414452\/\" \/>\n<meta property=\"article:published_time\" content=\"2008-10-20T14:36:00+00:00\" \/>\n<meta property=\"og:image\" content=\"https:\/\/www.fraczinet.cl\/sitio\/wp-content\/uploads\/2021\/07\/bannerlogo-1.gif\" \/>\n\t<meta property=\"og:image:width\" content=\"159\" \/>\n\t<meta property=\"og:image:height\" content=\"79\" \/>\n\t<meta property=\"og:image:type\" content=\"image\/gif\" \/>\n<meta name=\"twitter:card\" content=\"summary_large_image\" \/>\n<meta name=\"twitter:creator\" content=\"@nuestrobiobio\" \/>\n<meta name=\"twitter:site\" content=\"@nuestrobiobio\" \/>\n<meta name=\"twitter:label1\" content=\"Escrito por\" \/>\n\t<meta name=\"twitter:data1\" content=\"\" \/>\n\t<meta name=\"twitter:label2\" content=\"Tiempo de lectura\" \/>\n\t<meta name=\"twitter:data2\" content=\"1 minuto\" \/>\n<script type=\"application\/ld+json\" class=\"yoast-schema-graph\">{\"@context\":\"https:\\\/\\\/schema.org\",\"@graph\":[{\"@type\":\"Article\",\"@id\":\"https:\\\/\\\/www.fraczinet.cl\\\/sitio\\\/invitacion-a-reunion-con-director-regional-de-cultura-y-las-artes\\\/#article\",\"isPartOf\":{\"@id\":\"https:\\\/\\\/www.fraczinet.cl\\\/sitio\\\/invitacion-a-reunion-con-director-regional-de-cultura-y-las-artes\\\/\"},\"author\":{\"name\":\"\",\"@id\":\"\"},\"headline\":\"Invitaci\u00f3n a Reuni\u00f3n con Director Regional de Cultura y las Artes\",\"datePublished\":\"2008-10-20T14:36:00+00:00\",\"mainEntityOfPage\":{\"@id\":\"https:\\\/\\\/www.fraczinet.cl\\\/sitio\\\/invitacion-a-reunion-con-director-regional-de-cultura-y-las-artes\\\/\"},\"wordCount\":160,\"commentCount\":0,\"articleSection\":[\"Eventos\"],\"inLanguage\":\"es\",\"potentialAction\":[{\"@type\":\"CommentAction\",\"name\":\"Comment\",\"target\":[\"https:\\\/\\\/www.fraczinet.cl\\\/sitio\\\/invitacion-a-reunion-con-director-regional-de-cultura-y-las-artes\\\/#respond\"]}]},{\"@type\":\"WebPage\",\"@id\":\"https:\\\/\\\/www.fraczinet.cl\\\/sitio\\\/invitacion-a-reunion-con-director-regional-de-cultura-y-las-artes\\\/\",\"url\":\"https:\\\/\\\/www.fraczinet.cl\\\/sitio\\\/invitacion-a-reunion-con-director-regional-de-cultura-y-las-artes\\\/\",\"name\":\"Invitaci\u00f3n a Reuni\u00f3n con Director Regional de Cultura y las Artes - Nuestro Bio B\u00edo\",\"isPartOf\":{\"@id\":\"https:\\\/\\\/www.fraczinet.cl\\\/sitio\\\/#website\"},\"datePublished\":\"2008-10-20T14:36:00+00:00\",\"author\":{\"@id\":\"\"},\"breadcrumb\":{\"@id\":\"https:\\\/\\\/www.fraczinet.cl\\\/sitio\\\/invitacion-a-reunion-con-director-regional-de-cultura-y-las-artes\\\/#breadcrumb\"},\"inLanguage\":\"es\",\"potentialAction\":[{\"@type\":\"ReadAction\",\"target\":[\"https:\\\/\\\/www.fraczinet.cl\\\/sitio\\\/invitacion-a-reunion-con-director-regional-de-cultura-y-las-artes\\\/\"]}]},{\"@type\":\"BreadcrumbList\",\"@id\":\"https:\\\/\\\/www.fraczinet.cl\\\/sitio\\\/invitacion-a-reunion-con-director-regional-de-cultura-y-las-artes\\\/#breadcrumb\",\"itemListElement\":[{\"@type\":\"ListItem\",\"position\":1,\"name\":\"Portada\",\"item\":\"https:\\\/\\\/www.fraczinet.cl\\\/sitio\\\/\"},{\"@type\":\"ListItem\",\"position\":2,\"name\":\"Invitaci\u00f3n a Reuni\u00f3n con Director Regional de Cultura y las Artes\"}]},{\"@type\":\"WebSite\",\"@id\":\"https:\\\/\\\/www.fraczinet.cl\\\/sitio\\\/#website\",\"url\":\"https:\\\/\\\/www.fraczinet.cl\\\/sitio\\\/\",\"name\":\"Nuestro Bio B\u00edo\",\"description\":\"Tierra de Encuentros\",\"potentialAction\":[{\"@type\":\"SearchAction\",\"target\":{\"@type\":\"EntryPoint\",\"urlTemplate\":\"https:\\\/\\\/www.fraczinet.cl\\\/sitio\\\/?s={search_term_string}\"},\"query-input\":{\"@type\":\"PropertyValueSpecification\",\"valueRequired\":true,\"valueName\":\"search_term_string\"}}],\"inLanguage\":\"es\"},{\"@type\":\"Person\",\"@id\":\"\"}]}<\/script>\n<!-- \/ Yoast SEO plugin. -->","yoast_head_json":{"title":"Invitaci\u00f3n a Reuni\u00f3n con Director Regional de Cultura y las Artes - Nuestro Bio B\u00edo","robots":{"index":"index","follow":"follow","max-snippet":"max-snippet:-1","max-image-preview":"max-image-preview:large","max-video-preview":"max-video-preview:-1"},"canonical":"https:\/\/www.fraczinet.cl\/sitio\/invitacion-a-reunion-con-director-regional-de-cultura-y-las-artes\/","og_locale":"es_ES","og_type":"article","og_title":"Invitaci\u00f3n a Reuni\u00f3n con Director Regional de Cultura y las Artes - Nuestro Bio B\u00edo","og_description":"Estimados amigos, Por la presente estoy confirmando que la reuni\u00f3n del Director Regional de Cultura y las Artes,&nbsp; con agentes culturales y encargados de la cultura de la Provincia de B\u00edo B\u00edo tendr\u00e1 lugar el jueves 23 de Octubre en la Sala Pedro Luna, en los altos de la Biblioteca Municipal Col\u00f3n esquina Caupolic\u00e1n desde [&hellip;]","og_url":"https:\/\/www.fraczinet.cl\/sitio\/invitacion-a-reunion-con-director-regional-de-cultura-y-las-artes\/","og_site_name":"Nuestro Bio B\u00edo","article_publisher":"https:\/\/www.facebook.com\/groups\/15721414452\/","article_published_time":"2008-10-20T14:36:00+00:00","og_image":[{"width":159,"height":79,"url":"https:\/\/www.fraczinet.cl\/sitio\/wp-content\/uploads\/2021\/07\/bannerlogo-1.gif","type":"image\/gif"}],"twitter_card":"summary_large_image","twitter_creator":"@nuestrobiobio","twitter_site":"@nuestrobiobio","twitter_misc":{"Escrito por":"","Tiempo de lectura":"1 minuto"},"schema":{"@context":"https:\/\/schema.org","@graph":[{"@type":"Article","@id":"https:\/\/www.fraczinet.cl\/sitio\/invitacion-a-reunion-con-director-regional-de-cultura-y-las-artes\/#article","isPartOf":{"@id":"https:\/\/www.fraczinet.cl\/sitio\/invitacion-a-reunion-con-director-regional-de-cultura-y-las-artes\/"},"author":{"name":"","@id":""},"headline":"Invitaci\u00f3n a Reuni\u00f3n con Director Regional de Cultura y las Artes","datePublished":"2008-10-20T14:36:00+00:00","mainEntityOfPage":{"@id":"https:\/\/www.fraczinet.cl\/sitio\/invitacion-a-reunion-con-director-regional-de-cultura-y-las-artes\/"},"wordCount":160,"commentCount":0,"articleSection":["Eventos"],"inLanguage":"es","potentialAction":[{"@type":"CommentAction","name":"Comment","target":["https:\/\/www.fraczinet.cl\/sitio\/invitacion-a-reunion-con-director-regional-de-cultura-y-las-artes\/#respond"]}]},{"@type":"WebPage","@id":"https:\/\/www.fraczinet.cl\/sitio\/invitacion-a-reunion-con-director-regional-de-cultura-y-las-artes\/","url":"https:\/\/www.fraczinet.cl\/sitio\/invitacion-a-reunion-con-director-regional-de-cultura-y-las-artes\/","name":"Invitaci\u00f3n a Reuni\u00f3n con Director Regional de Cultura y las Artes - Nuestro Bio B\u00edo","isPartOf":{"@id":"https:\/\/www.fraczinet.cl\/sitio\/#website"},"datePublished":"2008-10-20T14:36:00+00:00","author":{"@id":""},"breadcrumb":{"@id":"https:\/\/www.fraczinet.cl\/sitio\/invitacion-a-reunion-con-director-regional-de-cultura-y-las-artes\/#breadcrumb"},"inLanguage":"es","potentialAction":[{"@type":"ReadAction","target":["https:\/\/www.fraczinet.cl\/sitio\/invitacion-a-reunion-con-director-regional-de-cultura-y-las-artes\/"]}]},{"@type":"BreadcrumbList","@id":"https:\/\/www.fraczinet.cl\/sitio\/invitacion-a-reunion-con-director-regional-de-cultura-y-las-artes\/#breadcrumb","itemListElement":[{"@type":"ListItem","position":1,"name":"Portada","item":"https:\/\/www.fraczinet.cl\/sitio\/"},{"@type":"ListItem","position":2,"name":"Invitaci\u00f3n a Reuni\u00f3n con Director Regional de Cultura y las Artes"}]},{"@type":"WebSite","@id":"https:\/\/www.fraczinet.cl\/sitio\/#website","url":"https:\/\/www.fraczinet.cl\/sitio\/","name":"Nuestro Bio B\u00edo","description":"Tierra de Encuentros","potentialAction":[{"@type":"SearchAction","target":{"@type":"EntryPoint","urlTemplate":"https:\/\/www.fraczinet.cl\/sitio\/?s={search_term_string}"},"query-input":{"@type":"PropertyValueSpecification","valueRequired":true,"valueName":"search_term_string"}}],"inLanguage":"es"},{"@type":"Person","@id":""}]}},"_links":{"self":[{"href":"https:\/\/www.fraczinet.cl\/sitio\/wp-json\/wp\/v2\/posts\/5225","targetHints":{"allow":["GET"]}}],"collection":[{"href":"https:\/\/www.fraczinet.cl\/sitio\/wp-json\/wp\/v2\/posts"}],"about":[{"href":"https:\/\/www.fraczinet.cl\/sitio\/wp-json\/wp\/v2\/types\/post"}],"author":[{"embeddable":true,"href":"https:\/\/www.fraczinet.cl\/sitio\/wp-json\/wp\/v2\/users\/1"}],"replies":[{"embeddable":true,"href":"https:\/\/www.fraczinet.cl\/sitio\/wp-json\/wp\/v2\/comments?post=5225"}],"version-history":[{"count":0,"href":"https:\/\/www.fraczinet.cl\/sitio\/wp-json\/wp\/v2\/posts\/5225\/revisions"}],"wp:attachment":[{"href":"https:\/\/www.fraczinet.cl\/sitio\/wp-json\/wp\/v2\/media?parent=5225"}],"wp:term":[{"taxonomy":"category","embeddable":true,"href":"https:\/\/www.fraczinet.cl\/sitio\/wp-json\/wp\/v2\/categories?post=5225"},{"taxonomy":"post_tag","embeddable":true,"href":"https:\/\/www.fraczinet.cl\/sitio\/wp-json\/wp\/v2\/tags?post=5225"}],"curies":[{"name":"wp","href":"https:\/\/api.w.org\/{rel}","templated":true}]}}