{"id":5284,"date":"2010-06-24T22:16:00","date_gmt":"2010-06-24T22:16:00","guid":{"rendered":""},"modified":"2022-10-04T01:43:18","modified_gmt":"2022-10-04T01:43:18","slug":"celebracion-del-we-tripantu-en-arauco","status":"publish","type":"post","link":"https:\/\/www.fraczinet.cl\/sitio\/2010\/06\/24\/celebracion-del-we-tripantu-en-arauco\/","title":{"rendered":"Celebraci\u00f3n Del We Tripantu En Arauco"},"content":{"rendered":"<div style=\"text-align: justify;\"><a href=\"https:\/\/www.fraczinet.cl\/sitio\/wp-content\/uploads\/2010\/06\/1folclorista-mapuche.jpg\" style=\"clear: left; float: left; margin-bottom: 1em; margin-right: 1em;\"><img decoding=\"async\" alt=\"\" border=\"0\" id=\"BLOGGER_PHOTO_ID_5486467700325127522\" src=\"https:\/\/www.fraczinet.cl\/sitio\/wp-content\/uploads\/2010\/06\/1folclorista-mapuche-300x169.jpg\" style=\"height: 180px; width: 320px;\" \/><\/a>Dentro del marco del A\u00f1o Nuevo Mapuche, We Tripantu, hoy la folclorista argentina mapuche, Beatriz Pichi Malen, visitar\u00e1 diferentes jardines infantiles de la comuna de Arauco, exhibiendo su presentaci\u00f3n \u201cEl Regreso de la Luz\u201d, a trav\u00e9s de la cual da a ni\u00f1os, padres y docentes la importancia de cada uno de los objetos representativos de su etnia.<\/div>\n<div style=\"text-align: justify;\"><\/div>\n<div style=\"text-align: justify;\">Por su parte, las Organizaciones Mapuches de Arauco tienen preparado para conmemorar el d\u00eda nacional de los pueblos ind\u00edgenas el izamiento de la bandera mapuche en la Plaza de Arauco y Cerro Colo-Colo, preparado para el vienes 25.<\/div>\n<div style=\"text-align: justify;\"><\/div>\n<div style=\"text-align: justify;\">El mismo d\u00eda, viernes 25, la artista argentina concluir\u00e1 la celebraci\u00f3n del We Tripantu, con la presentaci\u00f3n de un concierto a las 19 horas en el auditorio del Colegio Arauco.<\/div>\n<p><\/p>\n","protected":false},"excerpt":{"rendered":"<p>Dentro del marco del A\u00f1o Nuevo Mapuche, We Tripantu, hoy la folclorista argentina mapuche, Beatriz Pichi Malen, visitar\u00e1 diferentes jardines infantiles de la comuna de Arauco, exhibiendo su presentaci\u00f3n \u201cEl Regreso de la Luz\u201d, a trav\u00e9s de la cual da a ni\u00f1os, padres y docentes la importancia de cada uno de los objetos representativos de [&hellip;]<\/p>\n","protected":false},"author":1,"featured_media":5670,"comment_status":"open","ping_status":"open","sticky":false,"template":"","format":"standard","meta":{"footnotes":""},"categories":[7,47],"tags":[],"class_list":["post-5284","post","type-post","status-publish","format-standard","has-post-thumbnail","hentry","category-fiestas-y-tradiciones","category-mapuches"],"yoast_head":"<!-- This site is optimized with the Yoast SEO plugin v25.0 - https:\/\/yoast.com\/wordpress\/plugins\/seo\/ -->\n<title>Celebraci\u00f3n Del We Tripantu En Arauco - Nuestro Bio B\u00edo<\/title>\n<meta name=\"robots\" content=\"index, follow, max-snippet:-1, max-image-preview:large, max-video-preview:-1\" \/>\n<link rel=\"canonical\" href=\"https:\/\/www.fraczinet.cl\/sitio\/2010\/06\/24\/celebracion-del-we-tripantu-en-arauco\/\" \/>\n<meta property=\"og:locale\" content=\"es_ES\" \/>\n<meta property=\"og:type\" content=\"article\" \/>\n<meta property=\"og:title\" content=\"Celebraci\u00f3n Del We Tripantu En Arauco - Nuestro Bio B\u00edo\" \/>\n<meta property=\"og:description\" content=\"Dentro del marco del A\u00f1o Nuevo Mapuche, We Tripantu, hoy la folclorista argentina mapuche, Beatriz Pichi Malen, visitar\u00e1 diferentes jardines infantiles de la comuna de Arauco, exhibiendo su presentaci\u00f3n \u201cEl Regreso de la Luz\u201d, a trav\u00e9s de la cual da a ni\u00f1os, padres y docentes la importancia de cada uno de los objetos representativos de [&hellip;]\" \/>\n<meta property=\"og:url\" content=\"https:\/\/www.fraczinet.cl\/sitio\/2010\/06\/24\/celebracion-del-we-tripantu-en-arauco\/\" \/>\n<meta property=\"og:site_name\" content=\"Nuestro Bio B\u00edo\" \/>\n<meta property=\"article:published_time\" content=\"2010-06-24T22:16:00+00:00\" \/>\n<meta property=\"article:modified_time\" content=\"2022-10-04T01:43:18+00:00\" \/>\n<meta property=\"og:image\" content=\"https:\/\/www.fraczinet.cl\/sitio\/wp-content\/uploads\/2010\/06\/1folclorista-mapuche.jpg\" \/>\n\t<meta property=\"og:image:width\" content=\"640\" \/>\n\t<meta property=\"og:image:height\" content=\"360\" \/>\n\t<meta property=\"og:image:type\" content=\"image\/jpeg\" \/>\n<meta name=\"author\" content=\"admin\" \/>\n<meta name=\"twitter:card\" content=\"summary_large_image\" \/>\n<meta name=\"twitter:creator\" content=\"@nuestrobiobio\" \/>\n<meta name=\"twitter:site\" content=\"@nuestrobiobio\" \/>\n<meta name=\"twitter:label1\" content=\"Escrito por\" \/>\n\t<meta name=\"twitter:data1\" content=\"admin\" \/>\n\t<meta name=\"twitter:label2\" content=\"Tiempo de lectura\" \/>\n\t<meta name=\"twitter:data2\" content=\"1 minuto\" \/>\n<script type=\"application\/ld+json\" class=\"yoast-schema-graph\">{\"@context\":\"https:\/\/schema.org\",\"@graph\":[{\"@type\":\"Article\",\"@id\":\"https:\/\/www.fraczinet.cl\/sitio\/2010\/06\/24\/celebracion-del-we-tripantu-en-arauco\/#article\",\"isPartOf\":{\"@id\":\"https:\/\/www.fraczinet.cl\/sitio\/2010\/06\/24\/celebracion-del-we-tripantu-en-arauco\/\"},\"author\":{\"name\":\"admin\",\"@id\":\"https:\/\/www.fraczinet.cl\/sitio\/#\/schema\/person\/bc30f98e9cb10ae7e119dbe14bc93784\"},\"headline\":\"Celebraci\u00f3n Del We Tripantu En Arauco\",\"datePublished\":\"2010-06-24T22:16:00+00:00\",\"dateModified\":\"2022-10-04T01:43:18+00:00\",\"mainEntityOfPage\":{\"@id\":\"https:\/\/www.fraczinet.cl\/sitio\/2010\/06\/24\/celebracion-del-we-tripantu-en-arauco\/\"},\"wordCount\":138,\"commentCount\":0,\"publisher\":{\"@id\":\"https:\/\/www.fraczinet.cl\/sitio\/#\/schema\/person\/aec8ee4da68df2b9b0eefdad24a0d582\"},\"image\":{\"@id\":\"https:\/\/www.fraczinet.cl\/sitio\/2010\/06\/24\/celebracion-del-we-tripantu-en-arauco\/#primaryimage\"},\"thumbnailUrl\":\"https:\/\/www.fraczinet.cl\/sitio\/wp-content\/uploads\/2010\/06\/1folclorista-mapuche.jpg\",\"articleSection\":[\"Fiestas y Tradiciones\",\"Mapuches\"],\"inLanguage\":\"es\",\"potentialAction\":[{\"@type\":\"CommentAction\",\"name\":\"Comment\",\"target\":[\"https:\/\/www.fraczinet.cl\/sitio\/2010\/06\/24\/celebracion-del-we-tripantu-en-arauco\/#respond\"]}]},{\"@type\":\"WebPage\",\"@id\":\"https:\/\/www.fraczinet.cl\/sitio\/2010\/06\/24\/celebracion-del-we-tripantu-en-arauco\/\",\"url\":\"https:\/\/www.fraczinet.cl\/sitio\/2010\/06\/24\/celebracion-del-we-tripantu-en-arauco\/\",\"name\":\"Celebraci\u00f3n Del We Tripantu En Arauco - Nuestro Bio B\u00edo\",\"isPartOf\":{\"@id\":\"https:\/\/www.fraczinet.cl\/sitio\/#website\"},\"primaryImageOfPage\":{\"@id\":\"https:\/\/www.fraczinet.cl\/sitio\/2010\/06\/24\/celebracion-del-we-tripantu-en-arauco\/#primaryimage\"},\"image\":{\"@id\":\"https:\/\/www.fraczinet.cl\/sitio\/2010\/06\/24\/celebracion-del-we-tripantu-en-arauco\/#primaryimage\"},\"thumbnailUrl\":\"https:\/\/www.fraczinet.cl\/sitio\/wp-content\/uploads\/2010\/06\/1folclorista-mapuche.jpg\",\"datePublished\":\"2010-06-24T22:16:00+00:00\",\"dateModified\":\"2022-10-04T01:43:18+00:00\",\"breadcrumb\":{\"@id\":\"https:\/\/www.fraczinet.cl\/sitio\/2010\/06\/24\/celebracion-del-we-tripantu-en-arauco\/#breadcrumb\"},\"inLanguage\":\"es\",\"potentialAction\":[{\"@type\":\"ReadAction\",\"target\":[\"https:\/\/www.fraczinet.cl\/sitio\/2010\/06\/24\/celebracion-del-we-tripantu-en-arauco\/\"]}]},{\"@type\":\"ImageObject\",\"inLanguage\":\"es\",\"@id\":\"https:\/\/www.fraczinet.cl\/sitio\/2010\/06\/24\/celebracion-del-we-tripantu-en-arauco\/#primaryimage\",\"url\":\"https:\/\/www.fraczinet.cl\/sitio\/wp-content\/uploads\/2010\/06\/1folclorista-mapuche.jpg\",\"contentUrl\":\"https:\/\/www.fraczinet.cl\/sitio\/wp-content\/uploads\/2010\/06\/1folclorista-mapuche.jpg\",\"width\":640,\"height\":360},{\"@type\":\"BreadcrumbList\",\"@id\":\"https:\/\/www.fraczinet.cl\/sitio\/2010\/06\/24\/celebracion-del-we-tripantu-en-arauco\/#breadcrumb\",\"itemListElement\":[{\"@type\":\"ListItem\",\"position\":1,\"name\":\"Portada\",\"item\":\"https:\/\/www.fraczinet.cl\/sitio\/\"},{\"@type\":\"ListItem\",\"position\":2,\"name\":\"Celebraci\u00f3n Del We Tripantu En Arauco\"}]},{\"@type\":\"WebSite\",\"@id\":\"https:\/\/www.fraczinet.cl\/sitio\/#website\",\"url\":\"https:\/\/www.fraczinet.cl\/sitio\/\",\"name\":\"Nuestro Bio B\u00edo\",\"description\":\"Tierra de Encuentros\",\"publisher\":{\"@id\":\"https:\/\/www.fraczinet.cl\/sitio\/#\/schema\/person\/aec8ee4da68df2b9b0eefdad24a0d582\"},\"potentialAction\":[{\"@type\":\"SearchAction\",\"target\":{\"@type\":\"EntryPoint\",\"urlTemplate\":\"https:\/\/www.fraczinet.cl\/sitio\/?s={search_term_string}\"},\"query-input\":{\"@type\":\"PropertyValueSpecification\",\"valueRequired\":true,\"valueName\":\"search_term_string\"}}],\"inLanguage\":\"es\"},{\"@type\":[\"Person\",\"Organization\"],\"@id\":\"https:\/\/www.fraczinet.cl\/sitio\/#\/schema\/person\/aec8ee4da68df2b9b0eefdad24a0d582\",\"name\":\"Luis Fernando Fraczinet\",\"image\":{\"@type\":\"ImageObject\",\"inLanguage\":\"es\",\"@id\":\"https:\/\/www.fraczinet.cl\/sitio\/#\/schema\/person\/image\/\",\"url\":\"https:\/\/www.fraczinet.cl\/sitio\/wp-content\/uploads\/2021\/07\/bannerlogo-1.gif\",\"contentUrl\":\"https:\/\/www.fraczinet.cl\/sitio\/wp-content\/uploads\/2021\/07\/bannerlogo-1.gif\",\"width\":159,\"height\":79,\"caption\":\"Luis Fernando Fraczinet\"},\"logo\":{\"@id\":\"https:\/\/www.fraczinet.cl\/sitio\/#\/schema\/person\/image\/\"},\"sameAs\":[\"https:\/\/www.fraczinet.cl\/sitio\/\"]},{\"@type\":\"Person\",\"@id\":\"https:\/\/www.fraczinet.cl\/sitio\/#\/schema\/person\/bc30f98e9cb10ae7e119dbe14bc93784\",\"name\":\"admin\",\"image\":{\"@type\":\"ImageObject\",\"inLanguage\":\"es\",\"@id\":\"https:\/\/www.fraczinet.cl\/sitio\/#\/schema\/person\/image\/\",\"url\":\"https:\/\/secure.gravatar.com\/avatar\/d5ad3cf7ef3b23a2bb5be73be780c86b2fc8545c3ad6b149f3913ff458c00099?s=96&d=mm&r=g\",\"contentUrl\":\"https:\/\/secure.gravatar.com\/avatar\/d5ad3cf7ef3b23a2bb5be73be780c86b2fc8545c3ad6b149f3913ff458c00099?s=96&d=mm&r=g\",\"caption\":\"admin\"},\"sameAs\":[\"https:\/\/www.fraczinet.cl\/sitio\"]}]}<\/script>\n<!-- \/ Yoast SEO plugin. -->","yoast_head_json":{"title":"Celebraci\u00f3n Del We Tripantu En Arauco - Nuestro Bio B\u00edo","robots":{"index":"index","follow":"follow","max-snippet":"max-snippet:-1","max-image-preview":"max-image-preview:large","max-video-preview":"max-video-preview:-1"},"canonical":"https:\/\/www.fraczinet.cl\/sitio\/2010\/06\/24\/celebracion-del-we-tripantu-en-arauco\/","og_locale":"es_ES","og_type":"article","og_title":"Celebraci\u00f3n Del We Tripantu En Arauco - Nuestro Bio B\u00edo","og_description":"Dentro del marco del A\u00f1o Nuevo Mapuche, We Tripantu, hoy la folclorista argentina mapuche, Beatriz Pichi Malen, visitar\u00e1 diferentes jardines infantiles de la comuna de Arauco, exhibiendo su presentaci\u00f3n \u201cEl Regreso de la Luz\u201d, a trav\u00e9s de la cual da a ni\u00f1os, padres y docentes la importancia de cada uno de los objetos representativos de [&hellip;]","og_url":"https:\/\/www.fraczinet.cl\/sitio\/2010\/06\/24\/celebracion-del-we-tripantu-en-arauco\/","og_site_name":"Nuestro Bio B\u00edo","article_published_time":"2010-06-24T22:16:00+00:00","article_modified_time":"2022-10-04T01:43:18+00:00","og_image":[{"width":640,"height":360,"url":"https:\/\/www.fraczinet.cl\/sitio\/wp-content\/uploads\/2010\/06\/1folclorista-mapuche.jpg","type":"image\/jpeg"}],"author":"admin","twitter_card":"summary_large_image","twitter_creator":"@nuestrobiobio","twitter_site":"@nuestrobiobio","twitter_misc":{"Escrito por":"admin","Tiempo de lectura":"1 minuto"},"schema":{"@context":"https:\/\/schema.org","@graph":[{"@type":"Article","@id":"https:\/\/www.fraczinet.cl\/sitio\/2010\/06\/24\/celebracion-del-we-tripantu-en-arauco\/#article","isPartOf":{"@id":"https:\/\/www.fraczinet.cl\/sitio\/2010\/06\/24\/celebracion-del-we-tripantu-en-arauco\/"},"author":{"name":"admin","@id":"https:\/\/www.fraczinet.cl\/sitio\/#\/schema\/person\/bc30f98e9cb10ae7e119dbe14bc93784"},"headline":"Celebraci\u00f3n Del We Tripantu En Arauco","datePublished":"2010-06-24T22:16:00+00:00","dateModified":"2022-10-04T01:43:18+00:00","mainEntityOfPage":{"@id":"https:\/\/www.fraczinet.cl\/sitio\/2010\/06\/24\/celebracion-del-we-tripantu-en-arauco\/"},"wordCount":138,"commentCount":0,"publisher":{"@id":"https:\/\/www.fraczinet.cl\/sitio\/#\/schema\/person\/aec8ee4da68df2b9b0eefdad24a0d582"},"image":{"@id":"https:\/\/www.fraczinet.cl\/sitio\/2010\/06\/24\/celebracion-del-we-tripantu-en-arauco\/#primaryimage"},"thumbnailUrl":"https:\/\/www.fraczinet.cl\/sitio\/wp-content\/uploads\/2010\/06\/1folclorista-mapuche.jpg","articleSection":["Fiestas y Tradiciones","Mapuches"],"inLanguage":"es","potentialAction":[{"@type":"CommentAction","name":"Comment","target":["https:\/\/www.fraczinet.cl\/sitio\/2010\/06\/24\/celebracion-del-we-tripantu-en-arauco\/#respond"]}]},{"@type":"WebPage","@id":"https:\/\/www.fraczinet.cl\/sitio\/2010\/06\/24\/celebracion-del-we-tripantu-en-arauco\/","url":"https:\/\/www.fraczinet.cl\/sitio\/2010\/06\/24\/celebracion-del-we-tripantu-en-arauco\/","name":"Celebraci\u00f3n Del We Tripantu En Arauco - Nuestro Bio B\u00edo","isPartOf":{"@id":"https:\/\/www.fraczinet.cl\/sitio\/#website"},"primaryImageOfPage":{"@id":"https:\/\/www.fraczinet.cl\/sitio\/2010\/06\/24\/celebracion-del-we-tripantu-en-arauco\/#primaryimage"},"image":{"@id":"https:\/\/www.fraczinet.cl\/sitio\/2010\/06\/24\/celebracion-del-we-tripantu-en-arauco\/#primaryimage"},"thumbnailUrl":"https:\/\/www.fraczinet.cl\/sitio\/wp-content\/uploads\/2010\/06\/1folclorista-mapuche.jpg","datePublished":"2010-06-24T22:16:00+00:00","dateModified":"2022-10-04T01:43:18+00:00","breadcrumb":{"@id":"https:\/\/www.fraczinet.cl\/sitio\/2010\/06\/24\/celebracion-del-we-tripantu-en-arauco\/#breadcrumb"},"inLanguage":"es","potentialAction":[{"@type":"ReadAction","target":["https:\/\/www.fraczinet.cl\/sitio\/2010\/06\/24\/celebracion-del-we-tripantu-en-arauco\/"]}]},{"@type":"ImageObject","inLanguage":"es","@id":"https:\/\/www.fraczinet.cl\/sitio\/2010\/06\/24\/celebracion-del-we-tripantu-en-arauco\/#primaryimage","url":"https:\/\/www.fraczinet.cl\/sitio\/wp-content\/uploads\/2010\/06\/1folclorista-mapuche.jpg","contentUrl":"https:\/\/www.fraczinet.cl\/sitio\/wp-content\/uploads\/2010\/06\/1folclorista-mapuche.jpg","width":640,"height":360},{"@type":"BreadcrumbList","@id":"https:\/\/www.fraczinet.cl\/sitio\/2010\/06\/24\/celebracion-del-we-tripantu-en-arauco\/#breadcrumb","itemListElement":[{"@type":"ListItem","position":1,"name":"Portada","item":"https:\/\/www.fraczinet.cl\/sitio\/"},{"@type":"ListItem","position":2,"name":"Celebraci\u00f3n Del We Tripantu En Arauco"}]},{"@type":"WebSite","@id":"https:\/\/www.fraczinet.cl\/sitio\/#website","url":"https:\/\/www.fraczinet.cl\/sitio\/","name":"Nuestro Bio B\u00edo","description":"Tierra de Encuentros","publisher":{"@id":"https:\/\/www.fraczinet.cl\/sitio\/#\/schema\/person\/aec8ee4da68df2b9b0eefdad24a0d582"},"potentialAction":[{"@type":"SearchAction","target":{"@type":"EntryPoint","urlTemplate":"https:\/\/www.fraczinet.cl\/sitio\/?s={search_term_string}"},"query-input":{"@type":"PropertyValueSpecification","valueRequired":true,"valueName":"search_term_string"}}],"inLanguage":"es"},{"@type":["Person","Organization"],"@id":"https:\/\/www.fraczinet.cl\/sitio\/#\/schema\/person\/aec8ee4da68df2b9b0eefdad24a0d582","name":"Luis Fernando Fraczinet","image":{"@type":"ImageObject","inLanguage":"es","@id":"https:\/\/www.fraczinet.cl\/sitio\/#\/schema\/person\/image\/","url":"https:\/\/www.fraczinet.cl\/sitio\/wp-content\/uploads\/2021\/07\/bannerlogo-1.gif","contentUrl":"https:\/\/www.fraczinet.cl\/sitio\/wp-content\/uploads\/2021\/07\/bannerlogo-1.gif","width":159,"height":79,"caption":"Luis Fernando Fraczinet"},"logo":{"@id":"https:\/\/www.fraczinet.cl\/sitio\/#\/schema\/person\/image\/"},"sameAs":["https:\/\/www.fraczinet.cl\/sitio\/"]},{"@type":"Person","@id":"https:\/\/www.fraczinet.cl\/sitio\/#\/schema\/person\/bc30f98e9cb10ae7e119dbe14bc93784","name":"admin","image":{"@type":"ImageObject","inLanguage":"es","@id":"https:\/\/www.fraczinet.cl\/sitio\/#\/schema\/person\/image\/","url":"https:\/\/secure.gravatar.com\/avatar\/d5ad3cf7ef3b23a2bb5be73be780c86b2fc8545c3ad6b149f3913ff458c00099?s=96&d=mm&r=g","contentUrl":"https:\/\/secure.gravatar.com\/avatar\/d5ad3cf7ef3b23a2bb5be73be780c86b2fc8545c3ad6b149f3913ff458c00099?s=96&d=mm&r=g","caption":"admin"},"sameAs":["https:\/\/www.fraczinet.cl\/sitio"]}]}},"_links":{"self":[{"href":"https:\/\/www.fraczinet.cl\/sitio\/wp-json\/wp\/v2\/posts\/5284","targetHints":{"allow":["GET"]}}],"collection":[{"href":"https:\/\/www.fraczinet.cl\/sitio\/wp-json\/wp\/v2\/posts"}],"about":[{"href":"https:\/\/www.fraczinet.cl\/sitio\/wp-json\/wp\/v2\/types\/post"}],"author":[{"embeddable":true,"href":"https:\/\/www.fraczinet.cl\/sitio\/wp-json\/wp\/v2\/users\/1"}],"replies":[{"embeddable":true,"href":"https:\/\/www.fraczinet.cl\/sitio\/wp-json\/wp\/v2\/comments?post=5284"}],"version-history":[{"count":2,"href":"https:\/\/www.fraczinet.cl\/sitio\/wp-json\/wp\/v2\/posts\/5284\/revisions"}],"predecessor-version":[{"id":13772,"href":"https:\/\/www.fraczinet.cl\/sitio\/wp-json\/wp\/v2\/posts\/5284\/revisions\/13772"}],"wp:featuredmedia":[{"embeddable":true,"href":"https:\/\/www.fraczinet.cl\/sitio\/wp-json\/wp\/v2\/media\/5670"}],"wp:attachment":[{"href":"https:\/\/www.fraczinet.cl\/sitio\/wp-json\/wp\/v2\/media?parent=5284"}],"wp:term":[{"taxonomy":"category","embeddable":true,"href":"https:\/\/www.fraczinet.cl\/sitio\/wp-json\/wp\/v2\/categories?post=5284"},{"taxonomy":"post_tag","embeddable":true,"href":"https:\/\/www.fraczinet.cl\/sitio\/wp-json\/wp\/v2\/tags?post=5284"}],"curies":[{"name":"wp","href":"https:\/\/api.w.org\/{rel}","templated":true}]}}