{"id":5300,"date":"2010-06-05T07:29:00","date_gmt":"2010-06-05T07:29:00","guid":{"rendered":"https:\/\/www.fraczinet.cl\/sitio\/2010\/06\/05\/dia-mundial-del-medio-ambiente-entrada-gratuita-a-reservas-nacionales-nuble-y-nonguen\/"},"modified":"2010-06-05T07:29:00","modified_gmt":"2010-06-05T07:29:00","slug":"dia-mundial-del-medio-ambiente-entrada-gratuita-a-reservas-nacionales-nuble-y-nonguen","status":"publish","type":"post","link":"https:\/\/www.fraczinet.cl\/sitio\/2010\/06\/05\/dia-mundial-del-medio-ambiente-entrada-gratuita-a-reservas-nacionales-nuble-y-nonguen\/","title":{"rendered":"D\u00eda Mundial Del Medio Ambiente: Entrada Gratuita A Reservas Nacionales \u00d1uble Y Nongu\u00e9n"},"content":{"rendered":"<div style=\"text-align: justify;\">En el contexto de la celebraci\u00f3n del D\u00eda Mundial del Medio Ambiente, establecido por la ONU en 1972, la Corporaci\u00f3n Nacional Forestal (CONAF) determin\u00f3 la autorizaci\u00f3n del ingreso gratuito para este s\u00e1bado 5 de junio a los Parques Nacionales, Reservas Nacionales y Monumentos Naturales, distribuidos a lo largo del pa\u00eds, y que componen el Sistema Nacional de \u00c1reas Silvestres Protegidas del Estado (SNASPE).<\/div>\n<div style=\"text-align: justify;\"><\/div>\n<div style=\"text-align: justify;\">En la resoluci\u00f3n de CONAF se se\u00f1ala que \u201cla Corporaci\u00f3n ha resuelto hacer part\u00edcipe a la ciudadan\u00eda en la celebraci\u00f3n del D\u00eda Mundial del Medio Ambiente, por lo que otorgar\u00e1 facilidades de acceso a las unidades\u201d, indic\u00e1ndose adem\u00e1s que se exime \u201cel pago del derecho de ingreso a las unidades del Sistema Nacional de \u00c1reas Silvestres Protegidas del Estado, el d\u00eda 5 de junio de 2010\u201d; como una manera de incentivar a los chilenos y chilenas en la protecci\u00f3n de los recursos naturales.<\/div>\n<div style=\"text-align: justify;\"><\/div>\n<div style=\"text-align: justify;\">El Director de CONAF destac\u00f3 que este sistema conformado por 34 Parques Nacionales, 49 Reservas Nacionales y 16 Monumentos Naturales es actualmente uno de los ejes centrales en Chile de la protecci\u00f3n y conservaci\u00f3n del patrimonio natural y cultural del pa\u00eds, jugando un rol protag\u00f3nico tambi\u00e9n en la educaci\u00f3n ambiental.<\/div>\n<div style=\"text-align: justify;\"><\/div>\n<div style=\"text-align: justify;\">En el caso de nuestra regi\u00f3n, las unidades con liberaci\u00f3n de pago son las Reservas Nacionales \u00d1uble y Nongu\u00e9n.<\/div>\n<div style=\"text-align: justify;\"><\/div>\n<div style=\"text-align: justify;\">A ra\u00edz de las consultas por la reapertura del Parque Nacional Laguna del Laja, CONAF informa que esta unidad permanece cerrada desde el d\u00eda del terremoto, el 27 de febrero, debido al severo da\u00f1o que presenta el camino de acceso, en el sector El Pe\u00f1\u00f3n.<\/div>\n","protected":false},"excerpt":{"rendered":"<p>En el contexto de la celebraci\u00f3n del D\u00eda Mundial del Medio Ambiente, establecido por la ONU en 1972, la Corporaci\u00f3n Nacional Forestal (CONAF) determin\u00f3 la autorizaci\u00f3n del ingreso gratuito para este s\u00e1bado 5 de junio a los Parques Nacionales, Reservas Nacionales y Monumentos Naturales, distribuidos a lo largo del pa\u00eds, y que componen el Sistema [&hellip;]<\/p>\n","protected":false},"author":1,"featured_media":0,"comment_status":"open","ping_status":"open","sticky":false,"template":"","format":"standard","meta":{"footnotes":""},"categories":[124],"tags":[],"class_list":["post-5300","post","type-post","status-publish","format-standard","hentry","category-medio-ambiente"],"yoast_head":"<!-- This site is optimized with the Yoast SEO plugin v25.0 - https:\/\/yoast.com\/wordpress\/plugins\/seo\/ -->\n<title>D\u00eda Mundial Del Medio Ambiente: Entrada Gratuita A Reservas Nacionales \u00d1uble Y Nongu\u00e9n - Nuestro Bio B\u00edo<\/title>\n<meta name=\"robots\" content=\"index, follow, max-snippet:-1, max-image-preview:large, max-video-preview:-1\" \/>\n<link rel=\"canonical\" href=\"https:\/\/www.fraczinet.cl\/sitio\/2010\/06\/05\/dia-mundial-del-medio-ambiente-entrada-gratuita-a-reservas-nacionales-nuble-y-nonguen\/\" \/>\n<meta property=\"og:locale\" content=\"es_ES\" \/>\n<meta property=\"og:type\" content=\"article\" \/>\n<meta property=\"og:title\" content=\"D\u00eda Mundial Del Medio Ambiente: Entrada Gratuita A Reservas Nacionales \u00d1uble Y Nongu\u00e9n - Nuestro Bio B\u00edo\" \/>\n<meta property=\"og:description\" content=\"En el contexto de la celebraci\u00f3n del D\u00eda Mundial del Medio Ambiente, establecido por la ONU en 1972, la Corporaci\u00f3n Nacional Forestal (CONAF) determin\u00f3 la autorizaci\u00f3n del ingreso gratuito para este s\u00e1bado 5 de junio a los Parques Nacionales, Reservas Nacionales y Monumentos Naturales, distribuidos a lo largo del pa\u00eds, y que componen el Sistema [&hellip;]\" \/>\n<meta property=\"og:url\" content=\"https:\/\/www.fraczinet.cl\/sitio\/2010\/06\/05\/dia-mundial-del-medio-ambiente-entrada-gratuita-a-reservas-nacionales-nuble-y-nonguen\/\" \/>\n<meta property=\"og:site_name\" content=\"Nuestro Bio B\u00edo\" \/>\n<meta property=\"article:published_time\" content=\"2010-06-05T07:29:00+00:00\" \/>\n<meta property=\"og:image\" content=\"https:\/\/www.fraczinet.cl\/sitio\/wp-content\/uploads\/2021\/07\/bannerlogo-1.gif\" \/>\n\t<meta property=\"og:image:width\" content=\"159\" \/>\n\t<meta property=\"og:image:height\" content=\"79\" \/>\n\t<meta property=\"og:image:type\" content=\"image\/gif\" \/>\n<meta name=\"author\" content=\"admin\" \/>\n<meta name=\"twitter:card\" content=\"summary_large_image\" \/>\n<meta name=\"twitter:creator\" content=\"@nuestrobiobio\" \/>\n<meta name=\"twitter:site\" content=\"@nuestrobiobio\" \/>\n<meta name=\"twitter:label1\" content=\"Escrito por\" \/>\n\t<meta name=\"twitter:data1\" content=\"admin\" \/>\n\t<meta name=\"twitter:label2\" content=\"Tiempo de lectura\" \/>\n\t<meta name=\"twitter:data2\" content=\"1 minuto\" \/>\n<script type=\"application\/ld+json\" class=\"yoast-schema-graph\">{\"@context\":\"https:\/\/schema.org\",\"@graph\":[{\"@type\":\"Article\",\"@id\":\"https:\/\/www.fraczinet.cl\/sitio\/2010\/06\/05\/dia-mundial-del-medio-ambiente-entrada-gratuita-a-reservas-nacionales-nuble-y-nonguen\/#article\",\"isPartOf\":{\"@id\":\"https:\/\/www.fraczinet.cl\/sitio\/2010\/06\/05\/dia-mundial-del-medio-ambiente-entrada-gratuita-a-reservas-nacionales-nuble-y-nonguen\/\"},\"author\":{\"name\":\"admin\",\"@id\":\"https:\/\/www.fraczinet.cl\/sitio\/#\/schema\/person\/bc30f98e9cb10ae7e119dbe14bc93784\"},\"headline\":\"D\u00eda Mundial Del Medio Ambiente: Entrada Gratuita A Reservas Nacionales \u00d1uble Y Nongu\u00e9n\",\"datePublished\":\"2010-06-05T07:29:00+00:00\",\"mainEntityOfPage\":{\"@id\":\"https:\/\/www.fraczinet.cl\/sitio\/2010\/06\/05\/dia-mundial-del-medio-ambiente-entrada-gratuita-a-reservas-nacionales-nuble-y-nonguen\/\"},\"wordCount\":297,\"commentCount\":0,\"publisher\":{\"@id\":\"https:\/\/www.fraczinet.cl\/sitio\/#\/schema\/person\/aec8ee4da68df2b9b0eefdad24a0d582\"},\"articleSection\":[\"Medio Ambiente\"],\"inLanguage\":\"es\",\"potentialAction\":[{\"@type\":\"CommentAction\",\"name\":\"Comment\",\"target\":[\"https:\/\/www.fraczinet.cl\/sitio\/2010\/06\/05\/dia-mundial-del-medio-ambiente-entrada-gratuita-a-reservas-nacionales-nuble-y-nonguen\/#respond\"]}]},{\"@type\":\"WebPage\",\"@id\":\"https:\/\/www.fraczinet.cl\/sitio\/2010\/06\/05\/dia-mundial-del-medio-ambiente-entrada-gratuita-a-reservas-nacionales-nuble-y-nonguen\/\",\"url\":\"https:\/\/www.fraczinet.cl\/sitio\/2010\/06\/05\/dia-mundial-del-medio-ambiente-entrada-gratuita-a-reservas-nacionales-nuble-y-nonguen\/\",\"name\":\"D\u00eda Mundial Del Medio Ambiente: Entrada Gratuita A Reservas Nacionales \u00d1uble Y Nongu\u00e9n - Nuestro Bio B\u00edo\",\"isPartOf\":{\"@id\":\"https:\/\/www.fraczinet.cl\/sitio\/#website\"},\"datePublished\":\"2010-06-05T07:29:00+00:00\",\"breadcrumb\":{\"@id\":\"https:\/\/www.fraczinet.cl\/sitio\/2010\/06\/05\/dia-mundial-del-medio-ambiente-entrada-gratuita-a-reservas-nacionales-nuble-y-nonguen\/#breadcrumb\"},\"inLanguage\":\"es\",\"potentialAction\":[{\"@type\":\"ReadAction\",\"target\":[\"https:\/\/www.fraczinet.cl\/sitio\/2010\/06\/05\/dia-mundial-del-medio-ambiente-entrada-gratuita-a-reservas-nacionales-nuble-y-nonguen\/\"]}]},{\"@type\":\"BreadcrumbList\",\"@id\":\"https:\/\/www.fraczinet.cl\/sitio\/2010\/06\/05\/dia-mundial-del-medio-ambiente-entrada-gratuita-a-reservas-nacionales-nuble-y-nonguen\/#breadcrumb\",\"itemListElement\":[{\"@type\":\"ListItem\",\"position\":1,\"name\":\"Portada\",\"item\":\"https:\/\/www.fraczinet.cl\/sitio\/\"},{\"@type\":\"ListItem\",\"position\":2,\"name\":\"D\u00eda Mundial Del Medio Ambiente: Entrada Gratuita A Reservas Nacionales \u00d1uble Y Nongu\u00e9n\"}]},{\"@type\":\"WebSite\",\"@id\":\"https:\/\/www.fraczinet.cl\/sitio\/#website\",\"url\":\"https:\/\/www.fraczinet.cl\/sitio\/\",\"name\":\"Nuestro Bio B\u00edo\",\"description\":\"Tierra de Encuentros\",\"publisher\":{\"@id\":\"https:\/\/www.fraczinet.cl\/sitio\/#\/schema\/person\/aec8ee4da68df2b9b0eefdad24a0d582\"},\"potentialAction\":[{\"@type\":\"SearchAction\",\"target\":{\"@type\":\"EntryPoint\",\"urlTemplate\":\"https:\/\/www.fraczinet.cl\/sitio\/?s={search_term_string}\"},\"query-input\":{\"@type\":\"PropertyValueSpecification\",\"valueRequired\":true,\"valueName\":\"search_term_string\"}}],\"inLanguage\":\"es\"},{\"@type\":[\"Person\",\"Organization\"],\"@id\":\"https:\/\/www.fraczinet.cl\/sitio\/#\/schema\/person\/aec8ee4da68df2b9b0eefdad24a0d582\",\"name\":\"Luis Fernando Fraczinet\",\"image\":{\"@type\":\"ImageObject\",\"inLanguage\":\"es\",\"@id\":\"https:\/\/www.fraczinet.cl\/sitio\/#\/schema\/person\/image\/\",\"url\":\"https:\/\/www.fraczinet.cl\/sitio\/wp-content\/uploads\/2021\/07\/bannerlogo-1.gif\",\"contentUrl\":\"https:\/\/www.fraczinet.cl\/sitio\/wp-content\/uploads\/2021\/07\/bannerlogo-1.gif\",\"width\":159,\"height\":79,\"caption\":\"Luis Fernando Fraczinet\"},\"logo\":{\"@id\":\"https:\/\/www.fraczinet.cl\/sitio\/#\/schema\/person\/image\/\"},\"sameAs\":[\"https:\/\/www.fraczinet.cl\/sitio\/\"]},{\"@type\":\"Person\",\"@id\":\"https:\/\/www.fraczinet.cl\/sitio\/#\/schema\/person\/bc30f98e9cb10ae7e119dbe14bc93784\",\"name\":\"admin\",\"image\":{\"@type\":\"ImageObject\",\"inLanguage\":\"es\",\"@id\":\"https:\/\/www.fraczinet.cl\/sitio\/#\/schema\/person\/image\/\",\"url\":\"https:\/\/secure.gravatar.com\/avatar\/d5ad3cf7ef3b23a2bb5be73be780c86b2fc8545c3ad6b149f3913ff458c00099?s=96&d=mm&r=g\",\"contentUrl\":\"https:\/\/secure.gravatar.com\/avatar\/d5ad3cf7ef3b23a2bb5be73be780c86b2fc8545c3ad6b149f3913ff458c00099?s=96&d=mm&r=g\",\"caption\":\"admin\"},\"sameAs\":[\"https:\/\/www.fraczinet.cl\/sitio\"]}]}<\/script>\n<!-- \/ Yoast SEO plugin. -->","yoast_head_json":{"title":"D\u00eda Mundial Del Medio Ambiente: Entrada Gratuita A Reservas Nacionales \u00d1uble Y Nongu\u00e9n - Nuestro Bio B\u00edo","robots":{"index":"index","follow":"follow","max-snippet":"max-snippet:-1","max-image-preview":"max-image-preview:large","max-video-preview":"max-video-preview:-1"},"canonical":"https:\/\/www.fraczinet.cl\/sitio\/2010\/06\/05\/dia-mundial-del-medio-ambiente-entrada-gratuita-a-reservas-nacionales-nuble-y-nonguen\/","og_locale":"es_ES","og_type":"article","og_title":"D\u00eda Mundial Del Medio Ambiente: Entrada Gratuita A Reservas Nacionales \u00d1uble Y Nongu\u00e9n - Nuestro Bio B\u00edo","og_description":"En el contexto de la celebraci\u00f3n del D\u00eda Mundial del Medio Ambiente, establecido por la ONU en 1972, la Corporaci\u00f3n Nacional Forestal (CONAF) determin\u00f3 la autorizaci\u00f3n del ingreso gratuito para este s\u00e1bado 5 de junio a los Parques Nacionales, Reservas Nacionales y Monumentos Naturales, distribuidos a lo largo del pa\u00eds, y que componen el Sistema [&hellip;]","og_url":"https:\/\/www.fraczinet.cl\/sitio\/2010\/06\/05\/dia-mundial-del-medio-ambiente-entrada-gratuita-a-reservas-nacionales-nuble-y-nonguen\/","og_site_name":"Nuestro Bio B\u00edo","article_published_time":"2010-06-05T07:29:00+00:00","og_image":[{"width":159,"height":79,"url":"https:\/\/www.fraczinet.cl\/sitio\/wp-content\/uploads\/2021\/07\/bannerlogo-1.gif","type":"image\/gif"}],"author":"admin","twitter_card":"summary_large_image","twitter_creator":"@nuestrobiobio","twitter_site":"@nuestrobiobio","twitter_misc":{"Escrito por":"admin","Tiempo de lectura":"1 minuto"},"schema":{"@context":"https:\/\/schema.org","@graph":[{"@type":"Article","@id":"https:\/\/www.fraczinet.cl\/sitio\/2010\/06\/05\/dia-mundial-del-medio-ambiente-entrada-gratuita-a-reservas-nacionales-nuble-y-nonguen\/#article","isPartOf":{"@id":"https:\/\/www.fraczinet.cl\/sitio\/2010\/06\/05\/dia-mundial-del-medio-ambiente-entrada-gratuita-a-reservas-nacionales-nuble-y-nonguen\/"},"author":{"name":"admin","@id":"https:\/\/www.fraczinet.cl\/sitio\/#\/schema\/person\/bc30f98e9cb10ae7e119dbe14bc93784"},"headline":"D\u00eda Mundial Del Medio Ambiente: Entrada Gratuita A Reservas Nacionales \u00d1uble Y Nongu\u00e9n","datePublished":"2010-06-05T07:29:00+00:00","mainEntityOfPage":{"@id":"https:\/\/www.fraczinet.cl\/sitio\/2010\/06\/05\/dia-mundial-del-medio-ambiente-entrada-gratuita-a-reservas-nacionales-nuble-y-nonguen\/"},"wordCount":297,"commentCount":0,"publisher":{"@id":"https:\/\/www.fraczinet.cl\/sitio\/#\/schema\/person\/aec8ee4da68df2b9b0eefdad24a0d582"},"articleSection":["Medio Ambiente"],"inLanguage":"es","potentialAction":[{"@type":"CommentAction","name":"Comment","target":["https:\/\/www.fraczinet.cl\/sitio\/2010\/06\/05\/dia-mundial-del-medio-ambiente-entrada-gratuita-a-reservas-nacionales-nuble-y-nonguen\/#respond"]}]},{"@type":"WebPage","@id":"https:\/\/www.fraczinet.cl\/sitio\/2010\/06\/05\/dia-mundial-del-medio-ambiente-entrada-gratuita-a-reservas-nacionales-nuble-y-nonguen\/","url":"https:\/\/www.fraczinet.cl\/sitio\/2010\/06\/05\/dia-mundial-del-medio-ambiente-entrada-gratuita-a-reservas-nacionales-nuble-y-nonguen\/","name":"D\u00eda Mundial Del Medio Ambiente: Entrada Gratuita A Reservas Nacionales \u00d1uble Y Nongu\u00e9n - Nuestro Bio B\u00edo","isPartOf":{"@id":"https:\/\/www.fraczinet.cl\/sitio\/#website"},"datePublished":"2010-06-05T07:29:00+00:00","breadcrumb":{"@id":"https:\/\/www.fraczinet.cl\/sitio\/2010\/06\/05\/dia-mundial-del-medio-ambiente-entrada-gratuita-a-reservas-nacionales-nuble-y-nonguen\/#breadcrumb"},"inLanguage":"es","potentialAction":[{"@type":"ReadAction","target":["https:\/\/www.fraczinet.cl\/sitio\/2010\/06\/05\/dia-mundial-del-medio-ambiente-entrada-gratuita-a-reservas-nacionales-nuble-y-nonguen\/"]}]},{"@type":"BreadcrumbList","@id":"https:\/\/www.fraczinet.cl\/sitio\/2010\/06\/05\/dia-mundial-del-medio-ambiente-entrada-gratuita-a-reservas-nacionales-nuble-y-nonguen\/#breadcrumb","itemListElement":[{"@type":"ListItem","position":1,"name":"Portada","item":"https:\/\/www.fraczinet.cl\/sitio\/"},{"@type":"ListItem","position":2,"name":"D\u00eda Mundial Del Medio Ambiente: Entrada Gratuita A Reservas Nacionales \u00d1uble Y Nongu\u00e9n"}]},{"@type":"WebSite","@id":"https:\/\/www.fraczinet.cl\/sitio\/#website","url":"https:\/\/www.fraczinet.cl\/sitio\/","name":"Nuestro Bio B\u00edo","description":"Tierra de Encuentros","publisher":{"@id":"https:\/\/www.fraczinet.cl\/sitio\/#\/schema\/person\/aec8ee4da68df2b9b0eefdad24a0d582"},"potentialAction":[{"@type":"SearchAction","target":{"@type":"EntryPoint","urlTemplate":"https:\/\/www.fraczinet.cl\/sitio\/?s={search_term_string}"},"query-input":{"@type":"PropertyValueSpecification","valueRequired":true,"valueName":"search_term_string"}}],"inLanguage":"es"},{"@type":["Person","Organization"],"@id":"https:\/\/www.fraczinet.cl\/sitio\/#\/schema\/person\/aec8ee4da68df2b9b0eefdad24a0d582","name":"Luis Fernando Fraczinet","image":{"@type":"ImageObject","inLanguage":"es","@id":"https:\/\/www.fraczinet.cl\/sitio\/#\/schema\/person\/image\/","url":"https:\/\/www.fraczinet.cl\/sitio\/wp-content\/uploads\/2021\/07\/bannerlogo-1.gif","contentUrl":"https:\/\/www.fraczinet.cl\/sitio\/wp-content\/uploads\/2021\/07\/bannerlogo-1.gif","width":159,"height":79,"caption":"Luis Fernando Fraczinet"},"logo":{"@id":"https:\/\/www.fraczinet.cl\/sitio\/#\/schema\/person\/image\/"},"sameAs":["https:\/\/www.fraczinet.cl\/sitio\/"]},{"@type":"Person","@id":"https:\/\/www.fraczinet.cl\/sitio\/#\/schema\/person\/bc30f98e9cb10ae7e119dbe14bc93784","name":"admin","image":{"@type":"ImageObject","inLanguage":"es","@id":"https:\/\/www.fraczinet.cl\/sitio\/#\/schema\/person\/image\/","url":"https:\/\/secure.gravatar.com\/avatar\/d5ad3cf7ef3b23a2bb5be73be780c86b2fc8545c3ad6b149f3913ff458c00099?s=96&d=mm&r=g","contentUrl":"https:\/\/secure.gravatar.com\/avatar\/d5ad3cf7ef3b23a2bb5be73be780c86b2fc8545c3ad6b149f3913ff458c00099?s=96&d=mm&r=g","caption":"admin"},"sameAs":["https:\/\/www.fraczinet.cl\/sitio"]}]}},"_links":{"self":[{"href":"https:\/\/www.fraczinet.cl\/sitio\/wp-json\/wp\/v2\/posts\/5300","targetHints":{"allow":["GET"]}}],"collection":[{"href":"https:\/\/www.fraczinet.cl\/sitio\/wp-json\/wp\/v2\/posts"}],"about":[{"href":"https:\/\/www.fraczinet.cl\/sitio\/wp-json\/wp\/v2\/types\/post"}],"author":[{"embeddable":true,"href":"https:\/\/www.fraczinet.cl\/sitio\/wp-json\/wp\/v2\/users\/1"}],"replies":[{"embeddable":true,"href":"https:\/\/www.fraczinet.cl\/sitio\/wp-json\/wp\/v2\/comments?post=5300"}],"version-history":[{"count":0,"href":"https:\/\/www.fraczinet.cl\/sitio\/wp-json\/wp\/v2\/posts\/5300\/revisions"}],"wp:attachment":[{"href":"https:\/\/www.fraczinet.cl\/sitio\/wp-json\/wp\/v2\/media?parent=5300"}],"wp:term":[{"taxonomy":"category","embeddable":true,"href":"https:\/\/www.fraczinet.cl\/sitio\/wp-json\/wp\/v2\/categories?post=5300"},{"taxonomy":"post_tag","embeddable":true,"href":"https:\/\/www.fraczinet.cl\/sitio\/wp-json\/wp\/v2\/tags?post=5300"}],"curies":[{"name":"wp","href":"https:\/\/api.w.org\/{rel}","templated":true}]}}