{"id":5302,"date":"2010-06-05T07:07:00","date_gmt":"2010-06-05T07:07:00","guid":{"rendered":"https:\/\/www.fraczinet.cl\/sitio\/2010\/06\/05\/universidad-de-concepcion-asesora-a-corte-suprema-de-paraguay-en-reforma-procesal\/"},"modified":"2022-09-27T01:02:46","modified_gmt":"2022-09-27T01:02:46","slug":"universidad-de-concepcion-asesora-a-corte-suprema-de-paraguay-en-reforma-procesal","status":"publish","type":"post","link":"https:\/\/www.fraczinet.cl\/sitio\/2010\/06\/05\/universidad-de-concepcion-asesora-a-corte-suprema-de-paraguay-en-reforma-procesal\/","title":{"rendered":"Universidad De Concepcion Asesora A Corte Suprema De Paraguay En Reforma Procesal"},"content":{"rendered":"<div style=\"text-align: justify;\">La Facultad de Ciencias Jur\u00eddicas y Sociales de la Universidad de Concepci\u00f3n, a trav\u00e9s de su Departamento de Derecho Procesal, actuar\u00e1 como asesor internacional de la Corte Suprema de Justicia del Paraguay para su reforma procesal civil, tras el establecimiento de un acuerdo de cooperaci\u00f3n firmado por el rector de la UdeC, Sergio Lavanchy, y el Ministro de la Corte Suprema de Paraguay, y delegado del poder judicial de dicho pa\u00eds para estos efectos, Miguel Oscar Bajac.<\/div>\n<div style=\"text-align: justify;\"><\/div>\n<div style=\"text-align: justify;\">Tras la firma del convenio, realizado el jueves 3 de junio en las dependencias de la UdeC en Santiago, la Corte Suprema de Paraguay design\u00f3 como Consultor Internacional de la misma, al Director del Departamento Procesal de la Universidad de Concepci\u00f3n, Profesor Remberto Vald\u00e9s Hueche, quien encabezar\u00e1 un trabajo de levantamiento exhaustivo de informaci\u00f3n en dicho pa\u00eds.<\/div>\n<div style=\"text-align: justify;\"><\/div>\n<div style=\"text-align: justify;\">\u201cLa Facultad de Ciencias Jur\u00eddicas y Sociales de la Universidad de Concepci\u00f3n, a trav\u00e9s de su Departamento de Derecho Procesal, actuar\u00e1 como asesor internacional de la Corte Suprema de Justicia del Paraguay para su reforma procesal civil, lo que nos tiene muy orgullosos, ya que una universidad chilena, regional y tradicional lidere un proceso de reforma civil en un pa\u00eds vecino significa un gran reconocimiento a nivel internacional y un aporte para el pa\u00eds\u201d, se\u00f1ala Sergio Carrasco D, decano de la facultad.<\/div>\n<div style=\"text-align: justify;\"><\/div>\n<div style=\"text-align: justify;\">Lo que la Corte Suprema de Justicia del Paraguay persigue es crear una justicia m\u00e1s expedita a trav\u00e9s de la creaci\u00f3n de tribunales vecinales o de menor cuant\u00eda, mejorando el acceso a la Justicia por los m\u00e1s pobres; crear un sistema de r\u00e1pida resoluci\u00f3n de conflictos dada la morosidad judicial existente; y mejorar el sistema recursivo para ante la Corte Suprema, evitando una competencia hipertrofiada en su competencia, haci\u00e9ndola un Tribunal de Casaci\u00f3n.<\/div>\n<div style=\"text-align: justify;\"><\/div>\n<div style=\"text-align: justify;\">Para ello, se dirigir\u00e1 un equipo interdisciplinario de diagn\u00f3stico de la situaci\u00f3n; se redactar\u00e1n los proyectos de ley que sean necesarios; una vez afinados, se capacitar\u00e1 a las personas que sean sus operadores; y luego de ello, se har\u00e1n los ajustes que la realidad de su incorporaci\u00f3n haga necesario. Se estima que el trabajo requerir\u00e1 de al menos 1 a\u00f1o y medio.<\/div>\n<div style=\"text-align: justify;\"><\/div>\n<div style=\"text-align: justify;\">A la ceremonia de firma del convenio, llevada a cabo en dependencias de la Sede de Santiago de la UdeC, asistieron importantes autoridades nacionales e internacionales, entre las que destacan la Embajadora de Paraguay en Chile, Terumi Matsuo y los ministros de la Corte Suprema de Chile, Hugo Dolmestch y Guillermo Silva.<\/div>\n","protected":false},"excerpt":{"rendered":"<p>La Facultad de Ciencias Jur\u00eddicas y Sociales de la Universidad de Concepci\u00f3n, a trav\u00e9s de su Departamento de Derecho Procesal, actuar\u00e1 como asesor internacional de la Corte Suprema de Justicia del Paraguay para su reforma procesal civil, tras el establecimiento de un acuerdo de cooperaci\u00f3n firmado por el rector de la UdeC, Sergio Lavanchy, y [&hellip;]<\/p>\n","protected":false},"author":1,"featured_media":13519,"comment_status":"open","ping_status":"open","sticky":false,"template":"","format":"standard","meta":{"footnotes":""},"categories":[151],"tags":[],"class_list":["post-5302","post","type-post","status-publish","format-standard","has-post-thumbnail","hentry","category-educacion"],"yoast_head":"<!-- This site is optimized with the Yoast SEO plugin v25.0 - https:\/\/yoast.com\/wordpress\/plugins\/seo\/ -->\n<title>Universidad De Concepcion Asesora A Corte Suprema De Paraguay En Reforma Procesal - Nuestro Bio B\u00edo<\/title>\n<meta name=\"robots\" content=\"index, follow, max-snippet:-1, max-image-preview:large, max-video-preview:-1\" \/>\n<link rel=\"canonical\" href=\"https:\/\/www.fraczinet.cl\/sitio\/2010\/06\/05\/universidad-de-concepcion-asesora-a-corte-suprema-de-paraguay-en-reforma-procesal\/\" \/>\n<meta property=\"og:locale\" content=\"es_ES\" \/>\n<meta property=\"og:type\" content=\"article\" \/>\n<meta property=\"og:title\" content=\"Universidad De Concepcion Asesora A Corte Suprema De Paraguay En Reforma Procesal - Nuestro Bio B\u00edo\" \/>\n<meta property=\"og:description\" content=\"La Facultad de Ciencias Jur\u00eddicas y Sociales de la Universidad de Concepci\u00f3n, a trav\u00e9s de su Departamento de Derecho Procesal, actuar\u00e1 como asesor internacional de la Corte Suprema de Justicia del Paraguay para su reforma procesal civil, tras el establecimiento de un acuerdo de cooperaci\u00f3n firmado por el rector de la UdeC, Sergio Lavanchy, y [&hellip;]\" \/>\n<meta property=\"og:url\" content=\"https:\/\/www.fraczinet.cl\/sitio\/2010\/06\/05\/universidad-de-concepcion-asesora-a-corte-suprema-de-paraguay-en-reforma-procesal\/\" \/>\n<meta property=\"og:site_name\" content=\"Nuestro Bio B\u00edo\" \/>\n<meta property=\"article:published_time\" content=\"2010-06-05T07:07:00+00:00\" \/>\n<meta property=\"article:modified_time\" content=\"2022-09-27T01:02:46+00:00\" \/>\n<meta property=\"og:image\" content=\"https:\/\/www.fraczinet.cl\/sitio\/wp-content\/uploads\/2010\/06\/Facultad-de-ciencias-juridiocas.jpeg\" \/>\n\t<meta property=\"og:image:width\" content=\"275\" \/>\n\t<meta property=\"og:image:height\" content=\"183\" \/>\n\t<meta property=\"og:image:type\" content=\"image\/jpeg\" \/>\n<meta name=\"author\" content=\"admin\" \/>\n<meta name=\"twitter:card\" content=\"summary_large_image\" \/>\n<meta name=\"twitter:creator\" content=\"@nuestrobiobio\" \/>\n<meta name=\"twitter:site\" content=\"@nuestrobiobio\" \/>\n<meta name=\"twitter:label1\" content=\"Escrito por\" \/>\n\t<meta name=\"twitter:data1\" content=\"admin\" \/>\n\t<meta name=\"twitter:label2\" content=\"Tiempo de lectura\" \/>\n\t<meta name=\"twitter:data2\" content=\"2 minutos\" \/>\n<script type=\"application\/ld+json\" class=\"yoast-schema-graph\">{\"@context\":\"https:\/\/schema.org\",\"@graph\":[{\"@type\":\"Article\",\"@id\":\"https:\/\/www.fraczinet.cl\/sitio\/2010\/06\/05\/universidad-de-concepcion-asesora-a-corte-suprema-de-paraguay-en-reforma-procesal\/#article\",\"isPartOf\":{\"@id\":\"https:\/\/www.fraczinet.cl\/sitio\/2010\/06\/05\/universidad-de-concepcion-asesora-a-corte-suprema-de-paraguay-en-reforma-procesal\/\"},\"author\":{\"name\":\"admin\",\"@id\":\"https:\/\/www.fraczinet.cl\/sitio\/#\/schema\/person\/bc30f98e9cb10ae7e119dbe14bc93784\"},\"headline\":\"Universidad De Concepcion Asesora A Corte Suprema De Paraguay En Reforma Procesal\",\"datePublished\":\"2010-06-05T07:07:00+00:00\",\"dateModified\":\"2022-09-27T01:02:46+00:00\",\"mainEntityOfPage\":{\"@id\":\"https:\/\/www.fraczinet.cl\/sitio\/2010\/06\/05\/universidad-de-concepcion-asesora-a-corte-suprema-de-paraguay-en-reforma-procesal\/\"},\"wordCount\":443,\"commentCount\":0,\"publisher\":{\"@id\":\"https:\/\/www.fraczinet.cl\/sitio\/#\/schema\/person\/aec8ee4da68df2b9b0eefdad24a0d582\"},\"image\":{\"@id\":\"https:\/\/www.fraczinet.cl\/sitio\/2010\/06\/05\/universidad-de-concepcion-asesora-a-corte-suprema-de-paraguay-en-reforma-procesal\/#primaryimage\"},\"thumbnailUrl\":\"https:\/\/www.fraczinet.cl\/sitio\/wp-content\/uploads\/2010\/06\/Facultad-de-ciencias-juridiocas.jpeg\",\"articleSection\":[\"Educaci\u00f3n\"],\"inLanguage\":\"es\",\"potentialAction\":[{\"@type\":\"CommentAction\",\"name\":\"Comment\",\"target\":[\"https:\/\/www.fraczinet.cl\/sitio\/2010\/06\/05\/universidad-de-concepcion-asesora-a-corte-suprema-de-paraguay-en-reforma-procesal\/#respond\"]}]},{\"@type\":\"WebPage\",\"@id\":\"https:\/\/www.fraczinet.cl\/sitio\/2010\/06\/05\/universidad-de-concepcion-asesora-a-corte-suprema-de-paraguay-en-reforma-procesal\/\",\"url\":\"https:\/\/www.fraczinet.cl\/sitio\/2010\/06\/05\/universidad-de-concepcion-asesora-a-corte-suprema-de-paraguay-en-reforma-procesal\/\",\"name\":\"Universidad De Concepcion Asesora A Corte Suprema De Paraguay En Reforma Procesal - Nuestro Bio B\u00edo\",\"isPartOf\":{\"@id\":\"https:\/\/www.fraczinet.cl\/sitio\/#website\"},\"primaryImageOfPage\":{\"@id\":\"https:\/\/www.fraczinet.cl\/sitio\/2010\/06\/05\/universidad-de-concepcion-asesora-a-corte-suprema-de-paraguay-en-reforma-procesal\/#primaryimage\"},\"image\":{\"@id\":\"https:\/\/www.fraczinet.cl\/sitio\/2010\/06\/05\/universidad-de-concepcion-asesora-a-corte-suprema-de-paraguay-en-reforma-procesal\/#primaryimage\"},\"thumbnailUrl\":\"https:\/\/www.fraczinet.cl\/sitio\/wp-content\/uploads\/2010\/06\/Facultad-de-ciencias-juridiocas.jpeg\",\"datePublished\":\"2010-06-05T07:07:00+00:00\",\"dateModified\":\"2022-09-27T01:02:46+00:00\",\"breadcrumb\":{\"@id\":\"https:\/\/www.fraczinet.cl\/sitio\/2010\/06\/05\/universidad-de-concepcion-asesora-a-corte-suprema-de-paraguay-en-reforma-procesal\/#breadcrumb\"},\"inLanguage\":\"es\",\"potentialAction\":[{\"@type\":\"ReadAction\",\"target\":[\"https:\/\/www.fraczinet.cl\/sitio\/2010\/06\/05\/universidad-de-concepcion-asesora-a-corte-suprema-de-paraguay-en-reforma-procesal\/\"]}]},{\"@type\":\"ImageObject\",\"inLanguage\":\"es\",\"@id\":\"https:\/\/www.fraczinet.cl\/sitio\/2010\/06\/05\/universidad-de-concepcion-asesora-a-corte-suprema-de-paraguay-en-reforma-procesal\/#primaryimage\",\"url\":\"https:\/\/www.fraczinet.cl\/sitio\/wp-content\/uploads\/2010\/06\/Facultad-de-ciencias-juridiocas.jpeg\",\"contentUrl\":\"https:\/\/www.fraczinet.cl\/sitio\/wp-content\/uploads\/2010\/06\/Facultad-de-ciencias-juridiocas.jpeg\",\"width\":275,\"height\":183},{\"@type\":\"BreadcrumbList\",\"@id\":\"https:\/\/www.fraczinet.cl\/sitio\/2010\/06\/05\/universidad-de-concepcion-asesora-a-corte-suprema-de-paraguay-en-reforma-procesal\/#breadcrumb\",\"itemListElement\":[{\"@type\":\"ListItem\",\"position\":1,\"name\":\"Portada\",\"item\":\"https:\/\/www.fraczinet.cl\/sitio\/\"},{\"@type\":\"ListItem\",\"position\":2,\"name\":\"Universidad De Concepcion Asesora A Corte Suprema De Paraguay En Reforma Procesal\"}]},{\"@type\":\"WebSite\",\"@id\":\"https:\/\/www.fraczinet.cl\/sitio\/#website\",\"url\":\"https:\/\/www.fraczinet.cl\/sitio\/\",\"name\":\"Nuestro Bio B\u00edo\",\"description\":\"Tierra de Encuentros\",\"publisher\":{\"@id\":\"https:\/\/www.fraczinet.cl\/sitio\/#\/schema\/person\/aec8ee4da68df2b9b0eefdad24a0d582\"},\"potentialAction\":[{\"@type\":\"SearchAction\",\"target\":{\"@type\":\"EntryPoint\",\"urlTemplate\":\"https:\/\/www.fraczinet.cl\/sitio\/?s={search_term_string}\"},\"query-input\":{\"@type\":\"PropertyValueSpecification\",\"valueRequired\":true,\"valueName\":\"search_term_string\"}}],\"inLanguage\":\"es\"},{\"@type\":[\"Person\",\"Organization\"],\"@id\":\"https:\/\/www.fraczinet.cl\/sitio\/#\/schema\/person\/aec8ee4da68df2b9b0eefdad24a0d582\",\"name\":\"Luis Fernando Fraczinet\",\"image\":{\"@type\":\"ImageObject\",\"inLanguage\":\"es\",\"@id\":\"https:\/\/www.fraczinet.cl\/sitio\/#\/schema\/person\/image\/\",\"url\":\"https:\/\/www.fraczinet.cl\/sitio\/wp-content\/uploads\/2021\/07\/bannerlogo-1.gif\",\"contentUrl\":\"https:\/\/www.fraczinet.cl\/sitio\/wp-content\/uploads\/2021\/07\/bannerlogo-1.gif\",\"width\":159,\"height\":79,\"caption\":\"Luis Fernando Fraczinet\"},\"logo\":{\"@id\":\"https:\/\/www.fraczinet.cl\/sitio\/#\/schema\/person\/image\/\"},\"sameAs\":[\"https:\/\/www.fraczinet.cl\/sitio\/\"]},{\"@type\":\"Person\",\"@id\":\"https:\/\/www.fraczinet.cl\/sitio\/#\/schema\/person\/bc30f98e9cb10ae7e119dbe14bc93784\",\"name\":\"admin\",\"image\":{\"@type\":\"ImageObject\",\"inLanguage\":\"es\",\"@id\":\"https:\/\/www.fraczinet.cl\/sitio\/#\/schema\/person\/image\/\",\"url\":\"https:\/\/secure.gravatar.com\/avatar\/d5ad3cf7ef3b23a2bb5be73be780c86b2fc8545c3ad6b149f3913ff458c00099?s=96&d=mm&r=g\",\"contentUrl\":\"https:\/\/secure.gravatar.com\/avatar\/d5ad3cf7ef3b23a2bb5be73be780c86b2fc8545c3ad6b149f3913ff458c00099?s=96&d=mm&r=g\",\"caption\":\"admin\"},\"sameAs\":[\"https:\/\/www.fraczinet.cl\/sitio\"]}]}<\/script>\n<!-- \/ Yoast SEO plugin. -->","yoast_head_json":{"title":"Universidad De Concepcion Asesora A Corte Suprema De Paraguay En Reforma Procesal - Nuestro Bio B\u00edo","robots":{"index":"index","follow":"follow","max-snippet":"max-snippet:-1","max-image-preview":"max-image-preview:large","max-video-preview":"max-video-preview:-1"},"canonical":"https:\/\/www.fraczinet.cl\/sitio\/2010\/06\/05\/universidad-de-concepcion-asesora-a-corte-suprema-de-paraguay-en-reforma-procesal\/","og_locale":"es_ES","og_type":"article","og_title":"Universidad De Concepcion Asesora A Corte Suprema De Paraguay En Reforma Procesal - Nuestro Bio B\u00edo","og_description":"La Facultad de Ciencias Jur\u00eddicas y Sociales de la Universidad de Concepci\u00f3n, a trav\u00e9s de su Departamento de Derecho Procesal, actuar\u00e1 como asesor internacional de la Corte Suprema de Justicia del Paraguay para su reforma procesal civil, tras el establecimiento de un acuerdo de cooperaci\u00f3n firmado por el rector de la UdeC, Sergio Lavanchy, y [&hellip;]","og_url":"https:\/\/www.fraczinet.cl\/sitio\/2010\/06\/05\/universidad-de-concepcion-asesora-a-corte-suprema-de-paraguay-en-reforma-procesal\/","og_site_name":"Nuestro Bio B\u00edo","article_published_time":"2010-06-05T07:07:00+00:00","article_modified_time":"2022-09-27T01:02:46+00:00","og_image":[{"width":275,"height":183,"url":"https:\/\/www.fraczinet.cl\/sitio\/wp-content\/uploads\/2010\/06\/Facultad-de-ciencias-juridiocas.jpeg","type":"image\/jpeg"}],"author":"admin","twitter_card":"summary_large_image","twitter_creator":"@nuestrobiobio","twitter_site":"@nuestrobiobio","twitter_misc":{"Escrito por":"admin","Tiempo de lectura":"2 minutos"},"schema":{"@context":"https:\/\/schema.org","@graph":[{"@type":"Article","@id":"https:\/\/www.fraczinet.cl\/sitio\/2010\/06\/05\/universidad-de-concepcion-asesora-a-corte-suprema-de-paraguay-en-reforma-procesal\/#article","isPartOf":{"@id":"https:\/\/www.fraczinet.cl\/sitio\/2010\/06\/05\/universidad-de-concepcion-asesora-a-corte-suprema-de-paraguay-en-reforma-procesal\/"},"author":{"name":"admin","@id":"https:\/\/www.fraczinet.cl\/sitio\/#\/schema\/person\/bc30f98e9cb10ae7e119dbe14bc93784"},"headline":"Universidad De Concepcion Asesora A Corte Suprema De Paraguay En Reforma Procesal","datePublished":"2010-06-05T07:07:00+00:00","dateModified":"2022-09-27T01:02:46+00:00","mainEntityOfPage":{"@id":"https:\/\/www.fraczinet.cl\/sitio\/2010\/06\/05\/universidad-de-concepcion-asesora-a-corte-suprema-de-paraguay-en-reforma-procesal\/"},"wordCount":443,"commentCount":0,"publisher":{"@id":"https:\/\/www.fraczinet.cl\/sitio\/#\/schema\/person\/aec8ee4da68df2b9b0eefdad24a0d582"},"image":{"@id":"https:\/\/www.fraczinet.cl\/sitio\/2010\/06\/05\/universidad-de-concepcion-asesora-a-corte-suprema-de-paraguay-en-reforma-procesal\/#primaryimage"},"thumbnailUrl":"https:\/\/www.fraczinet.cl\/sitio\/wp-content\/uploads\/2010\/06\/Facultad-de-ciencias-juridiocas.jpeg","articleSection":["Educaci\u00f3n"],"inLanguage":"es","potentialAction":[{"@type":"CommentAction","name":"Comment","target":["https:\/\/www.fraczinet.cl\/sitio\/2010\/06\/05\/universidad-de-concepcion-asesora-a-corte-suprema-de-paraguay-en-reforma-procesal\/#respond"]}]},{"@type":"WebPage","@id":"https:\/\/www.fraczinet.cl\/sitio\/2010\/06\/05\/universidad-de-concepcion-asesora-a-corte-suprema-de-paraguay-en-reforma-procesal\/","url":"https:\/\/www.fraczinet.cl\/sitio\/2010\/06\/05\/universidad-de-concepcion-asesora-a-corte-suprema-de-paraguay-en-reforma-procesal\/","name":"Universidad De Concepcion Asesora A Corte Suprema De Paraguay En Reforma Procesal - Nuestro Bio B\u00edo","isPartOf":{"@id":"https:\/\/www.fraczinet.cl\/sitio\/#website"},"primaryImageOfPage":{"@id":"https:\/\/www.fraczinet.cl\/sitio\/2010\/06\/05\/universidad-de-concepcion-asesora-a-corte-suprema-de-paraguay-en-reforma-procesal\/#primaryimage"},"image":{"@id":"https:\/\/www.fraczinet.cl\/sitio\/2010\/06\/05\/universidad-de-concepcion-asesora-a-corte-suprema-de-paraguay-en-reforma-procesal\/#primaryimage"},"thumbnailUrl":"https:\/\/www.fraczinet.cl\/sitio\/wp-content\/uploads\/2010\/06\/Facultad-de-ciencias-juridiocas.jpeg","datePublished":"2010-06-05T07:07:00+00:00","dateModified":"2022-09-27T01:02:46+00:00","breadcrumb":{"@id":"https:\/\/www.fraczinet.cl\/sitio\/2010\/06\/05\/universidad-de-concepcion-asesora-a-corte-suprema-de-paraguay-en-reforma-procesal\/#breadcrumb"},"inLanguage":"es","potentialAction":[{"@type":"ReadAction","target":["https:\/\/www.fraczinet.cl\/sitio\/2010\/06\/05\/universidad-de-concepcion-asesora-a-corte-suprema-de-paraguay-en-reforma-procesal\/"]}]},{"@type":"ImageObject","inLanguage":"es","@id":"https:\/\/www.fraczinet.cl\/sitio\/2010\/06\/05\/universidad-de-concepcion-asesora-a-corte-suprema-de-paraguay-en-reforma-procesal\/#primaryimage","url":"https:\/\/www.fraczinet.cl\/sitio\/wp-content\/uploads\/2010\/06\/Facultad-de-ciencias-juridiocas.jpeg","contentUrl":"https:\/\/www.fraczinet.cl\/sitio\/wp-content\/uploads\/2010\/06\/Facultad-de-ciencias-juridiocas.jpeg","width":275,"height":183},{"@type":"BreadcrumbList","@id":"https:\/\/www.fraczinet.cl\/sitio\/2010\/06\/05\/universidad-de-concepcion-asesora-a-corte-suprema-de-paraguay-en-reforma-procesal\/#breadcrumb","itemListElement":[{"@type":"ListItem","position":1,"name":"Portada","item":"https:\/\/www.fraczinet.cl\/sitio\/"},{"@type":"ListItem","position":2,"name":"Universidad De Concepcion Asesora A Corte Suprema De Paraguay En Reforma Procesal"}]},{"@type":"WebSite","@id":"https:\/\/www.fraczinet.cl\/sitio\/#website","url":"https:\/\/www.fraczinet.cl\/sitio\/","name":"Nuestro Bio B\u00edo","description":"Tierra de Encuentros","publisher":{"@id":"https:\/\/www.fraczinet.cl\/sitio\/#\/schema\/person\/aec8ee4da68df2b9b0eefdad24a0d582"},"potentialAction":[{"@type":"SearchAction","target":{"@type":"EntryPoint","urlTemplate":"https:\/\/www.fraczinet.cl\/sitio\/?s={search_term_string}"},"query-input":{"@type":"PropertyValueSpecification","valueRequired":true,"valueName":"search_term_string"}}],"inLanguage":"es"},{"@type":["Person","Organization"],"@id":"https:\/\/www.fraczinet.cl\/sitio\/#\/schema\/person\/aec8ee4da68df2b9b0eefdad24a0d582","name":"Luis Fernando Fraczinet","image":{"@type":"ImageObject","inLanguage":"es","@id":"https:\/\/www.fraczinet.cl\/sitio\/#\/schema\/person\/image\/","url":"https:\/\/www.fraczinet.cl\/sitio\/wp-content\/uploads\/2021\/07\/bannerlogo-1.gif","contentUrl":"https:\/\/www.fraczinet.cl\/sitio\/wp-content\/uploads\/2021\/07\/bannerlogo-1.gif","width":159,"height":79,"caption":"Luis Fernando Fraczinet"},"logo":{"@id":"https:\/\/www.fraczinet.cl\/sitio\/#\/schema\/person\/image\/"},"sameAs":["https:\/\/www.fraczinet.cl\/sitio\/"]},{"@type":"Person","@id":"https:\/\/www.fraczinet.cl\/sitio\/#\/schema\/person\/bc30f98e9cb10ae7e119dbe14bc93784","name":"admin","image":{"@type":"ImageObject","inLanguage":"es","@id":"https:\/\/www.fraczinet.cl\/sitio\/#\/schema\/person\/image\/","url":"https:\/\/secure.gravatar.com\/avatar\/d5ad3cf7ef3b23a2bb5be73be780c86b2fc8545c3ad6b149f3913ff458c00099?s=96&d=mm&r=g","contentUrl":"https:\/\/secure.gravatar.com\/avatar\/d5ad3cf7ef3b23a2bb5be73be780c86b2fc8545c3ad6b149f3913ff458c00099?s=96&d=mm&r=g","caption":"admin"},"sameAs":["https:\/\/www.fraczinet.cl\/sitio"]}]}},"_links":{"self":[{"href":"https:\/\/www.fraczinet.cl\/sitio\/wp-json\/wp\/v2\/posts\/5302","targetHints":{"allow":["GET"]}}],"collection":[{"href":"https:\/\/www.fraczinet.cl\/sitio\/wp-json\/wp\/v2\/posts"}],"about":[{"href":"https:\/\/www.fraczinet.cl\/sitio\/wp-json\/wp\/v2\/types\/post"}],"author":[{"embeddable":true,"href":"https:\/\/www.fraczinet.cl\/sitio\/wp-json\/wp\/v2\/users\/1"}],"replies":[{"embeddable":true,"href":"https:\/\/www.fraczinet.cl\/sitio\/wp-json\/wp\/v2\/comments?post=5302"}],"version-history":[{"count":1,"href":"https:\/\/www.fraczinet.cl\/sitio\/wp-json\/wp\/v2\/posts\/5302\/revisions"}],"predecessor-version":[{"id":13520,"href":"https:\/\/www.fraczinet.cl\/sitio\/wp-json\/wp\/v2\/posts\/5302\/revisions\/13520"}],"wp:featuredmedia":[{"embeddable":true,"href":"https:\/\/www.fraczinet.cl\/sitio\/wp-json\/wp\/v2\/media\/13519"}],"wp:attachment":[{"href":"https:\/\/www.fraczinet.cl\/sitio\/wp-json\/wp\/v2\/media?parent=5302"}],"wp:term":[{"taxonomy":"category","embeddable":true,"href":"https:\/\/www.fraczinet.cl\/sitio\/wp-json\/wp\/v2\/categories?post=5302"},{"taxonomy":"post_tag","embeddable":true,"href":"https:\/\/www.fraczinet.cl\/sitio\/wp-json\/wp\/v2\/tags?post=5302"}],"curies":[{"name":"wp","href":"https:\/\/api.w.org\/{rel}","templated":true}]}}