{"id":5308,"date":"2010-05-30T20:35:00","date_gmt":"2010-05-30T20:35:00","guid":{"rendered":"https:\/\/www.fraczinet.cl\/sitio\/2010\/05\/30\/feria-sustenta-udec-muestra-por-la-sustentabilidad-regional\/"},"modified":"2022-10-05T21:34:46","modified_gmt":"2022-10-05T21:34:46","slug":"feria-sustenta-udec-muestra-por-la-sustentabilidad-regional","status":"publish","type":"post","link":"https:\/\/www.fraczinet.cl\/sitio\/2010\/05\/30\/feria-sustenta-udec-muestra-por-la-sustentabilidad-regional\/","title":{"rendered":"Feria Sustenta UdeC: Muestra Por La Sustentabilidad Regional"},"content":{"rendered":"<div style=\"text-align: justify;\"><a href=\"http:\/\/3.bp.blogspot.com\/_2S_RxGRVjis\/TALM8G9q3yI\/AAAAAAAAQHk\/Y8evlZxw6ME\/s1600\/sustenta+udec.jpg\"><img decoding=\"async\" alt=\"\" border=\"0\" id=\"BLOGGER_PHOTO_ID_5477165429869436706\" src=\"https:\/\/3.bp.blogspot.com\/_2S_RxGRVjis\/TALM8G9q3yI\/AAAAAAAAQHk\/Y8evlZxw6ME\/s200\/sustenta+udec.jpg\" style=\"cursor: hand; cursor: pointer; float: left; height: 127px; margin: 0 10px 10px 0; width: 200px;\" \/><\/a>Tras el sismo que afect\u00f3 a la zona centro-sur de nuestro pa\u00eds, la reconstrucci\u00f3n se ha transformado en la prioridad de los ciudadanos y del Gobierno.<\/div>\n<div style=\"text-align: justify;\"><\/div>\n<div style=\"text-align: justify;\">No dejemos que se construya nuevamente sobre una base d\u00e9bil. Intentemos con ah\u00ednco que la larga tarea de reconstruir, se vuelva una oportunidad para que Concepci\u00f3n sea mejor, para que se re configure y crezca de una manera responsable para con el medio ambiente, en otras palabras, que esta vez nos decidamos por un desarrollo m\u00e1s sustentable.<\/div>\n<div style=\"text-align: justify;\"><\/div>\n<div style=\"text-align: justify;\">Por ello, te invitamos a visitar la Feria Sustenta UdeC, la que se iniciar\u00e1 en el D\u00eda Mundial del Medio Ambiente y culminar\u00e1 el s\u00e1bado cinco. La exposici\u00f3n pretende generar un espacio para que expreses tus sue\u00f1os y deseos para el restablecimiento de nuestra ciudad. Tambi\u00e9n para que puedas conocer algunas experiencias locales de pr\u00e1cticas de sustentabilidad. Y todo esto acompa\u00f1ado de diversos n\u00fameros art\u00edsticos, como danza y bandas musicales.<\/div>\n<div style=\"text-align: justify;\"><\/div>\n<div style=\"text-align: justify;\">Porque de verdad&#8230; si queremos reconstruir, hag\u00e1moslo bien.<\/div>\n<div style=\"text-align: justify;\"><\/div>\n<div style=\"text-align: justify;\">Organiza: Universidad de Concepci\u00f3n \/ Proyecto Anillos SOC-28 \/ Ilustre Municipalidad de Concepci\u00f3n<\/div>\n<div style=\"text-align: justify;\"><\/div>\n<div style=\"text-align: justify;\">Hora de inicio: El Viernes, 04 de junio de 2010 a las 15:00<\/div>\n<div style=\"text-align: justify;\">Hora de finalizaci\u00f3n: El S\u00e1bado, 05 de junio de 2010 a las 18:00<\/div>\n<div style=\"text-align: justify;\">Lugar:  Plaza de La Independencia, Concepci\u00f3n<\/div>\n<div style=\"text-align: justify;\"><\/div>\n<div style=\"text-align: justify;\">Evento en Facebook: <a href=\"http:\/\/www.facebook.com\/event.php?eid=127095093976969\">http:\/\/www.facebook.com\/event.php?eid=127095093976969<\/a><\/div>\n","protected":false},"excerpt":{"rendered":"<p>Tras el sismo que afect\u00f3 a la zona centro-sur de nuestro pa\u00eds, la reconstrucci\u00f3n se ha transformado en la prioridad de los ciudadanos y del Gobierno. No dejemos que se construya nuevamente sobre una base d\u00e9bil. Intentemos con ah\u00ednco que la larga tarea de reconstruir, se vuelva una oportunidad para que Concepci\u00f3n sea mejor, para [&hellip;]<\/p>\n","protected":false},"author":1,"featured_media":0,"comment_status":"open","ping_status":"open","sticky":false,"template":"","format":"standard","meta":{"footnotes":""},"categories":[124],"tags":[],"class_list":["post-5308","post","type-post","status-publish","format-standard","hentry","category-medio-ambiente"],"yoast_head":"<!-- This site is optimized with the Yoast SEO plugin v25.0 - https:\/\/yoast.com\/wordpress\/plugins\/seo\/ -->\n<title>Feria Sustenta UdeC: Muestra Por La Sustentabilidad Regional - Nuestro Bio B\u00edo<\/title>\n<meta name=\"robots\" content=\"index, follow, max-snippet:-1, max-image-preview:large, max-video-preview:-1\" \/>\n<link rel=\"canonical\" href=\"https:\/\/www.fraczinet.cl\/sitio\/2010\/05\/30\/feria-sustenta-udec-muestra-por-la-sustentabilidad-regional\/\" \/>\n<meta property=\"og:locale\" content=\"es_ES\" \/>\n<meta property=\"og:type\" content=\"article\" \/>\n<meta property=\"og:title\" content=\"Feria Sustenta UdeC: Muestra Por La Sustentabilidad Regional - Nuestro Bio B\u00edo\" \/>\n<meta property=\"og:description\" content=\"Tras el sismo que afect\u00f3 a la zona centro-sur de nuestro pa\u00eds, la reconstrucci\u00f3n se ha transformado en la prioridad de los ciudadanos y del Gobierno. No dejemos que se construya nuevamente sobre una base d\u00e9bil. Intentemos con ah\u00ednco que la larga tarea de reconstruir, se vuelva una oportunidad para que Concepci\u00f3n sea mejor, para [&hellip;]\" \/>\n<meta property=\"og:url\" content=\"https:\/\/www.fraczinet.cl\/sitio\/2010\/05\/30\/feria-sustenta-udec-muestra-por-la-sustentabilidad-regional\/\" \/>\n<meta property=\"og:site_name\" content=\"Nuestro Bio B\u00edo\" \/>\n<meta property=\"article:published_time\" content=\"2010-05-30T20:35:00+00:00\" \/>\n<meta property=\"article:modified_time\" content=\"2022-10-05T21:34:46+00:00\" \/>\n<meta property=\"og:image\" content=\"https:\/\/3.bp.blogspot.com\/_2S_RxGRVjis\/TALM8G9q3yI\/AAAAAAAAQHk\/Y8evlZxw6ME\/s200\/sustenta+udec.jpg\" \/>\n<meta name=\"author\" content=\"admin\" \/>\n<meta name=\"twitter:card\" content=\"summary_large_image\" \/>\n<meta name=\"twitter:creator\" content=\"@nuestrobiobio\" \/>\n<meta name=\"twitter:site\" content=\"@nuestrobiobio\" \/>\n<meta name=\"twitter:label1\" content=\"Escrito por\" \/>\n\t<meta name=\"twitter:data1\" content=\"admin\" \/>\n\t<meta name=\"twitter:label2\" content=\"Tiempo de lectura\" \/>\n\t<meta name=\"twitter:data2\" content=\"1 minuto\" \/>\n<script type=\"application\/ld+json\" class=\"yoast-schema-graph\">{\"@context\":\"https:\/\/schema.org\",\"@graph\":[{\"@type\":\"Article\",\"@id\":\"https:\/\/www.fraczinet.cl\/sitio\/2010\/05\/30\/feria-sustenta-udec-muestra-por-la-sustentabilidad-regional\/#article\",\"isPartOf\":{\"@id\":\"https:\/\/www.fraczinet.cl\/sitio\/2010\/05\/30\/feria-sustenta-udec-muestra-por-la-sustentabilidad-regional\/\"},\"author\":{\"name\":\"admin\",\"@id\":\"https:\/\/www.fraczinet.cl\/sitio\/#\/schema\/person\/bc30f98e9cb10ae7e119dbe14bc93784\"},\"headline\":\"Feria Sustenta UdeC: Muestra Por La Sustentabilidad Regional\",\"datePublished\":\"2010-05-30T20:35:00+00:00\",\"dateModified\":\"2022-10-05T21:34:46+00:00\",\"mainEntityOfPage\":{\"@id\":\"https:\/\/www.fraczinet.cl\/sitio\/2010\/05\/30\/feria-sustenta-udec-muestra-por-la-sustentabilidad-regional\/\"},\"wordCount\":237,\"commentCount\":0,\"publisher\":{\"@id\":\"https:\/\/www.fraczinet.cl\/sitio\/#\/schema\/person\/aec8ee4da68df2b9b0eefdad24a0d582\"},\"image\":{\"@id\":\"https:\/\/www.fraczinet.cl\/sitio\/2010\/05\/30\/feria-sustenta-udec-muestra-por-la-sustentabilidad-regional\/#primaryimage\"},\"thumbnailUrl\":\"https:\/\/3.bp.blogspot.com\/_2S_RxGRVjis\/TALM8G9q3yI\/AAAAAAAAQHk\/Y8evlZxw6ME\/s200\/sustenta+udec.jpg\",\"articleSection\":[\"Medio Ambiente\"],\"inLanguage\":\"es\",\"potentialAction\":[{\"@type\":\"CommentAction\",\"name\":\"Comment\",\"target\":[\"https:\/\/www.fraczinet.cl\/sitio\/2010\/05\/30\/feria-sustenta-udec-muestra-por-la-sustentabilidad-regional\/#respond\"]}]},{\"@type\":\"WebPage\",\"@id\":\"https:\/\/www.fraczinet.cl\/sitio\/2010\/05\/30\/feria-sustenta-udec-muestra-por-la-sustentabilidad-regional\/\",\"url\":\"https:\/\/www.fraczinet.cl\/sitio\/2010\/05\/30\/feria-sustenta-udec-muestra-por-la-sustentabilidad-regional\/\",\"name\":\"Feria Sustenta UdeC: Muestra Por La Sustentabilidad Regional - Nuestro Bio B\u00edo\",\"isPartOf\":{\"@id\":\"https:\/\/www.fraczinet.cl\/sitio\/#website\"},\"primaryImageOfPage\":{\"@id\":\"https:\/\/www.fraczinet.cl\/sitio\/2010\/05\/30\/feria-sustenta-udec-muestra-por-la-sustentabilidad-regional\/#primaryimage\"},\"image\":{\"@id\":\"https:\/\/www.fraczinet.cl\/sitio\/2010\/05\/30\/feria-sustenta-udec-muestra-por-la-sustentabilidad-regional\/#primaryimage\"},\"thumbnailUrl\":\"https:\/\/3.bp.blogspot.com\/_2S_RxGRVjis\/TALM8G9q3yI\/AAAAAAAAQHk\/Y8evlZxw6ME\/s200\/sustenta+udec.jpg\",\"datePublished\":\"2010-05-30T20:35:00+00:00\",\"dateModified\":\"2022-10-05T21:34:46+00:00\",\"breadcrumb\":{\"@id\":\"https:\/\/www.fraczinet.cl\/sitio\/2010\/05\/30\/feria-sustenta-udec-muestra-por-la-sustentabilidad-regional\/#breadcrumb\"},\"inLanguage\":\"es\",\"potentialAction\":[{\"@type\":\"ReadAction\",\"target\":[\"https:\/\/www.fraczinet.cl\/sitio\/2010\/05\/30\/feria-sustenta-udec-muestra-por-la-sustentabilidad-regional\/\"]}]},{\"@type\":\"ImageObject\",\"inLanguage\":\"es\",\"@id\":\"https:\/\/www.fraczinet.cl\/sitio\/2010\/05\/30\/feria-sustenta-udec-muestra-por-la-sustentabilidad-regional\/#primaryimage\",\"url\":\"https:\/\/3.bp.blogspot.com\/_2S_RxGRVjis\/TALM8G9q3yI\/AAAAAAAAQHk\/Y8evlZxw6ME\/s200\/sustenta+udec.jpg\",\"contentUrl\":\"https:\/\/3.bp.blogspot.com\/_2S_RxGRVjis\/TALM8G9q3yI\/AAAAAAAAQHk\/Y8evlZxw6ME\/s200\/sustenta+udec.jpg\"},{\"@type\":\"BreadcrumbList\",\"@id\":\"https:\/\/www.fraczinet.cl\/sitio\/2010\/05\/30\/feria-sustenta-udec-muestra-por-la-sustentabilidad-regional\/#breadcrumb\",\"itemListElement\":[{\"@type\":\"ListItem\",\"position\":1,\"name\":\"Portada\",\"item\":\"https:\/\/www.fraczinet.cl\/sitio\/\"},{\"@type\":\"ListItem\",\"position\":2,\"name\":\"Feria Sustenta UdeC: Muestra Por La Sustentabilidad Regional\"}]},{\"@type\":\"WebSite\",\"@id\":\"https:\/\/www.fraczinet.cl\/sitio\/#website\",\"url\":\"https:\/\/www.fraczinet.cl\/sitio\/\",\"name\":\"Nuestro Bio B\u00edo\",\"description\":\"Tierra de Encuentros\",\"publisher\":{\"@id\":\"https:\/\/www.fraczinet.cl\/sitio\/#\/schema\/person\/aec8ee4da68df2b9b0eefdad24a0d582\"},\"potentialAction\":[{\"@type\":\"SearchAction\",\"target\":{\"@type\":\"EntryPoint\",\"urlTemplate\":\"https:\/\/www.fraczinet.cl\/sitio\/?s={search_term_string}\"},\"query-input\":{\"@type\":\"PropertyValueSpecification\",\"valueRequired\":true,\"valueName\":\"search_term_string\"}}],\"inLanguage\":\"es\"},{\"@type\":[\"Person\",\"Organization\"],\"@id\":\"https:\/\/www.fraczinet.cl\/sitio\/#\/schema\/person\/aec8ee4da68df2b9b0eefdad24a0d582\",\"name\":\"Luis Fernando Fraczinet\",\"image\":{\"@type\":\"ImageObject\",\"inLanguage\":\"es\",\"@id\":\"https:\/\/www.fraczinet.cl\/sitio\/#\/schema\/person\/image\/\",\"url\":\"https:\/\/www.fraczinet.cl\/sitio\/wp-content\/uploads\/2021\/07\/bannerlogo-1.gif\",\"contentUrl\":\"https:\/\/www.fraczinet.cl\/sitio\/wp-content\/uploads\/2021\/07\/bannerlogo-1.gif\",\"width\":159,\"height\":79,\"caption\":\"Luis Fernando Fraczinet\"},\"logo\":{\"@id\":\"https:\/\/www.fraczinet.cl\/sitio\/#\/schema\/person\/image\/\"},\"sameAs\":[\"https:\/\/www.fraczinet.cl\/sitio\/\"]},{\"@type\":\"Person\",\"@id\":\"https:\/\/www.fraczinet.cl\/sitio\/#\/schema\/person\/bc30f98e9cb10ae7e119dbe14bc93784\",\"name\":\"admin\",\"image\":{\"@type\":\"ImageObject\",\"inLanguage\":\"es\",\"@id\":\"https:\/\/www.fraczinet.cl\/sitio\/#\/schema\/person\/image\/\",\"url\":\"https:\/\/secure.gravatar.com\/avatar\/d5ad3cf7ef3b23a2bb5be73be780c86b2fc8545c3ad6b149f3913ff458c00099?s=96&d=mm&r=g\",\"contentUrl\":\"https:\/\/secure.gravatar.com\/avatar\/d5ad3cf7ef3b23a2bb5be73be780c86b2fc8545c3ad6b149f3913ff458c00099?s=96&d=mm&r=g\",\"caption\":\"admin\"},\"sameAs\":[\"https:\/\/www.fraczinet.cl\/sitio\"]}]}<\/script>\n<!-- \/ Yoast SEO plugin. -->","yoast_head_json":{"title":"Feria Sustenta UdeC: Muestra Por La Sustentabilidad Regional - Nuestro Bio B\u00edo","robots":{"index":"index","follow":"follow","max-snippet":"max-snippet:-1","max-image-preview":"max-image-preview:large","max-video-preview":"max-video-preview:-1"},"canonical":"https:\/\/www.fraczinet.cl\/sitio\/2010\/05\/30\/feria-sustenta-udec-muestra-por-la-sustentabilidad-regional\/","og_locale":"es_ES","og_type":"article","og_title":"Feria Sustenta UdeC: Muestra Por La Sustentabilidad Regional - Nuestro Bio B\u00edo","og_description":"Tras el sismo que afect\u00f3 a la zona centro-sur de nuestro pa\u00eds, la reconstrucci\u00f3n se ha transformado en la prioridad de los ciudadanos y del Gobierno. No dejemos que se construya nuevamente sobre una base d\u00e9bil. Intentemos con ah\u00ednco que la larga tarea de reconstruir, se vuelva una oportunidad para que Concepci\u00f3n sea mejor, para [&hellip;]","og_url":"https:\/\/www.fraczinet.cl\/sitio\/2010\/05\/30\/feria-sustenta-udec-muestra-por-la-sustentabilidad-regional\/","og_site_name":"Nuestro Bio B\u00edo","article_published_time":"2010-05-30T20:35:00+00:00","article_modified_time":"2022-10-05T21:34:46+00:00","og_image":[{"url":"https:\/\/3.bp.blogspot.com\/_2S_RxGRVjis\/TALM8G9q3yI\/AAAAAAAAQHk\/Y8evlZxw6ME\/s200\/sustenta+udec.jpg","type":"","width":"","height":""}],"author":"admin","twitter_card":"summary_large_image","twitter_creator":"@nuestrobiobio","twitter_site":"@nuestrobiobio","twitter_misc":{"Escrito por":"admin","Tiempo de lectura":"1 minuto"},"schema":{"@context":"https:\/\/schema.org","@graph":[{"@type":"Article","@id":"https:\/\/www.fraczinet.cl\/sitio\/2010\/05\/30\/feria-sustenta-udec-muestra-por-la-sustentabilidad-regional\/#article","isPartOf":{"@id":"https:\/\/www.fraczinet.cl\/sitio\/2010\/05\/30\/feria-sustenta-udec-muestra-por-la-sustentabilidad-regional\/"},"author":{"name":"admin","@id":"https:\/\/www.fraczinet.cl\/sitio\/#\/schema\/person\/bc30f98e9cb10ae7e119dbe14bc93784"},"headline":"Feria Sustenta UdeC: Muestra Por La Sustentabilidad Regional","datePublished":"2010-05-30T20:35:00+00:00","dateModified":"2022-10-05T21:34:46+00:00","mainEntityOfPage":{"@id":"https:\/\/www.fraczinet.cl\/sitio\/2010\/05\/30\/feria-sustenta-udec-muestra-por-la-sustentabilidad-regional\/"},"wordCount":237,"commentCount":0,"publisher":{"@id":"https:\/\/www.fraczinet.cl\/sitio\/#\/schema\/person\/aec8ee4da68df2b9b0eefdad24a0d582"},"image":{"@id":"https:\/\/www.fraczinet.cl\/sitio\/2010\/05\/30\/feria-sustenta-udec-muestra-por-la-sustentabilidad-regional\/#primaryimage"},"thumbnailUrl":"https:\/\/3.bp.blogspot.com\/_2S_RxGRVjis\/TALM8G9q3yI\/AAAAAAAAQHk\/Y8evlZxw6ME\/s200\/sustenta+udec.jpg","articleSection":["Medio Ambiente"],"inLanguage":"es","potentialAction":[{"@type":"CommentAction","name":"Comment","target":["https:\/\/www.fraczinet.cl\/sitio\/2010\/05\/30\/feria-sustenta-udec-muestra-por-la-sustentabilidad-regional\/#respond"]}]},{"@type":"WebPage","@id":"https:\/\/www.fraczinet.cl\/sitio\/2010\/05\/30\/feria-sustenta-udec-muestra-por-la-sustentabilidad-regional\/","url":"https:\/\/www.fraczinet.cl\/sitio\/2010\/05\/30\/feria-sustenta-udec-muestra-por-la-sustentabilidad-regional\/","name":"Feria Sustenta UdeC: Muestra Por La Sustentabilidad Regional - Nuestro Bio B\u00edo","isPartOf":{"@id":"https:\/\/www.fraczinet.cl\/sitio\/#website"},"primaryImageOfPage":{"@id":"https:\/\/www.fraczinet.cl\/sitio\/2010\/05\/30\/feria-sustenta-udec-muestra-por-la-sustentabilidad-regional\/#primaryimage"},"image":{"@id":"https:\/\/www.fraczinet.cl\/sitio\/2010\/05\/30\/feria-sustenta-udec-muestra-por-la-sustentabilidad-regional\/#primaryimage"},"thumbnailUrl":"https:\/\/3.bp.blogspot.com\/_2S_RxGRVjis\/TALM8G9q3yI\/AAAAAAAAQHk\/Y8evlZxw6ME\/s200\/sustenta+udec.jpg","datePublished":"2010-05-30T20:35:00+00:00","dateModified":"2022-10-05T21:34:46+00:00","breadcrumb":{"@id":"https:\/\/www.fraczinet.cl\/sitio\/2010\/05\/30\/feria-sustenta-udec-muestra-por-la-sustentabilidad-regional\/#breadcrumb"},"inLanguage":"es","potentialAction":[{"@type":"ReadAction","target":["https:\/\/www.fraczinet.cl\/sitio\/2010\/05\/30\/feria-sustenta-udec-muestra-por-la-sustentabilidad-regional\/"]}]},{"@type":"ImageObject","inLanguage":"es","@id":"https:\/\/www.fraczinet.cl\/sitio\/2010\/05\/30\/feria-sustenta-udec-muestra-por-la-sustentabilidad-regional\/#primaryimage","url":"https:\/\/3.bp.blogspot.com\/_2S_RxGRVjis\/TALM8G9q3yI\/AAAAAAAAQHk\/Y8evlZxw6ME\/s200\/sustenta+udec.jpg","contentUrl":"https:\/\/3.bp.blogspot.com\/_2S_RxGRVjis\/TALM8G9q3yI\/AAAAAAAAQHk\/Y8evlZxw6ME\/s200\/sustenta+udec.jpg"},{"@type":"BreadcrumbList","@id":"https:\/\/www.fraczinet.cl\/sitio\/2010\/05\/30\/feria-sustenta-udec-muestra-por-la-sustentabilidad-regional\/#breadcrumb","itemListElement":[{"@type":"ListItem","position":1,"name":"Portada","item":"https:\/\/www.fraczinet.cl\/sitio\/"},{"@type":"ListItem","position":2,"name":"Feria Sustenta UdeC: Muestra Por La Sustentabilidad Regional"}]},{"@type":"WebSite","@id":"https:\/\/www.fraczinet.cl\/sitio\/#website","url":"https:\/\/www.fraczinet.cl\/sitio\/","name":"Nuestro Bio B\u00edo","description":"Tierra de Encuentros","publisher":{"@id":"https:\/\/www.fraczinet.cl\/sitio\/#\/schema\/person\/aec8ee4da68df2b9b0eefdad24a0d582"},"potentialAction":[{"@type":"SearchAction","target":{"@type":"EntryPoint","urlTemplate":"https:\/\/www.fraczinet.cl\/sitio\/?s={search_term_string}"},"query-input":{"@type":"PropertyValueSpecification","valueRequired":true,"valueName":"search_term_string"}}],"inLanguage":"es"},{"@type":["Person","Organization"],"@id":"https:\/\/www.fraczinet.cl\/sitio\/#\/schema\/person\/aec8ee4da68df2b9b0eefdad24a0d582","name":"Luis Fernando Fraczinet","image":{"@type":"ImageObject","inLanguage":"es","@id":"https:\/\/www.fraczinet.cl\/sitio\/#\/schema\/person\/image\/","url":"https:\/\/www.fraczinet.cl\/sitio\/wp-content\/uploads\/2021\/07\/bannerlogo-1.gif","contentUrl":"https:\/\/www.fraczinet.cl\/sitio\/wp-content\/uploads\/2021\/07\/bannerlogo-1.gif","width":159,"height":79,"caption":"Luis Fernando Fraczinet"},"logo":{"@id":"https:\/\/www.fraczinet.cl\/sitio\/#\/schema\/person\/image\/"},"sameAs":["https:\/\/www.fraczinet.cl\/sitio\/"]},{"@type":"Person","@id":"https:\/\/www.fraczinet.cl\/sitio\/#\/schema\/person\/bc30f98e9cb10ae7e119dbe14bc93784","name":"admin","image":{"@type":"ImageObject","inLanguage":"es","@id":"https:\/\/www.fraczinet.cl\/sitio\/#\/schema\/person\/image\/","url":"https:\/\/secure.gravatar.com\/avatar\/d5ad3cf7ef3b23a2bb5be73be780c86b2fc8545c3ad6b149f3913ff458c00099?s=96&d=mm&r=g","contentUrl":"https:\/\/secure.gravatar.com\/avatar\/d5ad3cf7ef3b23a2bb5be73be780c86b2fc8545c3ad6b149f3913ff458c00099?s=96&d=mm&r=g","caption":"admin"},"sameAs":["https:\/\/www.fraczinet.cl\/sitio"]}]}},"_links":{"self":[{"href":"https:\/\/www.fraczinet.cl\/sitio\/wp-json\/wp\/v2\/posts\/5308","targetHints":{"allow":["GET"]}}],"collection":[{"href":"https:\/\/www.fraczinet.cl\/sitio\/wp-json\/wp\/v2\/posts"}],"about":[{"href":"https:\/\/www.fraczinet.cl\/sitio\/wp-json\/wp\/v2\/types\/post"}],"author":[{"embeddable":true,"href":"https:\/\/www.fraczinet.cl\/sitio\/wp-json\/wp\/v2\/users\/1"}],"replies":[{"embeddable":true,"href":"https:\/\/www.fraczinet.cl\/sitio\/wp-json\/wp\/v2\/comments?post=5308"}],"version-history":[{"count":1,"href":"https:\/\/www.fraczinet.cl\/sitio\/wp-json\/wp\/v2\/posts\/5308\/revisions"}],"predecessor-version":[{"id":14111,"href":"https:\/\/www.fraczinet.cl\/sitio\/wp-json\/wp\/v2\/posts\/5308\/revisions\/14111"}],"wp:attachment":[{"href":"https:\/\/www.fraczinet.cl\/sitio\/wp-json\/wp\/v2\/media?parent=5308"}],"wp:term":[{"taxonomy":"category","embeddable":true,"href":"https:\/\/www.fraczinet.cl\/sitio\/wp-json\/wp\/v2\/categories?post=5308"},{"taxonomy":"post_tag","embeddable":true,"href":"https:\/\/www.fraczinet.cl\/sitio\/wp-json\/wp\/v2\/tags?post=5308"}],"curies":[{"name":"wp","href":"https:\/\/api.w.org\/{rel}","templated":true}]}}