{"id":5330,"date":"2010-05-14T19:03:00","date_gmt":"2010-05-14T19:03:00","guid":{"rendered":"https:\/\/www.fraczinet.cl\/sitio\/2010\/05\/14\/alcalde-de-tome-entrega-ayuda-a-vecinos-de-punta-de-parra\/"},"modified":"2022-10-06T23:20:04","modified_gmt":"2022-10-06T23:20:04","slug":"alcalde-de-tome-entrega-ayuda-a-vecinos-de-punta-de-parra","status":"publish","type":"post","link":"https:\/\/www.fraczinet.cl\/sitio\/2010\/05\/14\/alcalde-de-tome-entrega-ayuda-a-vecinos-de-punta-de-parra\/","title":{"rendered":"Alcalde De Tom\u00e9 Entrega Ayuda A Vecinos De Punta De Parra"},"content":{"rendered":"<div style=\"text-align: justify;\">M\u00e1s de 300 familias del sector de Punta de Parra recibi\u00f3 la tarde del 13 de mayo la visita del Alcalde de la Comuna de Tom\u00e9, Eduardo Aguilera Aguilera, quien junto a los profesionales del Municipio que trabajan en el sector entregaron ayuda a los vecinos y vecinas permiti\u00e9ndoles solventar algunas necesidades b\u00e1sicas. <\/div>\n<div style=\"text-align: justify;\"><\/div>\n<div style=\"text-align: justify;\">Harina, az\u00facar, aceite, cloro, agua mineral, leche y pa\u00f1ales para los m\u00e1s peque\u00f1itos fueron los productos designados a cada familia, las cuales se mostraron muy agradecidas por el beneficio entregado. <\/div>\n<p><a href=\"http:\/\/2.bp.blogspot.com\/_2S_RxGRVjis\/S-2gfREdpnI\/AAAAAAAAPOc\/1jR2L9RGiqE\/s1600\/Pta+de+Parra+022.jpg\"><img decoding=\"async\" alt=\"\" border=\"0\" id=\"BLOGGER_PHOTO_ID_5471205581343532658\" src=\"https:\/\/2.bp.blogspot.com\/_2S_RxGRVjis\/S-2gfREdpnI\/AAAAAAAAPOc\/1jR2L9RGiqE\/s400\/Pta+de+Parra+022.jpg\" style=\"cursor: hand; cursor: pointer; height: 300px; width: 400px;\" \/><\/a><br \/><a href=\"http:\/\/1.bp.blogspot.com\/_2S_RxGRVjis\/S-2gU4qWMyI\/AAAAAAAAPOU\/NchGGsD57EM\/s1600\/Pta+de+Parra+014.jpg\"><img decoding=\"async\" alt=\"\" border=\"0\" id=\"BLOGGER_PHOTO_ID_5471205402992849698\" src=\"https:\/\/1.bp.blogspot.com\/_2S_RxGRVjis\/S-2gU4qWMyI\/AAAAAAAAPOU\/NchGGsD57EM\/s400\/Pta+de+Parra+014.jpg\" style=\"cursor: hand; cursor: pointer; height: 300px; width: 400px;\" \/><\/a><\/p>\n","protected":false},"excerpt":{"rendered":"<p>M\u00e1s de 300 familias del sector de Punta de Parra recibi\u00f3 la tarde del 13 de mayo la visita del Alcalde de la Comuna de Tom\u00e9, Eduardo Aguilera Aguilera, quien junto a los profesionales del Municipio que trabajan en el sector entregaron ayuda a los vecinos y vecinas permiti\u00e9ndoles solventar algunas necesidades b\u00e1sicas. Harina, az\u00facar, [&hellip;]<\/p>\n","protected":false},"author":1,"featured_media":0,"comment_status":"open","ping_status":"open","sticky":false,"template":"","format":"standard","meta":{"footnotes":""},"categories":[131],"tags":[],"class_list":["post-5330","post","type-post","status-publish","format-standard","hentry","category-politica"],"yoast_head":"<!-- This site is optimized with the Yoast SEO plugin v25.0 - https:\/\/yoast.com\/wordpress\/plugins\/seo\/ -->\n<title>Alcalde De Tom\u00e9 Entrega Ayuda A Vecinos De Punta De Parra - Nuestro Bio B\u00edo<\/title>\n<meta name=\"robots\" content=\"index, follow, max-snippet:-1, max-image-preview:large, max-video-preview:-1\" \/>\n<link rel=\"canonical\" href=\"https:\/\/www.fraczinet.cl\/sitio\/2010\/05\/14\/alcalde-de-tome-entrega-ayuda-a-vecinos-de-punta-de-parra\/\" \/>\n<meta property=\"og:locale\" content=\"es_ES\" \/>\n<meta property=\"og:type\" content=\"article\" \/>\n<meta property=\"og:title\" content=\"Alcalde De Tom\u00e9 Entrega Ayuda A Vecinos De Punta De Parra - Nuestro Bio B\u00edo\" \/>\n<meta property=\"og:description\" content=\"M\u00e1s de 300 familias del sector de Punta de Parra recibi\u00f3 la tarde del 13 de mayo la visita del Alcalde de la Comuna de Tom\u00e9, Eduardo Aguilera Aguilera, quien junto a los profesionales del Municipio que trabajan en el sector entregaron ayuda a los vecinos y vecinas permiti\u00e9ndoles solventar algunas necesidades b\u00e1sicas. Harina, az\u00facar, [&hellip;]\" \/>\n<meta property=\"og:url\" content=\"https:\/\/www.fraczinet.cl\/sitio\/2010\/05\/14\/alcalde-de-tome-entrega-ayuda-a-vecinos-de-punta-de-parra\/\" \/>\n<meta property=\"og:site_name\" content=\"Nuestro Bio B\u00edo\" \/>\n<meta property=\"article:published_time\" content=\"2010-05-14T19:03:00+00:00\" \/>\n<meta property=\"article:modified_time\" content=\"2022-10-06T23:20:04+00:00\" \/>\n<meta property=\"og:image\" content=\"https:\/\/2.bp.blogspot.com\/_2S_RxGRVjis\/S-2gfREdpnI\/AAAAAAAAPOc\/1jR2L9RGiqE\/s400\/Pta+de+Parra+022.jpg\" \/>\n<meta name=\"author\" content=\"admin\" \/>\n<meta name=\"twitter:card\" content=\"summary_large_image\" \/>\n<meta name=\"twitter:creator\" content=\"@nuestrobiobio\" \/>\n<meta name=\"twitter:site\" content=\"@nuestrobiobio\" \/>\n<meta name=\"twitter:label1\" content=\"Escrito por\" \/>\n\t<meta name=\"twitter:data1\" content=\"admin\" \/>\n<script type=\"application\/ld+json\" class=\"yoast-schema-graph\">{\"@context\":\"https:\/\/schema.org\",\"@graph\":[{\"@type\":\"Article\",\"@id\":\"https:\/\/www.fraczinet.cl\/sitio\/2010\/05\/14\/alcalde-de-tome-entrega-ayuda-a-vecinos-de-punta-de-parra\/#article\",\"isPartOf\":{\"@id\":\"https:\/\/www.fraczinet.cl\/sitio\/2010\/05\/14\/alcalde-de-tome-entrega-ayuda-a-vecinos-de-punta-de-parra\/\"},\"author\":{\"name\":\"admin\",\"@id\":\"https:\/\/www.fraczinet.cl\/sitio\/#\/schema\/person\/bc30f98e9cb10ae7e119dbe14bc93784\"},\"headline\":\"Alcalde De Tom\u00e9 Entrega Ayuda A Vecinos De Punta De Parra\",\"datePublished\":\"2010-05-14T19:03:00+00:00\",\"dateModified\":\"2022-10-06T23:20:04+00:00\",\"mainEntityOfPage\":{\"@id\":\"https:\/\/www.fraczinet.cl\/sitio\/2010\/05\/14\/alcalde-de-tome-entrega-ayuda-a-vecinos-de-punta-de-parra\/\"},\"wordCount\":99,\"commentCount\":0,\"publisher\":{\"@id\":\"https:\/\/www.fraczinet.cl\/sitio\/#\/schema\/person\/aec8ee4da68df2b9b0eefdad24a0d582\"},\"image\":{\"@id\":\"https:\/\/www.fraczinet.cl\/sitio\/2010\/05\/14\/alcalde-de-tome-entrega-ayuda-a-vecinos-de-punta-de-parra\/#primaryimage\"},\"thumbnailUrl\":\"https:\/\/2.bp.blogspot.com\/_2S_RxGRVjis\/S-2gfREdpnI\/AAAAAAAAPOc\/1jR2L9RGiqE\/s400\/Pta+de+Parra+022.jpg\",\"articleSection\":[\"Pol\u00edtica\"],\"inLanguage\":\"es\",\"potentialAction\":[{\"@type\":\"CommentAction\",\"name\":\"Comment\",\"target\":[\"https:\/\/www.fraczinet.cl\/sitio\/2010\/05\/14\/alcalde-de-tome-entrega-ayuda-a-vecinos-de-punta-de-parra\/#respond\"]}]},{\"@type\":\"WebPage\",\"@id\":\"https:\/\/www.fraczinet.cl\/sitio\/2010\/05\/14\/alcalde-de-tome-entrega-ayuda-a-vecinos-de-punta-de-parra\/\",\"url\":\"https:\/\/www.fraczinet.cl\/sitio\/2010\/05\/14\/alcalde-de-tome-entrega-ayuda-a-vecinos-de-punta-de-parra\/\",\"name\":\"Alcalde De Tom\u00e9 Entrega Ayuda A Vecinos De Punta De Parra - Nuestro Bio B\u00edo\",\"isPartOf\":{\"@id\":\"https:\/\/www.fraczinet.cl\/sitio\/#website\"},\"primaryImageOfPage\":{\"@id\":\"https:\/\/www.fraczinet.cl\/sitio\/2010\/05\/14\/alcalde-de-tome-entrega-ayuda-a-vecinos-de-punta-de-parra\/#primaryimage\"},\"image\":{\"@id\":\"https:\/\/www.fraczinet.cl\/sitio\/2010\/05\/14\/alcalde-de-tome-entrega-ayuda-a-vecinos-de-punta-de-parra\/#primaryimage\"},\"thumbnailUrl\":\"https:\/\/2.bp.blogspot.com\/_2S_RxGRVjis\/S-2gfREdpnI\/AAAAAAAAPOc\/1jR2L9RGiqE\/s400\/Pta+de+Parra+022.jpg\",\"datePublished\":\"2010-05-14T19:03:00+00:00\",\"dateModified\":\"2022-10-06T23:20:04+00:00\",\"breadcrumb\":{\"@id\":\"https:\/\/www.fraczinet.cl\/sitio\/2010\/05\/14\/alcalde-de-tome-entrega-ayuda-a-vecinos-de-punta-de-parra\/#breadcrumb\"},\"inLanguage\":\"es\",\"potentialAction\":[{\"@type\":\"ReadAction\",\"target\":[\"https:\/\/www.fraczinet.cl\/sitio\/2010\/05\/14\/alcalde-de-tome-entrega-ayuda-a-vecinos-de-punta-de-parra\/\"]}]},{\"@type\":\"ImageObject\",\"inLanguage\":\"es\",\"@id\":\"https:\/\/www.fraczinet.cl\/sitio\/2010\/05\/14\/alcalde-de-tome-entrega-ayuda-a-vecinos-de-punta-de-parra\/#primaryimage\",\"url\":\"https:\/\/2.bp.blogspot.com\/_2S_RxGRVjis\/S-2gfREdpnI\/AAAAAAAAPOc\/1jR2L9RGiqE\/s400\/Pta+de+Parra+022.jpg\",\"contentUrl\":\"https:\/\/2.bp.blogspot.com\/_2S_RxGRVjis\/S-2gfREdpnI\/AAAAAAAAPOc\/1jR2L9RGiqE\/s400\/Pta+de+Parra+022.jpg\"},{\"@type\":\"BreadcrumbList\",\"@id\":\"https:\/\/www.fraczinet.cl\/sitio\/2010\/05\/14\/alcalde-de-tome-entrega-ayuda-a-vecinos-de-punta-de-parra\/#breadcrumb\",\"itemListElement\":[{\"@type\":\"ListItem\",\"position\":1,\"name\":\"Portada\",\"item\":\"https:\/\/www.fraczinet.cl\/sitio\/\"},{\"@type\":\"ListItem\",\"position\":2,\"name\":\"Alcalde De Tom\u00e9 Entrega Ayuda A Vecinos De Punta De Parra\"}]},{\"@type\":\"WebSite\",\"@id\":\"https:\/\/www.fraczinet.cl\/sitio\/#website\",\"url\":\"https:\/\/www.fraczinet.cl\/sitio\/\",\"name\":\"Nuestro Bio B\u00edo\",\"description\":\"Tierra de Encuentros\",\"publisher\":{\"@id\":\"https:\/\/www.fraczinet.cl\/sitio\/#\/schema\/person\/aec8ee4da68df2b9b0eefdad24a0d582\"},\"potentialAction\":[{\"@type\":\"SearchAction\",\"target\":{\"@type\":\"EntryPoint\",\"urlTemplate\":\"https:\/\/www.fraczinet.cl\/sitio\/?s={search_term_string}\"},\"query-input\":{\"@type\":\"PropertyValueSpecification\",\"valueRequired\":true,\"valueName\":\"search_term_string\"}}],\"inLanguage\":\"es\"},{\"@type\":[\"Person\",\"Organization\"],\"@id\":\"https:\/\/www.fraczinet.cl\/sitio\/#\/schema\/person\/aec8ee4da68df2b9b0eefdad24a0d582\",\"name\":\"Luis Fernando Fraczinet\",\"image\":{\"@type\":\"ImageObject\",\"inLanguage\":\"es\",\"@id\":\"https:\/\/www.fraczinet.cl\/sitio\/#\/schema\/person\/image\/\",\"url\":\"https:\/\/www.fraczinet.cl\/sitio\/wp-content\/uploads\/2021\/07\/bannerlogo-1.gif\",\"contentUrl\":\"https:\/\/www.fraczinet.cl\/sitio\/wp-content\/uploads\/2021\/07\/bannerlogo-1.gif\",\"width\":159,\"height\":79,\"caption\":\"Luis Fernando Fraczinet\"},\"logo\":{\"@id\":\"https:\/\/www.fraczinet.cl\/sitio\/#\/schema\/person\/image\/\"},\"sameAs\":[\"https:\/\/www.fraczinet.cl\/sitio\/\"]},{\"@type\":\"Person\",\"@id\":\"https:\/\/www.fraczinet.cl\/sitio\/#\/schema\/person\/bc30f98e9cb10ae7e119dbe14bc93784\",\"name\":\"admin\",\"image\":{\"@type\":\"ImageObject\",\"inLanguage\":\"es\",\"@id\":\"https:\/\/www.fraczinet.cl\/sitio\/#\/schema\/person\/image\/\",\"url\":\"https:\/\/secure.gravatar.com\/avatar\/d5ad3cf7ef3b23a2bb5be73be780c86b2fc8545c3ad6b149f3913ff458c00099?s=96&d=mm&r=g\",\"contentUrl\":\"https:\/\/secure.gravatar.com\/avatar\/d5ad3cf7ef3b23a2bb5be73be780c86b2fc8545c3ad6b149f3913ff458c00099?s=96&d=mm&r=g\",\"caption\":\"admin\"},\"sameAs\":[\"https:\/\/www.fraczinet.cl\/sitio\"]}]}<\/script>\n<!-- \/ Yoast SEO plugin. -->","yoast_head_json":{"title":"Alcalde De Tom\u00e9 Entrega Ayuda A Vecinos De Punta De Parra - Nuestro Bio B\u00edo","robots":{"index":"index","follow":"follow","max-snippet":"max-snippet:-1","max-image-preview":"max-image-preview:large","max-video-preview":"max-video-preview:-1"},"canonical":"https:\/\/www.fraczinet.cl\/sitio\/2010\/05\/14\/alcalde-de-tome-entrega-ayuda-a-vecinos-de-punta-de-parra\/","og_locale":"es_ES","og_type":"article","og_title":"Alcalde De Tom\u00e9 Entrega Ayuda A Vecinos De Punta De Parra - Nuestro Bio B\u00edo","og_description":"M\u00e1s de 300 familias del sector de Punta de Parra recibi\u00f3 la tarde del 13 de mayo la visita del Alcalde de la Comuna de Tom\u00e9, Eduardo Aguilera Aguilera, quien junto a los profesionales del Municipio que trabajan en el sector entregaron ayuda a los vecinos y vecinas permiti\u00e9ndoles solventar algunas necesidades b\u00e1sicas. Harina, az\u00facar, [&hellip;]","og_url":"https:\/\/www.fraczinet.cl\/sitio\/2010\/05\/14\/alcalde-de-tome-entrega-ayuda-a-vecinos-de-punta-de-parra\/","og_site_name":"Nuestro Bio B\u00edo","article_published_time":"2010-05-14T19:03:00+00:00","article_modified_time":"2022-10-06T23:20:04+00:00","og_image":[{"url":"https:\/\/2.bp.blogspot.com\/_2S_RxGRVjis\/S-2gfREdpnI\/AAAAAAAAPOc\/1jR2L9RGiqE\/s400\/Pta+de+Parra+022.jpg","type":"","width":"","height":""}],"author":"admin","twitter_card":"summary_large_image","twitter_creator":"@nuestrobiobio","twitter_site":"@nuestrobiobio","twitter_misc":{"Escrito por":"admin"},"schema":{"@context":"https:\/\/schema.org","@graph":[{"@type":"Article","@id":"https:\/\/www.fraczinet.cl\/sitio\/2010\/05\/14\/alcalde-de-tome-entrega-ayuda-a-vecinos-de-punta-de-parra\/#article","isPartOf":{"@id":"https:\/\/www.fraczinet.cl\/sitio\/2010\/05\/14\/alcalde-de-tome-entrega-ayuda-a-vecinos-de-punta-de-parra\/"},"author":{"name":"admin","@id":"https:\/\/www.fraczinet.cl\/sitio\/#\/schema\/person\/bc30f98e9cb10ae7e119dbe14bc93784"},"headline":"Alcalde De Tom\u00e9 Entrega Ayuda A Vecinos De Punta De Parra","datePublished":"2010-05-14T19:03:00+00:00","dateModified":"2022-10-06T23:20:04+00:00","mainEntityOfPage":{"@id":"https:\/\/www.fraczinet.cl\/sitio\/2010\/05\/14\/alcalde-de-tome-entrega-ayuda-a-vecinos-de-punta-de-parra\/"},"wordCount":99,"commentCount":0,"publisher":{"@id":"https:\/\/www.fraczinet.cl\/sitio\/#\/schema\/person\/aec8ee4da68df2b9b0eefdad24a0d582"},"image":{"@id":"https:\/\/www.fraczinet.cl\/sitio\/2010\/05\/14\/alcalde-de-tome-entrega-ayuda-a-vecinos-de-punta-de-parra\/#primaryimage"},"thumbnailUrl":"https:\/\/2.bp.blogspot.com\/_2S_RxGRVjis\/S-2gfREdpnI\/AAAAAAAAPOc\/1jR2L9RGiqE\/s400\/Pta+de+Parra+022.jpg","articleSection":["Pol\u00edtica"],"inLanguage":"es","potentialAction":[{"@type":"CommentAction","name":"Comment","target":["https:\/\/www.fraczinet.cl\/sitio\/2010\/05\/14\/alcalde-de-tome-entrega-ayuda-a-vecinos-de-punta-de-parra\/#respond"]}]},{"@type":"WebPage","@id":"https:\/\/www.fraczinet.cl\/sitio\/2010\/05\/14\/alcalde-de-tome-entrega-ayuda-a-vecinos-de-punta-de-parra\/","url":"https:\/\/www.fraczinet.cl\/sitio\/2010\/05\/14\/alcalde-de-tome-entrega-ayuda-a-vecinos-de-punta-de-parra\/","name":"Alcalde De Tom\u00e9 Entrega Ayuda A Vecinos De Punta De Parra - Nuestro Bio B\u00edo","isPartOf":{"@id":"https:\/\/www.fraczinet.cl\/sitio\/#website"},"primaryImageOfPage":{"@id":"https:\/\/www.fraczinet.cl\/sitio\/2010\/05\/14\/alcalde-de-tome-entrega-ayuda-a-vecinos-de-punta-de-parra\/#primaryimage"},"image":{"@id":"https:\/\/www.fraczinet.cl\/sitio\/2010\/05\/14\/alcalde-de-tome-entrega-ayuda-a-vecinos-de-punta-de-parra\/#primaryimage"},"thumbnailUrl":"https:\/\/2.bp.blogspot.com\/_2S_RxGRVjis\/S-2gfREdpnI\/AAAAAAAAPOc\/1jR2L9RGiqE\/s400\/Pta+de+Parra+022.jpg","datePublished":"2010-05-14T19:03:00+00:00","dateModified":"2022-10-06T23:20:04+00:00","breadcrumb":{"@id":"https:\/\/www.fraczinet.cl\/sitio\/2010\/05\/14\/alcalde-de-tome-entrega-ayuda-a-vecinos-de-punta-de-parra\/#breadcrumb"},"inLanguage":"es","potentialAction":[{"@type":"ReadAction","target":["https:\/\/www.fraczinet.cl\/sitio\/2010\/05\/14\/alcalde-de-tome-entrega-ayuda-a-vecinos-de-punta-de-parra\/"]}]},{"@type":"ImageObject","inLanguage":"es","@id":"https:\/\/www.fraczinet.cl\/sitio\/2010\/05\/14\/alcalde-de-tome-entrega-ayuda-a-vecinos-de-punta-de-parra\/#primaryimage","url":"https:\/\/2.bp.blogspot.com\/_2S_RxGRVjis\/S-2gfREdpnI\/AAAAAAAAPOc\/1jR2L9RGiqE\/s400\/Pta+de+Parra+022.jpg","contentUrl":"https:\/\/2.bp.blogspot.com\/_2S_RxGRVjis\/S-2gfREdpnI\/AAAAAAAAPOc\/1jR2L9RGiqE\/s400\/Pta+de+Parra+022.jpg"},{"@type":"BreadcrumbList","@id":"https:\/\/www.fraczinet.cl\/sitio\/2010\/05\/14\/alcalde-de-tome-entrega-ayuda-a-vecinos-de-punta-de-parra\/#breadcrumb","itemListElement":[{"@type":"ListItem","position":1,"name":"Portada","item":"https:\/\/www.fraczinet.cl\/sitio\/"},{"@type":"ListItem","position":2,"name":"Alcalde De Tom\u00e9 Entrega Ayuda A Vecinos De Punta De Parra"}]},{"@type":"WebSite","@id":"https:\/\/www.fraczinet.cl\/sitio\/#website","url":"https:\/\/www.fraczinet.cl\/sitio\/","name":"Nuestro Bio B\u00edo","description":"Tierra de Encuentros","publisher":{"@id":"https:\/\/www.fraczinet.cl\/sitio\/#\/schema\/person\/aec8ee4da68df2b9b0eefdad24a0d582"},"potentialAction":[{"@type":"SearchAction","target":{"@type":"EntryPoint","urlTemplate":"https:\/\/www.fraczinet.cl\/sitio\/?s={search_term_string}"},"query-input":{"@type":"PropertyValueSpecification","valueRequired":true,"valueName":"search_term_string"}}],"inLanguage":"es"},{"@type":["Person","Organization"],"@id":"https:\/\/www.fraczinet.cl\/sitio\/#\/schema\/person\/aec8ee4da68df2b9b0eefdad24a0d582","name":"Luis Fernando Fraczinet","image":{"@type":"ImageObject","inLanguage":"es","@id":"https:\/\/www.fraczinet.cl\/sitio\/#\/schema\/person\/image\/","url":"https:\/\/www.fraczinet.cl\/sitio\/wp-content\/uploads\/2021\/07\/bannerlogo-1.gif","contentUrl":"https:\/\/www.fraczinet.cl\/sitio\/wp-content\/uploads\/2021\/07\/bannerlogo-1.gif","width":159,"height":79,"caption":"Luis Fernando Fraczinet"},"logo":{"@id":"https:\/\/www.fraczinet.cl\/sitio\/#\/schema\/person\/image\/"},"sameAs":["https:\/\/www.fraczinet.cl\/sitio\/"]},{"@type":"Person","@id":"https:\/\/www.fraczinet.cl\/sitio\/#\/schema\/person\/bc30f98e9cb10ae7e119dbe14bc93784","name":"admin","image":{"@type":"ImageObject","inLanguage":"es","@id":"https:\/\/www.fraczinet.cl\/sitio\/#\/schema\/person\/image\/","url":"https:\/\/secure.gravatar.com\/avatar\/d5ad3cf7ef3b23a2bb5be73be780c86b2fc8545c3ad6b149f3913ff458c00099?s=96&d=mm&r=g","contentUrl":"https:\/\/secure.gravatar.com\/avatar\/d5ad3cf7ef3b23a2bb5be73be780c86b2fc8545c3ad6b149f3913ff458c00099?s=96&d=mm&r=g","caption":"admin"},"sameAs":["https:\/\/www.fraczinet.cl\/sitio"]}]}},"_links":{"self":[{"href":"https:\/\/www.fraczinet.cl\/sitio\/wp-json\/wp\/v2\/posts\/5330","targetHints":{"allow":["GET"]}}],"collection":[{"href":"https:\/\/www.fraczinet.cl\/sitio\/wp-json\/wp\/v2\/posts"}],"about":[{"href":"https:\/\/www.fraczinet.cl\/sitio\/wp-json\/wp\/v2\/types\/post"}],"author":[{"embeddable":true,"href":"https:\/\/www.fraczinet.cl\/sitio\/wp-json\/wp\/v2\/users\/1"}],"replies":[{"embeddable":true,"href":"https:\/\/www.fraczinet.cl\/sitio\/wp-json\/wp\/v2\/comments?post=5330"}],"version-history":[{"count":1,"href":"https:\/\/www.fraczinet.cl\/sitio\/wp-json\/wp\/v2\/posts\/5330\/revisions"}],"predecessor-version":[{"id":14339,"href":"https:\/\/www.fraczinet.cl\/sitio\/wp-json\/wp\/v2\/posts\/5330\/revisions\/14339"}],"wp:attachment":[{"href":"https:\/\/www.fraczinet.cl\/sitio\/wp-json\/wp\/v2\/media?parent=5330"}],"wp:term":[{"taxonomy":"category","embeddable":true,"href":"https:\/\/www.fraczinet.cl\/sitio\/wp-json\/wp\/v2\/categories?post=5330"},{"taxonomy":"post_tag","embeddable":true,"href":"https:\/\/www.fraczinet.cl\/sitio\/wp-json\/wp\/v2\/tags?post=5330"}],"curies":[{"name":"wp","href":"https:\/\/api.w.org\/{rel}","templated":true}]}}