{"id":5335,"date":"2010-05-12T18:26:00","date_gmt":"2010-05-12T18:26:00","guid":{"rendered":"https:\/\/www.fraczinet.cl\/sitio\/2010\/05\/12\/duchas-equipadas-tendran-vecinos-de-coliumo\/"},"modified":"2022-10-06T23:07:28","modified_gmt":"2022-10-06T23:07:28","slug":"duchas-equipadas-tendran-vecinos-de-coliumo","status":"publish","type":"post","link":"https:\/\/www.fraczinet.cl\/sitio\/2010\/05\/12\/duchas-equipadas-tendran-vecinos-de-coliumo\/","title":{"rendered":"Duchas Equipadas Tendr\u00e1n Vecinos De Coliumo"},"content":{"rendered":"<div style=\"text-align: justify;\"><a href=\"http:\/\/4.bp.blogspot.com\/_2S_RxGRVjis\/S-r0CCZ3mBI\/AAAAAAAAOdg\/2Bl_6n4UUjA\/s1600\/crecic.jpg\" style=\"clear: left; float: left; margin-bottom: 1em; margin-right: 1em;\"><img decoding=\"async\" alt=\"\" border=\"0\" id=\"BLOGGER_PHOTO_ID_5470453013237176338\" src=\"https:\/\/4.bp.blogspot.com\/_2S_RxGRVjis\/S-r0CCZ3mBI\/AAAAAAAAOdg\/2Bl_6n4UUjA\/s400\/crecic.jpg\" style=\"height: 300px; width: 400px;\" \/><\/a>Gracias a la iniciativa del Hogar de Cristo, el Centro de Formaci\u00f3n T\u00e9cnica CRECIC realiza un importante proyecto en beneficio del Campamento Villa Nuevo Renacer de Coliumo, comuna de Tom\u00e9. <\/div>\n<div style=\"text-align: justify;\"><\/div>\n<div style=\"text-align: justify;\">Con la colaboraci\u00f3n de alumnos del Liceo Hern\u00e1n Valenzuela Leyton de Hualp\u00e9n, pertenecientes a la especialidad de Instalaciones Sanitarias, Pesquera SPK y Gas Abastible, las 14 familias de dicho campamento contar\u00e1n con cuatro camarines, dos para damas y dos para varones, completamente equipados con duchas, calef\u00f3n y espacio para vestir. <\/div>\n<div style=\"text-align: justify;\"><\/div>\n<div style=\"text-align: justify;\">Un gran aporte para esta familias, pues ayuda a que poco a poco sus vidas se comiencen a normalizar. <\/div>\n<p><\/p>\n","protected":false},"excerpt":{"rendered":"<p>Gracias a la iniciativa del Hogar de Cristo, el Centro de Formaci\u00f3n T\u00e9cnica CRECIC realiza un importante proyecto en beneficio del Campamento Villa Nuevo Renacer de Coliumo, comuna de Tom\u00e9. Con la colaboraci\u00f3n de alumnos del Liceo Hern\u00e1n Valenzuela Leyton de Hualp\u00e9n, pertenecientes a la especialidad de Instalaciones Sanitarias, Pesquera SPK y Gas Abastible, las [&hellip;]<\/p>\n","protected":false},"author":1,"featured_media":0,"comment_status":"open","ping_status":"open","sticky":false,"template":"","format":"standard","meta":{"footnotes":""},"categories":[131],"tags":[],"class_list":["post-5335","post","type-post","status-publish","format-standard","hentry","category-politica"],"yoast_head":"<!-- This site is optimized with the Yoast SEO plugin v25.0 - https:\/\/yoast.com\/wordpress\/plugins\/seo\/ -->\n<title>Duchas Equipadas Tendr\u00e1n Vecinos De Coliumo - Nuestro Bio B\u00edo<\/title>\n<meta name=\"robots\" content=\"index, follow, max-snippet:-1, max-image-preview:large, max-video-preview:-1\" \/>\n<link rel=\"canonical\" href=\"https:\/\/www.fraczinet.cl\/sitio\/2010\/05\/12\/duchas-equipadas-tendran-vecinos-de-coliumo\/\" \/>\n<meta property=\"og:locale\" content=\"es_ES\" \/>\n<meta property=\"og:type\" content=\"article\" \/>\n<meta property=\"og:title\" content=\"Duchas Equipadas Tendr\u00e1n Vecinos De Coliumo - Nuestro Bio B\u00edo\" \/>\n<meta property=\"og:description\" content=\"Gracias a la iniciativa del Hogar de Cristo, el Centro de Formaci\u00f3n T\u00e9cnica CRECIC realiza un importante proyecto en beneficio del Campamento Villa Nuevo Renacer de Coliumo, comuna de Tom\u00e9. Con la colaboraci\u00f3n de alumnos del Liceo Hern\u00e1n Valenzuela Leyton de Hualp\u00e9n, pertenecientes a la especialidad de Instalaciones Sanitarias, Pesquera SPK y Gas Abastible, las [&hellip;]\" \/>\n<meta property=\"og:url\" content=\"https:\/\/www.fraczinet.cl\/sitio\/2010\/05\/12\/duchas-equipadas-tendran-vecinos-de-coliumo\/\" \/>\n<meta property=\"og:site_name\" content=\"Nuestro Bio B\u00edo\" \/>\n<meta property=\"article:published_time\" content=\"2010-05-12T18:26:00+00:00\" \/>\n<meta property=\"article:modified_time\" content=\"2022-10-06T23:07:28+00:00\" \/>\n<meta property=\"og:image\" content=\"https:\/\/4.bp.blogspot.com\/_2S_RxGRVjis\/S-r0CCZ3mBI\/AAAAAAAAOdg\/2Bl_6n4UUjA\/s400\/crecic.jpg\" \/>\n<meta name=\"author\" content=\"admin\" \/>\n<meta name=\"twitter:card\" content=\"summary_large_image\" \/>\n<meta name=\"twitter:creator\" content=\"@nuestrobiobio\" \/>\n<meta name=\"twitter:site\" content=\"@nuestrobiobio\" \/>\n<meta name=\"twitter:label1\" content=\"Escrito por\" \/>\n\t<meta name=\"twitter:data1\" content=\"admin\" \/>\n\t<meta name=\"twitter:label2\" content=\"Tiempo de lectura\" \/>\n\t<meta name=\"twitter:data2\" content=\"1 minuto\" \/>\n<script type=\"application\/ld+json\" class=\"yoast-schema-graph\">{\"@context\":\"https:\/\/schema.org\",\"@graph\":[{\"@type\":\"Article\",\"@id\":\"https:\/\/www.fraczinet.cl\/sitio\/2010\/05\/12\/duchas-equipadas-tendran-vecinos-de-coliumo\/#article\",\"isPartOf\":{\"@id\":\"https:\/\/www.fraczinet.cl\/sitio\/2010\/05\/12\/duchas-equipadas-tendran-vecinos-de-coliumo\/\"},\"author\":{\"name\":\"admin\",\"@id\":\"https:\/\/www.fraczinet.cl\/sitio\/#\/schema\/person\/bc30f98e9cb10ae7e119dbe14bc93784\"},\"headline\":\"Duchas Equipadas Tendr\u00e1n Vecinos De Coliumo\",\"datePublished\":\"2010-05-12T18:26:00+00:00\",\"dateModified\":\"2022-10-06T23:07:28+00:00\",\"mainEntityOfPage\":{\"@id\":\"https:\/\/www.fraczinet.cl\/sitio\/2010\/05\/12\/duchas-equipadas-tendran-vecinos-de-coliumo\/\"},\"wordCount\":112,\"commentCount\":0,\"publisher\":{\"@id\":\"https:\/\/www.fraczinet.cl\/sitio\/#\/schema\/person\/aec8ee4da68df2b9b0eefdad24a0d582\"},\"image\":{\"@id\":\"https:\/\/www.fraczinet.cl\/sitio\/2010\/05\/12\/duchas-equipadas-tendran-vecinos-de-coliumo\/#primaryimage\"},\"thumbnailUrl\":\"https:\/\/4.bp.blogspot.com\/_2S_RxGRVjis\/S-r0CCZ3mBI\/AAAAAAAAOdg\/2Bl_6n4UUjA\/s400\/crecic.jpg\",\"articleSection\":[\"Pol\u00edtica\"],\"inLanguage\":\"es\",\"potentialAction\":[{\"@type\":\"CommentAction\",\"name\":\"Comment\",\"target\":[\"https:\/\/www.fraczinet.cl\/sitio\/2010\/05\/12\/duchas-equipadas-tendran-vecinos-de-coliumo\/#respond\"]}]},{\"@type\":\"WebPage\",\"@id\":\"https:\/\/www.fraczinet.cl\/sitio\/2010\/05\/12\/duchas-equipadas-tendran-vecinos-de-coliumo\/\",\"url\":\"https:\/\/www.fraczinet.cl\/sitio\/2010\/05\/12\/duchas-equipadas-tendran-vecinos-de-coliumo\/\",\"name\":\"Duchas Equipadas Tendr\u00e1n Vecinos De Coliumo - Nuestro Bio B\u00edo\",\"isPartOf\":{\"@id\":\"https:\/\/www.fraczinet.cl\/sitio\/#website\"},\"primaryImageOfPage\":{\"@id\":\"https:\/\/www.fraczinet.cl\/sitio\/2010\/05\/12\/duchas-equipadas-tendran-vecinos-de-coliumo\/#primaryimage\"},\"image\":{\"@id\":\"https:\/\/www.fraczinet.cl\/sitio\/2010\/05\/12\/duchas-equipadas-tendran-vecinos-de-coliumo\/#primaryimage\"},\"thumbnailUrl\":\"https:\/\/4.bp.blogspot.com\/_2S_RxGRVjis\/S-r0CCZ3mBI\/AAAAAAAAOdg\/2Bl_6n4UUjA\/s400\/crecic.jpg\",\"datePublished\":\"2010-05-12T18:26:00+00:00\",\"dateModified\":\"2022-10-06T23:07:28+00:00\",\"breadcrumb\":{\"@id\":\"https:\/\/www.fraczinet.cl\/sitio\/2010\/05\/12\/duchas-equipadas-tendran-vecinos-de-coliumo\/#breadcrumb\"},\"inLanguage\":\"es\",\"potentialAction\":[{\"@type\":\"ReadAction\",\"target\":[\"https:\/\/www.fraczinet.cl\/sitio\/2010\/05\/12\/duchas-equipadas-tendran-vecinos-de-coliumo\/\"]}]},{\"@type\":\"ImageObject\",\"inLanguage\":\"es\",\"@id\":\"https:\/\/www.fraczinet.cl\/sitio\/2010\/05\/12\/duchas-equipadas-tendran-vecinos-de-coliumo\/#primaryimage\",\"url\":\"https:\/\/4.bp.blogspot.com\/_2S_RxGRVjis\/S-r0CCZ3mBI\/AAAAAAAAOdg\/2Bl_6n4UUjA\/s400\/crecic.jpg\",\"contentUrl\":\"https:\/\/4.bp.blogspot.com\/_2S_RxGRVjis\/S-r0CCZ3mBI\/AAAAAAAAOdg\/2Bl_6n4UUjA\/s400\/crecic.jpg\"},{\"@type\":\"BreadcrumbList\",\"@id\":\"https:\/\/www.fraczinet.cl\/sitio\/2010\/05\/12\/duchas-equipadas-tendran-vecinos-de-coliumo\/#breadcrumb\",\"itemListElement\":[{\"@type\":\"ListItem\",\"position\":1,\"name\":\"Portada\",\"item\":\"https:\/\/www.fraczinet.cl\/sitio\/\"},{\"@type\":\"ListItem\",\"position\":2,\"name\":\"Duchas Equipadas Tendr\u00e1n Vecinos De Coliumo\"}]},{\"@type\":\"WebSite\",\"@id\":\"https:\/\/www.fraczinet.cl\/sitio\/#website\",\"url\":\"https:\/\/www.fraczinet.cl\/sitio\/\",\"name\":\"Nuestro Bio B\u00edo\",\"description\":\"Tierra de Encuentros\",\"publisher\":{\"@id\":\"https:\/\/www.fraczinet.cl\/sitio\/#\/schema\/person\/aec8ee4da68df2b9b0eefdad24a0d582\"},\"potentialAction\":[{\"@type\":\"SearchAction\",\"target\":{\"@type\":\"EntryPoint\",\"urlTemplate\":\"https:\/\/www.fraczinet.cl\/sitio\/?s={search_term_string}\"},\"query-input\":{\"@type\":\"PropertyValueSpecification\",\"valueRequired\":true,\"valueName\":\"search_term_string\"}}],\"inLanguage\":\"es\"},{\"@type\":[\"Person\",\"Organization\"],\"@id\":\"https:\/\/www.fraczinet.cl\/sitio\/#\/schema\/person\/aec8ee4da68df2b9b0eefdad24a0d582\",\"name\":\"Luis Fernando Fraczinet\",\"image\":{\"@type\":\"ImageObject\",\"inLanguage\":\"es\",\"@id\":\"https:\/\/www.fraczinet.cl\/sitio\/#\/schema\/person\/image\/\",\"url\":\"https:\/\/www.fraczinet.cl\/sitio\/wp-content\/uploads\/2021\/07\/bannerlogo-1.gif\",\"contentUrl\":\"https:\/\/www.fraczinet.cl\/sitio\/wp-content\/uploads\/2021\/07\/bannerlogo-1.gif\",\"width\":159,\"height\":79,\"caption\":\"Luis Fernando Fraczinet\"},\"logo\":{\"@id\":\"https:\/\/www.fraczinet.cl\/sitio\/#\/schema\/person\/image\/\"},\"sameAs\":[\"https:\/\/www.fraczinet.cl\/sitio\/\"]},{\"@type\":\"Person\",\"@id\":\"https:\/\/www.fraczinet.cl\/sitio\/#\/schema\/person\/bc30f98e9cb10ae7e119dbe14bc93784\",\"name\":\"admin\",\"image\":{\"@type\":\"ImageObject\",\"inLanguage\":\"es\",\"@id\":\"https:\/\/www.fraczinet.cl\/sitio\/#\/schema\/person\/image\/\",\"url\":\"https:\/\/secure.gravatar.com\/avatar\/d5ad3cf7ef3b23a2bb5be73be780c86b2fc8545c3ad6b149f3913ff458c00099?s=96&d=mm&r=g\",\"contentUrl\":\"https:\/\/secure.gravatar.com\/avatar\/d5ad3cf7ef3b23a2bb5be73be780c86b2fc8545c3ad6b149f3913ff458c00099?s=96&d=mm&r=g\",\"caption\":\"admin\"},\"sameAs\":[\"https:\/\/www.fraczinet.cl\/sitio\"]}]}<\/script>\n<!-- \/ Yoast SEO plugin. -->","yoast_head_json":{"title":"Duchas Equipadas Tendr\u00e1n Vecinos De Coliumo - Nuestro Bio B\u00edo","robots":{"index":"index","follow":"follow","max-snippet":"max-snippet:-1","max-image-preview":"max-image-preview:large","max-video-preview":"max-video-preview:-1"},"canonical":"https:\/\/www.fraczinet.cl\/sitio\/2010\/05\/12\/duchas-equipadas-tendran-vecinos-de-coliumo\/","og_locale":"es_ES","og_type":"article","og_title":"Duchas Equipadas Tendr\u00e1n Vecinos De Coliumo - Nuestro Bio B\u00edo","og_description":"Gracias a la iniciativa del Hogar de Cristo, el Centro de Formaci\u00f3n T\u00e9cnica CRECIC realiza un importante proyecto en beneficio del Campamento Villa Nuevo Renacer de Coliumo, comuna de Tom\u00e9. Con la colaboraci\u00f3n de alumnos del Liceo Hern\u00e1n Valenzuela Leyton de Hualp\u00e9n, pertenecientes a la especialidad de Instalaciones Sanitarias, Pesquera SPK y Gas Abastible, las [&hellip;]","og_url":"https:\/\/www.fraczinet.cl\/sitio\/2010\/05\/12\/duchas-equipadas-tendran-vecinos-de-coliumo\/","og_site_name":"Nuestro Bio B\u00edo","article_published_time":"2010-05-12T18:26:00+00:00","article_modified_time":"2022-10-06T23:07:28+00:00","og_image":[{"url":"https:\/\/4.bp.blogspot.com\/_2S_RxGRVjis\/S-r0CCZ3mBI\/AAAAAAAAOdg\/2Bl_6n4UUjA\/s400\/crecic.jpg","type":"","width":"","height":""}],"author":"admin","twitter_card":"summary_large_image","twitter_creator":"@nuestrobiobio","twitter_site":"@nuestrobiobio","twitter_misc":{"Escrito por":"admin","Tiempo de lectura":"1 minuto"},"schema":{"@context":"https:\/\/schema.org","@graph":[{"@type":"Article","@id":"https:\/\/www.fraczinet.cl\/sitio\/2010\/05\/12\/duchas-equipadas-tendran-vecinos-de-coliumo\/#article","isPartOf":{"@id":"https:\/\/www.fraczinet.cl\/sitio\/2010\/05\/12\/duchas-equipadas-tendran-vecinos-de-coliumo\/"},"author":{"name":"admin","@id":"https:\/\/www.fraczinet.cl\/sitio\/#\/schema\/person\/bc30f98e9cb10ae7e119dbe14bc93784"},"headline":"Duchas Equipadas Tendr\u00e1n Vecinos De Coliumo","datePublished":"2010-05-12T18:26:00+00:00","dateModified":"2022-10-06T23:07:28+00:00","mainEntityOfPage":{"@id":"https:\/\/www.fraczinet.cl\/sitio\/2010\/05\/12\/duchas-equipadas-tendran-vecinos-de-coliumo\/"},"wordCount":112,"commentCount":0,"publisher":{"@id":"https:\/\/www.fraczinet.cl\/sitio\/#\/schema\/person\/aec8ee4da68df2b9b0eefdad24a0d582"},"image":{"@id":"https:\/\/www.fraczinet.cl\/sitio\/2010\/05\/12\/duchas-equipadas-tendran-vecinos-de-coliumo\/#primaryimage"},"thumbnailUrl":"https:\/\/4.bp.blogspot.com\/_2S_RxGRVjis\/S-r0CCZ3mBI\/AAAAAAAAOdg\/2Bl_6n4UUjA\/s400\/crecic.jpg","articleSection":["Pol\u00edtica"],"inLanguage":"es","potentialAction":[{"@type":"CommentAction","name":"Comment","target":["https:\/\/www.fraczinet.cl\/sitio\/2010\/05\/12\/duchas-equipadas-tendran-vecinos-de-coliumo\/#respond"]}]},{"@type":"WebPage","@id":"https:\/\/www.fraczinet.cl\/sitio\/2010\/05\/12\/duchas-equipadas-tendran-vecinos-de-coliumo\/","url":"https:\/\/www.fraczinet.cl\/sitio\/2010\/05\/12\/duchas-equipadas-tendran-vecinos-de-coliumo\/","name":"Duchas Equipadas Tendr\u00e1n Vecinos De Coliumo - Nuestro Bio B\u00edo","isPartOf":{"@id":"https:\/\/www.fraczinet.cl\/sitio\/#website"},"primaryImageOfPage":{"@id":"https:\/\/www.fraczinet.cl\/sitio\/2010\/05\/12\/duchas-equipadas-tendran-vecinos-de-coliumo\/#primaryimage"},"image":{"@id":"https:\/\/www.fraczinet.cl\/sitio\/2010\/05\/12\/duchas-equipadas-tendran-vecinos-de-coliumo\/#primaryimage"},"thumbnailUrl":"https:\/\/4.bp.blogspot.com\/_2S_RxGRVjis\/S-r0CCZ3mBI\/AAAAAAAAOdg\/2Bl_6n4UUjA\/s400\/crecic.jpg","datePublished":"2010-05-12T18:26:00+00:00","dateModified":"2022-10-06T23:07:28+00:00","breadcrumb":{"@id":"https:\/\/www.fraczinet.cl\/sitio\/2010\/05\/12\/duchas-equipadas-tendran-vecinos-de-coliumo\/#breadcrumb"},"inLanguage":"es","potentialAction":[{"@type":"ReadAction","target":["https:\/\/www.fraczinet.cl\/sitio\/2010\/05\/12\/duchas-equipadas-tendran-vecinos-de-coliumo\/"]}]},{"@type":"ImageObject","inLanguage":"es","@id":"https:\/\/www.fraczinet.cl\/sitio\/2010\/05\/12\/duchas-equipadas-tendran-vecinos-de-coliumo\/#primaryimage","url":"https:\/\/4.bp.blogspot.com\/_2S_RxGRVjis\/S-r0CCZ3mBI\/AAAAAAAAOdg\/2Bl_6n4UUjA\/s400\/crecic.jpg","contentUrl":"https:\/\/4.bp.blogspot.com\/_2S_RxGRVjis\/S-r0CCZ3mBI\/AAAAAAAAOdg\/2Bl_6n4UUjA\/s400\/crecic.jpg"},{"@type":"BreadcrumbList","@id":"https:\/\/www.fraczinet.cl\/sitio\/2010\/05\/12\/duchas-equipadas-tendran-vecinos-de-coliumo\/#breadcrumb","itemListElement":[{"@type":"ListItem","position":1,"name":"Portada","item":"https:\/\/www.fraczinet.cl\/sitio\/"},{"@type":"ListItem","position":2,"name":"Duchas Equipadas Tendr\u00e1n Vecinos De Coliumo"}]},{"@type":"WebSite","@id":"https:\/\/www.fraczinet.cl\/sitio\/#website","url":"https:\/\/www.fraczinet.cl\/sitio\/","name":"Nuestro Bio B\u00edo","description":"Tierra de Encuentros","publisher":{"@id":"https:\/\/www.fraczinet.cl\/sitio\/#\/schema\/person\/aec8ee4da68df2b9b0eefdad24a0d582"},"potentialAction":[{"@type":"SearchAction","target":{"@type":"EntryPoint","urlTemplate":"https:\/\/www.fraczinet.cl\/sitio\/?s={search_term_string}"},"query-input":{"@type":"PropertyValueSpecification","valueRequired":true,"valueName":"search_term_string"}}],"inLanguage":"es"},{"@type":["Person","Organization"],"@id":"https:\/\/www.fraczinet.cl\/sitio\/#\/schema\/person\/aec8ee4da68df2b9b0eefdad24a0d582","name":"Luis Fernando Fraczinet","image":{"@type":"ImageObject","inLanguage":"es","@id":"https:\/\/www.fraczinet.cl\/sitio\/#\/schema\/person\/image\/","url":"https:\/\/www.fraczinet.cl\/sitio\/wp-content\/uploads\/2021\/07\/bannerlogo-1.gif","contentUrl":"https:\/\/www.fraczinet.cl\/sitio\/wp-content\/uploads\/2021\/07\/bannerlogo-1.gif","width":159,"height":79,"caption":"Luis Fernando Fraczinet"},"logo":{"@id":"https:\/\/www.fraczinet.cl\/sitio\/#\/schema\/person\/image\/"},"sameAs":["https:\/\/www.fraczinet.cl\/sitio\/"]},{"@type":"Person","@id":"https:\/\/www.fraczinet.cl\/sitio\/#\/schema\/person\/bc30f98e9cb10ae7e119dbe14bc93784","name":"admin","image":{"@type":"ImageObject","inLanguage":"es","@id":"https:\/\/www.fraczinet.cl\/sitio\/#\/schema\/person\/image\/","url":"https:\/\/secure.gravatar.com\/avatar\/d5ad3cf7ef3b23a2bb5be73be780c86b2fc8545c3ad6b149f3913ff458c00099?s=96&d=mm&r=g","contentUrl":"https:\/\/secure.gravatar.com\/avatar\/d5ad3cf7ef3b23a2bb5be73be780c86b2fc8545c3ad6b149f3913ff458c00099?s=96&d=mm&r=g","caption":"admin"},"sameAs":["https:\/\/www.fraczinet.cl\/sitio"]}]}},"_links":{"self":[{"href":"https:\/\/www.fraczinet.cl\/sitio\/wp-json\/wp\/v2\/posts\/5335","targetHints":{"allow":["GET"]}}],"collection":[{"href":"https:\/\/www.fraczinet.cl\/sitio\/wp-json\/wp\/v2\/posts"}],"about":[{"href":"https:\/\/www.fraczinet.cl\/sitio\/wp-json\/wp\/v2\/types\/post"}],"author":[{"embeddable":true,"href":"https:\/\/www.fraczinet.cl\/sitio\/wp-json\/wp\/v2\/users\/1"}],"replies":[{"embeddable":true,"href":"https:\/\/www.fraczinet.cl\/sitio\/wp-json\/wp\/v2\/comments?post=5335"}],"version-history":[{"count":1,"href":"https:\/\/www.fraczinet.cl\/sitio\/wp-json\/wp\/v2\/posts\/5335\/revisions"}],"predecessor-version":[{"id":14340,"href":"https:\/\/www.fraczinet.cl\/sitio\/wp-json\/wp\/v2\/posts\/5335\/revisions\/14340"}],"wp:attachment":[{"href":"https:\/\/www.fraczinet.cl\/sitio\/wp-json\/wp\/v2\/media?parent=5335"}],"wp:term":[{"taxonomy":"category","embeddable":true,"href":"https:\/\/www.fraczinet.cl\/sitio\/wp-json\/wp\/v2\/categories?post=5335"},{"taxonomy":"post_tag","embeddable":true,"href":"https:\/\/www.fraczinet.cl\/sitio\/wp-json\/wp\/v2\/tags?post=5335"}],"curies":[{"name":"wp","href":"https:\/\/api.w.org\/{rel}","templated":true}]}}