{"id":5338,"date":"2010-05-11T15:22:00","date_gmt":"2010-05-11T15:22:00","guid":{"rendered":"https:\/\/www.fraczinet.cl\/sitio\/2010\/05\/11\/vecinos-de-coliumo-tendran-fogon-comunitario\/"},"modified":"2022-10-06T23:07:54","modified_gmt":"2022-10-06T23:07:54","slug":"vecinos-de-coliumo-tendran-fogon-comunitario","status":"publish","type":"post","link":"https:\/\/www.fraczinet.cl\/sitio\/2010\/05\/11\/vecinos-de-coliumo-tendran-fogon-comunitario\/","title":{"rendered":"Vecinos De Coliumo Tendr\u00e1n Fog\u00f3n Comunitario"},"content":{"rendered":"<div style=\"text-align: justify;\"><a href=\"http:\/\/2.bp.blogspot.com\/_2S_RxGRVjis\/S-l28GIqiwI\/AAAAAAAAOcI\/nO5pp8vcFLo\/s1600\/Fogon+comunitario.jpg\" style=\"clear: left; float: left; margin-bottom: 1em; margin-right: 1em;\"><img decoding=\"async\" alt=\"\" border=\"0\" id=\"BLOGGER_PHOTO_ID_5470033997229361922\" src=\"https:\/\/2.bp.blogspot.com\/_2S_RxGRVjis\/S-l28GIqiwI\/AAAAAAAAOcI\/nO5pp8vcFLo\/s400\/Fogon+comunitario.jpg\" style=\"height: 300px; width: 400px;\" \/><\/a>Gracias a una iniciativa de la Facultad de Arquitectura de la Universidad del Bio B\u00edo, el Campamento Renacer de Coliumo contar\u00e1 con un Fog\u00f3n Comunitario que se construye con la colaboraci\u00f3n de alumnos de la carrera y un grupo de amigos y vecinos de Coliumo (comuna de Tom\u00e9). <\/div>\n<div style=\"text-align: justify;\"><\/div>\n<div style=\"text-align: justify;\">Este Espacio Multiuso de Emergencia, como se denomina el proyecto, consiste en una construcci\u00f3n de 70 metros cuadrados, donde se habilitar\u00e1 un gran fog\u00f3n para la preparaci\u00f3n colectiva de alimentos, un comedor familiar para 40 personas y una torre con estanques y lavaplatos para el almacenamiento y administraci\u00f3n de agua. <\/div>\n<div style=\"text-align: justify;\"><\/div>\n<div style=\"text-align: justify;\">Un proyecto, a cargo del Arquitecto David Viveros, cuyo prop\u00f3sito es apoyar las funciones propias de habitar que no contemplan las viviendas de emergencia, adem\u00e1s de brindar un espacio comunitario. <\/div>\n<p><\/p>\n","protected":false},"excerpt":{"rendered":"<p>Gracias a una iniciativa de la Facultad de Arquitectura de la Universidad del Bio B\u00edo, el Campamento Renacer de Coliumo contar\u00e1 con un Fog\u00f3n Comunitario que se construye con la colaboraci\u00f3n de alumnos de la carrera y un grupo de amigos y vecinos de Coliumo (comuna de Tom\u00e9). Este Espacio Multiuso de Emergencia, como se [&hellip;]<\/p>\n","protected":false},"author":1,"featured_media":0,"comment_status":"open","ping_status":"open","sticky":false,"template":"","format":"standard","meta":{"footnotes":""},"categories":[131],"tags":[],"class_list":["post-5338","post","type-post","status-publish","format-standard","hentry","category-politica"],"yoast_head":"<!-- This site is optimized with the Yoast SEO plugin v25.0 - https:\/\/yoast.com\/wordpress\/plugins\/seo\/ -->\n<title>Vecinos De Coliumo Tendr\u00e1n Fog\u00f3n Comunitario - Nuestro Bio B\u00edo<\/title>\n<meta name=\"robots\" content=\"index, follow, max-snippet:-1, max-image-preview:large, max-video-preview:-1\" \/>\n<link rel=\"canonical\" href=\"https:\/\/www.fraczinet.cl\/sitio\/2010\/05\/11\/vecinos-de-coliumo-tendran-fogon-comunitario\/\" \/>\n<meta property=\"og:locale\" content=\"es_ES\" \/>\n<meta property=\"og:type\" content=\"article\" \/>\n<meta property=\"og:title\" content=\"Vecinos De Coliumo Tendr\u00e1n Fog\u00f3n Comunitario - Nuestro Bio B\u00edo\" \/>\n<meta property=\"og:description\" content=\"Gracias a una iniciativa de la Facultad de Arquitectura de la Universidad del Bio B\u00edo, el Campamento Renacer de Coliumo contar\u00e1 con un Fog\u00f3n Comunitario que se construye con la colaboraci\u00f3n de alumnos de la carrera y un grupo de amigos y vecinos de Coliumo (comuna de Tom\u00e9). Este Espacio Multiuso de Emergencia, como se [&hellip;]\" \/>\n<meta property=\"og:url\" content=\"https:\/\/www.fraczinet.cl\/sitio\/2010\/05\/11\/vecinos-de-coliumo-tendran-fogon-comunitario\/\" \/>\n<meta property=\"og:site_name\" content=\"Nuestro Bio B\u00edo\" \/>\n<meta property=\"article:published_time\" content=\"2010-05-11T15:22:00+00:00\" \/>\n<meta property=\"article:modified_time\" content=\"2022-10-06T23:07:54+00:00\" \/>\n<meta property=\"og:image\" content=\"https:\/\/2.bp.blogspot.com\/_2S_RxGRVjis\/S-l28GIqiwI\/AAAAAAAAOcI\/nO5pp8vcFLo\/s400\/Fogon+comunitario.jpg\" \/>\n<meta name=\"author\" content=\"admin\" \/>\n<meta name=\"twitter:card\" content=\"summary_large_image\" \/>\n<meta name=\"twitter:creator\" content=\"@nuestrobiobio\" \/>\n<meta name=\"twitter:site\" content=\"@nuestrobiobio\" \/>\n<meta name=\"twitter:label1\" content=\"Escrito por\" \/>\n\t<meta name=\"twitter:data1\" content=\"admin\" \/>\n\t<meta name=\"twitter:label2\" content=\"Tiempo de lectura\" \/>\n\t<meta name=\"twitter:data2\" content=\"1 minuto\" \/>\n<script type=\"application\/ld+json\" class=\"yoast-schema-graph\">{\"@context\":\"https:\/\/schema.org\",\"@graph\":[{\"@type\":\"Article\",\"@id\":\"https:\/\/www.fraczinet.cl\/sitio\/2010\/05\/11\/vecinos-de-coliumo-tendran-fogon-comunitario\/#article\",\"isPartOf\":{\"@id\":\"https:\/\/www.fraczinet.cl\/sitio\/2010\/05\/11\/vecinos-de-coliumo-tendran-fogon-comunitario\/\"},\"author\":{\"name\":\"admin\",\"@id\":\"https:\/\/www.fraczinet.cl\/sitio\/#\/schema\/person\/bc30f98e9cb10ae7e119dbe14bc93784\"},\"headline\":\"Vecinos De Coliumo Tendr\u00e1n Fog\u00f3n Comunitario\",\"datePublished\":\"2010-05-11T15:22:00+00:00\",\"dateModified\":\"2022-10-06T23:07:54+00:00\",\"mainEntityOfPage\":{\"@id\":\"https:\/\/www.fraczinet.cl\/sitio\/2010\/05\/11\/vecinos-de-coliumo-tendran-fogon-comunitario\/\"},\"wordCount\":143,\"commentCount\":0,\"publisher\":{\"@id\":\"https:\/\/www.fraczinet.cl\/sitio\/#\/schema\/person\/aec8ee4da68df2b9b0eefdad24a0d582\"},\"image\":{\"@id\":\"https:\/\/www.fraczinet.cl\/sitio\/2010\/05\/11\/vecinos-de-coliumo-tendran-fogon-comunitario\/#primaryimage\"},\"thumbnailUrl\":\"https:\/\/2.bp.blogspot.com\/_2S_RxGRVjis\/S-l28GIqiwI\/AAAAAAAAOcI\/nO5pp8vcFLo\/s400\/Fogon+comunitario.jpg\",\"articleSection\":[\"Pol\u00edtica\"],\"inLanguage\":\"es\",\"potentialAction\":[{\"@type\":\"CommentAction\",\"name\":\"Comment\",\"target\":[\"https:\/\/www.fraczinet.cl\/sitio\/2010\/05\/11\/vecinos-de-coliumo-tendran-fogon-comunitario\/#respond\"]}]},{\"@type\":\"WebPage\",\"@id\":\"https:\/\/www.fraczinet.cl\/sitio\/2010\/05\/11\/vecinos-de-coliumo-tendran-fogon-comunitario\/\",\"url\":\"https:\/\/www.fraczinet.cl\/sitio\/2010\/05\/11\/vecinos-de-coliumo-tendran-fogon-comunitario\/\",\"name\":\"Vecinos De Coliumo Tendr\u00e1n Fog\u00f3n Comunitario - Nuestro Bio B\u00edo\",\"isPartOf\":{\"@id\":\"https:\/\/www.fraczinet.cl\/sitio\/#website\"},\"primaryImageOfPage\":{\"@id\":\"https:\/\/www.fraczinet.cl\/sitio\/2010\/05\/11\/vecinos-de-coliumo-tendran-fogon-comunitario\/#primaryimage\"},\"image\":{\"@id\":\"https:\/\/www.fraczinet.cl\/sitio\/2010\/05\/11\/vecinos-de-coliumo-tendran-fogon-comunitario\/#primaryimage\"},\"thumbnailUrl\":\"https:\/\/2.bp.blogspot.com\/_2S_RxGRVjis\/S-l28GIqiwI\/AAAAAAAAOcI\/nO5pp8vcFLo\/s400\/Fogon+comunitario.jpg\",\"datePublished\":\"2010-05-11T15:22:00+00:00\",\"dateModified\":\"2022-10-06T23:07:54+00:00\",\"breadcrumb\":{\"@id\":\"https:\/\/www.fraczinet.cl\/sitio\/2010\/05\/11\/vecinos-de-coliumo-tendran-fogon-comunitario\/#breadcrumb\"},\"inLanguage\":\"es\",\"potentialAction\":[{\"@type\":\"ReadAction\",\"target\":[\"https:\/\/www.fraczinet.cl\/sitio\/2010\/05\/11\/vecinos-de-coliumo-tendran-fogon-comunitario\/\"]}]},{\"@type\":\"ImageObject\",\"inLanguage\":\"es\",\"@id\":\"https:\/\/www.fraczinet.cl\/sitio\/2010\/05\/11\/vecinos-de-coliumo-tendran-fogon-comunitario\/#primaryimage\",\"url\":\"https:\/\/2.bp.blogspot.com\/_2S_RxGRVjis\/S-l28GIqiwI\/AAAAAAAAOcI\/nO5pp8vcFLo\/s400\/Fogon+comunitario.jpg\",\"contentUrl\":\"https:\/\/2.bp.blogspot.com\/_2S_RxGRVjis\/S-l28GIqiwI\/AAAAAAAAOcI\/nO5pp8vcFLo\/s400\/Fogon+comunitario.jpg\"},{\"@type\":\"BreadcrumbList\",\"@id\":\"https:\/\/www.fraczinet.cl\/sitio\/2010\/05\/11\/vecinos-de-coliumo-tendran-fogon-comunitario\/#breadcrumb\",\"itemListElement\":[{\"@type\":\"ListItem\",\"position\":1,\"name\":\"Portada\",\"item\":\"https:\/\/www.fraczinet.cl\/sitio\/\"},{\"@type\":\"ListItem\",\"position\":2,\"name\":\"Vecinos De Coliumo Tendr\u00e1n Fog\u00f3n Comunitario\"}]},{\"@type\":\"WebSite\",\"@id\":\"https:\/\/www.fraczinet.cl\/sitio\/#website\",\"url\":\"https:\/\/www.fraczinet.cl\/sitio\/\",\"name\":\"Nuestro Bio B\u00edo\",\"description\":\"Tierra de Encuentros\",\"publisher\":{\"@id\":\"https:\/\/www.fraczinet.cl\/sitio\/#\/schema\/person\/aec8ee4da68df2b9b0eefdad24a0d582\"},\"potentialAction\":[{\"@type\":\"SearchAction\",\"target\":{\"@type\":\"EntryPoint\",\"urlTemplate\":\"https:\/\/www.fraczinet.cl\/sitio\/?s={search_term_string}\"},\"query-input\":{\"@type\":\"PropertyValueSpecification\",\"valueRequired\":true,\"valueName\":\"search_term_string\"}}],\"inLanguage\":\"es\"},{\"@type\":[\"Person\",\"Organization\"],\"@id\":\"https:\/\/www.fraczinet.cl\/sitio\/#\/schema\/person\/aec8ee4da68df2b9b0eefdad24a0d582\",\"name\":\"Luis Fernando Fraczinet\",\"image\":{\"@type\":\"ImageObject\",\"inLanguage\":\"es\",\"@id\":\"https:\/\/www.fraczinet.cl\/sitio\/#\/schema\/person\/image\/\",\"url\":\"https:\/\/www.fraczinet.cl\/sitio\/wp-content\/uploads\/2021\/07\/bannerlogo-1.gif\",\"contentUrl\":\"https:\/\/www.fraczinet.cl\/sitio\/wp-content\/uploads\/2021\/07\/bannerlogo-1.gif\",\"width\":159,\"height\":79,\"caption\":\"Luis Fernando Fraczinet\"},\"logo\":{\"@id\":\"https:\/\/www.fraczinet.cl\/sitio\/#\/schema\/person\/image\/\"},\"sameAs\":[\"https:\/\/www.fraczinet.cl\/sitio\/\"]},{\"@type\":\"Person\",\"@id\":\"https:\/\/www.fraczinet.cl\/sitio\/#\/schema\/person\/bc30f98e9cb10ae7e119dbe14bc93784\",\"name\":\"admin\",\"image\":{\"@type\":\"ImageObject\",\"inLanguage\":\"es\",\"@id\":\"https:\/\/www.fraczinet.cl\/sitio\/#\/schema\/person\/image\/\",\"url\":\"https:\/\/secure.gravatar.com\/avatar\/d5ad3cf7ef3b23a2bb5be73be780c86b2fc8545c3ad6b149f3913ff458c00099?s=96&d=mm&r=g\",\"contentUrl\":\"https:\/\/secure.gravatar.com\/avatar\/d5ad3cf7ef3b23a2bb5be73be780c86b2fc8545c3ad6b149f3913ff458c00099?s=96&d=mm&r=g\",\"caption\":\"admin\"},\"sameAs\":[\"https:\/\/www.fraczinet.cl\/sitio\"]}]}<\/script>\n<!-- \/ Yoast SEO plugin. -->","yoast_head_json":{"title":"Vecinos De Coliumo Tendr\u00e1n Fog\u00f3n Comunitario - Nuestro Bio B\u00edo","robots":{"index":"index","follow":"follow","max-snippet":"max-snippet:-1","max-image-preview":"max-image-preview:large","max-video-preview":"max-video-preview:-1"},"canonical":"https:\/\/www.fraczinet.cl\/sitio\/2010\/05\/11\/vecinos-de-coliumo-tendran-fogon-comunitario\/","og_locale":"es_ES","og_type":"article","og_title":"Vecinos De Coliumo Tendr\u00e1n Fog\u00f3n Comunitario - Nuestro Bio B\u00edo","og_description":"Gracias a una iniciativa de la Facultad de Arquitectura de la Universidad del Bio B\u00edo, el Campamento Renacer de Coliumo contar\u00e1 con un Fog\u00f3n Comunitario que se construye con la colaboraci\u00f3n de alumnos de la carrera y un grupo de amigos y vecinos de Coliumo (comuna de Tom\u00e9). Este Espacio Multiuso de Emergencia, como se [&hellip;]","og_url":"https:\/\/www.fraczinet.cl\/sitio\/2010\/05\/11\/vecinos-de-coliumo-tendran-fogon-comunitario\/","og_site_name":"Nuestro Bio B\u00edo","article_published_time":"2010-05-11T15:22:00+00:00","article_modified_time":"2022-10-06T23:07:54+00:00","og_image":[{"url":"https:\/\/2.bp.blogspot.com\/_2S_RxGRVjis\/S-l28GIqiwI\/AAAAAAAAOcI\/nO5pp8vcFLo\/s400\/Fogon+comunitario.jpg","type":"","width":"","height":""}],"author":"admin","twitter_card":"summary_large_image","twitter_creator":"@nuestrobiobio","twitter_site":"@nuestrobiobio","twitter_misc":{"Escrito por":"admin","Tiempo de lectura":"1 minuto"},"schema":{"@context":"https:\/\/schema.org","@graph":[{"@type":"Article","@id":"https:\/\/www.fraczinet.cl\/sitio\/2010\/05\/11\/vecinos-de-coliumo-tendran-fogon-comunitario\/#article","isPartOf":{"@id":"https:\/\/www.fraczinet.cl\/sitio\/2010\/05\/11\/vecinos-de-coliumo-tendran-fogon-comunitario\/"},"author":{"name":"admin","@id":"https:\/\/www.fraczinet.cl\/sitio\/#\/schema\/person\/bc30f98e9cb10ae7e119dbe14bc93784"},"headline":"Vecinos De Coliumo Tendr\u00e1n Fog\u00f3n Comunitario","datePublished":"2010-05-11T15:22:00+00:00","dateModified":"2022-10-06T23:07:54+00:00","mainEntityOfPage":{"@id":"https:\/\/www.fraczinet.cl\/sitio\/2010\/05\/11\/vecinos-de-coliumo-tendran-fogon-comunitario\/"},"wordCount":143,"commentCount":0,"publisher":{"@id":"https:\/\/www.fraczinet.cl\/sitio\/#\/schema\/person\/aec8ee4da68df2b9b0eefdad24a0d582"},"image":{"@id":"https:\/\/www.fraczinet.cl\/sitio\/2010\/05\/11\/vecinos-de-coliumo-tendran-fogon-comunitario\/#primaryimage"},"thumbnailUrl":"https:\/\/2.bp.blogspot.com\/_2S_RxGRVjis\/S-l28GIqiwI\/AAAAAAAAOcI\/nO5pp8vcFLo\/s400\/Fogon+comunitario.jpg","articleSection":["Pol\u00edtica"],"inLanguage":"es","potentialAction":[{"@type":"CommentAction","name":"Comment","target":["https:\/\/www.fraczinet.cl\/sitio\/2010\/05\/11\/vecinos-de-coliumo-tendran-fogon-comunitario\/#respond"]}]},{"@type":"WebPage","@id":"https:\/\/www.fraczinet.cl\/sitio\/2010\/05\/11\/vecinos-de-coliumo-tendran-fogon-comunitario\/","url":"https:\/\/www.fraczinet.cl\/sitio\/2010\/05\/11\/vecinos-de-coliumo-tendran-fogon-comunitario\/","name":"Vecinos De Coliumo Tendr\u00e1n Fog\u00f3n Comunitario - Nuestro Bio B\u00edo","isPartOf":{"@id":"https:\/\/www.fraczinet.cl\/sitio\/#website"},"primaryImageOfPage":{"@id":"https:\/\/www.fraczinet.cl\/sitio\/2010\/05\/11\/vecinos-de-coliumo-tendran-fogon-comunitario\/#primaryimage"},"image":{"@id":"https:\/\/www.fraczinet.cl\/sitio\/2010\/05\/11\/vecinos-de-coliumo-tendran-fogon-comunitario\/#primaryimage"},"thumbnailUrl":"https:\/\/2.bp.blogspot.com\/_2S_RxGRVjis\/S-l28GIqiwI\/AAAAAAAAOcI\/nO5pp8vcFLo\/s400\/Fogon+comunitario.jpg","datePublished":"2010-05-11T15:22:00+00:00","dateModified":"2022-10-06T23:07:54+00:00","breadcrumb":{"@id":"https:\/\/www.fraczinet.cl\/sitio\/2010\/05\/11\/vecinos-de-coliumo-tendran-fogon-comunitario\/#breadcrumb"},"inLanguage":"es","potentialAction":[{"@type":"ReadAction","target":["https:\/\/www.fraczinet.cl\/sitio\/2010\/05\/11\/vecinos-de-coliumo-tendran-fogon-comunitario\/"]}]},{"@type":"ImageObject","inLanguage":"es","@id":"https:\/\/www.fraczinet.cl\/sitio\/2010\/05\/11\/vecinos-de-coliumo-tendran-fogon-comunitario\/#primaryimage","url":"https:\/\/2.bp.blogspot.com\/_2S_RxGRVjis\/S-l28GIqiwI\/AAAAAAAAOcI\/nO5pp8vcFLo\/s400\/Fogon+comunitario.jpg","contentUrl":"https:\/\/2.bp.blogspot.com\/_2S_RxGRVjis\/S-l28GIqiwI\/AAAAAAAAOcI\/nO5pp8vcFLo\/s400\/Fogon+comunitario.jpg"},{"@type":"BreadcrumbList","@id":"https:\/\/www.fraczinet.cl\/sitio\/2010\/05\/11\/vecinos-de-coliumo-tendran-fogon-comunitario\/#breadcrumb","itemListElement":[{"@type":"ListItem","position":1,"name":"Portada","item":"https:\/\/www.fraczinet.cl\/sitio\/"},{"@type":"ListItem","position":2,"name":"Vecinos De Coliumo Tendr\u00e1n Fog\u00f3n Comunitario"}]},{"@type":"WebSite","@id":"https:\/\/www.fraczinet.cl\/sitio\/#website","url":"https:\/\/www.fraczinet.cl\/sitio\/","name":"Nuestro Bio B\u00edo","description":"Tierra de Encuentros","publisher":{"@id":"https:\/\/www.fraczinet.cl\/sitio\/#\/schema\/person\/aec8ee4da68df2b9b0eefdad24a0d582"},"potentialAction":[{"@type":"SearchAction","target":{"@type":"EntryPoint","urlTemplate":"https:\/\/www.fraczinet.cl\/sitio\/?s={search_term_string}"},"query-input":{"@type":"PropertyValueSpecification","valueRequired":true,"valueName":"search_term_string"}}],"inLanguage":"es"},{"@type":["Person","Organization"],"@id":"https:\/\/www.fraczinet.cl\/sitio\/#\/schema\/person\/aec8ee4da68df2b9b0eefdad24a0d582","name":"Luis Fernando Fraczinet","image":{"@type":"ImageObject","inLanguage":"es","@id":"https:\/\/www.fraczinet.cl\/sitio\/#\/schema\/person\/image\/","url":"https:\/\/www.fraczinet.cl\/sitio\/wp-content\/uploads\/2021\/07\/bannerlogo-1.gif","contentUrl":"https:\/\/www.fraczinet.cl\/sitio\/wp-content\/uploads\/2021\/07\/bannerlogo-1.gif","width":159,"height":79,"caption":"Luis Fernando Fraczinet"},"logo":{"@id":"https:\/\/www.fraczinet.cl\/sitio\/#\/schema\/person\/image\/"},"sameAs":["https:\/\/www.fraczinet.cl\/sitio\/"]},{"@type":"Person","@id":"https:\/\/www.fraczinet.cl\/sitio\/#\/schema\/person\/bc30f98e9cb10ae7e119dbe14bc93784","name":"admin","image":{"@type":"ImageObject","inLanguage":"es","@id":"https:\/\/www.fraczinet.cl\/sitio\/#\/schema\/person\/image\/","url":"https:\/\/secure.gravatar.com\/avatar\/d5ad3cf7ef3b23a2bb5be73be780c86b2fc8545c3ad6b149f3913ff458c00099?s=96&d=mm&r=g","contentUrl":"https:\/\/secure.gravatar.com\/avatar\/d5ad3cf7ef3b23a2bb5be73be780c86b2fc8545c3ad6b149f3913ff458c00099?s=96&d=mm&r=g","caption":"admin"},"sameAs":["https:\/\/www.fraczinet.cl\/sitio"]}]}},"_links":{"self":[{"href":"https:\/\/www.fraczinet.cl\/sitio\/wp-json\/wp\/v2\/posts\/5338","targetHints":{"allow":["GET"]}}],"collection":[{"href":"https:\/\/www.fraczinet.cl\/sitio\/wp-json\/wp\/v2\/posts"}],"about":[{"href":"https:\/\/www.fraczinet.cl\/sitio\/wp-json\/wp\/v2\/types\/post"}],"author":[{"embeddable":true,"href":"https:\/\/www.fraczinet.cl\/sitio\/wp-json\/wp\/v2\/users\/1"}],"replies":[{"embeddable":true,"href":"https:\/\/www.fraczinet.cl\/sitio\/wp-json\/wp\/v2\/comments?post=5338"}],"version-history":[{"count":1,"href":"https:\/\/www.fraczinet.cl\/sitio\/wp-json\/wp\/v2\/posts\/5338\/revisions"}],"predecessor-version":[{"id":14341,"href":"https:\/\/www.fraczinet.cl\/sitio\/wp-json\/wp\/v2\/posts\/5338\/revisions\/14341"}],"wp:attachment":[{"href":"https:\/\/www.fraczinet.cl\/sitio\/wp-json\/wp\/v2\/media?parent=5338"}],"wp:term":[{"taxonomy":"category","embeddable":true,"href":"https:\/\/www.fraczinet.cl\/sitio\/wp-json\/wp\/v2\/categories?post=5338"},{"taxonomy":"post_tag","embeddable":true,"href":"https:\/\/www.fraczinet.cl\/sitio\/wp-json\/wp\/v2\/tags?post=5338"}],"curies":[{"name":"wp","href":"https:\/\/api.w.org\/{rel}","templated":true}]}}