{"id":5349,"date":"2010-05-08T00:28:00","date_gmt":"2010-05-08T00:28:00","guid":{"rendered":"https:\/\/www.fraczinet.cl\/sitio\/2010\/05\/08\/primer-estudio-sobre-desercion-estudiantil-realizado-por-universidad-del-bio-bio\/"},"modified":"2022-10-05T21:37:08","modified_gmt":"2022-10-05T21:37:08","slug":"primer-estudio-sobre-desercion-estudiantil-realizado-por-universidad-del-bio-bio","status":"publish","type":"post","link":"https:\/\/www.fraczinet.cl\/sitio\/2010\/05\/08\/primer-estudio-sobre-desercion-estudiantil-realizado-por-universidad-del-bio-bio\/","title":{"rendered":"Primer Estudio Sobre Deserci\u00f3n Estudiantil Realizado Por Universidad Del Bio B\u00edo"},"content":{"rendered":"<div style=\"text-align: justify;\">El aumento de la cobertura de la educaci\u00f3n superior ha implicado un incremento en la deserci\u00f3n universitaria y un aumento en el tiempo de permanencia en las carreras, aspectos en los que tendr\u00eda una marcada incidencia las caracter\u00edsticas de los contextos de los cuales provienen los estudiantes que se incorporan a las universidades chilenas.   <\/div>\n<div style=\"text-align: justify;\"><\/div>\n<div style=\"text-align: justify;\">En este escenario, surge el \u201cPrimer estudio y an\u00e1lisis de la deserci\u00f3n estudiantil de primer a\u00f1o en la Universidad del Bio B\u00edo\u201d, cuyo resultados se materializan gracias a una encuesta aplicada a m\u00e1s de 200 j\u00f3venes de primer a\u00f1o de las sedes Concepci\u00f3n y Chill\u00e1n, que no registraron matr\u00edcula al a\u00f1o siguiente.<\/div>\n<div style=\"text-align: justify;\"><\/div>\n<div style=\"text-align: justify;\">El prop\u00f3sito fundamental de la investigaci\u00f3n fue identificar los factores, causas y variables que influyen en la deserci\u00f3n universitaria, para complementar y potenciar acciones concretas en el contexto de una problem\u00e1tica de la educaci\u00f3n superior a nivel nacional.<\/div>\n<div style=\"text-align: justify;\"><\/div>\n<div style=\"text-align: justify;\">Del an\u00e1lisis global de los resultados se reafirma la multicausalidad de los factores que gatillan la deserci\u00f3n estudiantil. Es as\u00ed que el primer antecedente relevante consigna que la informaci\u00f3n para ingresar a la universidad es insuficiente en cuanto a las caracter\u00edsticas, exigencias y requerimientos de la carrera, como tambi\u00e9n, lo que implica el ejercicio profesional futuro, pues s\u00f3lo un 58 por ciento de los estudiantes que desertan estiman que estaban bien informados.<\/div>\n<div style=\"text-align: justify;\"><\/div>\n<div style=\"text-align: justify;\">Otro dato clave del estudio de la Universidad del Bio B\u00edo, es que un 44 por ciento de los j\u00f3venes aseguran que cursaron carreras que no corresponden a sus intereses y expectativas, mientras que un 73 por ciento de ellos declara su conformidad con la casa de estudios superiores elegida. Es as\u00ed que un 88 por ciento abandona por decisi\u00f3n propia, utilizando tal alternativa como un medio para definir sus orientaciones vocacionales o como un recurso para optar internamente a un cambio de carrera.<\/div>\n<div style=\"text-align: justify;\"><\/div>\n<div style=\"text-align: justify;\">De lo anterior, se desprende que la selecci\u00f3n de la carrera no responde mayoritariamente a un proceso anal\u00edtico y bien informado, sino m\u00e1s bien a decisiones asociadas al puntaje obtenido en la PSU, seg\u00fan lo indic\u00f3 la Presidenta de la Comisi\u00f3n de Sistemas de Informaci\u00f3n de la Universidad del Bio B\u00edo, Gilda Vargas. En este estudio no surgen como causales relevantes del fen\u00f3meno de la deserci\u00f3n los factores socioecon\u00f3micos. Pero s\u00ed los encuestados admiten que el d\u00e9ficit acad\u00e9mico de la ense\u00f1anza media, sumado al nivel de exigencias de la educaci\u00f3n superior, influyen en la p\u00e9rdida de asignaturas que, en su mayor\u00eda, se concentra en las carreras de Ingenier\u00eda.<\/div>\n<div style=\"text-align: justify;\"><\/div>\n<div style=\"text-align: justify;\">Bajo este escenario, un 43 por ciento declara que tuvo problemas que afectaron su rendimiento, y de este porcentaje un 40 por ciento alude, espec\u00edficamente, a dificultades econ\u00f3micas en el hogar y tambi\u00e9n a la separaci\u00f3n de los padres.<\/div>\n<div style=\"text-align: justify;\"><\/div>\n<div style=\"text-align: justify;\">En s\u00edntesis, la situaci\u00f3n actual de la poblaci\u00f3n analizada que responde a la definici\u00f3n de deserci\u00f3n, tambi\u00e9n coincide con el patr\u00f3n de abandonadores temporales del sistema de educaci\u00f3n superior, pues un 67 por ciento de los encuestados se encuentra estudiando, ya sea en distintas universidades (54%), en institutos t\u00e9cnicos profesionales (33%) y el resto en preuniversitarios.<\/div>\n<div style=\"text-align: justify;\"><\/div>\n<div style=\"text-align: justify;\">Otro desaf\u00edo a considerar por el estudio de la UBB es la necesaria actualizaci\u00f3n de los enfoques metodol\u00f3gicos, que requieren ser adaptados a las condiciones y caracter\u00edsticas predominantes de los alumnos.<\/div>\n<div style=\"text-align: justify;\"><\/div>\n<div style=\"text-align: justify;\">En este estudio se consider\u00f3 una muestra aleatoria simple, probabil\u00edstica y estratificada por a\u00f1o de incorporaci\u00f3n a la casa de estudios superiores, focalizada en universitarios de las cohortes 2007 y 2008 que no se matricularon en abril del a\u00f1o siguiente, contando as\u00ed con la representatividad de la poblaci\u00f3n en estudio y una cobertura regional, que considera adem\u00e1s una distribuci\u00f3n que permite la obtenci\u00f3n de indicadores que den cuenta de la problem\u00e1tica en cuesti\u00f3n. El nivel de confianza es del 95 por ciento y el margen de error es de un 6,0 por ciento. <\/div>\n<div style=\"text-align: justify;\"><\/div>\n<div style=\"text-align: justify;\">El \u201cPrimer estudio y an\u00e1lisis de la deserci\u00f3n estudiantil de primer a\u00f1o en la Universidad del Bio B\u00edo\u201d surge en el contexto del proyecto \u201cIntegraci\u00f3n social y \u00e9xito acad\u00e9mico de los estudiantes de la UBB\u201d, que se enmarca en el Convenio de Desempe\u00f1o suscrito con el Mineduc.<\/div>\n","protected":false},"excerpt":{"rendered":"<p>El aumento de la cobertura de la educaci\u00f3n superior ha implicado un incremento en la deserci\u00f3n universitaria y un aumento en el tiempo de permanencia en las carreras, aspectos en los que tendr\u00eda una marcada incidencia las caracter\u00edsticas de los contextos de los cuales provienen los estudiantes que se incorporan a las universidades chilenas. En [&hellip;]<\/p>\n","protected":false},"author":1,"featured_media":0,"comment_status":"open","ping_status":"open","sticky":false,"template":"","format":"standard","meta":{"footnotes":""},"categories":[151],"tags":[],"class_list":["post-5349","post","type-post","status-publish","format-standard","hentry","category-educacion"],"yoast_head":"<!-- This site is optimized with the Yoast SEO plugin v25.0 - https:\/\/yoast.com\/wordpress\/plugins\/seo\/ -->\n<title>Primer Estudio Sobre Deserci\u00f3n Estudiantil Realizado Por Universidad Del Bio B\u00edo - Nuestro Bio B\u00edo<\/title>\n<meta name=\"robots\" content=\"index, follow, max-snippet:-1, max-image-preview:large, max-video-preview:-1\" \/>\n<link rel=\"canonical\" href=\"https:\/\/www.fraczinet.cl\/sitio\/2010\/05\/08\/primer-estudio-sobre-desercion-estudiantil-realizado-por-universidad-del-bio-bio\/\" \/>\n<meta property=\"og:locale\" content=\"es_ES\" \/>\n<meta property=\"og:type\" content=\"article\" \/>\n<meta property=\"og:title\" content=\"Primer Estudio Sobre Deserci\u00f3n Estudiantil Realizado Por Universidad Del Bio B\u00edo - Nuestro Bio B\u00edo\" \/>\n<meta property=\"og:description\" content=\"El aumento de la cobertura de la educaci\u00f3n superior ha implicado un incremento en la deserci\u00f3n universitaria y un aumento en el tiempo de permanencia en las carreras, aspectos en los que tendr\u00eda una marcada incidencia las caracter\u00edsticas de los contextos de los cuales provienen los estudiantes que se incorporan a las universidades chilenas. En [&hellip;]\" \/>\n<meta property=\"og:url\" content=\"https:\/\/www.fraczinet.cl\/sitio\/2010\/05\/08\/primer-estudio-sobre-desercion-estudiantil-realizado-por-universidad-del-bio-bio\/\" \/>\n<meta property=\"og:site_name\" content=\"Nuestro Bio B\u00edo\" \/>\n<meta property=\"article:published_time\" content=\"2010-05-08T00:28:00+00:00\" \/>\n<meta property=\"article:modified_time\" content=\"2022-10-05T21:37:08+00:00\" \/>\n<meta property=\"og:image\" content=\"https:\/\/www.fraczinet.cl\/sitio\/wp-content\/uploads\/2021\/07\/bannerlogo-1.gif\" \/>\n\t<meta property=\"og:image:width\" content=\"159\" \/>\n\t<meta property=\"og:image:height\" content=\"79\" \/>\n\t<meta property=\"og:image:type\" content=\"image\/gif\" \/>\n<meta name=\"author\" content=\"admin\" \/>\n<meta name=\"twitter:card\" content=\"summary_large_image\" \/>\n<meta name=\"twitter:creator\" content=\"@nuestrobiobio\" \/>\n<meta name=\"twitter:site\" content=\"@nuestrobiobio\" \/>\n<meta name=\"twitter:label1\" content=\"Escrito por\" \/>\n\t<meta name=\"twitter:data1\" content=\"admin\" \/>\n\t<meta name=\"twitter:label2\" content=\"Tiempo de lectura\" \/>\n\t<meta name=\"twitter:data2\" content=\"4 minutos\" \/>\n<script type=\"application\/ld+json\" class=\"yoast-schema-graph\">{\"@context\":\"https:\/\/schema.org\",\"@graph\":[{\"@type\":\"Article\",\"@id\":\"https:\/\/www.fraczinet.cl\/sitio\/2010\/05\/08\/primer-estudio-sobre-desercion-estudiantil-realizado-por-universidad-del-bio-bio\/#article\",\"isPartOf\":{\"@id\":\"https:\/\/www.fraczinet.cl\/sitio\/2010\/05\/08\/primer-estudio-sobre-desercion-estudiantil-realizado-por-universidad-del-bio-bio\/\"},\"author\":{\"name\":\"admin\",\"@id\":\"https:\/\/www.fraczinet.cl\/sitio\/#\/schema\/person\/bc30f98e9cb10ae7e119dbe14bc93784\"},\"headline\":\"Primer Estudio Sobre Deserci\u00f3n Estudiantil Realizado Por Universidad Del Bio B\u00edo\",\"datePublished\":\"2010-05-08T00:28:00+00:00\",\"dateModified\":\"2022-10-05T21:37:08+00:00\",\"mainEntityOfPage\":{\"@id\":\"https:\/\/www.fraczinet.cl\/sitio\/2010\/05\/08\/primer-estudio-sobre-desercion-estudiantil-realizado-por-universidad-del-bio-bio\/\"},\"wordCount\":753,\"commentCount\":0,\"publisher\":{\"@id\":\"https:\/\/www.fraczinet.cl\/sitio\/#\/schema\/person\/aec8ee4da68df2b9b0eefdad24a0d582\"},\"articleSection\":[\"Educaci\u00f3n\"],\"inLanguage\":\"es\",\"potentialAction\":[{\"@type\":\"CommentAction\",\"name\":\"Comment\",\"target\":[\"https:\/\/www.fraczinet.cl\/sitio\/2010\/05\/08\/primer-estudio-sobre-desercion-estudiantil-realizado-por-universidad-del-bio-bio\/#respond\"]}]},{\"@type\":\"WebPage\",\"@id\":\"https:\/\/www.fraczinet.cl\/sitio\/2010\/05\/08\/primer-estudio-sobre-desercion-estudiantil-realizado-por-universidad-del-bio-bio\/\",\"url\":\"https:\/\/www.fraczinet.cl\/sitio\/2010\/05\/08\/primer-estudio-sobre-desercion-estudiantil-realizado-por-universidad-del-bio-bio\/\",\"name\":\"Primer Estudio Sobre Deserci\u00f3n Estudiantil Realizado Por Universidad Del Bio B\u00edo - Nuestro Bio B\u00edo\",\"isPartOf\":{\"@id\":\"https:\/\/www.fraczinet.cl\/sitio\/#website\"},\"datePublished\":\"2010-05-08T00:28:00+00:00\",\"dateModified\":\"2022-10-05T21:37:08+00:00\",\"breadcrumb\":{\"@id\":\"https:\/\/www.fraczinet.cl\/sitio\/2010\/05\/08\/primer-estudio-sobre-desercion-estudiantil-realizado-por-universidad-del-bio-bio\/#breadcrumb\"},\"inLanguage\":\"es\",\"potentialAction\":[{\"@type\":\"ReadAction\",\"target\":[\"https:\/\/www.fraczinet.cl\/sitio\/2010\/05\/08\/primer-estudio-sobre-desercion-estudiantil-realizado-por-universidad-del-bio-bio\/\"]}]},{\"@type\":\"BreadcrumbList\",\"@id\":\"https:\/\/www.fraczinet.cl\/sitio\/2010\/05\/08\/primer-estudio-sobre-desercion-estudiantil-realizado-por-universidad-del-bio-bio\/#breadcrumb\",\"itemListElement\":[{\"@type\":\"ListItem\",\"position\":1,\"name\":\"Portada\",\"item\":\"https:\/\/www.fraczinet.cl\/sitio\/\"},{\"@type\":\"ListItem\",\"position\":2,\"name\":\"Primer Estudio Sobre Deserci\u00f3n Estudiantil Realizado Por Universidad Del Bio B\u00edo\"}]},{\"@type\":\"WebSite\",\"@id\":\"https:\/\/www.fraczinet.cl\/sitio\/#website\",\"url\":\"https:\/\/www.fraczinet.cl\/sitio\/\",\"name\":\"Nuestro Bio B\u00edo\",\"description\":\"Tierra de Encuentros\",\"publisher\":{\"@id\":\"https:\/\/www.fraczinet.cl\/sitio\/#\/schema\/person\/aec8ee4da68df2b9b0eefdad24a0d582\"},\"potentialAction\":[{\"@type\":\"SearchAction\",\"target\":{\"@type\":\"EntryPoint\",\"urlTemplate\":\"https:\/\/www.fraczinet.cl\/sitio\/?s={search_term_string}\"},\"query-input\":{\"@type\":\"PropertyValueSpecification\",\"valueRequired\":true,\"valueName\":\"search_term_string\"}}],\"inLanguage\":\"es\"},{\"@type\":[\"Person\",\"Organization\"],\"@id\":\"https:\/\/www.fraczinet.cl\/sitio\/#\/schema\/person\/aec8ee4da68df2b9b0eefdad24a0d582\",\"name\":\"Luis Fernando Fraczinet\",\"image\":{\"@type\":\"ImageObject\",\"inLanguage\":\"es\",\"@id\":\"https:\/\/www.fraczinet.cl\/sitio\/#\/schema\/person\/image\/\",\"url\":\"https:\/\/www.fraczinet.cl\/sitio\/wp-content\/uploads\/2021\/07\/bannerlogo-1.gif\",\"contentUrl\":\"https:\/\/www.fraczinet.cl\/sitio\/wp-content\/uploads\/2021\/07\/bannerlogo-1.gif\",\"width\":159,\"height\":79,\"caption\":\"Luis Fernando Fraczinet\"},\"logo\":{\"@id\":\"https:\/\/www.fraczinet.cl\/sitio\/#\/schema\/person\/image\/\"},\"sameAs\":[\"https:\/\/www.fraczinet.cl\/sitio\/\"]},{\"@type\":\"Person\",\"@id\":\"https:\/\/www.fraczinet.cl\/sitio\/#\/schema\/person\/bc30f98e9cb10ae7e119dbe14bc93784\",\"name\":\"admin\",\"image\":{\"@type\":\"ImageObject\",\"inLanguage\":\"es\",\"@id\":\"https:\/\/www.fraczinet.cl\/sitio\/#\/schema\/person\/image\/\",\"url\":\"https:\/\/secure.gravatar.com\/avatar\/d5ad3cf7ef3b23a2bb5be73be780c86b2fc8545c3ad6b149f3913ff458c00099?s=96&d=mm&r=g\",\"contentUrl\":\"https:\/\/secure.gravatar.com\/avatar\/d5ad3cf7ef3b23a2bb5be73be780c86b2fc8545c3ad6b149f3913ff458c00099?s=96&d=mm&r=g\",\"caption\":\"admin\"},\"sameAs\":[\"https:\/\/www.fraczinet.cl\/sitio\"]}]}<\/script>\n<!-- \/ Yoast SEO plugin. -->","yoast_head_json":{"title":"Primer Estudio Sobre Deserci\u00f3n Estudiantil Realizado Por Universidad Del Bio B\u00edo - Nuestro Bio B\u00edo","robots":{"index":"index","follow":"follow","max-snippet":"max-snippet:-1","max-image-preview":"max-image-preview:large","max-video-preview":"max-video-preview:-1"},"canonical":"https:\/\/www.fraczinet.cl\/sitio\/2010\/05\/08\/primer-estudio-sobre-desercion-estudiantil-realizado-por-universidad-del-bio-bio\/","og_locale":"es_ES","og_type":"article","og_title":"Primer Estudio Sobre Deserci\u00f3n Estudiantil Realizado Por Universidad Del Bio B\u00edo - Nuestro Bio B\u00edo","og_description":"El aumento de la cobertura de la educaci\u00f3n superior ha implicado un incremento en la deserci\u00f3n universitaria y un aumento en el tiempo de permanencia en las carreras, aspectos en los que tendr\u00eda una marcada incidencia las caracter\u00edsticas de los contextos de los cuales provienen los estudiantes que se incorporan a las universidades chilenas. En [&hellip;]","og_url":"https:\/\/www.fraczinet.cl\/sitio\/2010\/05\/08\/primer-estudio-sobre-desercion-estudiantil-realizado-por-universidad-del-bio-bio\/","og_site_name":"Nuestro Bio B\u00edo","article_published_time":"2010-05-08T00:28:00+00:00","article_modified_time":"2022-10-05T21:37:08+00:00","og_image":[{"width":159,"height":79,"url":"https:\/\/www.fraczinet.cl\/sitio\/wp-content\/uploads\/2021\/07\/bannerlogo-1.gif","type":"image\/gif"}],"author":"admin","twitter_card":"summary_large_image","twitter_creator":"@nuestrobiobio","twitter_site":"@nuestrobiobio","twitter_misc":{"Escrito por":"admin","Tiempo de lectura":"4 minutos"},"schema":{"@context":"https:\/\/schema.org","@graph":[{"@type":"Article","@id":"https:\/\/www.fraczinet.cl\/sitio\/2010\/05\/08\/primer-estudio-sobre-desercion-estudiantil-realizado-por-universidad-del-bio-bio\/#article","isPartOf":{"@id":"https:\/\/www.fraczinet.cl\/sitio\/2010\/05\/08\/primer-estudio-sobre-desercion-estudiantil-realizado-por-universidad-del-bio-bio\/"},"author":{"name":"admin","@id":"https:\/\/www.fraczinet.cl\/sitio\/#\/schema\/person\/bc30f98e9cb10ae7e119dbe14bc93784"},"headline":"Primer Estudio Sobre Deserci\u00f3n Estudiantil Realizado Por Universidad Del Bio B\u00edo","datePublished":"2010-05-08T00:28:00+00:00","dateModified":"2022-10-05T21:37:08+00:00","mainEntityOfPage":{"@id":"https:\/\/www.fraczinet.cl\/sitio\/2010\/05\/08\/primer-estudio-sobre-desercion-estudiantil-realizado-por-universidad-del-bio-bio\/"},"wordCount":753,"commentCount":0,"publisher":{"@id":"https:\/\/www.fraczinet.cl\/sitio\/#\/schema\/person\/aec8ee4da68df2b9b0eefdad24a0d582"},"articleSection":["Educaci\u00f3n"],"inLanguage":"es","potentialAction":[{"@type":"CommentAction","name":"Comment","target":["https:\/\/www.fraczinet.cl\/sitio\/2010\/05\/08\/primer-estudio-sobre-desercion-estudiantil-realizado-por-universidad-del-bio-bio\/#respond"]}]},{"@type":"WebPage","@id":"https:\/\/www.fraczinet.cl\/sitio\/2010\/05\/08\/primer-estudio-sobre-desercion-estudiantil-realizado-por-universidad-del-bio-bio\/","url":"https:\/\/www.fraczinet.cl\/sitio\/2010\/05\/08\/primer-estudio-sobre-desercion-estudiantil-realizado-por-universidad-del-bio-bio\/","name":"Primer Estudio Sobre Deserci\u00f3n Estudiantil Realizado Por Universidad Del Bio B\u00edo - Nuestro Bio B\u00edo","isPartOf":{"@id":"https:\/\/www.fraczinet.cl\/sitio\/#website"},"datePublished":"2010-05-08T00:28:00+00:00","dateModified":"2022-10-05T21:37:08+00:00","breadcrumb":{"@id":"https:\/\/www.fraczinet.cl\/sitio\/2010\/05\/08\/primer-estudio-sobre-desercion-estudiantil-realizado-por-universidad-del-bio-bio\/#breadcrumb"},"inLanguage":"es","potentialAction":[{"@type":"ReadAction","target":["https:\/\/www.fraczinet.cl\/sitio\/2010\/05\/08\/primer-estudio-sobre-desercion-estudiantil-realizado-por-universidad-del-bio-bio\/"]}]},{"@type":"BreadcrumbList","@id":"https:\/\/www.fraczinet.cl\/sitio\/2010\/05\/08\/primer-estudio-sobre-desercion-estudiantil-realizado-por-universidad-del-bio-bio\/#breadcrumb","itemListElement":[{"@type":"ListItem","position":1,"name":"Portada","item":"https:\/\/www.fraczinet.cl\/sitio\/"},{"@type":"ListItem","position":2,"name":"Primer Estudio Sobre Deserci\u00f3n Estudiantil Realizado Por Universidad Del Bio B\u00edo"}]},{"@type":"WebSite","@id":"https:\/\/www.fraczinet.cl\/sitio\/#website","url":"https:\/\/www.fraczinet.cl\/sitio\/","name":"Nuestro Bio B\u00edo","description":"Tierra de Encuentros","publisher":{"@id":"https:\/\/www.fraczinet.cl\/sitio\/#\/schema\/person\/aec8ee4da68df2b9b0eefdad24a0d582"},"potentialAction":[{"@type":"SearchAction","target":{"@type":"EntryPoint","urlTemplate":"https:\/\/www.fraczinet.cl\/sitio\/?s={search_term_string}"},"query-input":{"@type":"PropertyValueSpecification","valueRequired":true,"valueName":"search_term_string"}}],"inLanguage":"es"},{"@type":["Person","Organization"],"@id":"https:\/\/www.fraczinet.cl\/sitio\/#\/schema\/person\/aec8ee4da68df2b9b0eefdad24a0d582","name":"Luis Fernando Fraczinet","image":{"@type":"ImageObject","inLanguage":"es","@id":"https:\/\/www.fraczinet.cl\/sitio\/#\/schema\/person\/image\/","url":"https:\/\/www.fraczinet.cl\/sitio\/wp-content\/uploads\/2021\/07\/bannerlogo-1.gif","contentUrl":"https:\/\/www.fraczinet.cl\/sitio\/wp-content\/uploads\/2021\/07\/bannerlogo-1.gif","width":159,"height":79,"caption":"Luis Fernando Fraczinet"},"logo":{"@id":"https:\/\/www.fraczinet.cl\/sitio\/#\/schema\/person\/image\/"},"sameAs":["https:\/\/www.fraczinet.cl\/sitio\/"]},{"@type":"Person","@id":"https:\/\/www.fraczinet.cl\/sitio\/#\/schema\/person\/bc30f98e9cb10ae7e119dbe14bc93784","name":"admin","image":{"@type":"ImageObject","inLanguage":"es","@id":"https:\/\/www.fraczinet.cl\/sitio\/#\/schema\/person\/image\/","url":"https:\/\/secure.gravatar.com\/avatar\/d5ad3cf7ef3b23a2bb5be73be780c86b2fc8545c3ad6b149f3913ff458c00099?s=96&d=mm&r=g","contentUrl":"https:\/\/secure.gravatar.com\/avatar\/d5ad3cf7ef3b23a2bb5be73be780c86b2fc8545c3ad6b149f3913ff458c00099?s=96&d=mm&r=g","caption":"admin"},"sameAs":["https:\/\/www.fraczinet.cl\/sitio"]}]}},"_links":{"self":[{"href":"https:\/\/www.fraczinet.cl\/sitio\/wp-json\/wp\/v2\/posts\/5349","targetHints":{"allow":["GET"]}}],"collection":[{"href":"https:\/\/www.fraczinet.cl\/sitio\/wp-json\/wp\/v2\/posts"}],"about":[{"href":"https:\/\/www.fraczinet.cl\/sitio\/wp-json\/wp\/v2\/types\/post"}],"author":[{"embeddable":true,"href":"https:\/\/www.fraczinet.cl\/sitio\/wp-json\/wp\/v2\/users\/1"}],"replies":[{"embeddable":true,"href":"https:\/\/www.fraczinet.cl\/sitio\/wp-json\/wp\/v2\/comments?post=5349"}],"version-history":[{"count":1,"href":"https:\/\/www.fraczinet.cl\/sitio\/wp-json\/wp\/v2\/posts\/5349\/revisions"}],"predecessor-version":[{"id":14113,"href":"https:\/\/www.fraczinet.cl\/sitio\/wp-json\/wp\/v2\/posts\/5349\/revisions\/14113"}],"wp:attachment":[{"href":"https:\/\/www.fraczinet.cl\/sitio\/wp-json\/wp\/v2\/media?parent=5349"}],"wp:term":[{"taxonomy":"category","embeddable":true,"href":"https:\/\/www.fraczinet.cl\/sitio\/wp-json\/wp\/v2\/categories?post=5349"},{"taxonomy":"post_tag","embeddable":true,"href":"https:\/\/www.fraczinet.cl\/sitio\/wp-json\/wp\/v2\/tags?post=5349"}],"curies":[{"name":"wp","href":"https:\/\/api.w.org\/{rel}","templated":true}]}}