{"id":5350,"date":"2010-05-08T00:21:00","date_gmt":"2010-05-08T00:21:00","guid":{"rendered":"https:\/\/www.fraczinet.cl\/sitio\/2010\/05\/08\/dichatinos-tendran-unidad-de-salud-mental\/"},"modified":"2022-10-06T23:08:38","modified_gmt":"2022-10-06T23:08:38","slug":"dichatinos-tendran-unidad-de-salud-mental","status":"publish","type":"post","link":"https:\/\/www.fraczinet.cl\/sitio\/2010\/05\/08\/dichatinos-tendran-unidad-de-salud-mental\/","title":{"rendered":"Dichatinos Tendr\u00e1n Unidad De Salud Mental"},"content":{"rendered":"<div style=\"text-align: justify;\"><a href=\"http:\/\/4.bp.blogspot.com\/_2S_RxGRVjis\/S-Svw2oCJAI\/AAAAAAAAOYg\/VWr4XTdf6Is\/s1600\/ROYAL+PHARMA+108.jpg\" style=\"clear: left; float: left; margin-bottom: 1em; margin-right: 1em;\"><img decoding=\"async\" alt=\"\" border=\"0\" id=\"BLOGGER_PHOTO_ID_5468689101366633474\" src=\"https:\/\/4.bp.blogspot.com\/_2S_RxGRVjis\/S-Svw2oCJAI\/AAAAAAAAOYg\/VWr4XTdf6Is\/s400\/ROYAL+PHARMA+108.jpg\" style=\"height: 300px; width: 400px;\" \/><\/a>Un nuevo paso para la reconstrucci\u00f3n dieron este viernes 7 de mayo los dichatinos y dichatinas. En una significativa ceremonia encabezada por el Alcalde de la Comuna de Tom\u00e9, Eduardo Aguilera Aguilera, se puso la primera piedra de la nueva Unidad de Salud Mental de la Posta de Dichato, un recinto donado por Laboratorios Royal Pharma. <\/div>\n<div style=\"text-align: justify;\"><\/div>\n<div style=\"text-align: justify;\">\u201cEsto es un adelanto para la comunidad, sabemos que luego de lo que sucedi\u00f3 en alg\u00fan momento vamos a necesitar ayuda de los profesionales que estar\u00e1n en este establecimiento, por lo que agradecemos infinitamente la iniciativa y gentileza de pensar en nosotros\u201d, se\u00f1al\u00f3 la Sra. Carmen Chaura usuaria de la Posta de Dichato.&nbsp;<\/div>\n<div style=\"text-align: justify;\"><\/div>\n<div style=\"text-align: justify;\"><a href=\"http:\/\/3.bp.blogspot.com\/_2S_RxGRVjis\/S-SvqBoAe-I\/AAAAAAAAOYY\/XculRMqax5o\/s1600\/ROYAL+PHARMA+081.jpg\" style=\"clear: right; float: right; margin-bottom: 1em; margin-left: 1em;\"><img decoding=\"async\" alt=\"\" border=\"0\" id=\"BLOGGER_PHOTO_ID_5468688984060230626\" src=\"https:\/\/3.bp.blogspot.com\/_2S_RxGRVjis\/S-SvqBoAe-I\/AAAAAAAAOYY\/XculRMqax5o\/s400\/ROYAL+PHARMA+081.jpg\" style=\"height: 400px; width: 300px;\" \/><\/a>Una construcci\u00f3n de m\u00e1s de 100 metros cuadrados donde se emplazaran tres box de atenci\u00f3n, una sala de recepci\u00f3n y espera y una sala multiuso comunitario, que beneficiar\u00e1 a aproximadamente 3200 usuarios. \u201cEscogimos Dichato por que lo conoc\u00edamos, por que muchos de nosotros durante las vacaciones pasamos por aqu\u00ed y lo pasamos muy bien y creemos que hay que devolver la mano cuando uno a tenido la posibilidad de estar contento y conocer a la gente, por lo que damos la gracias por permitirnos poder ayudar\u201d  destac\u00f3 Julio Sanhueza Urz\u00faa, Director Comercial de Laboratorios Royal Pharma. <\/div>\n<div style=\"text-align: justify;\"><\/div>\n<div style=\"text-align: justify;\">El compromiso del Municipio por encontrar aportes concretos para los vecinos y vecinas damnificados por el terreno y tsunami se ha ido manifestando con acciones como \u00e9stas. \u201cSomos un pueblo agradecido, por que si este pa\u00eds tuviera m\u00e1s corazones generosos como los de ustedes ser\u00edamos mejores personas. Lo que hoy est\u00e1n entregado a Dichato va a venir a cubrir una necesidad importante para los vecinos y vecinas que vivieron tan fuertemente esta cat\u00e1strofe\u201d enfatiz\u00f3 el Alcalde Aguilera. <\/div>\n<div style=\"text-align: justify;\"><\/div>\n<div style=\"text-align: justify;\"><\/div>\n<div style=\"text-align: justify;\"><\/div>\n","protected":false},"excerpt":{"rendered":"<p>Un nuevo paso para la reconstrucci\u00f3n dieron este viernes 7 de mayo los dichatinos y dichatinas. En una significativa ceremonia encabezada por el Alcalde de la Comuna de Tom\u00e9, Eduardo Aguilera Aguilera, se puso la primera piedra de la nueva Unidad de Salud Mental de la Posta de Dichato, un recinto donado por Laboratorios Royal [&hellip;]<\/p>\n","protected":false},"author":1,"featured_media":0,"comment_status":"open","ping_status":"open","sticky":false,"template":"","format":"standard","meta":{"footnotes":""},"categories":[180],"tags":[],"class_list":["post-5350","post","type-post","status-publish","format-standard","hentry","category-salud"],"yoast_head":"<!-- This site is optimized with the Yoast SEO plugin v25.0 - https:\/\/yoast.com\/wordpress\/plugins\/seo\/ -->\n<title>Dichatinos Tendr\u00e1n Unidad De Salud Mental - Nuestro Bio B\u00edo<\/title>\n<meta name=\"robots\" content=\"index, follow, max-snippet:-1, max-image-preview:large, max-video-preview:-1\" \/>\n<link rel=\"canonical\" href=\"https:\/\/www.fraczinet.cl\/sitio\/2010\/05\/08\/dichatinos-tendran-unidad-de-salud-mental\/\" \/>\n<meta property=\"og:locale\" content=\"es_ES\" \/>\n<meta property=\"og:type\" content=\"article\" \/>\n<meta property=\"og:title\" content=\"Dichatinos Tendr\u00e1n Unidad De Salud Mental - Nuestro Bio B\u00edo\" \/>\n<meta property=\"og:description\" content=\"Un nuevo paso para la reconstrucci\u00f3n dieron este viernes 7 de mayo los dichatinos y dichatinas. En una significativa ceremonia encabezada por el Alcalde de la Comuna de Tom\u00e9, Eduardo Aguilera Aguilera, se puso la primera piedra de la nueva Unidad de Salud Mental de la Posta de Dichato, un recinto donado por Laboratorios Royal [&hellip;]\" \/>\n<meta property=\"og:url\" content=\"https:\/\/www.fraczinet.cl\/sitio\/2010\/05\/08\/dichatinos-tendran-unidad-de-salud-mental\/\" \/>\n<meta property=\"og:site_name\" content=\"Nuestro Bio B\u00edo\" \/>\n<meta property=\"article:published_time\" content=\"2010-05-08T00:21:00+00:00\" \/>\n<meta property=\"article:modified_time\" content=\"2022-10-06T23:08:38+00:00\" \/>\n<meta property=\"og:image\" content=\"https:\/\/4.bp.blogspot.com\/_2S_RxGRVjis\/S-Svw2oCJAI\/AAAAAAAAOYg\/VWr4XTdf6Is\/s400\/ROYAL+PHARMA+108.jpg\" \/>\n<meta name=\"author\" content=\"admin\" \/>\n<meta name=\"twitter:card\" content=\"summary_large_image\" \/>\n<meta name=\"twitter:creator\" content=\"@nuestrobiobio\" \/>\n<meta name=\"twitter:site\" content=\"@nuestrobiobio\" \/>\n<meta name=\"twitter:label1\" content=\"Escrito por\" \/>\n\t<meta name=\"twitter:data1\" content=\"admin\" \/>\n\t<meta name=\"twitter:label2\" content=\"Tiempo de lectura\" \/>\n\t<meta name=\"twitter:data2\" content=\"1 minuto\" \/>\n<script type=\"application\/ld+json\" class=\"yoast-schema-graph\">{\"@context\":\"https:\/\/schema.org\",\"@graph\":[{\"@type\":\"Article\",\"@id\":\"https:\/\/www.fraczinet.cl\/sitio\/2010\/05\/08\/dichatinos-tendran-unidad-de-salud-mental\/#article\",\"isPartOf\":{\"@id\":\"https:\/\/www.fraczinet.cl\/sitio\/2010\/05\/08\/dichatinos-tendran-unidad-de-salud-mental\/\"},\"author\":{\"name\":\"admin\",\"@id\":\"https:\/\/www.fraczinet.cl\/sitio\/#\/schema\/person\/bc30f98e9cb10ae7e119dbe14bc93784\"},\"headline\":\"Dichatinos Tendr\u00e1n Unidad De Salud Mental\",\"datePublished\":\"2010-05-08T00:21:00+00:00\",\"dateModified\":\"2022-10-06T23:08:38+00:00\",\"mainEntityOfPage\":{\"@id\":\"https:\/\/www.fraczinet.cl\/sitio\/2010\/05\/08\/dichatinos-tendran-unidad-de-salud-mental\/\"},\"wordCount\":302,\"commentCount\":0,\"publisher\":{\"@id\":\"https:\/\/www.fraczinet.cl\/sitio\/#\/schema\/person\/aec8ee4da68df2b9b0eefdad24a0d582\"},\"image\":{\"@id\":\"https:\/\/www.fraczinet.cl\/sitio\/2010\/05\/08\/dichatinos-tendran-unidad-de-salud-mental\/#primaryimage\"},\"thumbnailUrl\":\"https:\/\/4.bp.blogspot.com\/_2S_RxGRVjis\/S-Svw2oCJAI\/AAAAAAAAOYg\/VWr4XTdf6Is\/s400\/ROYAL+PHARMA+108.jpg\",\"articleSection\":[\"Salud\"],\"inLanguage\":\"es\",\"potentialAction\":[{\"@type\":\"CommentAction\",\"name\":\"Comment\",\"target\":[\"https:\/\/www.fraczinet.cl\/sitio\/2010\/05\/08\/dichatinos-tendran-unidad-de-salud-mental\/#respond\"]}]},{\"@type\":\"WebPage\",\"@id\":\"https:\/\/www.fraczinet.cl\/sitio\/2010\/05\/08\/dichatinos-tendran-unidad-de-salud-mental\/\",\"url\":\"https:\/\/www.fraczinet.cl\/sitio\/2010\/05\/08\/dichatinos-tendran-unidad-de-salud-mental\/\",\"name\":\"Dichatinos Tendr\u00e1n Unidad De Salud Mental - Nuestro Bio B\u00edo\",\"isPartOf\":{\"@id\":\"https:\/\/www.fraczinet.cl\/sitio\/#website\"},\"primaryImageOfPage\":{\"@id\":\"https:\/\/www.fraczinet.cl\/sitio\/2010\/05\/08\/dichatinos-tendran-unidad-de-salud-mental\/#primaryimage\"},\"image\":{\"@id\":\"https:\/\/www.fraczinet.cl\/sitio\/2010\/05\/08\/dichatinos-tendran-unidad-de-salud-mental\/#primaryimage\"},\"thumbnailUrl\":\"https:\/\/4.bp.blogspot.com\/_2S_RxGRVjis\/S-Svw2oCJAI\/AAAAAAAAOYg\/VWr4XTdf6Is\/s400\/ROYAL+PHARMA+108.jpg\",\"datePublished\":\"2010-05-08T00:21:00+00:00\",\"dateModified\":\"2022-10-06T23:08:38+00:00\",\"breadcrumb\":{\"@id\":\"https:\/\/www.fraczinet.cl\/sitio\/2010\/05\/08\/dichatinos-tendran-unidad-de-salud-mental\/#breadcrumb\"},\"inLanguage\":\"es\",\"potentialAction\":[{\"@type\":\"ReadAction\",\"target\":[\"https:\/\/www.fraczinet.cl\/sitio\/2010\/05\/08\/dichatinos-tendran-unidad-de-salud-mental\/\"]}]},{\"@type\":\"ImageObject\",\"inLanguage\":\"es\",\"@id\":\"https:\/\/www.fraczinet.cl\/sitio\/2010\/05\/08\/dichatinos-tendran-unidad-de-salud-mental\/#primaryimage\",\"url\":\"https:\/\/4.bp.blogspot.com\/_2S_RxGRVjis\/S-Svw2oCJAI\/AAAAAAAAOYg\/VWr4XTdf6Is\/s400\/ROYAL+PHARMA+108.jpg\",\"contentUrl\":\"https:\/\/4.bp.blogspot.com\/_2S_RxGRVjis\/S-Svw2oCJAI\/AAAAAAAAOYg\/VWr4XTdf6Is\/s400\/ROYAL+PHARMA+108.jpg\"},{\"@type\":\"BreadcrumbList\",\"@id\":\"https:\/\/www.fraczinet.cl\/sitio\/2010\/05\/08\/dichatinos-tendran-unidad-de-salud-mental\/#breadcrumb\",\"itemListElement\":[{\"@type\":\"ListItem\",\"position\":1,\"name\":\"Portada\",\"item\":\"https:\/\/www.fraczinet.cl\/sitio\/\"},{\"@type\":\"ListItem\",\"position\":2,\"name\":\"Dichatinos Tendr\u00e1n Unidad De Salud Mental\"}]},{\"@type\":\"WebSite\",\"@id\":\"https:\/\/www.fraczinet.cl\/sitio\/#website\",\"url\":\"https:\/\/www.fraczinet.cl\/sitio\/\",\"name\":\"Nuestro Bio B\u00edo\",\"description\":\"Tierra de Encuentros\",\"publisher\":{\"@id\":\"https:\/\/www.fraczinet.cl\/sitio\/#\/schema\/person\/aec8ee4da68df2b9b0eefdad24a0d582\"},\"potentialAction\":[{\"@type\":\"SearchAction\",\"target\":{\"@type\":\"EntryPoint\",\"urlTemplate\":\"https:\/\/www.fraczinet.cl\/sitio\/?s={search_term_string}\"},\"query-input\":{\"@type\":\"PropertyValueSpecification\",\"valueRequired\":true,\"valueName\":\"search_term_string\"}}],\"inLanguage\":\"es\"},{\"@type\":[\"Person\",\"Organization\"],\"@id\":\"https:\/\/www.fraczinet.cl\/sitio\/#\/schema\/person\/aec8ee4da68df2b9b0eefdad24a0d582\",\"name\":\"Luis Fernando Fraczinet\",\"image\":{\"@type\":\"ImageObject\",\"inLanguage\":\"es\",\"@id\":\"https:\/\/www.fraczinet.cl\/sitio\/#\/schema\/person\/image\/\",\"url\":\"https:\/\/www.fraczinet.cl\/sitio\/wp-content\/uploads\/2021\/07\/bannerlogo-1.gif\",\"contentUrl\":\"https:\/\/www.fraczinet.cl\/sitio\/wp-content\/uploads\/2021\/07\/bannerlogo-1.gif\",\"width\":159,\"height\":79,\"caption\":\"Luis Fernando Fraczinet\"},\"logo\":{\"@id\":\"https:\/\/www.fraczinet.cl\/sitio\/#\/schema\/person\/image\/\"},\"sameAs\":[\"https:\/\/www.fraczinet.cl\/sitio\/\"]},{\"@type\":\"Person\",\"@id\":\"https:\/\/www.fraczinet.cl\/sitio\/#\/schema\/person\/bc30f98e9cb10ae7e119dbe14bc93784\",\"name\":\"admin\",\"image\":{\"@type\":\"ImageObject\",\"inLanguage\":\"es\",\"@id\":\"https:\/\/www.fraczinet.cl\/sitio\/#\/schema\/person\/image\/\",\"url\":\"https:\/\/secure.gravatar.com\/avatar\/d5ad3cf7ef3b23a2bb5be73be780c86b2fc8545c3ad6b149f3913ff458c00099?s=96&d=mm&r=g\",\"contentUrl\":\"https:\/\/secure.gravatar.com\/avatar\/d5ad3cf7ef3b23a2bb5be73be780c86b2fc8545c3ad6b149f3913ff458c00099?s=96&d=mm&r=g\",\"caption\":\"admin\"},\"sameAs\":[\"https:\/\/www.fraczinet.cl\/sitio\"]}]}<\/script>\n<!-- \/ Yoast SEO plugin. -->","yoast_head_json":{"title":"Dichatinos Tendr\u00e1n Unidad De Salud Mental - Nuestro Bio B\u00edo","robots":{"index":"index","follow":"follow","max-snippet":"max-snippet:-1","max-image-preview":"max-image-preview:large","max-video-preview":"max-video-preview:-1"},"canonical":"https:\/\/www.fraczinet.cl\/sitio\/2010\/05\/08\/dichatinos-tendran-unidad-de-salud-mental\/","og_locale":"es_ES","og_type":"article","og_title":"Dichatinos Tendr\u00e1n Unidad De Salud Mental - Nuestro Bio B\u00edo","og_description":"Un nuevo paso para la reconstrucci\u00f3n dieron este viernes 7 de mayo los dichatinos y dichatinas. En una significativa ceremonia encabezada por el Alcalde de la Comuna de Tom\u00e9, Eduardo Aguilera Aguilera, se puso la primera piedra de la nueva Unidad de Salud Mental de la Posta de Dichato, un recinto donado por Laboratorios Royal [&hellip;]","og_url":"https:\/\/www.fraczinet.cl\/sitio\/2010\/05\/08\/dichatinos-tendran-unidad-de-salud-mental\/","og_site_name":"Nuestro Bio B\u00edo","article_published_time":"2010-05-08T00:21:00+00:00","article_modified_time":"2022-10-06T23:08:38+00:00","og_image":[{"url":"https:\/\/4.bp.blogspot.com\/_2S_RxGRVjis\/S-Svw2oCJAI\/AAAAAAAAOYg\/VWr4XTdf6Is\/s400\/ROYAL+PHARMA+108.jpg","type":"","width":"","height":""}],"author":"admin","twitter_card":"summary_large_image","twitter_creator":"@nuestrobiobio","twitter_site":"@nuestrobiobio","twitter_misc":{"Escrito por":"admin","Tiempo de lectura":"1 minuto"},"schema":{"@context":"https:\/\/schema.org","@graph":[{"@type":"Article","@id":"https:\/\/www.fraczinet.cl\/sitio\/2010\/05\/08\/dichatinos-tendran-unidad-de-salud-mental\/#article","isPartOf":{"@id":"https:\/\/www.fraczinet.cl\/sitio\/2010\/05\/08\/dichatinos-tendran-unidad-de-salud-mental\/"},"author":{"name":"admin","@id":"https:\/\/www.fraczinet.cl\/sitio\/#\/schema\/person\/bc30f98e9cb10ae7e119dbe14bc93784"},"headline":"Dichatinos Tendr\u00e1n Unidad De Salud Mental","datePublished":"2010-05-08T00:21:00+00:00","dateModified":"2022-10-06T23:08:38+00:00","mainEntityOfPage":{"@id":"https:\/\/www.fraczinet.cl\/sitio\/2010\/05\/08\/dichatinos-tendran-unidad-de-salud-mental\/"},"wordCount":302,"commentCount":0,"publisher":{"@id":"https:\/\/www.fraczinet.cl\/sitio\/#\/schema\/person\/aec8ee4da68df2b9b0eefdad24a0d582"},"image":{"@id":"https:\/\/www.fraczinet.cl\/sitio\/2010\/05\/08\/dichatinos-tendran-unidad-de-salud-mental\/#primaryimage"},"thumbnailUrl":"https:\/\/4.bp.blogspot.com\/_2S_RxGRVjis\/S-Svw2oCJAI\/AAAAAAAAOYg\/VWr4XTdf6Is\/s400\/ROYAL+PHARMA+108.jpg","articleSection":["Salud"],"inLanguage":"es","potentialAction":[{"@type":"CommentAction","name":"Comment","target":["https:\/\/www.fraczinet.cl\/sitio\/2010\/05\/08\/dichatinos-tendran-unidad-de-salud-mental\/#respond"]}]},{"@type":"WebPage","@id":"https:\/\/www.fraczinet.cl\/sitio\/2010\/05\/08\/dichatinos-tendran-unidad-de-salud-mental\/","url":"https:\/\/www.fraczinet.cl\/sitio\/2010\/05\/08\/dichatinos-tendran-unidad-de-salud-mental\/","name":"Dichatinos Tendr\u00e1n Unidad De Salud Mental - Nuestro Bio B\u00edo","isPartOf":{"@id":"https:\/\/www.fraczinet.cl\/sitio\/#website"},"primaryImageOfPage":{"@id":"https:\/\/www.fraczinet.cl\/sitio\/2010\/05\/08\/dichatinos-tendran-unidad-de-salud-mental\/#primaryimage"},"image":{"@id":"https:\/\/www.fraczinet.cl\/sitio\/2010\/05\/08\/dichatinos-tendran-unidad-de-salud-mental\/#primaryimage"},"thumbnailUrl":"https:\/\/4.bp.blogspot.com\/_2S_RxGRVjis\/S-Svw2oCJAI\/AAAAAAAAOYg\/VWr4XTdf6Is\/s400\/ROYAL+PHARMA+108.jpg","datePublished":"2010-05-08T00:21:00+00:00","dateModified":"2022-10-06T23:08:38+00:00","breadcrumb":{"@id":"https:\/\/www.fraczinet.cl\/sitio\/2010\/05\/08\/dichatinos-tendran-unidad-de-salud-mental\/#breadcrumb"},"inLanguage":"es","potentialAction":[{"@type":"ReadAction","target":["https:\/\/www.fraczinet.cl\/sitio\/2010\/05\/08\/dichatinos-tendran-unidad-de-salud-mental\/"]}]},{"@type":"ImageObject","inLanguage":"es","@id":"https:\/\/www.fraczinet.cl\/sitio\/2010\/05\/08\/dichatinos-tendran-unidad-de-salud-mental\/#primaryimage","url":"https:\/\/4.bp.blogspot.com\/_2S_RxGRVjis\/S-Svw2oCJAI\/AAAAAAAAOYg\/VWr4XTdf6Is\/s400\/ROYAL+PHARMA+108.jpg","contentUrl":"https:\/\/4.bp.blogspot.com\/_2S_RxGRVjis\/S-Svw2oCJAI\/AAAAAAAAOYg\/VWr4XTdf6Is\/s400\/ROYAL+PHARMA+108.jpg"},{"@type":"BreadcrumbList","@id":"https:\/\/www.fraczinet.cl\/sitio\/2010\/05\/08\/dichatinos-tendran-unidad-de-salud-mental\/#breadcrumb","itemListElement":[{"@type":"ListItem","position":1,"name":"Portada","item":"https:\/\/www.fraczinet.cl\/sitio\/"},{"@type":"ListItem","position":2,"name":"Dichatinos Tendr\u00e1n Unidad De Salud Mental"}]},{"@type":"WebSite","@id":"https:\/\/www.fraczinet.cl\/sitio\/#website","url":"https:\/\/www.fraczinet.cl\/sitio\/","name":"Nuestro Bio B\u00edo","description":"Tierra de Encuentros","publisher":{"@id":"https:\/\/www.fraczinet.cl\/sitio\/#\/schema\/person\/aec8ee4da68df2b9b0eefdad24a0d582"},"potentialAction":[{"@type":"SearchAction","target":{"@type":"EntryPoint","urlTemplate":"https:\/\/www.fraczinet.cl\/sitio\/?s={search_term_string}"},"query-input":{"@type":"PropertyValueSpecification","valueRequired":true,"valueName":"search_term_string"}}],"inLanguage":"es"},{"@type":["Person","Organization"],"@id":"https:\/\/www.fraczinet.cl\/sitio\/#\/schema\/person\/aec8ee4da68df2b9b0eefdad24a0d582","name":"Luis Fernando Fraczinet","image":{"@type":"ImageObject","inLanguage":"es","@id":"https:\/\/www.fraczinet.cl\/sitio\/#\/schema\/person\/image\/","url":"https:\/\/www.fraczinet.cl\/sitio\/wp-content\/uploads\/2021\/07\/bannerlogo-1.gif","contentUrl":"https:\/\/www.fraczinet.cl\/sitio\/wp-content\/uploads\/2021\/07\/bannerlogo-1.gif","width":159,"height":79,"caption":"Luis Fernando Fraczinet"},"logo":{"@id":"https:\/\/www.fraczinet.cl\/sitio\/#\/schema\/person\/image\/"},"sameAs":["https:\/\/www.fraczinet.cl\/sitio\/"]},{"@type":"Person","@id":"https:\/\/www.fraczinet.cl\/sitio\/#\/schema\/person\/bc30f98e9cb10ae7e119dbe14bc93784","name":"admin","image":{"@type":"ImageObject","inLanguage":"es","@id":"https:\/\/www.fraczinet.cl\/sitio\/#\/schema\/person\/image\/","url":"https:\/\/secure.gravatar.com\/avatar\/d5ad3cf7ef3b23a2bb5be73be780c86b2fc8545c3ad6b149f3913ff458c00099?s=96&d=mm&r=g","contentUrl":"https:\/\/secure.gravatar.com\/avatar\/d5ad3cf7ef3b23a2bb5be73be780c86b2fc8545c3ad6b149f3913ff458c00099?s=96&d=mm&r=g","caption":"admin"},"sameAs":["https:\/\/www.fraczinet.cl\/sitio"]}]}},"_links":{"self":[{"href":"https:\/\/www.fraczinet.cl\/sitio\/wp-json\/wp\/v2\/posts\/5350","targetHints":{"allow":["GET"]}}],"collection":[{"href":"https:\/\/www.fraczinet.cl\/sitio\/wp-json\/wp\/v2\/posts"}],"about":[{"href":"https:\/\/www.fraczinet.cl\/sitio\/wp-json\/wp\/v2\/types\/post"}],"author":[{"embeddable":true,"href":"https:\/\/www.fraczinet.cl\/sitio\/wp-json\/wp\/v2\/users\/1"}],"replies":[{"embeddable":true,"href":"https:\/\/www.fraczinet.cl\/sitio\/wp-json\/wp\/v2\/comments?post=5350"}],"version-history":[{"count":1,"href":"https:\/\/www.fraczinet.cl\/sitio\/wp-json\/wp\/v2\/posts\/5350\/revisions"}],"predecessor-version":[{"id":14343,"href":"https:\/\/www.fraczinet.cl\/sitio\/wp-json\/wp\/v2\/posts\/5350\/revisions\/14343"}],"wp:attachment":[{"href":"https:\/\/www.fraczinet.cl\/sitio\/wp-json\/wp\/v2\/media?parent=5350"}],"wp:term":[{"taxonomy":"category","embeddable":true,"href":"https:\/\/www.fraczinet.cl\/sitio\/wp-json\/wp\/v2\/categories?post=5350"},{"taxonomy":"post_tag","embeddable":true,"href":"https:\/\/www.fraczinet.cl\/sitio\/wp-json\/wp\/v2\/tags?post=5350"}],"curies":[{"name":"wp","href":"https:\/\/api.w.org\/{rel}","templated":true}]}}