{"id":5351,"date":"2010-05-08T00:16:00","date_gmt":"2010-05-08T00:16:00","guid":{"rendered":"https:\/\/www.fraczinet.cl\/sitio\/2010\/05\/08\/alcalde-de-tome-entrega-kits-de-aislamiento-a-catorce-familias-de-coliumo\/"},"modified":"2022-10-06T23:09:18","modified_gmt":"2022-10-06T23:09:18","slug":"alcalde-de-tome-entrega-kits-de-aislamiento-a-catorce-familias-de-coliumo","status":"publish","type":"post","link":"https:\/\/www.fraczinet.cl\/sitio\/2010\/05\/08\/alcalde-de-tome-entrega-kits-de-aislamiento-a-catorce-familias-de-coliumo\/","title":{"rendered":"Alcalde De Tom\u00e9 Entrega Kits De Aislamiento  A Catorce Familias De Coliumo"},"content":{"rendered":"<div style=\"text-align: justify;\"><a href=\"http:\/\/3.bp.blogspot.com\/_2S_RxGRVjis\/S-St6h3W6cI\/AAAAAAAAOYQ\/fpsqr1bhbbA\/s1600\/aislapol+015.jpg\" style=\"clear: left; float: left; margin-bottom: 1em; margin-right: 1em;\"><img decoding=\"async\" alt=\"\" border=\"0\" id=\"BLOGGER_PHOTO_ID_5468687068569201090\" src=\"https:\/\/3.bp.blogspot.com\/_2S_RxGRVjis\/S-St6h3W6cI\/AAAAAAAAOYQ\/fpsqr1bhbbA\/s400\/aislapol+015.jpg\" style=\"height: 300px; width: 400px;\" \/><\/a>Las catorce familias del campamento Villa Nuevo Amanecer de Coliumo ya respiran m\u00e1s tranquilas luego de recibir de manos del Alcalde de Tom\u00e9, Eduardo Aguilera Aguilera, un kit de aislamiento el cual permitir\u00e1 pasar en mejores condiciones el invierno. <\/div>\n<div style=\"text-align: justify;\"><\/div>\n<div style=\"text-align: justify;\">La ayuda entregada por el edil el pasado jueves 6 de mayo consisti\u00f3 en aislapol y planchas de cholguan que permitir\u00e1n cubrir en su totalidad el interior de cada vivienda de emergencia, lo que permitir\u00e1n soportar las bajas temperaturas que se aproximan. <\/div>\n<div style=\"text-align: justify;\"><\/div>\n<div style=\"text-align: justify;\">Las planchas de cholguan fueron donadas al Municipio por una empresa de Cabrero y permitir\u00e1 beneficiar a aproximadamente 100 familias de la comuna. El aislapol en cambio es obtenido a trav\u00e9s del programa de Gobierno denominado \u201cRefugio\u201d. <\/div>\n<p><a href=\"http:\/\/3.bp.blogspot.com\/_2S_RxGRVjis\/S-St0CcIgbI\/AAAAAAAAOYI\/Tgn5uAryEoo\/s1600\/aislapol+003.jpg\"><img decoding=\"async\" alt=\"\" border=\"0\" id=\"BLOGGER_PHOTO_ID_5468686957054296498\" src=\"https:\/\/3.bp.blogspot.com\/_2S_RxGRVjis\/S-St0CcIgbI\/AAAAAAAAOYI\/Tgn5uAryEoo\/s400\/aislapol+003.jpg\" style=\"cursor: hand; cursor: pointer; height: 300px; width: 400px;\" \/><\/a><\/p>\n","protected":false},"excerpt":{"rendered":"<p>Las catorce familias del campamento Villa Nuevo Amanecer de Coliumo ya respiran m\u00e1s tranquilas luego de recibir de manos del Alcalde de Tom\u00e9, Eduardo Aguilera Aguilera, un kit de aislamiento el cual permitir\u00e1 pasar en mejores condiciones el invierno. La ayuda entregada por el edil el pasado jueves 6 de mayo consisti\u00f3 en aislapol y [&hellip;]<\/p>\n","protected":false},"author":1,"featured_media":0,"comment_status":"open","ping_status":"open","sticky":false,"template":"","format":"standard","meta":{"footnotes":""},"categories":[131],"tags":[],"class_list":["post-5351","post","type-post","status-publish","format-standard","hentry","category-politica"],"yoast_head":"<!-- This site is optimized with the Yoast SEO plugin v25.0 - https:\/\/yoast.com\/wordpress\/plugins\/seo\/ -->\n<title>Alcalde De Tom\u00e9 Entrega Kits De Aislamiento A Catorce Familias De Coliumo - Nuestro Bio B\u00edo<\/title>\n<meta name=\"robots\" content=\"index, follow, max-snippet:-1, max-image-preview:large, max-video-preview:-1\" \/>\n<link rel=\"canonical\" href=\"https:\/\/www.fraczinet.cl\/sitio\/2010\/05\/08\/alcalde-de-tome-entrega-kits-de-aislamiento-a-catorce-familias-de-coliumo\/\" \/>\n<meta property=\"og:locale\" content=\"es_ES\" \/>\n<meta property=\"og:type\" content=\"article\" \/>\n<meta property=\"og:title\" content=\"Alcalde De Tom\u00e9 Entrega Kits De Aislamiento A Catorce Familias De Coliumo - Nuestro Bio B\u00edo\" \/>\n<meta property=\"og:description\" content=\"Las catorce familias del campamento Villa Nuevo Amanecer de Coliumo ya respiran m\u00e1s tranquilas luego de recibir de manos del Alcalde de Tom\u00e9, Eduardo Aguilera Aguilera, un kit de aislamiento el cual permitir\u00e1 pasar en mejores condiciones el invierno. La ayuda entregada por el edil el pasado jueves 6 de mayo consisti\u00f3 en aislapol y [&hellip;]\" \/>\n<meta property=\"og:url\" content=\"https:\/\/www.fraczinet.cl\/sitio\/2010\/05\/08\/alcalde-de-tome-entrega-kits-de-aislamiento-a-catorce-familias-de-coliumo\/\" \/>\n<meta property=\"og:site_name\" content=\"Nuestro Bio B\u00edo\" \/>\n<meta property=\"article:published_time\" content=\"2010-05-08T00:16:00+00:00\" \/>\n<meta property=\"article:modified_time\" content=\"2022-10-06T23:09:18+00:00\" \/>\n<meta property=\"og:image\" content=\"https:\/\/3.bp.blogspot.com\/_2S_RxGRVjis\/S-St6h3W6cI\/AAAAAAAAOYQ\/fpsqr1bhbbA\/s400\/aislapol+015.jpg\" \/>\n<meta name=\"author\" content=\"admin\" \/>\n<meta name=\"twitter:card\" content=\"summary_large_image\" \/>\n<meta name=\"twitter:creator\" content=\"@nuestrobiobio\" \/>\n<meta name=\"twitter:site\" content=\"@nuestrobiobio\" \/>\n<meta name=\"twitter:label1\" content=\"Escrito por\" \/>\n\t<meta name=\"twitter:data1\" content=\"admin\" \/>\n\t<meta name=\"twitter:label2\" content=\"Tiempo de lectura\" \/>\n\t<meta name=\"twitter:data2\" content=\"1 minuto\" \/>\n<script type=\"application\/ld+json\" class=\"yoast-schema-graph\">{\"@context\":\"https:\/\/schema.org\",\"@graph\":[{\"@type\":\"Article\",\"@id\":\"https:\/\/www.fraczinet.cl\/sitio\/2010\/05\/08\/alcalde-de-tome-entrega-kits-de-aislamiento-a-catorce-familias-de-coliumo\/#article\",\"isPartOf\":{\"@id\":\"https:\/\/www.fraczinet.cl\/sitio\/2010\/05\/08\/alcalde-de-tome-entrega-kits-de-aislamiento-a-catorce-familias-de-coliumo\/\"},\"author\":{\"name\":\"admin\",\"@id\":\"https:\/\/www.fraczinet.cl\/sitio\/#\/schema\/person\/bc30f98e9cb10ae7e119dbe14bc93784\"},\"headline\":\"Alcalde De Tom\u00e9 Entrega Kits De Aislamiento A Catorce Familias De Coliumo\",\"datePublished\":\"2010-05-08T00:16:00+00:00\",\"dateModified\":\"2022-10-06T23:09:18+00:00\",\"mainEntityOfPage\":{\"@id\":\"https:\/\/www.fraczinet.cl\/sitio\/2010\/05\/08\/alcalde-de-tome-entrega-kits-de-aislamiento-a-catorce-familias-de-coliumo\/\"},\"wordCount\":132,\"commentCount\":0,\"publisher\":{\"@id\":\"https:\/\/www.fraczinet.cl\/sitio\/#\/schema\/person\/aec8ee4da68df2b9b0eefdad24a0d582\"},\"image\":{\"@id\":\"https:\/\/www.fraczinet.cl\/sitio\/2010\/05\/08\/alcalde-de-tome-entrega-kits-de-aislamiento-a-catorce-familias-de-coliumo\/#primaryimage\"},\"thumbnailUrl\":\"https:\/\/3.bp.blogspot.com\/_2S_RxGRVjis\/S-St6h3W6cI\/AAAAAAAAOYQ\/fpsqr1bhbbA\/s400\/aislapol+015.jpg\",\"articleSection\":[\"Pol\u00edtica\"],\"inLanguage\":\"es\",\"potentialAction\":[{\"@type\":\"CommentAction\",\"name\":\"Comment\",\"target\":[\"https:\/\/www.fraczinet.cl\/sitio\/2010\/05\/08\/alcalde-de-tome-entrega-kits-de-aislamiento-a-catorce-familias-de-coliumo\/#respond\"]}]},{\"@type\":\"WebPage\",\"@id\":\"https:\/\/www.fraczinet.cl\/sitio\/2010\/05\/08\/alcalde-de-tome-entrega-kits-de-aislamiento-a-catorce-familias-de-coliumo\/\",\"url\":\"https:\/\/www.fraczinet.cl\/sitio\/2010\/05\/08\/alcalde-de-tome-entrega-kits-de-aislamiento-a-catorce-familias-de-coliumo\/\",\"name\":\"Alcalde De Tom\u00e9 Entrega Kits De Aislamiento A Catorce Familias De Coliumo - Nuestro Bio B\u00edo\",\"isPartOf\":{\"@id\":\"https:\/\/www.fraczinet.cl\/sitio\/#website\"},\"primaryImageOfPage\":{\"@id\":\"https:\/\/www.fraczinet.cl\/sitio\/2010\/05\/08\/alcalde-de-tome-entrega-kits-de-aislamiento-a-catorce-familias-de-coliumo\/#primaryimage\"},\"image\":{\"@id\":\"https:\/\/www.fraczinet.cl\/sitio\/2010\/05\/08\/alcalde-de-tome-entrega-kits-de-aislamiento-a-catorce-familias-de-coliumo\/#primaryimage\"},\"thumbnailUrl\":\"https:\/\/3.bp.blogspot.com\/_2S_RxGRVjis\/S-St6h3W6cI\/AAAAAAAAOYQ\/fpsqr1bhbbA\/s400\/aislapol+015.jpg\",\"datePublished\":\"2010-05-08T00:16:00+00:00\",\"dateModified\":\"2022-10-06T23:09:18+00:00\",\"breadcrumb\":{\"@id\":\"https:\/\/www.fraczinet.cl\/sitio\/2010\/05\/08\/alcalde-de-tome-entrega-kits-de-aislamiento-a-catorce-familias-de-coliumo\/#breadcrumb\"},\"inLanguage\":\"es\",\"potentialAction\":[{\"@type\":\"ReadAction\",\"target\":[\"https:\/\/www.fraczinet.cl\/sitio\/2010\/05\/08\/alcalde-de-tome-entrega-kits-de-aislamiento-a-catorce-familias-de-coliumo\/\"]}]},{\"@type\":\"ImageObject\",\"inLanguage\":\"es\",\"@id\":\"https:\/\/www.fraczinet.cl\/sitio\/2010\/05\/08\/alcalde-de-tome-entrega-kits-de-aislamiento-a-catorce-familias-de-coliumo\/#primaryimage\",\"url\":\"https:\/\/3.bp.blogspot.com\/_2S_RxGRVjis\/S-St6h3W6cI\/AAAAAAAAOYQ\/fpsqr1bhbbA\/s400\/aislapol+015.jpg\",\"contentUrl\":\"https:\/\/3.bp.blogspot.com\/_2S_RxGRVjis\/S-St6h3W6cI\/AAAAAAAAOYQ\/fpsqr1bhbbA\/s400\/aislapol+015.jpg\"},{\"@type\":\"BreadcrumbList\",\"@id\":\"https:\/\/www.fraczinet.cl\/sitio\/2010\/05\/08\/alcalde-de-tome-entrega-kits-de-aislamiento-a-catorce-familias-de-coliumo\/#breadcrumb\",\"itemListElement\":[{\"@type\":\"ListItem\",\"position\":1,\"name\":\"Portada\",\"item\":\"https:\/\/www.fraczinet.cl\/sitio\/\"},{\"@type\":\"ListItem\",\"position\":2,\"name\":\"Alcalde De Tom\u00e9 Entrega Kits De Aislamiento A Catorce Familias De Coliumo\"}]},{\"@type\":\"WebSite\",\"@id\":\"https:\/\/www.fraczinet.cl\/sitio\/#website\",\"url\":\"https:\/\/www.fraczinet.cl\/sitio\/\",\"name\":\"Nuestro Bio B\u00edo\",\"description\":\"Tierra de Encuentros\",\"publisher\":{\"@id\":\"https:\/\/www.fraczinet.cl\/sitio\/#\/schema\/person\/aec8ee4da68df2b9b0eefdad24a0d582\"},\"potentialAction\":[{\"@type\":\"SearchAction\",\"target\":{\"@type\":\"EntryPoint\",\"urlTemplate\":\"https:\/\/www.fraczinet.cl\/sitio\/?s={search_term_string}\"},\"query-input\":{\"@type\":\"PropertyValueSpecification\",\"valueRequired\":true,\"valueName\":\"search_term_string\"}}],\"inLanguage\":\"es\"},{\"@type\":[\"Person\",\"Organization\"],\"@id\":\"https:\/\/www.fraczinet.cl\/sitio\/#\/schema\/person\/aec8ee4da68df2b9b0eefdad24a0d582\",\"name\":\"Luis Fernando Fraczinet\",\"image\":{\"@type\":\"ImageObject\",\"inLanguage\":\"es\",\"@id\":\"https:\/\/www.fraczinet.cl\/sitio\/#\/schema\/person\/image\/\",\"url\":\"https:\/\/www.fraczinet.cl\/sitio\/wp-content\/uploads\/2021\/07\/bannerlogo-1.gif\",\"contentUrl\":\"https:\/\/www.fraczinet.cl\/sitio\/wp-content\/uploads\/2021\/07\/bannerlogo-1.gif\",\"width\":159,\"height\":79,\"caption\":\"Luis Fernando Fraczinet\"},\"logo\":{\"@id\":\"https:\/\/www.fraczinet.cl\/sitio\/#\/schema\/person\/image\/\"},\"sameAs\":[\"https:\/\/www.fraczinet.cl\/sitio\/\"]},{\"@type\":\"Person\",\"@id\":\"https:\/\/www.fraczinet.cl\/sitio\/#\/schema\/person\/bc30f98e9cb10ae7e119dbe14bc93784\",\"name\":\"admin\",\"image\":{\"@type\":\"ImageObject\",\"inLanguage\":\"es\",\"@id\":\"https:\/\/www.fraczinet.cl\/sitio\/#\/schema\/person\/image\/\",\"url\":\"https:\/\/secure.gravatar.com\/avatar\/d5ad3cf7ef3b23a2bb5be73be780c86b2fc8545c3ad6b149f3913ff458c00099?s=96&d=mm&r=g\",\"contentUrl\":\"https:\/\/secure.gravatar.com\/avatar\/d5ad3cf7ef3b23a2bb5be73be780c86b2fc8545c3ad6b149f3913ff458c00099?s=96&d=mm&r=g\",\"caption\":\"admin\"},\"sameAs\":[\"https:\/\/www.fraczinet.cl\/sitio\"]}]}<\/script>\n<!-- \/ Yoast SEO plugin. -->","yoast_head_json":{"title":"Alcalde De Tom\u00e9 Entrega Kits De Aislamiento A Catorce Familias De Coliumo - Nuestro Bio B\u00edo","robots":{"index":"index","follow":"follow","max-snippet":"max-snippet:-1","max-image-preview":"max-image-preview:large","max-video-preview":"max-video-preview:-1"},"canonical":"https:\/\/www.fraczinet.cl\/sitio\/2010\/05\/08\/alcalde-de-tome-entrega-kits-de-aislamiento-a-catorce-familias-de-coliumo\/","og_locale":"es_ES","og_type":"article","og_title":"Alcalde De Tom\u00e9 Entrega Kits De Aislamiento A Catorce Familias De Coliumo - Nuestro Bio B\u00edo","og_description":"Las catorce familias del campamento Villa Nuevo Amanecer de Coliumo ya respiran m\u00e1s tranquilas luego de recibir de manos del Alcalde de Tom\u00e9, Eduardo Aguilera Aguilera, un kit de aislamiento el cual permitir\u00e1 pasar en mejores condiciones el invierno. La ayuda entregada por el edil el pasado jueves 6 de mayo consisti\u00f3 en aislapol y [&hellip;]","og_url":"https:\/\/www.fraczinet.cl\/sitio\/2010\/05\/08\/alcalde-de-tome-entrega-kits-de-aislamiento-a-catorce-familias-de-coliumo\/","og_site_name":"Nuestro Bio B\u00edo","article_published_time":"2010-05-08T00:16:00+00:00","article_modified_time":"2022-10-06T23:09:18+00:00","og_image":[{"url":"https:\/\/3.bp.blogspot.com\/_2S_RxGRVjis\/S-St6h3W6cI\/AAAAAAAAOYQ\/fpsqr1bhbbA\/s400\/aislapol+015.jpg","type":"","width":"","height":""}],"author":"admin","twitter_card":"summary_large_image","twitter_creator":"@nuestrobiobio","twitter_site":"@nuestrobiobio","twitter_misc":{"Escrito por":"admin","Tiempo de lectura":"1 minuto"},"schema":{"@context":"https:\/\/schema.org","@graph":[{"@type":"Article","@id":"https:\/\/www.fraczinet.cl\/sitio\/2010\/05\/08\/alcalde-de-tome-entrega-kits-de-aislamiento-a-catorce-familias-de-coliumo\/#article","isPartOf":{"@id":"https:\/\/www.fraczinet.cl\/sitio\/2010\/05\/08\/alcalde-de-tome-entrega-kits-de-aislamiento-a-catorce-familias-de-coliumo\/"},"author":{"name":"admin","@id":"https:\/\/www.fraczinet.cl\/sitio\/#\/schema\/person\/bc30f98e9cb10ae7e119dbe14bc93784"},"headline":"Alcalde De Tom\u00e9 Entrega Kits De Aislamiento A Catorce Familias De Coliumo","datePublished":"2010-05-08T00:16:00+00:00","dateModified":"2022-10-06T23:09:18+00:00","mainEntityOfPage":{"@id":"https:\/\/www.fraczinet.cl\/sitio\/2010\/05\/08\/alcalde-de-tome-entrega-kits-de-aislamiento-a-catorce-familias-de-coliumo\/"},"wordCount":132,"commentCount":0,"publisher":{"@id":"https:\/\/www.fraczinet.cl\/sitio\/#\/schema\/person\/aec8ee4da68df2b9b0eefdad24a0d582"},"image":{"@id":"https:\/\/www.fraczinet.cl\/sitio\/2010\/05\/08\/alcalde-de-tome-entrega-kits-de-aislamiento-a-catorce-familias-de-coliumo\/#primaryimage"},"thumbnailUrl":"https:\/\/3.bp.blogspot.com\/_2S_RxGRVjis\/S-St6h3W6cI\/AAAAAAAAOYQ\/fpsqr1bhbbA\/s400\/aislapol+015.jpg","articleSection":["Pol\u00edtica"],"inLanguage":"es","potentialAction":[{"@type":"CommentAction","name":"Comment","target":["https:\/\/www.fraczinet.cl\/sitio\/2010\/05\/08\/alcalde-de-tome-entrega-kits-de-aislamiento-a-catorce-familias-de-coliumo\/#respond"]}]},{"@type":"WebPage","@id":"https:\/\/www.fraczinet.cl\/sitio\/2010\/05\/08\/alcalde-de-tome-entrega-kits-de-aislamiento-a-catorce-familias-de-coliumo\/","url":"https:\/\/www.fraczinet.cl\/sitio\/2010\/05\/08\/alcalde-de-tome-entrega-kits-de-aislamiento-a-catorce-familias-de-coliumo\/","name":"Alcalde De Tom\u00e9 Entrega Kits De Aislamiento A Catorce Familias De Coliumo - Nuestro Bio B\u00edo","isPartOf":{"@id":"https:\/\/www.fraczinet.cl\/sitio\/#website"},"primaryImageOfPage":{"@id":"https:\/\/www.fraczinet.cl\/sitio\/2010\/05\/08\/alcalde-de-tome-entrega-kits-de-aislamiento-a-catorce-familias-de-coliumo\/#primaryimage"},"image":{"@id":"https:\/\/www.fraczinet.cl\/sitio\/2010\/05\/08\/alcalde-de-tome-entrega-kits-de-aislamiento-a-catorce-familias-de-coliumo\/#primaryimage"},"thumbnailUrl":"https:\/\/3.bp.blogspot.com\/_2S_RxGRVjis\/S-St6h3W6cI\/AAAAAAAAOYQ\/fpsqr1bhbbA\/s400\/aislapol+015.jpg","datePublished":"2010-05-08T00:16:00+00:00","dateModified":"2022-10-06T23:09:18+00:00","breadcrumb":{"@id":"https:\/\/www.fraczinet.cl\/sitio\/2010\/05\/08\/alcalde-de-tome-entrega-kits-de-aislamiento-a-catorce-familias-de-coliumo\/#breadcrumb"},"inLanguage":"es","potentialAction":[{"@type":"ReadAction","target":["https:\/\/www.fraczinet.cl\/sitio\/2010\/05\/08\/alcalde-de-tome-entrega-kits-de-aislamiento-a-catorce-familias-de-coliumo\/"]}]},{"@type":"ImageObject","inLanguage":"es","@id":"https:\/\/www.fraczinet.cl\/sitio\/2010\/05\/08\/alcalde-de-tome-entrega-kits-de-aislamiento-a-catorce-familias-de-coliumo\/#primaryimage","url":"https:\/\/3.bp.blogspot.com\/_2S_RxGRVjis\/S-St6h3W6cI\/AAAAAAAAOYQ\/fpsqr1bhbbA\/s400\/aislapol+015.jpg","contentUrl":"https:\/\/3.bp.blogspot.com\/_2S_RxGRVjis\/S-St6h3W6cI\/AAAAAAAAOYQ\/fpsqr1bhbbA\/s400\/aislapol+015.jpg"},{"@type":"BreadcrumbList","@id":"https:\/\/www.fraczinet.cl\/sitio\/2010\/05\/08\/alcalde-de-tome-entrega-kits-de-aislamiento-a-catorce-familias-de-coliumo\/#breadcrumb","itemListElement":[{"@type":"ListItem","position":1,"name":"Portada","item":"https:\/\/www.fraczinet.cl\/sitio\/"},{"@type":"ListItem","position":2,"name":"Alcalde De Tom\u00e9 Entrega Kits De Aislamiento A Catorce Familias De Coliumo"}]},{"@type":"WebSite","@id":"https:\/\/www.fraczinet.cl\/sitio\/#website","url":"https:\/\/www.fraczinet.cl\/sitio\/","name":"Nuestro Bio B\u00edo","description":"Tierra de Encuentros","publisher":{"@id":"https:\/\/www.fraczinet.cl\/sitio\/#\/schema\/person\/aec8ee4da68df2b9b0eefdad24a0d582"},"potentialAction":[{"@type":"SearchAction","target":{"@type":"EntryPoint","urlTemplate":"https:\/\/www.fraczinet.cl\/sitio\/?s={search_term_string}"},"query-input":{"@type":"PropertyValueSpecification","valueRequired":true,"valueName":"search_term_string"}}],"inLanguage":"es"},{"@type":["Person","Organization"],"@id":"https:\/\/www.fraczinet.cl\/sitio\/#\/schema\/person\/aec8ee4da68df2b9b0eefdad24a0d582","name":"Luis Fernando Fraczinet","image":{"@type":"ImageObject","inLanguage":"es","@id":"https:\/\/www.fraczinet.cl\/sitio\/#\/schema\/person\/image\/","url":"https:\/\/www.fraczinet.cl\/sitio\/wp-content\/uploads\/2021\/07\/bannerlogo-1.gif","contentUrl":"https:\/\/www.fraczinet.cl\/sitio\/wp-content\/uploads\/2021\/07\/bannerlogo-1.gif","width":159,"height":79,"caption":"Luis Fernando Fraczinet"},"logo":{"@id":"https:\/\/www.fraczinet.cl\/sitio\/#\/schema\/person\/image\/"},"sameAs":["https:\/\/www.fraczinet.cl\/sitio\/"]},{"@type":"Person","@id":"https:\/\/www.fraczinet.cl\/sitio\/#\/schema\/person\/bc30f98e9cb10ae7e119dbe14bc93784","name":"admin","image":{"@type":"ImageObject","inLanguage":"es","@id":"https:\/\/www.fraczinet.cl\/sitio\/#\/schema\/person\/image\/","url":"https:\/\/secure.gravatar.com\/avatar\/d5ad3cf7ef3b23a2bb5be73be780c86b2fc8545c3ad6b149f3913ff458c00099?s=96&d=mm&r=g","contentUrl":"https:\/\/secure.gravatar.com\/avatar\/d5ad3cf7ef3b23a2bb5be73be780c86b2fc8545c3ad6b149f3913ff458c00099?s=96&d=mm&r=g","caption":"admin"},"sameAs":["https:\/\/www.fraczinet.cl\/sitio"]}]}},"_links":{"self":[{"href":"https:\/\/www.fraczinet.cl\/sitio\/wp-json\/wp\/v2\/posts\/5351","targetHints":{"allow":["GET"]}}],"collection":[{"href":"https:\/\/www.fraczinet.cl\/sitio\/wp-json\/wp\/v2\/posts"}],"about":[{"href":"https:\/\/www.fraczinet.cl\/sitio\/wp-json\/wp\/v2\/types\/post"}],"author":[{"embeddable":true,"href":"https:\/\/www.fraczinet.cl\/sitio\/wp-json\/wp\/v2\/users\/1"}],"replies":[{"embeddable":true,"href":"https:\/\/www.fraczinet.cl\/sitio\/wp-json\/wp\/v2\/comments?post=5351"}],"version-history":[{"count":1,"href":"https:\/\/www.fraczinet.cl\/sitio\/wp-json\/wp\/v2\/posts\/5351\/revisions"}],"predecessor-version":[{"id":14344,"href":"https:\/\/www.fraczinet.cl\/sitio\/wp-json\/wp\/v2\/posts\/5351\/revisions\/14344"}],"wp:attachment":[{"href":"https:\/\/www.fraczinet.cl\/sitio\/wp-json\/wp\/v2\/media?parent=5351"}],"wp:term":[{"taxonomy":"category","embeddable":true,"href":"https:\/\/www.fraczinet.cl\/sitio\/wp-json\/wp\/v2\/categories?post=5351"},{"taxonomy":"post_tag","embeddable":true,"href":"https:\/\/www.fraczinet.cl\/sitio\/wp-json\/wp\/v2\/tags?post=5351"}],"curies":[{"name":"wp","href":"https:\/\/api.w.org\/{rel}","templated":true}]}}