{"id":5353,"date":"2010-05-07T04:10:00","date_gmt":"2010-05-07T04:10:00","guid":{"rendered":"https:\/\/www.fraczinet.cl\/sitio\/2010\/05\/07\/poeta-luis-fraczinet-gana-primer-lugar-del-concurso-de-poesia-de-arte-poetica\/"},"modified":"2022-10-30T15:24:19","modified_gmt":"2022-10-30T15:24:19","slug":"poeta-luis-fraczinet-gana-primer-lugar-del-concurso-de-poesia-de-arte-poetica","status":"publish","type":"post","link":"https:\/\/www.fraczinet.cl\/sitio\/2010\/05\/07\/poeta-luis-fraczinet-gana-primer-lugar-del-concurso-de-poesia-de-arte-poetica\/","title":{"rendered":"Poeta Luis Fraczinet Gana Primer Lugar Del Concurso De Poes\u00eda De Arte Po\u00e9tica"},"content":{"rendered":"<div style=\"text-align: justify;\">Lugares, Puntuaciones Y Reconocimientos Honor\u00edficos Del 1er. Concurso Poes\u00eda Estilo Libre &#8211; Arte Po\u00e8tica<\/div>\n<div style=\"text-align: justify;\"><\/div>\n<div style=\"text-align: justify;\">En virtud de la transparencia y seriedad del concurso se hacen notar lo siguiente:<\/div>\n<div style=\"text-align: justify;\"><\/div>\n<div style=\"text-align: justify;\">1-Debido a la no muy alta concurrencia al evento de las postulaciones, no se podr\u00e1 contar con el m\u00ednimo exigido y acordado con la respectiva editorial para la edici\u00f3n del futuro libro, requisito que era indispensable cumplir por parte de Arte po\u00e9tica para dicha finalidad. (<a href=\"http:\/\/www.facebook.com\/note.php?note_id=339307231848\">comunicado en informe anterior<\/a>).<\/div>\n<div style=\"text-align: justify;\"><\/div>\n<div style=\"text-align: justify;\">2-Se har\u00e1 la entrega simb\u00f3lica de los seis primeros lugares.<\/div>\n<div style=\"text-align: justify;\"><\/div>\n<div style=\"text-align: justify;\">3-Se har\u00e1 un reconocimiento honor\u00edfico a seis poemas y sus respectivos poetas<\/div>\n<div style=\"text-align: justify;\"><\/div>\n<div style=\"text-align: justify;\">4-En una primera etapa se realizara la publicaci\u00f3n de los poemas ganadores y el reconocimiento por parte de arte po\u00e9tica y sus administradores en sus respectivos espacios de arte y comunicaci\u00f3n literaria. Direcciones de links que ser\u00e1n avisadas oportunamente<\/div>\n<div style=\"text-align: justify;\"><\/div>\n<div style=\"text-align: justify;\">5-Todos los poemas en participaci\u00f3n sin excepci\u00f3n de lugares ser\u00e1n archivados y publicados diariamente como agradecimiento en virtud de la generosidad de los poetas y su reconocimiento merecido por tan noble arte.<\/div>\n<div style=\"text-align: justify;\"><\/div>\n<div style=\"text-align: justify;\">7-Los jurados compuestos por:<\/div>\n<div style=\"text-align: justify;\">Invitaci\u00f3n especial: Sr. Flavio Crescenzi; Administradores Arte Po\u00e9tica: Sta. Agatha Seixas; Sr. Alex Mu\u00f1oz<\/div>\n<div style=\"text-align: justify;\"><\/div>\n<div style=\"text-align: justify;\">8-La correspondiente evaluaci\u00f3n fue dada a puntuaci\u00f3n de 1 a 10 por jurado<\/div>\n<div style=\"text-align: justify;\"><\/div>\n<div style=\"text-align: justify;\">Se agradece a cada uno de los participantes la confianza en los criterios del jurado quienes han sido imparciales y profesionales para as\u00ed generar el v\u00ednculo tan necesario para los nuevos concursos que sin lugar a dudas realizaremos y esperar una mayor participaci\u00f3n.<\/div>\n<div style=\"text-align: justify;\"><\/div>\n<div style=\"text-align: justify;\">Nos es indispensable recalcar que este espacio fue creado para la difusi\u00f3n y lugar de encuentro de nuestro amado arte po\u00e9tico, por esto se agradecer\u00e1 y ser\u00e1n siempre bienvenidos a participar y difundir nuestro espacio que es de todos.<\/div>\n<div style=\"text-align: justify;\"><\/div>\n<div style=\"text-align: justify;\">En nombre de los administradores de <a href=\"http:\/\/www.facebook.com\/profile.php?id=100000824045056&amp;ref=ts\">ARTE PO\u00c9TICA<\/a> agradecemos su atenci\u00f3n brindada y cari\u00f1o que es mutuo.<\/div>\n<div style=\"text-align: justify;\"><\/div>\n<div style=\"text-align: justify;\">Agatha Seixas<\/div>\n<div style=\"text-align: justify;\">Alex Mu\u00f1oz<\/div>\n<div style=\"text-align: justify;\"><\/div>\n<div style=\"text-align: justify;\">Santiago 06\/05\/2010<\/div>\n<div style=\"text-align: justify;\"><\/div>\n<div style=\"text-align: justify;\">LUGAR &#8230; PUNTUACION<\/div>\n<div style=\"text-align: justify;\">1&#8230;27&#8230; <a href=\"http:\/\/deserhumanoaserhumano.blogspot.com\/\">Luis Fraczinet<\/a>&#8230; <a href=\"http:\/\/deserhumanoaserhumano.blogspot.com\/2008\/12\/de-ser-humano-humano.html\">De ser humano a ser humano<\/a><\/div>\n<div style=\"text-align: justify;\">2&#8230;26&#8230; Sergio Bonono&#8230; Imposible sirena<\/div>\n<div style=\"text-align: justify;\">3&#8230;25&#8230; Anthonhio Valdomez&#8230;Despu\u00e9s del olvido, el silencio sagrado de lo inmortales<\/div>\n<div style=\"text-align: justify;\">4&#8230;24&#8230; Romina Soledad Bada&#8230; Palabras\u2026Asencias<\/div>\n<div style=\"text-align: justify;\">4&#8230;24&#8230; Enrique Miguel Prigue Pirez&#8230; Viaje Nocturno<\/div>\n<div style=\"text-align: justify;\">5&#8230;23&#8230; Sandra Vesunik&#8230; Raices<\/div>\n<div style=\"text-align: justify;\">6&#8230;22&#8230; Martin Antonio Flye Moreno&#8230; El Secuestro<\/div>\n<div style=\"text-align: justify;\"><\/div>\n<div style=\"text-align: justify;\">Honor\u00edfico&#8230;21&#8230; Antonio Reyes Granado&#8230; Mi Canelo<\/div>\n<div style=\"text-align: justify;\">Honor\u00edfico&#8230;21&#8230; Pascal Giron Molino&#8230; De cemento<\/div>\n<div style=\"text-align: justify;\">Honor\u00edfico&#8230;21&#8230; Veronica Sagredo Hevia&#8230; Soliloquio<\/div>\n<div style=\"text-align: justify;\">Honor\u00edfico&#8230;21&#8230; Beth Miller&#8230; Te veo, Me pierdo<\/div>\n<div style=\"text-align: justify;\">Honor\u00edfico&#8230;21&#8230; Mar Moreno&#8230; Dulce de caramelo<\/div>\n<div style=\"text-align: justify;\">Honor\u00edfico&#8230;21&#8230; Daniel Rc&#8230; Parque celestino <\/div>\n<div style=\"text-align: justify;\"><\/div>\n<div style=\"text-align: justify;\">Arte Po\u00e9tica en Facebook: <a href=\"http:\/\/www.facebook.com\/profile.php?id=100000824045056&amp;ref=ts\">http:\/\/www.facebook.com\/profile.php?id=100000824045056&amp;ref=ts<\/a><\/div>\n<div style=\"text-align: justify;\"><\/div>\n<div style=\"text-align: justify;\">Nota en Facebook: <a href=\"http:\/\/www.facebook.com\/note.php?note_id=406306571848&amp;id=100000824045056&amp;ref=mf\">http:\/\/www.facebook.com\/note.php?note_id=406306571848&amp;id=100000824045056&amp;ref=mf<\/a><\/div>\n","protected":false},"excerpt":{"rendered":"<p>Lugares, Puntuaciones Y Reconocimientos Honor\u00edficos Del 1er. Concurso Poes\u00eda Estilo Libre &#8211; Arte Po\u00e8tica En virtud de la transparencia y seriedad del concurso se hacen notar lo siguiente: 1-Debido a la no muy alta concurrencia al evento de las postulaciones, no se podr\u00e1 contar con el m\u00ednimo exigido y acordado con la respectiva editorial para [&hellip;]<\/p>\n","protected":false},"author":1,"featured_media":0,"comment_status":"open","ping_status":"open","sticky":false,"template":"","format":"standard","meta":{"footnotes":""},"categories":[206,116,385,67],"tags":[],"class_list":["post-5353","post","type-post","status-publish","format-standard","hentry","category-concursos","category-luis-fraczinet","category-luis-fraczinet-poesia","category-poesia"],"yoast_head":"<!-- This site is optimized with the Yoast SEO plugin v25.0 - https:\/\/yoast.com\/wordpress\/plugins\/seo\/ -->\n<title>Poeta Luis Fraczinet Gana Primer Lugar Del Concurso De Poes\u00eda De Arte Po\u00e9tica - Nuestro Bio B\u00edo<\/title>\n<meta name=\"robots\" content=\"index, follow, max-snippet:-1, max-image-preview:large, max-video-preview:-1\" \/>\n<link rel=\"canonical\" href=\"https:\/\/www.fraczinet.cl\/sitio\/2010\/05\/07\/poeta-luis-fraczinet-gana-primer-lugar-del-concurso-de-poesia-de-arte-poetica\/\" \/>\n<meta property=\"og:locale\" content=\"es_ES\" \/>\n<meta property=\"og:type\" content=\"article\" \/>\n<meta property=\"og:title\" content=\"Poeta Luis Fraczinet Gana Primer Lugar Del Concurso De Poes\u00eda De Arte Po\u00e9tica - Nuestro Bio B\u00edo\" \/>\n<meta property=\"og:description\" content=\"Lugares, Puntuaciones Y Reconocimientos Honor\u00edficos Del 1er. Concurso Poes\u00eda Estilo Libre &#8211; Arte Po\u00e8tica En virtud de la transparencia y seriedad del concurso se hacen notar lo siguiente: 1-Debido a la no muy alta concurrencia al evento de las postulaciones, no se podr\u00e1 contar con el m\u00ednimo exigido y acordado con la respectiva editorial para [&hellip;]\" \/>\n<meta property=\"og:url\" content=\"https:\/\/www.fraczinet.cl\/sitio\/2010\/05\/07\/poeta-luis-fraczinet-gana-primer-lugar-del-concurso-de-poesia-de-arte-poetica\/\" \/>\n<meta property=\"og:site_name\" content=\"Nuestro Bio B\u00edo\" \/>\n<meta property=\"article:published_time\" content=\"2010-05-07T04:10:00+00:00\" \/>\n<meta property=\"article:modified_time\" content=\"2022-10-30T15:24:19+00:00\" \/>\n<meta property=\"og:image\" content=\"https:\/\/www.fraczinet.cl\/sitio\/wp-content\/uploads\/2021\/07\/bannerlogo-1.gif\" \/>\n\t<meta property=\"og:image:width\" content=\"159\" \/>\n\t<meta property=\"og:image:height\" content=\"79\" \/>\n\t<meta property=\"og:image:type\" content=\"image\/gif\" \/>\n<meta name=\"author\" content=\"admin\" \/>\n<meta name=\"twitter:card\" content=\"summary_large_image\" \/>\n<meta name=\"twitter:creator\" content=\"@nuestrobiobio\" \/>\n<meta name=\"twitter:site\" content=\"@nuestrobiobio\" \/>\n<meta name=\"twitter:label1\" content=\"Escrito por\" \/>\n\t<meta name=\"twitter:data1\" content=\"admin\" \/>\n\t<meta name=\"twitter:label2\" content=\"Tiempo de lectura\" \/>\n\t<meta name=\"twitter:data2\" content=\"2 minutos\" \/>\n<script type=\"application\/ld+json\" class=\"yoast-schema-graph\">{\"@context\":\"https:\/\/schema.org\",\"@graph\":[{\"@type\":\"Article\",\"@id\":\"https:\/\/www.fraczinet.cl\/sitio\/2010\/05\/07\/poeta-luis-fraczinet-gana-primer-lugar-del-concurso-de-poesia-de-arte-poetica\/#article\",\"isPartOf\":{\"@id\":\"https:\/\/www.fraczinet.cl\/sitio\/2010\/05\/07\/poeta-luis-fraczinet-gana-primer-lugar-del-concurso-de-poesia-de-arte-poetica\/\"},\"author\":{\"name\":\"admin\",\"@id\":\"https:\/\/www.fraczinet.cl\/sitio\/#\/schema\/person\/bc30f98e9cb10ae7e119dbe14bc93784\"},\"headline\":\"Poeta Luis Fraczinet Gana Primer Lugar Del Concurso De Poes\u00eda De Arte Po\u00e9tica\",\"datePublished\":\"2010-05-07T04:10:00+00:00\",\"dateModified\":\"2022-10-30T15:24:19+00:00\",\"mainEntityOfPage\":{\"@id\":\"https:\/\/www.fraczinet.cl\/sitio\/2010\/05\/07\/poeta-luis-fraczinet-gana-primer-lugar-del-concurso-de-poesia-de-arte-poetica\/\"},\"wordCount\":465,\"commentCount\":0,\"publisher\":{\"@id\":\"https:\/\/www.fraczinet.cl\/sitio\/#\/schema\/person\/aec8ee4da68df2b9b0eefdad24a0d582\"},\"articleSection\":[\"Concursos\",\"Luis Fraczinet\",\"Luis Fraczinet Poes\u00eda\",\"Poes\u00eda\"],\"inLanguage\":\"es\",\"potentialAction\":[{\"@type\":\"CommentAction\",\"name\":\"Comment\",\"target\":[\"https:\/\/www.fraczinet.cl\/sitio\/2010\/05\/07\/poeta-luis-fraczinet-gana-primer-lugar-del-concurso-de-poesia-de-arte-poetica\/#respond\"]}]},{\"@type\":\"WebPage\",\"@id\":\"https:\/\/www.fraczinet.cl\/sitio\/2010\/05\/07\/poeta-luis-fraczinet-gana-primer-lugar-del-concurso-de-poesia-de-arte-poetica\/\",\"url\":\"https:\/\/www.fraczinet.cl\/sitio\/2010\/05\/07\/poeta-luis-fraczinet-gana-primer-lugar-del-concurso-de-poesia-de-arte-poetica\/\",\"name\":\"Poeta Luis Fraczinet Gana Primer Lugar Del Concurso De Poes\u00eda De Arte Po\u00e9tica - Nuestro Bio B\u00edo\",\"isPartOf\":{\"@id\":\"https:\/\/www.fraczinet.cl\/sitio\/#website\"},\"datePublished\":\"2010-05-07T04:10:00+00:00\",\"dateModified\":\"2022-10-30T15:24:19+00:00\",\"breadcrumb\":{\"@id\":\"https:\/\/www.fraczinet.cl\/sitio\/2010\/05\/07\/poeta-luis-fraczinet-gana-primer-lugar-del-concurso-de-poesia-de-arte-poetica\/#breadcrumb\"},\"inLanguage\":\"es\",\"potentialAction\":[{\"@type\":\"ReadAction\",\"target\":[\"https:\/\/www.fraczinet.cl\/sitio\/2010\/05\/07\/poeta-luis-fraczinet-gana-primer-lugar-del-concurso-de-poesia-de-arte-poetica\/\"]}]},{\"@type\":\"BreadcrumbList\",\"@id\":\"https:\/\/www.fraczinet.cl\/sitio\/2010\/05\/07\/poeta-luis-fraczinet-gana-primer-lugar-del-concurso-de-poesia-de-arte-poetica\/#breadcrumb\",\"itemListElement\":[{\"@type\":\"ListItem\",\"position\":1,\"name\":\"Portada\",\"item\":\"https:\/\/www.fraczinet.cl\/sitio\/\"},{\"@type\":\"ListItem\",\"position\":2,\"name\":\"Poeta Luis Fraczinet Gana Primer Lugar Del Concurso De Poes\u00eda De Arte Po\u00e9tica\"}]},{\"@type\":\"WebSite\",\"@id\":\"https:\/\/www.fraczinet.cl\/sitio\/#website\",\"url\":\"https:\/\/www.fraczinet.cl\/sitio\/\",\"name\":\"Nuestro Bio B\u00edo\",\"description\":\"Tierra de Encuentros\",\"publisher\":{\"@id\":\"https:\/\/www.fraczinet.cl\/sitio\/#\/schema\/person\/aec8ee4da68df2b9b0eefdad24a0d582\"},\"potentialAction\":[{\"@type\":\"SearchAction\",\"target\":{\"@type\":\"EntryPoint\",\"urlTemplate\":\"https:\/\/www.fraczinet.cl\/sitio\/?s={search_term_string}\"},\"query-input\":{\"@type\":\"PropertyValueSpecification\",\"valueRequired\":true,\"valueName\":\"search_term_string\"}}],\"inLanguage\":\"es\"},{\"@type\":[\"Person\",\"Organization\"],\"@id\":\"https:\/\/www.fraczinet.cl\/sitio\/#\/schema\/person\/aec8ee4da68df2b9b0eefdad24a0d582\",\"name\":\"Luis Fernando Fraczinet\",\"image\":{\"@type\":\"ImageObject\",\"inLanguage\":\"es\",\"@id\":\"https:\/\/www.fraczinet.cl\/sitio\/#\/schema\/person\/image\/\",\"url\":\"https:\/\/www.fraczinet.cl\/sitio\/wp-content\/uploads\/2021\/07\/bannerlogo-1.gif\",\"contentUrl\":\"https:\/\/www.fraczinet.cl\/sitio\/wp-content\/uploads\/2021\/07\/bannerlogo-1.gif\",\"width\":159,\"height\":79,\"caption\":\"Luis Fernando Fraczinet\"},\"logo\":{\"@id\":\"https:\/\/www.fraczinet.cl\/sitio\/#\/schema\/person\/image\/\"},\"sameAs\":[\"https:\/\/www.fraczinet.cl\/sitio\/\"]},{\"@type\":\"Person\",\"@id\":\"https:\/\/www.fraczinet.cl\/sitio\/#\/schema\/person\/bc30f98e9cb10ae7e119dbe14bc93784\",\"name\":\"admin\",\"image\":{\"@type\":\"ImageObject\",\"inLanguage\":\"es\",\"@id\":\"https:\/\/www.fraczinet.cl\/sitio\/#\/schema\/person\/image\/\",\"url\":\"https:\/\/secure.gravatar.com\/avatar\/d5ad3cf7ef3b23a2bb5be73be780c86b2fc8545c3ad6b149f3913ff458c00099?s=96&d=mm&r=g\",\"contentUrl\":\"https:\/\/secure.gravatar.com\/avatar\/d5ad3cf7ef3b23a2bb5be73be780c86b2fc8545c3ad6b149f3913ff458c00099?s=96&d=mm&r=g\",\"caption\":\"admin\"},\"sameAs\":[\"https:\/\/www.fraczinet.cl\/sitio\"]}]}<\/script>\n<!-- \/ Yoast SEO plugin. -->","yoast_head_json":{"title":"Poeta Luis Fraczinet Gana Primer Lugar Del Concurso De Poes\u00eda De Arte Po\u00e9tica - Nuestro Bio B\u00edo","robots":{"index":"index","follow":"follow","max-snippet":"max-snippet:-1","max-image-preview":"max-image-preview:large","max-video-preview":"max-video-preview:-1"},"canonical":"https:\/\/www.fraczinet.cl\/sitio\/2010\/05\/07\/poeta-luis-fraczinet-gana-primer-lugar-del-concurso-de-poesia-de-arte-poetica\/","og_locale":"es_ES","og_type":"article","og_title":"Poeta Luis Fraczinet Gana Primer Lugar Del Concurso De Poes\u00eda De Arte Po\u00e9tica - Nuestro Bio B\u00edo","og_description":"Lugares, Puntuaciones Y Reconocimientos Honor\u00edficos Del 1er. Concurso Poes\u00eda Estilo Libre &#8211; Arte Po\u00e8tica En virtud de la transparencia y seriedad del concurso se hacen notar lo siguiente: 1-Debido a la no muy alta concurrencia al evento de las postulaciones, no se podr\u00e1 contar con el m\u00ednimo exigido y acordado con la respectiva editorial para [&hellip;]","og_url":"https:\/\/www.fraczinet.cl\/sitio\/2010\/05\/07\/poeta-luis-fraczinet-gana-primer-lugar-del-concurso-de-poesia-de-arte-poetica\/","og_site_name":"Nuestro Bio B\u00edo","article_published_time":"2010-05-07T04:10:00+00:00","article_modified_time":"2022-10-30T15:24:19+00:00","og_image":[{"width":159,"height":79,"url":"https:\/\/www.fraczinet.cl\/sitio\/wp-content\/uploads\/2021\/07\/bannerlogo-1.gif","type":"image\/gif"}],"author":"admin","twitter_card":"summary_large_image","twitter_creator":"@nuestrobiobio","twitter_site":"@nuestrobiobio","twitter_misc":{"Escrito por":"admin","Tiempo de lectura":"2 minutos"},"schema":{"@context":"https:\/\/schema.org","@graph":[{"@type":"Article","@id":"https:\/\/www.fraczinet.cl\/sitio\/2010\/05\/07\/poeta-luis-fraczinet-gana-primer-lugar-del-concurso-de-poesia-de-arte-poetica\/#article","isPartOf":{"@id":"https:\/\/www.fraczinet.cl\/sitio\/2010\/05\/07\/poeta-luis-fraczinet-gana-primer-lugar-del-concurso-de-poesia-de-arte-poetica\/"},"author":{"name":"admin","@id":"https:\/\/www.fraczinet.cl\/sitio\/#\/schema\/person\/bc30f98e9cb10ae7e119dbe14bc93784"},"headline":"Poeta Luis Fraczinet Gana Primer Lugar Del Concurso De Poes\u00eda De Arte Po\u00e9tica","datePublished":"2010-05-07T04:10:00+00:00","dateModified":"2022-10-30T15:24:19+00:00","mainEntityOfPage":{"@id":"https:\/\/www.fraczinet.cl\/sitio\/2010\/05\/07\/poeta-luis-fraczinet-gana-primer-lugar-del-concurso-de-poesia-de-arte-poetica\/"},"wordCount":465,"commentCount":0,"publisher":{"@id":"https:\/\/www.fraczinet.cl\/sitio\/#\/schema\/person\/aec8ee4da68df2b9b0eefdad24a0d582"},"articleSection":["Concursos","Luis Fraczinet","Luis Fraczinet Poes\u00eda","Poes\u00eda"],"inLanguage":"es","potentialAction":[{"@type":"CommentAction","name":"Comment","target":["https:\/\/www.fraczinet.cl\/sitio\/2010\/05\/07\/poeta-luis-fraczinet-gana-primer-lugar-del-concurso-de-poesia-de-arte-poetica\/#respond"]}]},{"@type":"WebPage","@id":"https:\/\/www.fraczinet.cl\/sitio\/2010\/05\/07\/poeta-luis-fraczinet-gana-primer-lugar-del-concurso-de-poesia-de-arte-poetica\/","url":"https:\/\/www.fraczinet.cl\/sitio\/2010\/05\/07\/poeta-luis-fraczinet-gana-primer-lugar-del-concurso-de-poesia-de-arte-poetica\/","name":"Poeta Luis Fraczinet Gana Primer Lugar Del Concurso De Poes\u00eda De Arte Po\u00e9tica - Nuestro Bio B\u00edo","isPartOf":{"@id":"https:\/\/www.fraczinet.cl\/sitio\/#website"},"datePublished":"2010-05-07T04:10:00+00:00","dateModified":"2022-10-30T15:24:19+00:00","breadcrumb":{"@id":"https:\/\/www.fraczinet.cl\/sitio\/2010\/05\/07\/poeta-luis-fraczinet-gana-primer-lugar-del-concurso-de-poesia-de-arte-poetica\/#breadcrumb"},"inLanguage":"es","potentialAction":[{"@type":"ReadAction","target":["https:\/\/www.fraczinet.cl\/sitio\/2010\/05\/07\/poeta-luis-fraczinet-gana-primer-lugar-del-concurso-de-poesia-de-arte-poetica\/"]}]},{"@type":"BreadcrumbList","@id":"https:\/\/www.fraczinet.cl\/sitio\/2010\/05\/07\/poeta-luis-fraczinet-gana-primer-lugar-del-concurso-de-poesia-de-arte-poetica\/#breadcrumb","itemListElement":[{"@type":"ListItem","position":1,"name":"Portada","item":"https:\/\/www.fraczinet.cl\/sitio\/"},{"@type":"ListItem","position":2,"name":"Poeta Luis Fraczinet Gana Primer Lugar Del Concurso De Poes\u00eda De Arte Po\u00e9tica"}]},{"@type":"WebSite","@id":"https:\/\/www.fraczinet.cl\/sitio\/#website","url":"https:\/\/www.fraczinet.cl\/sitio\/","name":"Nuestro Bio B\u00edo","description":"Tierra de Encuentros","publisher":{"@id":"https:\/\/www.fraczinet.cl\/sitio\/#\/schema\/person\/aec8ee4da68df2b9b0eefdad24a0d582"},"potentialAction":[{"@type":"SearchAction","target":{"@type":"EntryPoint","urlTemplate":"https:\/\/www.fraczinet.cl\/sitio\/?s={search_term_string}"},"query-input":{"@type":"PropertyValueSpecification","valueRequired":true,"valueName":"search_term_string"}}],"inLanguage":"es"},{"@type":["Person","Organization"],"@id":"https:\/\/www.fraczinet.cl\/sitio\/#\/schema\/person\/aec8ee4da68df2b9b0eefdad24a0d582","name":"Luis Fernando Fraczinet","image":{"@type":"ImageObject","inLanguage":"es","@id":"https:\/\/www.fraczinet.cl\/sitio\/#\/schema\/person\/image\/","url":"https:\/\/www.fraczinet.cl\/sitio\/wp-content\/uploads\/2021\/07\/bannerlogo-1.gif","contentUrl":"https:\/\/www.fraczinet.cl\/sitio\/wp-content\/uploads\/2021\/07\/bannerlogo-1.gif","width":159,"height":79,"caption":"Luis Fernando Fraczinet"},"logo":{"@id":"https:\/\/www.fraczinet.cl\/sitio\/#\/schema\/person\/image\/"},"sameAs":["https:\/\/www.fraczinet.cl\/sitio\/"]},{"@type":"Person","@id":"https:\/\/www.fraczinet.cl\/sitio\/#\/schema\/person\/bc30f98e9cb10ae7e119dbe14bc93784","name":"admin","image":{"@type":"ImageObject","inLanguage":"es","@id":"https:\/\/www.fraczinet.cl\/sitio\/#\/schema\/person\/image\/","url":"https:\/\/secure.gravatar.com\/avatar\/d5ad3cf7ef3b23a2bb5be73be780c86b2fc8545c3ad6b149f3913ff458c00099?s=96&d=mm&r=g","contentUrl":"https:\/\/secure.gravatar.com\/avatar\/d5ad3cf7ef3b23a2bb5be73be780c86b2fc8545c3ad6b149f3913ff458c00099?s=96&d=mm&r=g","caption":"admin"},"sameAs":["https:\/\/www.fraczinet.cl\/sitio"]}]}},"_links":{"self":[{"href":"https:\/\/www.fraczinet.cl\/sitio\/wp-json\/wp\/v2\/posts\/5353","targetHints":{"allow":["GET"]}}],"collection":[{"href":"https:\/\/www.fraczinet.cl\/sitio\/wp-json\/wp\/v2\/posts"}],"about":[{"href":"https:\/\/www.fraczinet.cl\/sitio\/wp-json\/wp\/v2\/types\/post"}],"author":[{"embeddable":true,"href":"https:\/\/www.fraczinet.cl\/sitio\/wp-json\/wp\/v2\/users\/1"}],"replies":[{"embeddable":true,"href":"https:\/\/www.fraczinet.cl\/sitio\/wp-json\/wp\/v2\/comments?post=5353"}],"version-history":[{"count":1,"href":"https:\/\/www.fraczinet.cl\/sitio\/wp-json\/wp\/v2\/posts\/5353\/revisions"}],"predecessor-version":[{"id":15041,"href":"https:\/\/www.fraczinet.cl\/sitio\/wp-json\/wp\/v2\/posts\/5353\/revisions\/15041"}],"wp:attachment":[{"href":"https:\/\/www.fraczinet.cl\/sitio\/wp-json\/wp\/v2\/media?parent=5353"}],"wp:term":[{"taxonomy":"category","embeddable":true,"href":"https:\/\/www.fraczinet.cl\/sitio\/wp-json\/wp\/v2\/categories?post=5353"},{"taxonomy":"post_tag","embeddable":true,"href":"https:\/\/www.fraczinet.cl\/sitio\/wp-json\/wp\/v2\/tags?post=5353"}],"curies":[{"name":"wp","href":"https:\/\/api.w.org\/{rel}","templated":true}]}}