{"id":5355,"date":"2010-05-06T23:37:00","date_gmt":"2010-05-06T23:37:00","guid":{"rendered":"https:\/\/www.fraczinet.cl\/sitio\/2010\/05\/06\/clinicamente-probado-del-poeta-alejandro-ananias\/"},"modified":"2010-05-06T23:37:00","modified_gmt":"2010-05-06T23:37:00","slug":"clinicamente-probado-del-poeta-alejandro-ananias","status":"publish","type":"post","link":"https:\/\/www.fraczinet.cl\/sitio\/2010\/05\/06\/clinicamente-probado-del-poeta-alejandro-ananias\/","title":{"rendered":"Cl\u00ednicamente Probado Del Poeta Alejandro Anan\u00edas"},"content":{"rendered":"<div style=\"text-align: justify;\"><a href=\"http:\/\/4.bp.blogspot.com\/_2S_RxGRVjis\/S-NTka1hrUI\/AAAAAAAAOXo\/iA2kgu2uBeg\/s1600\/Clinicamente_Probado158+copia.gif\"><img decoding=\"async\" alt=\"\" border=\"0\" id=\"BLOGGER_PHOTO_ID_5468306257702137154\" src=\"https:\/\/4.bp.blogspot.com\/_2S_RxGRVjis\/S-NTka1hrUI\/AAAAAAAAOXo\/iA2kgu2uBeg\/s200\/Clinicamente_Probado158+copia.gif\" style=\"cursor: hand; cursor: pointer; float: left; height: 200px; margin: 0 10px 10px 0; width: 128px;\" \/><\/a>Bajo el nombre \u201cCl\u00ednicamente Probado\u201d el poeta local Alejandro Anan\u00edas presenta su segundo libro, un texto con historia ya que se basa en las \u201cvivencias en una cl\u00ednica siqui\u00e1trica desde la perspectiva de una situaci\u00f3n cr\u00edtica de salud mental\u201d, cuenta el artista.<\/div>\n<div style=\"text-align: justify;\"><\/div>\n<div style=\"text-align: justify;\">Este libro fue presentado al p\u00fablico en el auditorio del Colegio M\u00e9dico por Alejandra Ziebrecht, a cuyo taller literario pertenece Anan\u00edas. Se trata de una publicaci\u00f3n que en esta oportunidad tiene el respaldo de la editorial santiaguina Mosquito. El primer libro de Anan\u00edas \u201cLinternas del d\u00eda\u201d fue un esfuerzo independiente del autor con distribuci\u00f3n exclusivamente local y \u201cmano a mano\u201d, comenta.<\/div>\n<div style=\"text-align: justify;\"><\/div>\n<div style=\"text-align: justify;\">Al preguntarle c\u00f3mo logra llevar al papel una vivencia tan fuerte como estar en una cl\u00ednica siqui\u00e1trica Alejandro Anan\u00edas contesta que \u201ctrat\u00e9 de escribirlo desde el punto de vista m\u00e1s humano. Me sal\u00ed del paciente y me qued\u00e9 con lo poco que me restaba de humano&#8230;\u201d.<\/div>\n<div style=\"text-align: justify;\"><\/div>\n<div style=\"text-align: justify;\"><a href=\"http:\/\/3.bp.blogspot.com\/_2S_RxGRVjis\/S-NT1XxQB-I\/AAAAAAAAOXw\/XNcLyN7Ab6c\/s1600\/Alejandro_Ananias143.gif\" style=\"clear: right; float: right; margin-bottom: 1em; margin-left: 1em;\"><img decoding=\"async\" alt=\"\" border=\"0\" id=\"BLOGGER_PHOTO_ID_5468306548936673250\" src=\"https:\/\/3.bp.blogspot.com\/_2S_RxGRVjis\/S-NT1XxQB-I\/AAAAAAAAOXw\/XNcLyN7Ab6c\/s200\/Alejandro_Ananias143.gif\" style=\"float: left; height: 200px; margin: 0px 10px 10px 0px; width: 150px;\" \/><\/a>Anan\u00edas es ingeniero civil qu\u00edmico, diplomado en Administraci\u00f3n y Finanzas y congelado de Sociolog\u00eda, todo ello en la Universidad de Concepci\u00f3n.<\/div>\n<div style=\"text-align: justify;\"><\/div>\n<div style=\"text-align: justify;\">Escribe desde hace m\u00e1s de 10 a\u00f1os aunque s\u00f3lo ha publicado en los \u00faltimos dos.<\/div>\n<div style=\"text-align: justify;\"><\/div>\n<div style=\"text-align: justify;\">Siquiatra existencialista<\/div>\n<div style=\"text-align: justify;\"><\/div>\n<div style=\"text-align: justify;\">As\u00ed se llama uno de sus textos: \u201cEstoy angustiado doctor, a que se debe\/ es la angustia existencial estimado paciente\/ y de d\u00f3nde viene doctor\/ del vac\u00edo de la existencia\/ de la falta de valores, de un proyecto personal,\/ y c\u00f3mo encuentro todo eso doctor\/ aaahhh, con una terapia existencialista por supuesto\/ son 45 mil por favor\u201d.<\/div>\n","protected":false},"excerpt":{"rendered":"<p>Bajo el nombre \u201cCl\u00ednicamente Probado\u201d el poeta local Alejandro Anan\u00edas presenta su segundo libro, un texto con historia ya que se basa en las \u201cvivencias en una cl\u00ednica siqui\u00e1trica desde la perspectiva de una situaci\u00f3n cr\u00edtica de salud mental\u201d, cuenta el artista. Este libro fue presentado al p\u00fablico en el auditorio del Colegio M\u00e9dico por [&hellip;]<\/p>\n","protected":false},"author":1,"featured_media":0,"comment_status":"open","ping_status":"open","sticky":false,"template":"","format":"standard","meta":{"footnotes":""},"categories":[236,70,67],"tags":[],"class_list":["post-5355","post","type-post","status-publish","format-standard","hentry","category-alejandro-ananias","category-libros","category-poesia"],"yoast_head":"<!-- This site is optimized with the Yoast SEO plugin v25.0 - https:\/\/yoast.com\/wordpress\/plugins\/seo\/ -->\n<title>Cl\u00ednicamente Probado Del Poeta Alejandro Anan\u00edas - Nuestro Bio B\u00edo<\/title>\n<meta name=\"robots\" content=\"index, follow, max-snippet:-1, max-image-preview:large, max-video-preview:-1\" \/>\n<link rel=\"canonical\" href=\"https:\/\/www.fraczinet.cl\/sitio\/2010\/05\/06\/clinicamente-probado-del-poeta-alejandro-ananias\/\" \/>\n<meta property=\"og:locale\" content=\"es_ES\" \/>\n<meta property=\"og:type\" content=\"article\" \/>\n<meta property=\"og:title\" content=\"Cl\u00ednicamente Probado Del Poeta Alejandro Anan\u00edas - Nuestro Bio B\u00edo\" \/>\n<meta property=\"og:description\" content=\"Bajo el nombre \u201cCl\u00ednicamente Probado\u201d el poeta local Alejandro Anan\u00edas presenta su segundo libro, un texto con historia ya que se basa en las \u201cvivencias en una cl\u00ednica siqui\u00e1trica desde la perspectiva de una situaci\u00f3n cr\u00edtica de salud mental\u201d, cuenta el artista. Este libro fue presentado al p\u00fablico en el auditorio del Colegio M\u00e9dico por [&hellip;]\" \/>\n<meta property=\"og:url\" content=\"https:\/\/www.fraczinet.cl\/sitio\/2010\/05\/06\/clinicamente-probado-del-poeta-alejandro-ananias\/\" \/>\n<meta property=\"og:site_name\" content=\"Nuestro Bio B\u00edo\" \/>\n<meta property=\"article:published_time\" content=\"2010-05-06T23:37:00+00:00\" \/>\n<meta property=\"og:image\" content=\"https:\/\/4.bp.blogspot.com\/_2S_RxGRVjis\/S-NTka1hrUI\/AAAAAAAAOXo\/iA2kgu2uBeg\/s200\/Clinicamente_Probado158+copia.gif\" \/>\n<meta name=\"author\" content=\"admin\" \/>\n<meta name=\"twitter:card\" content=\"summary_large_image\" \/>\n<meta name=\"twitter:creator\" content=\"@nuestrobiobio\" \/>\n<meta name=\"twitter:site\" content=\"@nuestrobiobio\" \/>\n<meta name=\"twitter:label1\" content=\"Escrito por\" \/>\n\t<meta name=\"twitter:data1\" content=\"admin\" \/>\n\t<meta name=\"twitter:label2\" content=\"Tiempo de lectura\" \/>\n\t<meta name=\"twitter:data2\" content=\"1 minuto\" \/>\n<script type=\"application\/ld+json\" class=\"yoast-schema-graph\">{\"@context\":\"https:\/\/schema.org\",\"@graph\":[{\"@type\":\"Article\",\"@id\":\"https:\/\/www.fraczinet.cl\/sitio\/2010\/05\/06\/clinicamente-probado-del-poeta-alejandro-ananias\/#article\",\"isPartOf\":{\"@id\":\"https:\/\/www.fraczinet.cl\/sitio\/2010\/05\/06\/clinicamente-probado-del-poeta-alejandro-ananias\/\"},\"author\":{\"name\":\"admin\",\"@id\":\"https:\/\/www.fraczinet.cl\/sitio\/#\/schema\/person\/bc30f98e9cb10ae7e119dbe14bc93784\"},\"headline\":\"Cl\u00ednicamente Probado Del Poeta Alejandro Anan\u00edas\",\"datePublished\":\"2010-05-06T23:37:00+00:00\",\"mainEntityOfPage\":{\"@id\":\"https:\/\/www.fraczinet.cl\/sitio\/2010\/05\/06\/clinicamente-probado-del-poeta-alejandro-ananias\/\"},\"wordCount\":279,\"commentCount\":0,\"publisher\":{\"@id\":\"https:\/\/www.fraczinet.cl\/sitio\/#\/schema\/person\/aec8ee4da68df2b9b0eefdad24a0d582\"},\"image\":{\"@id\":\"https:\/\/www.fraczinet.cl\/sitio\/2010\/05\/06\/clinicamente-probado-del-poeta-alejandro-ananias\/#primaryimage\"},\"thumbnailUrl\":\"https:\/\/4.bp.blogspot.com\/_2S_RxGRVjis\/S-NTka1hrUI\/AAAAAAAAOXo\/iA2kgu2uBeg\/s200\/Clinicamente_Probado158+copia.gif\",\"articleSection\":[\"Alejandro Anan\u00edas\",\"Libros\",\"Poes\u00eda\"],\"inLanguage\":\"es\",\"potentialAction\":[{\"@type\":\"CommentAction\",\"name\":\"Comment\",\"target\":[\"https:\/\/www.fraczinet.cl\/sitio\/2010\/05\/06\/clinicamente-probado-del-poeta-alejandro-ananias\/#respond\"]}]},{\"@type\":\"WebPage\",\"@id\":\"https:\/\/www.fraczinet.cl\/sitio\/2010\/05\/06\/clinicamente-probado-del-poeta-alejandro-ananias\/\",\"url\":\"https:\/\/www.fraczinet.cl\/sitio\/2010\/05\/06\/clinicamente-probado-del-poeta-alejandro-ananias\/\",\"name\":\"Cl\u00ednicamente Probado Del Poeta Alejandro Anan\u00edas - Nuestro Bio B\u00edo\",\"isPartOf\":{\"@id\":\"https:\/\/www.fraczinet.cl\/sitio\/#website\"},\"primaryImageOfPage\":{\"@id\":\"https:\/\/www.fraczinet.cl\/sitio\/2010\/05\/06\/clinicamente-probado-del-poeta-alejandro-ananias\/#primaryimage\"},\"image\":{\"@id\":\"https:\/\/www.fraczinet.cl\/sitio\/2010\/05\/06\/clinicamente-probado-del-poeta-alejandro-ananias\/#primaryimage\"},\"thumbnailUrl\":\"https:\/\/4.bp.blogspot.com\/_2S_RxGRVjis\/S-NTka1hrUI\/AAAAAAAAOXo\/iA2kgu2uBeg\/s200\/Clinicamente_Probado158+copia.gif\",\"datePublished\":\"2010-05-06T23:37:00+00:00\",\"breadcrumb\":{\"@id\":\"https:\/\/www.fraczinet.cl\/sitio\/2010\/05\/06\/clinicamente-probado-del-poeta-alejandro-ananias\/#breadcrumb\"},\"inLanguage\":\"es\",\"potentialAction\":[{\"@type\":\"ReadAction\",\"target\":[\"https:\/\/www.fraczinet.cl\/sitio\/2010\/05\/06\/clinicamente-probado-del-poeta-alejandro-ananias\/\"]}]},{\"@type\":\"ImageObject\",\"inLanguage\":\"es\",\"@id\":\"https:\/\/www.fraczinet.cl\/sitio\/2010\/05\/06\/clinicamente-probado-del-poeta-alejandro-ananias\/#primaryimage\",\"url\":\"https:\/\/4.bp.blogspot.com\/_2S_RxGRVjis\/S-NTka1hrUI\/AAAAAAAAOXo\/iA2kgu2uBeg\/s200\/Clinicamente_Probado158+copia.gif\",\"contentUrl\":\"https:\/\/4.bp.blogspot.com\/_2S_RxGRVjis\/S-NTka1hrUI\/AAAAAAAAOXo\/iA2kgu2uBeg\/s200\/Clinicamente_Probado158+copia.gif\"},{\"@type\":\"BreadcrumbList\",\"@id\":\"https:\/\/www.fraczinet.cl\/sitio\/2010\/05\/06\/clinicamente-probado-del-poeta-alejandro-ananias\/#breadcrumb\",\"itemListElement\":[{\"@type\":\"ListItem\",\"position\":1,\"name\":\"Portada\",\"item\":\"https:\/\/www.fraczinet.cl\/sitio\/\"},{\"@type\":\"ListItem\",\"position\":2,\"name\":\"Cl\u00ednicamente Probado Del Poeta Alejandro Anan\u00edas\"}]},{\"@type\":\"WebSite\",\"@id\":\"https:\/\/www.fraczinet.cl\/sitio\/#website\",\"url\":\"https:\/\/www.fraczinet.cl\/sitio\/\",\"name\":\"Nuestro Bio B\u00edo\",\"description\":\"Tierra de Encuentros\",\"publisher\":{\"@id\":\"https:\/\/www.fraczinet.cl\/sitio\/#\/schema\/person\/aec8ee4da68df2b9b0eefdad24a0d582\"},\"potentialAction\":[{\"@type\":\"SearchAction\",\"target\":{\"@type\":\"EntryPoint\",\"urlTemplate\":\"https:\/\/www.fraczinet.cl\/sitio\/?s={search_term_string}\"},\"query-input\":{\"@type\":\"PropertyValueSpecification\",\"valueRequired\":true,\"valueName\":\"search_term_string\"}}],\"inLanguage\":\"es\"},{\"@type\":[\"Person\",\"Organization\"],\"@id\":\"https:\/\/www.fraczinet.cl\/sitio\/#\/schema\/person\/aec8ee4da68df2b9b0eefdad24a0d582\",\"name\":\"Luis Fernando Fraczinet\",\"image\":{\"@type\":\"ImageObject\",\"inLanguage\":\"es\",\"@id\":\"https:\/\/www.fraczinet.cl\/sitio\/#\/schema\/person\/image\/\",\"url\":\"https:\/\/www.fraczinet.cl\/sitio\/wp-content\/uploads\/2021\/07\/bannerlogo-1.gif\",\"contentUrl\":\"https:\/\/www.fraczinet.cl\/sitio\/wp-content\/uploads\/2021\/07\/bannerlogo-1.gif\",\"width\":159,\"height\":79,\"caption\":\"Luis Fernando Fraczinet\"},\"logo\":{\"@id\":\"https:\/\/www.fraczinet.cl\/sitio\/#\/schema\/person\/image\/\"},\"sameAs\":[\"https:\/\/www.fraczinet.cl\/sitio\/\"]},{\"@type\":\"Person\",\"@id\":\"https:\/\/www.fraczinet.cl\/sitio\/#\/schema\/person\/bc30f98e9cb10ae7e119dbe14bc93784\",\"name\":\"admin\",\"image\":{\"@type\":\"ImageObject\",\"inLanguage\":\"es\",\"@id\":\"https:\/\/www.fraczinet.cl\/sitio\/#\/schema\/person\/image\/\",\"url\":\"https:\/\/secure.gravatar.com\/avatar\/d5ad3cf7ef3b23a2bb5be73be780c86b2fc8545c3ad6b149f3913ff458c00099?s=96&d=mm&r=g\",\"contentUrl\":\"https:\/\/secure.gravatar.com\/avatar\/d5ad3cf7ef3b23a2bb5be73be780c86b2fc8545c3ad6b149f3913ff458c00099?s=96&d=mm&r=g\",\"caption\":\"admin\"},\"sameAs\":[\"https:\/\/www.fraczinet.cl\/sitio\"]}]}<\/script>\n<!-- \/ Yoast SEO plugin. -->","yoast_head_json":{"title":"Cl\u00ednicamente Probado Del Poeta Alejandro Anan\u00edas - Nuestro Bio B\u00edo","robots":{"index":"index","follow":"follow","max-snippet":"max-snippet:-1","max-image-preview":"max-image-preview:large","max-video-preview":"max-video-preview:-1"},"canonical":"https:\/\/www.fraczinet.cl\/sitio\/2010\/05\/06\/clinicamente-probado-del-poeta-alejandro-ananias\/","og_locale":"es_ES","og_type":"article","og_title":"Cl\u00ednicamente Probado Del Poeta Alejandro Anan\u00edas - Nuestro Bio B\u00edo","og_description":"Bajo el nombre \u201cCl\u00ednicamente Probado\u201d el poeta local Alejandro Anan\u00edas presenta su segundo libro, un texto con historia ya que se basa en las \u201cvivencias en una cl\u00ednica siqui\u00e1trica desde la perspectiva de una situaci\u00f3n cr\u00edtica de salud mental\u201d, cuenta el artista. Este libro fue presentado al p\u00fablico en el auditorio del Colegio M\u00e9dico por [&hellip;]","og_url":"https:\/\/www.fraczinet.cl\/sitio\/2010\/05\/06\/clinicamente-probado-del-poeta-alejandro-ananias\/","og_site_name":"Nuestro Bio B\u00edo","article_published_time":"2010-05-06T23:37:00+00:00","og_image":[{"url":"https:\/\/4.bp.blogspot.com\/_2S_RxGRVjis\/S-NTka1hrUI\/AAAAAAAAOXo\/iA2kgu2uBeg\/s200\/Clinicamente_Probado158+copia.gif","type":"","width":"","height":""}],"author":"admin","twitter_card":"summary_large_image","twitter_creator":"@nuestrobiobio","twitter_site":"@nuestrobiobio","twitter_misc":{"Escrito por":"admin","Tiempo de lectura":"1 minuto"},"schema":{"@context":"https:\/\/schema.org","@graph":[{"@type":"Article","@id":"https:\/\/www.fraczinet.cl\/sitio\/2010\/05\/06\/clinicamente-probado-del-poeta-alejandro-ananias\/#article","isPartOf":{"@id":"https:\/\/www.fraczinet.cl\/sitio\/2010\/05\/06\/clinicamente-probado-del-poeta-alejandro-ananias\/"},"author":{"name":"admin","@id":"https:\/\/www.fraczinet.cl\/sitio\/#\/schema\/person\/bc30f98e9cb10ae7e119dbe14bc93784"},"headline":"Cl\u00ednicamente Probado Del Poeta Alejandro Anan\u00edas","datePublished":"2010-05-06T23:37:00+00:00","mainEntityOfPage":{"@id":"https:\/\/www.fraczinet.cl\/sitio\/2010\/05\/06\/clinicamente-probado-del-poeta-alejandro-ananias\/"},"wordCount":279,"commentCount":0,"publisher":{"@id":"https:\/\/www.fraczinet.cl\/sitio\/#\/schema\/person\/aec8ee4da68df2b9b0eefdad24a0d582"},"image":{"@id":"https:\/\/www.fraczinet.cl\/sitio\/2010\/05\/06\/clinicamente-probado-del-poeta-alejandro-ananias\/#primaryimage"},"thumbnailUrl":"https:\/\/4.bp.blogspot.com\/_2S_RxGRVjis\/S-NTka1hrUI\/AAAAAAAAOXo\/iA2kgu2uBeg\/s200\/Clinicamente_Probado158+copia.gif","articleSection":["Alejandro Anan\u00edas","Libros","Poes\u00eda"],"inLanguage":"es","potentialAction":[{"@type":"CommentAction","name":"Comment","target":["https:\/\/www.fraczinet.cl\/sitio\/2010\/05\/06\/clinicamente-probado-del-poeta-alejandro-ananias\/#respond"]}]},{"@type":"WebPage","@id":"https:\/\/www.fraczinet.cl\/sitio\/2010\/05\/06\/clinicamente-probado-del-poeta-alejandro-ananias\/","url":"https:\/\/www.fraczinet.cl\/sitio\/2010\/05\/06\/clinicamente-probado-del-poeta-alejandro-ananias\/","name":"Cl\u00ednicamente Probado Del Poeta Alejandro Anan\u00edas - Nuestro Bio B\u00edo","isPartOf":{"@id":"https:\/\/www.fraczinet.cl\/sitio\/#website"},"primaryImageOfPage":{"@id":"https:\/\/www.fraczinet.cl\/sitio\/2010\/05\/06\/clinicamente-probado-del-poeta-alejandro-ananias\/#primaryimage"},"image":{"@id":"https:\/\/www.fraczinet.cl\/sitio\/2010\/05\/06\/clinicamente-probado-del-poeta-alejandro-ananias\/#primaryimage"},"thumbnailUrl":"https:\/\/4.bp.blogspot.com\/_2S_RxGRVjis\/S-NTka1hrUI\/AAAAAAAAOXo\/iA2kgu2uBeg\/s200\/Clinicamente_Probado158+copia.gif","datePublished":"2010-05-06T23:37:00+00:00","breadcrumb":{"@id":"https:\/\/www.fraczinet.cl\/sitio\/2010\/05\/06\/clinicamente-probado-del-poeta-alejandro-ananias\/#breadcrumb"},"inLanguage":"es","potentialAction":[{"@type":"ReadAction","target":["https:\/\/www.fraczinet.cl\/sitio\/2010\/05\/06\/clinicamente-probado-del-poeta-alejandro-ananias\/"]}]},{"@type":"ImageObject","inLanguage":"es","@id":"https:\/\/www.fraczinet.cl\/sitio\/2010\/05\/06\/clinicamente-probado-del-poeta-alejandro-ananias\/#primaryimage","url":"https:\/\/4.bp.blogspot.com\/_2S_RxGRVjis\/S-NTka1hrUI\/AAAAAAAAOXo\/iA2kgu2uBeg\/s200\/Clinicamente_Probado158+copia.gif","contentUrl":"https:\/\/4.bp.blogspot.com\/_2S_RxGRVjis\/S-NTka1hrUI\/AAAAAAAAOXo\/iA2kgu2uBeg\/s200\/Clinicamente_Probado158+copia.gif"},{"@type":"BreadcrumbList","@id":"https:\/\/www.fraczinet.cl\/sitio\/2010\/05\/06\/clinicamente-probado-del-poeta-alejandro-ananias\/#breadcrumb","itemListElement":[{"@type":"ListItem","position":1,"name":"Portada","item":"https:\/\/www.fraczinet.cl\/sitio\/"},{"@type":"ListItem","position":2,"name":"Cl\u00ednicamente Probado Del Poeta Alejandro Anan\u00edas"}]},{"@type":"WebSite","@id":"https:\/\/www.fraczinet.cl\/sitio\/#website","url":"https:\/\/www.fraczinet.cl\/sitio\/","name":"Nuestro Bio B\u00edo","description":"Tierra de Encuentros","publisher":{"@id":"https:\/\/www.fraczinet.cl\/sitio\/#\/schema\/person\/aec8ee4da68df2b9b0eefdad24a0d582"},"potentialAction":[{"@type":"SearchAction","target":{"@type":"EntryPoint","urlTemplate":"https:\/\/www.fraczinet.cl\/sitio\/?s={search_term_string}"},"query-input":{"@type":"PropertyValueSpecification","valueRequired":true,"valueName":"search_term_string"}}],"inLanguage":"es"},{"@type":["Person","Organization"],"@id":"https:\/\/www.fraczinet.cl\/sitio\/#\/schema\/person\/aec8ee4da68df2b9b0eefdad24a0d582","name":"Luis Fernando Fraczinet","image":{"@type":"ImageObject","inLanguage":"es","@id":"https:\/\/www.fraczinet.cl\/sitio\/#\/schema\/person\/image\/","url":"https:\/\/www.fraczinet.cl\/sitio\/wp-content\/uploads\/2021\/07\/bannerlogo-1.gif","contentUrl":"https:\/\/www.fraczinet.cl\/sitio\/wp-content\/uploads\/2021\/07\/bannerlogo-1.gif","width":159,"height":79,"caption":"Luis Fernando Fraczinet"},"logo":{"@id":"https:\/\/www.fraczinet.cl\/sitio\/#\/schema\/person\/image\/"},"sameAs":["https:\/\/www.fraczinet.cl\/sitio\/"]},{"@type":"Person","@id":"https:\/\/www.fraczinet.cl\/sitio\/#\/schema\/person\/bc30f98e9cb10ae7e119dbe14bc93784","name":"admin","image":{"@type":"ImageObject","inLanguage":"es","@id":"https:\/\/www.fraczinet.cl\/sitio\/#\/schema\/person\/image\/","url":"https:\/\/secure.gravatar.com\/avatar\/d5ad3cf7ef3b23a2bb5be73be780c86b2fc8545c3ad6b149f3913ff458c00099?s=96&d=mm&r=g","contentUrl":"https:\/\/secure.gravatar.com\/avatar\/d5ad3cf7ef3b23a2bb5be73be780c86b2fc8545c3ad6b149f3913ff458c00099?s=96&d=mm&r=g","caption":"admin"},"sameAs":["https:\/\/www.fraczinet.cl\/sitio"]}]}},"_links":{"self":[{"href":"https:\/\/www.fraczinet.cl\/sitio\/wp-json\/wp\/v2\/posts\/5355","targetHints":{"allow":["GET"]}}],"collection":[{"href":"https:\/\/www.fraczinet.cl\/sitio\/wp-json\/wp\/v2\/posts"}],"about":[{"href":"https:\/\/www.fraczinet.cl\/sitio\/wp-json\/wp\/v2\/types\/post"}],"author":[{"embeddable":true,"href":"https:\/\/www.fraczinet.cl\/sitio\/wp-json\/wp\/v2\/users\/1"}],"replies":[{"embeddable":true,"href":"https:\/\/www.fraczinet.cl\/sitio\/wp-json\/wp\/v2\/comments?post=5355"}],"version-history":[{"count":0,"href":"https:\/\/www.fraczinet.cl\/sitio\/wp-json\/wp\/v2\/posts\/5355\/revisions"}],"wp:attachment":[{"href":"https:\/\/www.fraczinet.cl\/sitio\/wp-json\/wp\/v2\/media?parent=5355"}],"wp:term":[{"taxonomy":"category","embeddable":true,"href":"https:\/\/www.fraczinet.cl\/sitio\/wp-json\/wp\/v2\/categories?post=5355"},{"taxonomy":"post_tag","embeddable":true,"href":"https:\/\/www.fraczinet.cl\/sitio\/wp-json\/wp\/v2\/tags?post=5355"}],"curies":[{"name":"wp","href":"https:\/\/api.w.org\/{rel}","templated":true}]}}