{"id":5360,"date":"2010-05-04T02:50:00","date_gmt":"2010-05-04T02:50:00","guid":{"rendered":"https:\/\/www.fraczinet.cl\/sitio\/2010\/05\/04\/taller-de-globoflexia-en-el-centro-cultural-africamerica\/"},"modified":"2022-10-05T21:35:56","modified_gmt":"2022-10-05T21:35:56","slug":"taller-de-globoflexia-en-el-centro-cultural-africamerica","status":"publish","type":"post","link":"https:\/\/www.fraczinet.cl\/sitio\/2010\/05\/04\/taller-de-globoflexia-en-el-centro-cultural-africamerica\/","title":{"rendered":"Taller De Globoflexia En El Centro Cultural AfricAm\u00e9ricA"},"content":{"rendered":"<div style=\"text-align: justify;\"><a href=\"http:\/\/2.bp.blogspot.com\/_2S_RxGRVjis\/S9-MFBoQAHI\/AAAAAAAAOXI\/ld5ddknRCvI\/s1600\/taller+de+globoflexia.jpg\"><img decoding=\"async\" alt=\"\" border=\"0\" id=\"BLOGGER_PHOTO_ID_5467242490615562354\" src=\"https:\/\/2.bp.blogspot.com\/_2S_RxGRVjis\/S9-MFBoQAHI\/AAAAAAAAOXI\/ld5ddknRCvI\/s200\/taller+de+globoflexia.jpg\" style=\"cursor: hand; cursor: pointer; float: left; height: 200px; margin: 0 10px 10px 0; width: 155px;\" \/><\/a>Los invitamos a participar en el taller de Globoflexia, guiado por \u00abEl Nito\u00bb, donde aprender\u00e1s t\u00e9cnicas b\u00e1sicas de la globologia.<\/div>\n<div style=\"text-align: justify;\"><\/div>\n<div style=\"text-align: justify;\">Inflado &#8211; Figuras Nivel B\u00e1sico &#8211; Decoraci\u00f3n Y Globologia Teatral.<\/div>\n<div style=\"text-align: justify;\"><\/div>\n<div style=\"text-align: justify;\">Todos S\u00e1bados de 13:00 a 15:00 hrs.<\/div>\n<div style=\"text-align: justify;\"><\/div>\n<div style=\"text-align: justify;\">Por un mes Valor $10.000.<\/div>\n<div style=\"text-align: justify;\">15 Alumnos por Curso.<\/div>\n<div style=\"text-align: justify;\">Incluye materiales.<\/div>\n<div style=\"text-align: justify;\"><\/div>\n<div style=\"text-align: justify;\">Contacto:87899422 o 3193030<\/div>\n<div style=\"text-align: justify;\">correo: imaginacirco@gmail.com<\/div>\n<div style=\"text-align: justify;\">Envia tus datos, cupos limitados.<\/div>\n<div style=\"text-align: justify;\"><\/div>\n<div style=\"text-align: justify;\">Hora de inicio: El S\u00e1bado, 08 de mayo de 2010 a las 13:00<\/div>\n<div style=\"text-align: justify;\">Hora de finalizaci\u00f3n: El S\u00e1bado, 05 de junio de 2010 a las 15:00<\/div>\n<div style=\"text-align: justify;\">Lugar:  <a href=\"http:\/\/africayamerica.blogspot.com\/\">Centro Cultural AfricAm\u00e9ricA<\/a><\/div>\n<div style=\"text-align: justify;\">Calle:  Anibal Pinto 1640, entre Argentina y Brasil<\/div>\n<div style=\"text-align: justify;\">Ciudad\/Pueblo: Concepci\u00f3n.<\/div>\n<div style=\"text-align: justify;\"><\/div>\n<div style=\"text-align: justify;\">Evento en Facebook: <a href=\"http:\/\/www.facebook.com\/event.php?eid=118971631456162\">http:\/\/www.facebook.com\/event.php?eid=118971631456162<\/a><\/div>\n","protected":false},"excerpt":{"rendered":"<p>Los invitamos a participar en el taller de Globoflexia, guiado por \u00abEl Nito\u00bb, donde aprender\u00e1s t\u00e9cnicas b\u00e1sicas de la globologia. Inflado &#8211; Figuras Nivel B\u00e1sico &#8211; Decoraci\u00f3n Y Globologia Teatral. Todos S\u00e1bados de 13:00 a 15:00 hrs. Por un mes Valor $10.000. 15 Alumnos por Curso. Incluye materiales. Contacto:87899422 o 3193030 correo: imaginacirco@gmail.com Envia tus [&hellip;]<\/p>\n","protected":false},"author":1,"featured_media":0,"comment_status":"open","ping_status":"open","sticky":false,"template":"","format":"standard","meta":{"footnotes":""},"categories":[44],"tags":[],"class_list":["post-5360","post","type-post","status-publish","format-standard","hentry","category-eventos"],"yoast_head":"<!-- This site is optimized with the Yoast SEO plugin v25.0 - https:\/\/yoast.com\/wordpress\/plugins\/seo\/ -->\n<title>Taller De Globoflexia En El Centro Cultural AfricAm\u00e9ricA - Nuestro Bio B\u00edo<\/title>\n<meta name=\"robots\" content=\"index, follow, max-snippet:-1, max-image-preview:large, max-video-preview:-1\" \/>\n<link rel=\"canonical\" href=\"https:\/\/www.fraczinet.cl\/sitio\/2010\/05\/04\/taller-de-globoflexia-en-el-centro-cultural-africamerica\/\" \/>\n<meta property=\"og:locale\" content=\"es_ES\" \/>\n<meta property=\"og:type\" content=\"article\" \/>\n<meta property=\"og:title\" content=\"Taller De Globoflexia En El Centro Cultural AfricAm\u00e9ricA - Nuestro Bio B\u00edo\" \/>\n<meta property=\"og:description\" content=\"Los invitamos a participar en el taller de Globoflexia, guiado por \u00abEl Nito\u00bb, donde aprender\u00e1s t\u00e9cnicas b\u00e1sicas de la globologia. Inflado &#8211; Figuras Nivel B\u00e1sico &#8211; Decoraci\u00f3n Y Globologia Teatral. Todos S\u00e1bados de 13:00 a 15:00 hrs. Por un mes Valor $10.000. 15 Alumnos por Curso. Incluye materiales. Contacto:87899422 o 3193030 correo: imaginacirco@gmail.com Envia tus [&hellip;]\" \/>\n<meta property=\"og:url\" content=\"https:\/\/www.fraczinet.cl\/sitio\/2010\/05\/04\/taller-de-globoflexia-en-el-centro-cultural-africamerica\/\" \/>\n<meta property=\"og:site_name\" content=\"Nuestro Bio B\u00edo\" \/>\n<meta property=\"article:published_time\" content=\"2010-05-04T02:50:00+00:00\" \/>\n<meta property=\"article:modified_time\" content=\"2022-10-05T21:35:56+00:00\" \/>\n<meta property=\"og:image\" content=\"https:\/\/2.bp.blogspot.com\/_2S_RxGRVjis\/S9-MFBoQAHI\/AAAAAAAAOXI\/ld5ddknRCvI\/s200\/taller+de+globoflexia.jpg\" \/>\n<meta name=\"author\" content=\"admin\" \/>\n<meta name=\"twitter:card\" content=\"summary_large_image\" \/>\n<meta name=\"twitter:creator\" content=\"@nuestrobiobio\" \/>\n<meta name=\"twitter:site\" content=\"@nuestrobiobio\" \/>\n<meta name=\"twitter:label1\" content=\"Escrito por\" \/>\n\t<meta name=\"twitter:data1\" content=\"admin\" \/>\n\t<meta name=\"twitter:label2\" content=\"Tiempo de lectura\" \/>\n\t<meta name=\"twitter:data2\" content=\"1 minuto\" \/>\n<script type=\"application\/ld+json\" class=\"yoast-schema-graph\">{\"@context\":\"https:\/\/schema.org\",\"@graph\":[{\"@type\":\"Article\",\"@id\":\"https:\/\/www.fraczinet.cl\/sitio\/2010\/05\/04\/taller-de-globoflexia-en-el-centro-cultural-africamerica\/#article\",\"isPartOf\":{\"@id\":\"https:\/\/www.fraczinet.cl\/sitio\/2010\/05\/04\/taller-de-globoflexia-en-el-centro-cultural-africamerica\/\"},\"author\":{\"name\":\"admin\",\"@id\":\"https:\/\/www.fraczinet.cl\/sitio\/#\/schema\/person\/bc30f98e9cb10ae7e119dbe14bc93784\"},\"headline\":\"Taller De Globoflexia En El Centro Cultural AfricAm\u00e9ricA\",\"datePublished\":\"2010-05-04T02:50:00+00:00\",\"dateModified\":\"2022-10-05T21:35:56+00:00\",\"mainEntityOfPage\":{\"@id\":\"https:\/\/www.fraczinet.cl\/sitio\/2010\/05\/04\/taller-de-globoflexia-en-el-centro-cultural-africamerica\/\"},\"wordCount\":119,\"commentCount\":0,\"publisher\":{\"@id\":\"https:\/\/www.fraczinet.cl\/sitio\/#\/schema\/person\/aec8ee4da68df2b9b0eefdad24a0d582\"},\"image\":{\"@id\":\"https:\/\/www.fraczinet.cl\/sitio\/2010\/05\/04\/taller-de-globoflexia-en-el-centro-cultural-africamerica\/#primaryimage\"},\"thumbnailUrl\":\"https:\/\/2.bp.blogspot.com\/_2S_RxGRVjis\/S9-MFBoQAHI\/AAAAAAAAOXI\/ld5ddknRCvI\/s200\/taller+de+globoflexia.jpg\",\"articleSection\":[\"Eventos\"],\"inLanguage\":\"es\",\"potentialAction\":[{\"@type\":\"CommentAction\",\"name\":\"Comment\",\"target\":[\"https:\/\/www.fraczinet.cl\/sitio\/2010\/05\/04\/taller-de-globoflexia-en-el-centro-cultural-africamerica\/#respond\"]}]},{\"@type\":\"WebPage\",\"@id\":\"https:\/\/www.fraczinet.cl\/sitio\/2010\/05\/04\/taller-de-globoflexia-en-el-centro-cultural-africamerica\/\",\"url\":\"https:\/\/www.fraczinet.cl\/sitio\/2010\/05\/04\/taller-de-globoflexia-en-el-centro-cultural-africamerica\/\",\"name\":\"Taller De Globoflexia En El Centro Cultural AfricAm\u00e9ricA - Nuestro Bio B\u00edo\",\"isPartOf\":{\"@id\":\"https:\/\/www.fraczinet.cl\/sitio\/#website\"},\"primaryImageOfPage\":{\"@id\":\"https:\/\/www.fraczinet.cl\/sitio\/2010\/05\/04\/taller-de-globoflexia-en-el-centro-cultural-africamerica\/#primaryimage\"},\"image\":{\"@id\":\"https:\/\/www.fraczinet.cl\/sitio\/2010\/05\/04\/taller-de-globoflexia-en-el-centro-cultural-africamerica\/#primaryimage\"},\"thumbnailUrl\":\"https:\/\/2.bp.blogspot.com\/_2S_RxGRVjis\/S9-MFBoQAHI\/AAAAAAAAOXI\/ld5ddknRCvI\/s200\/taller+de+globoflexia.jpg\",\"datePublished\":\"2010-05-04T02:50:00+00:00\",\"dateModified\":\"2022-10-05T21:35:56+00:00\",\"breadcrumb\":{\"@id\":\"https:\/\/www.fraczinet.cl\/sitio\/2010\/05\/04\/taller-de-globoflexia-en-el-centro-cultural-africamerica\/#breadcrumb\"},\"inLanguage\":\"es\",\"potentialAction\":[{\"@type\":\"ReadAction\",\"target\":[\"https:\/\/www.fraczinet.cl\/sitio\/2010\/05\/04\/taller-de-globoflexia-en-el-centro-cultural-africamerica\/\"]}]},{\"@type\":\"ImageObject\",\"inLanguage\":\"es\",\"@id\":\"https:\/\/www.fraczinet.cl\/sitio\/2010\/05\/04\/taller-de-globoflexia-en-el-centro-cultural-africamerica\/#primaryimage\",\"url\":\"https:\/\/2.bp.blogspot.com\/_2S_RxGRVjis\/S9-MFBoQAHI\/AAAAAAAAOXI\/ld5ddknRCvI\/s200\/taller+de+globoflexia.jpg\",\"contentUrl\":\"https:\/\/2.bp.blogspot.com\/_2S_RxGRVjis\/S9-MFBoQAHI\/AAAAAAAAOXI\/ld5ddknRCvI\/s200\/taller+de+globoflexia.jpg\"},{\"@type\":\"BreadcrumbList\",\"@id\":\"https:\/\/www.fraczinet.cl\/sitio\/2010\/05\/04\/taller-de-globoflexia-en-el-centro-cultural-africamerica\/#breadcrumb\",\"itemListElement\":[{\"@type\":\"ListItem\",\"position\":1,\"name\":\"Portada\",\"item\":\"https:\/\/www.fraczinet.cl\/sitio\/\"},{\"@type\":\"ListItem\",\"position\":2,\"name\":\"Taller De Globoflexia En El Centro Cultural AfricAm\u00e9ricA\"}]},{\"@type\":\"WebSite\",\"@id\":\"https:\/\/www.fraczinet.cl\/sitio\/#website\",\"url\":\"https:\/\/www.fraczinet.cl\/sitio\/\",\"name\":\"Nuestro Bio B\u00edo\",\"description\":\"Tierra de Encuentros\",\"publisher\":{\"@id\":\"https:\/\/www.fraczinet.cl\/sitio\/#\/schema\/person\/aec8ee4da68df2b9b0eefdad24a0d582\"},\"potentialAction\":[{\"@type\":\"SearchAction\",\"target\":{\"@type\":\"EntryPoint\",\"urlTemplate\":\"https:\/\/www.fraczinet.cl\/sitio\/?s={search_term_string}\"},\"query-input\":{\"@type\":\"PropertyValueSpecification\",\"valueRequired\":true,\"valueName\":\"search_term_string\"}}],\"inLanguage\":\"es\"},{\"@type\":[\"Person\",\"Organization\"],\"@id\":\"https:\/\/www.fraczinet.cl\/sitio\/#\/schema\/person\/aec8ee4da68df2b9b0eefdad24a0d582\",\"name\":\"Luis Fernando Fraczinet\",\"image\":{\"@type\":\"ImageObject\",\"inLanguage\":\"es\",\"@id\":\"https:\/\/www.fraczinet.cl\/sitio\/#\/schema\/person\/image\/\",\"url\":\"https:\/\/www.fraczinet.cl\/sitio\/wp-content\/uploads\/2021\/07\/bannerlogo-1.gif\",\"contentUrl\":\"https:\/\/www.fraczinet.cl\/sitio\/wp-content\/uploads\/2021\/07\/bannerlogo-1.gif\",\"width\":159,\"height\":79,\"caption\":\"Luis Fernando Fraczinet\"},\"logo\":{\"@id\":\"https:\/\/www.fraczinet.cl\/sitio\/#\/schema\/person\/image\/\"},\"sameAs\":[\"https:\/\/www.fraczinet.cl\/sitio\/\"]},{\"@type\":\"Person\",\"@id\":\"https:\/\/www.fraczinet.cl\/sitio\/#\/schema\/person\/bc30f98e9cb10ae7e119dbe14bc93784\",\"name\":\"admin\",\"image\":{\"@type\":\"ImageObject\",\"inLanguage\":\"es\",\"@id\":\"https:\/\/www.fraczinet.cl\/sitio\/#\/schema\/person\/image\/\",\"url\":\"https:\/\/secure.gravatar.com\/avatar\/d5ad3cf7ef3b23a2bb5be73be780c86b2fc8545c3ad6b149f3913ff458c00099?s=96&d=mm&r=g\",\"contentUrl\":\"https:\/\/secure.gravatar.com\/avatar\/d5ad3cf7ef3b23a2bb5be73be780c86b2fc8545c3ad6b149f3913ff458c00099?s=96&d=mm&r=g\",\"caption\":\"admin\"},\"sameAs\":[\"https:\/\/www.fraczinet.cl\/sitio\"]}]}<\/script>\n<!-- \/ Yoast SEO plugin. -->","yoast_head_json":{"title":"Taller De Globoflexia En El Centro Cultural AfricAm\u00e9ricA - Nuestro Bio B\u00edo","robots":{"index":"index","follow":"follow","max-snippet":"max-snippet:-1","max-image-preview":"max-image-preview:large","max-video-preview":"max-video-preview:-1"},"canonical":"https:\/\/www.fraczinet.cl\/sitio\/2010\/05\/04\/taller-de-globoflexia-en-el-centro-cultural-africamerica\/","og_locale":"es_ES","og_type":"article","og_title":"Taller De Globoflexia En El Centro Cultural AfricAm\u00e9ricA - Nuestro Bio B\u00edo","og_description":"Los invitamos a participar en el taller de Globoflexia, guiado por \u00abEl Nito\u00bb, donde aprender\u00e1s t\u00e9cnicas b\u00e1sicas de la globologia. Inflado &#8211; Figuras Nivel B\u00e1sico &#8211; Decoraci\u00f3n Y Globologia Teatral. Todos S\u00e1bados de 13:00 a 15:00 hrs. Por un mes Valor $10.000. 15 Alumnos por Curso. Incluye materiales. Contacto:87899422 o 3193030 correo: imaginacirco@gmail.com Envia tus [&hellip;]","og_url":"https:\/\/www.fraczinet.cl\/sitio\/2010\/05\/04\/taller-de-globoflexia-en-el-centro-cultural-africamerica\/","og_site_name":"Nuestro Bio B\u00edo","article_published_time":"2010-05-04T02:50:00+00:00","article_modified_time":"2022-10-05T21:35:56+00:00","og_image":[{"url":"https:\/\/2.bp.blogspot.com\/_2S_RxGRVjis\/S9-MFBoQAHI\/AAAAAAAAOXI\/ld5ddknRCvI\/s200\/taller+de+globoflexia.jpg","type":"","width":"","height":""}],"author":"admin","twitter_card":"summary_large_image","twitter_creator":"@nuestrobiobio","twitter_site":"@nuestrobiobio","twitter_misc":{"Escrito por":"admin","Tiempo de lectura":"1 minuto"},"schema":{"@context":"https:\/\/schema.org","@graph":[{"@type":"Article","@id":"https:\/\/www.fraczinet.cl\/sitio\/2010\/05\/04\/taller-de-globoflexia-en-el-centro-cultural-africamerica\/#article","isPartOf":{"@id":"https:\/\/www.fraczinet.cl\/sitio\/2010\/05\/04\/taller-de-globoflexia-en-el-centro-cultural-africamerica\/"},"author":{"name":"admin","@id":"https:\/\/www.fraczinet.cl\/sitio\/#\/schema\/person\/bc30f98e9cb10ae7e119dbe14bc93784"},"headline":"Taller De Globoflexia En El Centro Cultural AfricAm\u00e9ricA","datePublished":"2010-05-04T02:50:00+00:00","dateModified":"2022-10-05T21:35:56+00:00","mainEntityOfPage":{"@id":"https:\/\/www.fraczinet.cl\/sitio\/2010\/05\/04\/taller-de-globoflexia-en-el-centro-cultural-africamerica\/"},"wordCount":119,"commentCount":0,"publisher":{"@id":"https:\/\/www.fraczinet.cl\/sitio\/#\/schema\/person\/aec8ee4da68df2b9b0eefdad24a0d582"},"image":{"@id":"https:\/\/www.fraczinet.cl\/sitio\/2010\/05\/04\/taller-de-globoflexia-en-el-centro-cultural-africamerica\/#primaryimage"},"thumbnailUrl":"https:\/\/2.bp.blogspot.com\/_2S_RxGRVjis\/S9-MFBoQAHI\/AAAAAAAAOXI\/ld5ddknRCvI\/s200\/taller+de+globoflexia.jpg","articleSection":["Eventos"],"inLanguage":"es","potentialAction":[{"@type":"CommentAction","name":"Comment","target":["https:\/\/www.fraczinet.cl\/sitio\/2010\/05\/04\/taller-de-globoflexia-en-el-centro-cultural-africamerica\/#respond"]}]},{"@type":"WebPage","@id":"https:\/\/www.fraczinet.cl\/sitio\/2010\/05\/04\/taller-de-globoflexia-en-el-centro-cultural-africamerica\/","url":"https:\/\/www.fraczinet.cl\/sitio\/2010\/05\/04\/taller-de-globoflexia-en-el-centro-cultural-africamerica\/","name":"Taller De Globoflexia En El Centro Cultural AfricAm\u00e9ricA - Nuestro Bio B\u00edo","isPartOf":{"@id":"https:\/\/www.fraczinet.cl\/sitio\/#website"},"primaryImageOfPage":{"@id":"https:\/\/www.fraczinet.cl\/sitio\/2010\/05\/04\/taller-de-globoflexia-en-el-centro-cultural-africamerica\/#primaryimage"},"image":{"@id":"https:\/\/www.fraczinet.cl\/sitio\/2010\/05\/04\/taller-de-globoflexia-en-el-centro-cultural-africamerica\/#primaryimage"},"thumbnailUrl":"https:\/\/2.bp.blogspot.com\/_2S_RxGRVjis\/S9-MFBoQAHI\/AAAAAAAAOXI\/ld5ddknRCvI\/s200\/taller+de+globoflexia.jpg","datePublished":"2010-05-04T02:50:00+00:00","dateModified":"2022-10-05T21:35:56+00:00","breadcrumb":{"@id":"https:\/\/www.fraczinet.cl\/sitio\/2010\/05\/04\/taller-de-globoflexia-en-el-centro-cultural-africamerica\/#breadcrumb"},"inLanguage":"es","potentialAction":[{"@type":"ReadAction","target":["https:\/\/www.fraczinet.cl\/sitio\/2010\/05\/04\/taller-de-globoflexia-en-el-centro-cultural-africamerica\/"]}]},{"@type":"ImageObject","inLanguage":"es","@id":"https:\/\/www.fraczinet.cl\/sitio\/2010\/05\/04\/taller-de-globoflexia-en-el-centro-cultural-africamerica\/#primaryimage","url":"https:\/\/2.bp.blogspot.com\/_2S_RxGRVjis\/S9-MFBoQAHI\/AAAAAAAAOXI\/ld5ddknRCvI\/s200\/taller+de+globoflexia.jpg","contentUrl":"https:\/\/2.bp.blogspot.com\/_2S_RxGRVjis\/S9-MFBoQAHI\/AAAAAAAAOXI\/ld5ddknRCvI\/s200\/taller+de+globoflexia.jpg"},{"@type":"BreadcrumbList","@id":"https:\/\/www.fraczinet.cl\/sitio\/2010\/05\/04\/taller-de-globoflexia-en-el-centro-cultural-africamerica\/#breadcrumb","itemListElement":[{"@type":"ListItem","position":1,"name":"Portada","item":"https:\/\/www.fraczinet.cl\/sitio\/"},{"@type":"ListItem","position":2,"name":"Taller De Globoflexia En El Centro Cultural AfricAm\u00e9ricA"}]},{"@type":"WebSite","@id":"https:\/\/www.fraczinet.cl\/sitio\/#website","url":"https:\/\/www.fraczinet.cl\/sitio\/","name":"Nuestro Bio B\u00edo","description":"Tierra de Encuentros","publisher":{"@id":"https:\/\/www.fraczinet.cl\/sitio\/#\/schema\/person\/aec8ee4da68df2b9b0eefdad24a0d582"},"potentialAction":[{"@type":"SearchAction","target":{"@type":"EntryPoint","urlTemplate":"https:\/\/www.fraczinet.cl\/sitio\/?s={search_term_string}"},"query-input":{"@type":"PropertyValueSpecification","valueRequired":true,"valueName":"search_term_string"}}],"inLanguage":"es"},{"@type":["Person","Organization"],"@id":"https:\/\/www.fraczinet.cl\/sitio\/#\/schema\/person\/aec8ee4da68df2b9b0eefdad24a0d582","name":"Luis Fernando Fraczinet","image":{"@type":"ImageObject","inLanguage":"es","@id":"https:\/\/www.fraczinet.cl\/sitio\/#\/schema\/person\/image\/","url":"https:\/\/www.fraczinet.cl\/sitio\/wp-content\/uploads\/2021\/07\/bannerlogo-1.gif","contentUrl":"https:\/\/www.fraczinet.cl\/sitio\/wp-content\/uploads\/2021\/07\/bannerlogo-1.gif","width":159,"height":79,"caption":"Luis Fernando Fraczinet"},"logo":{"@id":"https:\/\/www.fraczinet.cl\/sitio\/#\/schema\/person\/image\/"},"sameAs":["https:\/\/www.fraczinet.cl\/sitio\/"]},{"@type":"Person","@id":"https:\/\/www.fraczinet.cl\/sitio\/#\/schema\/person\/bc30f98e9cb10ae7e119dbe14bc93784","name":"admin","image":{"@type":"ImageObject","inLanguage":"es","@id":"https:\/\/www.fraczinet.cl\/sitio\/#\/schema\/person\/image\/","url":"https:\/\/secure.gravatar.com\/avatar\/d5ad3cf7ef3b23a2bb5be73be780c86b2fc8545c3ad6b149f3913ff458c00099?s=96&d=mm&r=g","contentUrl":"https:\/\/secure.gravatar.com\/avatar\/d5ad3cf7ef3b23a2bb5be73be780c86b2fc8545c3ad6b149f3913ff458c00099?s=96&d=mm&r=g","caption":"admin"},"sameAs":["https:\/\/www.fraczinet.cl\/sitio"]}]}},"_links":{"self":[{"href":"https:\/\/www.fraczinet.cl\/sitio\/wp-json\/wp\/v2\/posts\/5360","targetHints":{"allow":["GET"]}}],"collection":[{"href":"https:\/\/www.fraczinet.cl\/sitio\/wp-json\/wp\/v2\/posts"}],"about":[{"href":"https:\/\/www.fraczinet.cl\/sitio\/wp-json\/wp\/v2\/types\/post"}],"author":[{"embeddable":true,"href":"https:\/\/www.fraczinet.cl\/sitio\/wp-json\/wp\/v2\/users\/1"}],"replies":[{"embeddable":true,"href":"https:\/\/www.fraczinet.cl\/sitio\/wp-json\/wp\/v2\/comments?post=5360"}],"version-history":[{"count":1,"href":"https:\/\/www.fraczinet.cl\/sitio\/wp-json\/wp\/v2\/posts\/5360\/revisions"}],"predecessor-version":[{"id":14114,"href":"https:\/\/www.fraczinet.cl\/sitio\/wp-json\/wp\/v2\/posts\/5360\/revisions\/14114"}],"wp:attachment":[{"href":"https:\/\/www.fraczinet.cl\/sitio\/wp-json\/wp\/v2\/media?parent=5360"}],"wp:term":[{"taxonomy":"category","embeddable":true,"href":"https:\/\/www.fraczinet.cl\/sitio\/wp-json\/wp\/v2\/categories?post=5360"},{"taxonomy":"post_tag","embeddable":true,"href":"https:\/\/www.fraczinet.cl\/sitio\/wp-json\/wp\/v2\/tags?post=5360"}],"curies":[{"name":"wp","href":"https:\/\/api.w.org\/{rel}","templated":true}]}}