{"id":5363,"date":"2010-05-04T00:06:00","date_gmt":"2010-05-04T00:06:00","guid":{"rendered":"https:\/\/www.fraczinet.cl\/sitio\/2010\/05\/04\/contulmo-celebro-fiesta-alemana-con-la-gente-de-tubul\/"},"modified":"2022-10-04T02:01:54","modified_gmt":"2022-10-04T02:01:54","slug":"contulmo-celebro-fiesta-alemana-con-la-gente-de-tubul","status":"publish","type":"post","link":"https:\/\/www.fraczinet.cl\/sitio\/contulmo-celebro-fiesta-alemana-con-la-gente-de-tubul\/","title":{"rendered":"Contulmo Celebra Fiesta Alemana Con La Gente De Tubul"},"content":{"rendered":"<div style=\"text-align: justify;\"><a href=\"http:\/\/4.bp.blogspot.com\/_2S_RxGRVjis\/S99tf47PayI\/AAAAAAAAOWw\/K1KAVE29hrw\/s1600\/4.JPG\" style=\"clear: left; float: left; margin-bottom: 1em; margin-right: 1em;\"><img decoding=\"async\" alt=\"\" border=\"0\" id=\"BLOGGER_PHOTO_ID_5467208867275303714\" src=\"https:\/\/4.bp.blogspot.com\/_2S_RxGRVjis\/S99tf47PayI\/AAAAAAAAOWw\/K1KAVE29hrw\/s400\/4.JPG\" style=\"height: 300px; width: 400px;\" \/><\/a>Con choripanes, bebidas y m\u00fasica de la orquesta de Valdivia, la Municipalidad de Contulmo celebr\u00f3 ayer la colonizaci\u00f3n alemana en Tubul. <\/div>\n<div style=\"text-align: justify;\"><\/div>\n<div style=\"text-align: justify;\">Mauricio Alarc\u00f3n Alcalde de Arauco, agradeci\u00f3 el gesto y valor\u00f3 la presencia del Alcalde de Contulmo, Eduardo Aguayo Thiele, quien junto a su gente trajo alegr\u00eda a los damnificados.<\/div>\n<div style=\"text-align: justify;\"><\/div>\n<div style=\"text-align: justify;\">La tradicional fiesta se realiza desde hace una d\u00e9cada en la comuna vecina como s\u00edmbolo y reconocimiento al proceso de colonizaci\u00f3n germana realizada en el siglo XIX.<\/div>\n<p><a href=\"http:\/\/2.bp.blogspot.com\/_2S_RxGRVjis\/S99tZfWHO6I\/AAAAAAAAOWo\/Rm9TfLgvJYk\/s1600\/3.JPG\"><img decoding=\"async\" alt=\"\" border=\"0\" id=\"BLOGGER_PHOTO_ID_5467208757329476514\" src=\"https:\/\/2.bp.blogspot.com\/_2S_RxGRVjis\/S99tZfWHO6I\/AAAAAAAAOWo\/Rm9TfLgvJYk\/s400\/3.JPG\" style=\"cursor: hand; cursor: pointer; height: 300px; width: 400px;\" \/><\/a><br \/><a href=\"http:\/\/3.bp.blogspot.com\/_2S_RxGRVjis\/S99tSf1skhI\/AAAAAAAAOWg\/N0bIYk8jmGc\/s1600\/2.JPG\"><img decoding=\"async\" alt=\"\" border=\"0\" id=\"BLOGGER_PHOTO_ID_5467208637202862610\" src=\"https:\/\/3.bp.blogspot.com\/_2S_RxGRVjis\/S99tSf1skhI\/AAAAAAAAOWg\/N0bIYk8jmGc\/s400\/2.JPG\" style=\"cursor: hand; cursor: pointer; height: 300px; width: 400px;\" \/><\/a><br \/><a href=\"http:\/\/1.bp.blogspot.com\/_2S_RxGRVjis\/S99tKLHTJAI\/AAAAAAAAOWY\/lbV5fvDxtsY\/s1600\/1.JPG\"><img decoding=\"async\" alt=\"\" border=\"0\" id=\"BLOGGER_PHOTO_ID_5467208494200595458\" src=\"https:\/\/1.bp.blogspot.com\/_2S_RxGRVjis\/S99tKLHTJAI\/AAAAAAAAOWY\/lbV5fvDxtsY\/s400\/1.JPG\" style=\"cursor: hand; cursor: pointer; height: 300px; width: 400px;\" \/><\/a><\/p>\n","protected":false},"excerpt":{"rendered":"<p>Con choripanes, bebidas y m\u00fasica de la orquesta de Valdivia, la Municipalidad de Contulmo celebr\u00f3 ayer la colonizaci\u00f3n alemana en Tubul. Mauricio Alarc\u00f3n Alcalde de Arauco, agradeci\u00f3 el gesto y valor\u00f3 la presencia del Alcalde de Contulmo, Eduardo Aguayo Thiele, quien junto a su gente trajo alegr\u00eda a los damnificados. La tradicional fiesta se realiza [&hellip;]<\/p>\n","protected":false},"author":1,"featured_media":0,"comment_status":"open","ping_status":"closed","sticky":false,"template":"","format":"standard","meta":{"footnotes":""},"categories":[46,7],"tags":[],"class_list":["post-5363","post","type-post","status-publish","format-standard","hentry","category-contulmo","category-fiestas-y-tradiciones"],"yoast_head":"<!-- This site is optimized with the Yoast SEO plugin v28.2 - https:\/\/yoast.com\/product\/yoast-seo-wordpress\/ -->\n<title>Contulmo Celebra Fiesta Alemana Con La Gente De Tubul - Nuestro Bio B\u00edo<\/title>\n<meta name=\"robots\" content=\"index, follow, max-snippet:-1, max-image-preview:large, max-video-preview:-1\" \/>\n<link rel=\"canonical\" href=\"https:\/\/www.fraczinet.cl\/sitio\/contulmo-celebro-fiesta-alemana-con-la-gente-de-tubul\/\" \/>\n<meta property=\"og:locale\" content=\"es_ES\" \/>\n<meta property=\"og:type\" content=\"article\" \/>\n<meta property=\"og:title\" content=\"Contulmo Celebra Fiesta Alemana Con La Gente De Tubul - Nuestro Bio B\u00edo\" \/>\n<meta property=\"og:description\" content=\"Con choripanes, bebidas y m\u00fasica de la orquesta de Valdivia, la Municipalidad de Contulmo celebr\u00f3 ayer la colonizaci\u00f3n alemana en Tubul. Mauricio Alarc\u00f3n Alcalde de Arauco, agradeci\u00f3 el gesto y valor\u00f3 la presencia del Alcalde de Contulmo, Eduardo Aguayo Thiele, quien junto a su gente trajo alegr\u00eda a los damnificados. La tradicional fiesta se realiza [&hellip;]\" \/>\n<meta property=\"og:url\" content=\"https:\/\/www.fraczinet.cl\/sitio\/contulmo-celebro-fiesta-alemana-con-la-gente-de-tubul\/\" \/>\n<meta property=\"og:site_name\" content=\"Nuestro Bio B\u00edo\" \/>\n<meta property=\"article:publisher\" content=\"https:\/\/www.facebook.com\/groups\/15721414452\/\" \/>\n<meta property=\"article:published_time\" content=\"2010-05-04T00:06:00+00:00\" \/>\n<meta property=\"article:modified_time\" content=\"2022-10-04T02:01:54+00:00\" \/>\n<meta property=\"og:image\" content=\"https:\/\/4.bp.blogspot.com\/_2S_RxGRVjis\/S99tf47PayI\/AAAAAAAAOWw\/K1KAVE29hrw\/s400\/4.JPG\" \/>\n<meta name=\"twitter:card\" content=\"summary_large_image\" \/>\n<meta name=\"twitter:creator\" content=\"@nuestrobiobio\" \/>\n<meta name=\"twitter:site\" content=\"@nuestrobiobio\" \/>\n<meta name=\"twitter:label1\" content=\"Escrito por\" \/>\n\t<meta name=\"twitter:data1\" content=\"\" \/>\n<script type=\"application\/ld+json\" class=\"yoast-schema-graph\">{\"@context\":\"https:\\\/\\\/schema.org\",\"@graph\":[{\"@type\":\"Article\",\"@id\":\"https:\\\/\\\/www.fraczinet.cl\\\/sitio\\\/contulmo-celebro-fiesta-alemana-con-la-gente-de-tubul\\\/#article\",\"isPartOf\":{\"@id\":\"https:\\\/\\\/www.fraczinet.cl\\\/sitio\\\/contulmo-celebro-fiesta-alemana-con-la-gente-de-tubul\\\/\"},\"author\":{\"name\":\"\",\"@id\":\"\"},\"headline\":\"Contulmo Celebra Fiesta Alemana Con La Gente De Tubul\",\"datePublished\":\"2010-05-04T00:06:00+00:00\",\"dateModified\":\"2022-10-04T02:01:54+00:00\",\"mainEntityOfPage\":{\"@id\":\"https:\\\/\\\/www.fraczinet.cl\\\/sitio\\\/contulmo-celebro-fiesta-alemana-con-la-gente-de-tubul\\\/\"},\"wordCount\":93,\"commentCount\":0,\"image\":{\"@id\":\"https:\\\/\\\/www.fraczinet.cl\\\/sitio\\\/contulmo-celebro-fiesta-alemana-con-la-gente-de-tubul\\\/#primaryimage\"},\"thumbnailUrl\":\"https:\\\/\\\/4.bp.blogspot.com\\\/_2S_RxGRVjis\\\/S99tf47PayI\\\/AAAAAAAAOWw\\\/K1KAVE29hrw\\\/s400\\\/4.JPG\",\"articleSection\":[\"Contulmo\",\"Fiestas y Tradiciones\"],\"inLanguage\":\"es\",\"potentialAction\":[{\"@type\":\"CommentAction\",\"name\":\"Comment\",\"target\":[\"https:\\\/\\\/www.fraczinet.cl\\\/sitio\\\/contulmo-celebro-fiesta-alemana-con-la-gente-de-tubul\\\/#respond\"]}]},{\"@type\":\"WebPage\",\"@id\":\"https:\\\/\\\/www.fraczinet.cl\\\/sitio\\\/contulmo-celebro-fiesta-alemana-con-la-gente-de-tubul\\\/\",\"url\":\"https:\\\/\\\/www.fraczinet.cl\\\/sitio\\\/contulmo-celebro-fiesta-alemana-con-la-gente-de-tubul\\\/\",\"name\":\"Contulmo Celebra Fiesta Alemana Con La Gente De Tubul - Nuestro Bio B\u00edo\",\"isPartOf\":{\"@id\":\"https:\\\/\\\/www.fraczinet.cl\\\/sitio\\\/#website\"},\"primaryImageOfPage\":{\"@id\":\"https:\\\/\\\/www.fraczinet.cl\\\/sitio\\\/contulmo-celebro-fiesta-alemana-con-la-gente-de-tubul\\\/#primaryimage\"},\"image\":{\"@id\":\"https:\\\/\\\/www.fraczinet.cl\\\/sitio\\\/contulmo-celebro-fiesta-alemana-con-la-gente-de-tubul\\\/#primaryimage\"},\"thumbnailUrl\":\"https:\\\/\\\/4.bp.blogspot.com\\\/_2S_RxGRVjis\\\/S99tf47PayI\\\/AAAAAAAAOWw\\\/K1KAVE29hrw\\\/s400\\\/4.JPG\",\"datePublished\":\"2010-05-04T00:06:00+00:00\",\"dateModified\":\"2022-10-04T02:01:54+00:00\",\"author\":{\"@id\":\"\"},\"breadcrumb\":{\"@id\":\"https:\\\/\\\/www.fraczinet.cl\\\/sitio\\\/contulmo-celebro-fiesta-alemana-con-la-gente-de-tubul\\\/#breadcrumb\"},\"inLanguage\":\"es\",\"potentialAction\":[{\"@type\":\"ReadAction\",\"target\":[\"https:\\\/\\\/www.fraczinet.cl\\\/sitio\\\/contulmo-celebro-fiesta-alemana-con-la-gente-de-tubul\\\/\"]}]},{\"@type\":\"ImageObject\",\"inLanguage\":\"es\",\"@id\":\"https:\\\/\\\/www.fraczinet.cl\\\/sitio\\\/contulmo-celebro-fiesta-alemana-con-la-gente-de-tubul\\\/#primaryimage\",\"url\":\"https:\\\/\\\/4.bp.blogspot.com\\\/_2S_RxGRVjis\\\/S99tf47PayI\\\/AAAAAAAAOWw\\\/K1KAVE29hrw\\\/s400\\\/4.JPG\",\"contentUrl\":\"https:\\\/\\\/4.bp.blogspot.com\\\/_2S_RxGRVjis\\\/S99tf47PayI\\\/AAAAAAAAOWw\\\/K1KAVE29hrw\\\/s400\\\/4.JPG\"},{\"@type\":\"BreadcrumbList\",\"@id\":\"https:\\\/\\\/www.fraczinet.cl\\\/sitio\\\/contulmo-celebro-fiesta-alemana-con-la-gente-de-tubul\\\/#breadcrumb\",\"itemListElement\":[{\"@type\":\"ListItem\",\"position\":1,\"name\":\"Portada\",\"item\":\"https:\\\/\\\/www.fraczinet.cl\\\/sitio\\\/\"},{\"@type\":\"ListItem\",\"position\":2,\"name\":\"Contulmo Celebra Fiesta Alemana Con La Gente De Tubul\"}]},{\"@type\":\"WebSite\",\"@id\":\"https:\\\/\\\/www.fraczinet.cl\\\/sitio\\\/#website\",\"url\":\"https:\\\/\\\/www.fraczinet.cl\\\/sitio\\\/\",\"name\":\"Nuestro Bio B\u00edo\",\"description\":\"Tierra de Encuentros\",\"potentialAction\":[{\"@type\":\"SearchAction\",\"target\":{\"@type\":\"EntryPoint\",\"urlTemplate\":\"https:\\\/\\\/www.fraczinet.cl\\\/sitio\\\/?s={search_term_string}\"},\"query-input\":{\"@type\":\"PropertyValueSpecification\",\"valueRequired\":true,\"valueName\":\"search_term_string\"}}],\"inLanguage\":\"es\"},{\"@type\":\"Person\",\"@id\":\"\"}]}<\/script>\n<!-- \/ Yoast SEO plugin. -->","yoast_head_json":{"title":"Contulmo Celebra Fiesta Alemana Con La Gente De Tubul - Nuestro Bio B\u00edo","robots":{"index":"index","follow":"follow","max-snippet":"max-snippet:-1","max-image-preview":"max-image-preview:large","max-video-preview":"max-video-preview:-1"},"canonical":"https:\/\/www.fraczinet.cl\/sitio\/contulmo-celebro-fiesta-alemana-con-la-gente-de-tubul\/","og_locale":"es_ES","og_type":"article","og_title":"Contulmo Celebra Fiesta Alemana Con La Gente De Tubul - Nuestro Bio B\u00edo","og_description":"Con choripanes, bebidas y m\u00fasica de la orquesta de Valdivia, la Municipalidad de Contulmo celebr\u00f3 ayer la colonizaci\u00f3n alemana en Tubul. Mauricio Alarc\u00f3n Alcalde de Arauco, agradeci\u00f3 el gesto y valor\u00f3 la presencia del Alcalde de Contulmo, Eduardo Aguayo Thiele, quien junto a su gente trajo alegr\u00eda a los damnificados. La tradicional fiesta se realiza [&hellip;]","og_url":"https:\/\/www.fraczinet.cl\/sitio\/contulmo-celebro-fiesta-alemana-con-la-gente-de-tubul\/","og_site_name":"Nuestro Bio B\u00edo","article_publisher":"https:\/\/www.facebook.com\/groups\/15721414452\/","article_published_time":"2010-05-04T00:06:00+00:00","article_modified_time":"2022-10-04T02:01:54+00:00","og_image":[{"url":"https:\/\/4.bp.blogspot.com\/_2S_RxGRVjis\/S99tf47PayI\/AAAAAAAAOWw\/K1KAVE29hrw\/s400\/4.JPG","type":"","width":"","height":""}],"twitter_card":"summary_large_image","twitter_creator":"@nuestrobiobio","twitter_site":"@nuestrobiobio","twitter_misc":{"Escrito por":""},"schema":{"@context":"https:\/\/schema.org","@graph":[{"@type":"Article","@id":"https:\/\/www.fraczinet.cl\/sitio\/contulmo-celebro-fiesta-alemana-con-la-gente-de-tubul\/#article","isPartOf":{"@id":"https:\/\/www.fraczinet.cl\/sitio\/contulmo-celebro-fiesta-alemana-con-la-gente-de-tubul\/"},"author":{"name":"","@id":""},"headline":"Contulmo Celebra Fiesta Alemana Con La Gente De Tubul","datePublished":"2010-05-04T00:06:00+00:00","dateModified":"2022-10-04T02:01:54+00:00","mainEntityOfPage":{"@id":"https:\/\/www.fraczinet.cl\/sitio\/contulmo-celebro-fiesta-alemana-con-la-gente-de-tubul\/"},"wordCount":93,"commentCount":0,"image":{"@id":"https:\/\/www.fraczinet.cl\/sitio\/contulmo-celebro-fiesta-alemana-con-la-gente-de-tubul\/#primaryimage"},"thumbnailUrl":"https:\/\/4.bp.blogspot.com\/_2S_RxGRVjis\/S99tf47PayI\/AAAAAAAAOWw\/K1KAVE29hrw\/s400\/4.JPG","articleSection":["Contulmo","Fiestas y Tradiciones"],"inLanguage":"es","potentialAction":[{"@type":"CommentAction","name":"Comment","target":["https:\/\/www.fraczinet.cl\/sitio\/contulmo-celebro-fiesta-alemana-con-la-gente-de-tubul\/#respond"]}]},{"@type":"WebPage","@id":"https:\/\/www.fraczinet.cl\/sitio\/contulmo-celebro-fiesta-alemana-con-la-gente-de-tubul\/","url":"https:\/\/www.fraczinet.cl\/sitio\/contulmo-celebro-fiesta-alemana-con-la-gente-de-tubul\/","name":"Contulmo Celebra Fiesta Alemana Con La Gente De Tubul - Nuestro Bio B\u00edo","isPartOf":{"@id":"https:\/\/www.fraczinet.cl\/sitio\/#website"},"primaryImageOfPage":{"@id":"https:\/\/www.fraczinet.cl\/sitio\/contulmo-celebro-fiesta-alemana-con-la-gente-de-tubul\/#primaryimage"},"image":{"@id":"https:\/\/www.fraczinet.cl\/sitio\/contulmo-celebro-fiesta-alemana-con-la-gente-de-tubul\/#primaryimage"},"thumbnailUrl":"https:\/\/4.bp.blogspot.com\/_2S_RxGRVjis\/S99tf47PayI\/AAAAAAAAOWw\/K1KAVE29hrw\/s400\/4.JPG","datePublished":"2010-05-04T00:06:00+00:00","dateModified":"2022-10-04T02:01:54+00:00","author":{"@id":""},"breadcrumb":{"@id":"https:\/\/www.fraczinet.cl\/sitio\/contulmo-celebro-fiesta-alemana-con-la-gente-de-tubul\/#breadcrumb"},"inLanguage":"es","potentialAction":[{"@type":"ReadAction","target":["https:\/\/www.fraczinet.cl\/sitio\/contulmo-celebro-fiesta-alemana-con-la-gente-de-tubul\/"]}]},{"@type":"ImageObject","inLanguage":"es","@id":"https:\/\/www.fraczinet.cl\/sitio\/contulmo-celebro-fiesta-alemana-con-la-gente-de-tubul\/#primaryimage","url":"https:\/\/4.bp.blogspot.com\/_2S_RxGRVjis\/S99tf47PayI\/AAAAAAAAOWw\/K1KAVE29hrw\/s400\/4.JPG","contentUrl":"https:\/\/4.bp.blogspot.com\/_2S_RxGRVjis\/S99tf47PayI\/AAAAAAAAOWw\/K1KAVE29hrw\/s400\/4.JPG"},{"@type":"BreadcrumbList","@id":"https:\/\/www.fraczinet.cl\/sitio\/contulmo-celebro-fiesta-alemana-con-la-gente-de-tubul\/#breadcrumb","itemListElement":[{"@type":"ListItem","position":1,"name":"Portada","item":"https:\/\/www.fraczinet.cl\/sitio\/"},{"@type":"ListItem","position":2,"name":"Contulmo Celebra Fiesta Alemana Con La Gente De Tubul"}]},{"@type":"WebSite","@id":"https:\/\/www.fraczinet.cl\/sitio\/#website","url":"https:\/\/www.fraczinet.cl\/sitio\/","name":"Nuestro Bio B\u00edo","description":"Tierra de Encuentros","potentialAction":[{"@type":"SearchAction","target":{"@type":"EntryPoint","urlTemplate":"https:\/\/www.fraczinet.cl\/sitio\/?s={search_term_string}"},"query-input":{"@type":"PropertyValueSpecification","valueRequired":true,"valueName":"search_term_string"}}],"inLanguage":"es"},{"@type":"Person","@id":""}]}},"_links":{"self":[{"href":"https:\/\/www.fraczinet.cl\/sitio\/wp-json\/wp\/v2\/posts\/5363","targetHints":{"allow":["GET"]}}],"collection":[{"href":"https:\/\/www.fraczinet.cl\/sitio\/wp-json\/wp\/v2\/posts"}],"about":[{"href":"https:\/\/www.fraczinet.cl\/sitio\/wp-json\/wp\/v2\/types\/post"}],"author":[{"embeddable":true,"href":"https:\/\/www.fraczinet.cl\/sitio\/wp-json\/wp\/v2\/users\/1"}],"replies":[{"embeddable":true,"href":"https:\/\/www.fraczinet.cl\/sitio\/wp-json\/wp\/v2\/comments?post=5363"}],"version-history":[{"count":1,"href":"https:\/\/www.fraczinet.cl\/sitio\/wp-json\/wp\/v2\/posts\/5363\/revisions"}],"predecessor-version":[{"id":13779,"href":"https:\/\/www.fraczinet.cl\/sitio\/wp-json\/wp\/v2\/posts\/5363\/revisions\/13779"}],"wp:attachment":[{"href":"https:\/\/www.fraczinet.cl\/sitio\/wp-json\/wp\/v2\/media?parent=5363"}],"wp:term":[{"taxonomy":"category","embeddable":true,"href":"https:\/\/www.fraczinet.cl\/sitio\/wp-json\/wp\/v2\/categories?post=5363"},{"taxonomy":"post_tag","embeddable":true,"href":"https:\/\/www.fraczinet.cl\/sitio\/wp-json\/wp\/v2\/tags?post=5363"}],"curies":[{"name":"wp","href":"https:\/\/api.w.org\/{rel}","templated":true}]}}