{"id":5365,"date":"2010-05-03T23:17:00","date_gmt":"2010-05-03T23:17:00","guid":{"rendered":"https:\/\/www.fraczinet.cl\/sitio\/2010\/05\/03\/ninos-y-ninas-de-coliumo-son-apadrinados-por-trabajadores-de-codelco-norte\/"},"modified":"2022-10-06T23:11:38","modified_gmt":"2022-10-06T23:11:38","slug":"ninos-y-ninas-de-coliumo-son-apadrinados-por-trabajadores-de-codelco-norte","status":"publish","type":"post","link":"https:\/\/www.fraczinet.cl\/sitio\/2010\/05\/03\/ninos-y-ninas-de-coliumo-son-apadrinados-por-trabajadores-de-codelco-norte\/","title":{"rendered":"Ni\u00f1os Y Ni\u00f1as De Coliumo Son Apadrinados Por Trabajadores De CODELCO Norte"},"content":{"rendered":"<div style=\"text-align: justify;\"><a href=\"http:\/\/2.bp.blogspot.com\/_2S_RxGRVjis\/S99aqCJkRhI\/AAAAAAAAOWI\/6BddqYNhm-E\/s1600\/Varios+169.jpg\" style=\"clear: left; float: left; margin-bottom: 1em; margin-right: 1em;\"><img decoding=\"async\" alt=\"\" border=\"0\" id=\"BLOGGER_PHOTO_ID_5467188150829073938\" src=\"https:\/\/2.bp.blogspot.com\/_2S_RxGRVjis\/S99aqCJkRhI\/AAAAAAAAOWI\/6BddqYNhm-E\/s400\/Varios+169.jpg\" style=\"height: 300px; width: 400px;\" \/><\/a>Emocionados y muy contentos recibieron este lunes 3 de mayo sus nuevos uniformes escolares los ni\u00f1os y ni\u00f1as de las escuelas Vegas de Coliumo y Caleta del Medio de la localidad de Coliumo. Una hermosa iniciativa protagonizada por los trabajadores de la Guardia N\u00ba 3 de Codelco Norte, quienes se han convertido en los padrinos de dichos establecimientos. <\/div>\n<div style=\"text-align: justify;\"><\/div>\n<div style=\"text-align: justify;\">Con la idea de ayudar a los damnificados una delegaci\u00f3n de trabajadores de dicha secci\u00f3n de la empresa del cobre, y luego de coordinar su visita con el Municipio, llegaron el pasado 26 de marzo con un set de \u00fatiles escolares para cada ni\u00f1o. Luego de un mes concretaron lo prometido en dicha oportunidad, llegar con un completo uniforme escolar para cada alumno, 178 en total, los cuales en una emotiva ceremonia realizada en la Escuela Caleta del Medio fueron entregados por los 13 trabajadores que vinieron desde el norte a compartir con sus ahijados. Adem\u00e1s de los uniformes le entregaron a cada establecimiento equipamiento deportivo, lo cual complementar\u00e1 el desarrollo de los m\u00e1s peque\u00f1os. <\/div>\n<div style=\"text-align: justify;\"><\/div>\n<div style=\"text-align: justify;\"><a href=\"http:\/\/3.bp.blogspot.com\/_2S_RxGRVjis\/S99ahybKhhI\/AAAAAAAAOWA\/C5MIeVsRIm4\/s1600\/Varios+138.jpg\" style=\"clear: left; float: left; margin-bottom: 1em; margin-right: 1em;\"><img decoding=\"async\" alt=\"\" border=\"0\" id=\"BLOGGER_PHOTO_ID_5467188009168963090\" src=\"https:\/\/3.bp.blogspot.com\/_2S_RxGRVjis\/S99ahybKhhI\/AAAAAAAAOWA\/C5MIeVsRIm4\/s400\/Varios+138.jpg\" style=\"height: 300px; width: 400px;\" \/><\/a>\u201cPara nosotros es s\u00faper importante estar aqu\u00ed concretando la ayuda que quer\u00edamos realizar, por lo que les entregamos un  mensaje de \u00e1nimo a todos los habitantes de esta localidad, ya que hay cosas que no se pueden revertir, pero hay que salir adelante\u201d destac\u00f3 Hern\u00e1n Gana Valencia, representante de los trabajadores de la Guardia N\u00ba 3 Codelco Norte. <\/div>\n<div style=\"text-align: justify;\"><\/div>\n<div style=\"text-align: justify;\">Para el Alcalde de la Comuna de Tom\u00e9, Eduardo Aguilera Aguilera, esto significa mucho para Tom\u00e9, \u201cgracias por todo lo que han hecho por Coliumo, pues de tan lejos esos corazones est\u00e1n con nosotros, ayudando a nuestra gente, lo que nos motiva para seguir trabajando y salir adelante\u201d se\u00f1al\u00f3. <\/div>\n<div style=\"text-align: justify;\"><\/div>\n<div style=\"text-align: justify;\">Los beneficiados ven en este aporte una verdadera ense\u00f1anza, \u201cesta ayuda significa mucho para nosotros, adem\u00e1s de que nos hace comprender que tambi\u00e9n hay que dar la mano en otras oportunidades a quienes m\u00e1s lo necesiten\u201d declar\u00f3 la Presidenta del Centro General de Padre de la Escuela Vegas de Coliumo, Paola Garrido. Asimismo para la Directora de la Escuela Caleta del Medio, Sra. Patricia Ortiz, destac\u00f3 que \u201clo realizado por lo trabajadores de Codelco es un privilegio para nosotros, pues adem\u00e1s de permitirnos cumplir de mejor manera como establecimiento, nos hace entender que no estamos solos, pues hay muchos corazones generosos que nos ense\u00f1an que hay que compartir con quien lo necesita\u201d. <\/div>\n<div style=\"text-align: justify;\"><\/div>\n<div style=\"text-align: justify;\">Adem\u00e1s de la actividad realizada este lunes, los nuevos padrinos de la escuelas de Coliumo se comprometieron a venir por lo menos en dos oportunidades m\u00e1s, en la cuales realizar\u00edan acciones sociales y acompa\u00f1ar\u00edan a los peque\u00f1os para navidad. <\/div>\n<div style=\"text-align: justify;\"><\/div>\n<div style=\"text-align: justify;\"><\/div>\n<div style=\"text-align: justify;\"><\/div>\n","protected":false},"excerpt":{"rendered":"<p>Emocionados y muy contentos recibieron este lunes 3 de mayo sus nuevos uniformes escolares los ni\u00f1os y ni\u00f1as de las escuelas Vegas de Coliumo y Caleta del Medio de la localidad de Coliumo. Una hermosa iniciativa protagonizada por los trabajadores de la Guardia N\u00ba 3 de Codelco Norte, quienes se han convertido en los padrinos [&hellip;]<\/p>\n","protected":false},"author":1,"featured_media":0,"comment_status":"open","ping_status":"open","sticky":false,"template":"","format":"standard","meta":{"footnotes":""},"categories":[131],"tags":[],"class_list":["post-5365","post","type-post","status-publish","format-standard","hentry","category-politica"],"yoast_head":"<!-- This site is optimized with the Yoast SEO plugin v25.0 - https:\/\/yoast.com\/wordpress\/plugins\/seo\/ -->\n<title>Ni\u00f1os Y Ni\u00f1as De Coliumo Son Apadrinados Por Trabajadores De CODELCO Norte - Nuestro Bio B\u00edo<\/title>\n<meta name=\"robots\" content=\"index, follow, max-snippet:-1, max-image-preview:large, max-video-preview:-1\" \/>\n<link rel=\"canonical\" href=\"https:\/\/www.fraczinet.cl\/sitio\/2010\/05\/03\/ninos-y-ninas-de-coliumo-son-apadrinados-por-trabajadores-de-codelco-norte\/\" \/>\n<meta property=\"og:locale\" content=\"es_ES\" \/>\n<meta property=\"og:type\" content=\"article\" \/>\n<meta property=\"og:title\" content=\"Ni\u00f1os Y Ni\u00f1as De Coliumo Son Apadrinados Por Trabajadores De CODELCO Norte - Nuestro Bio B\u00edo\" \/>\n<meta property=\"og:description\" content=\"Emocionados y muy contentos recibieron este lunes 3 de mayo sus nuevos uniformes escolares los ni\u00f1os y ni\u00f1as de las escuelas Vegas de Coliumo y Caleta del Medio de la localidad de Coliumo. Una hermosa iniciativa protagonizada por los trabajadores de la Guardia N\u00ba 3 de Codelco Norte, quienes se han convertido en los padrinos [&hellip;]\" \/>\n<meta property=\"og:url\" content=\"https:\/\/www.fraczinet.cl\/sitio\/2010\/05\/03\/ninos-y-ninas-de-coliumo-son-apadrinados-por-trabajadores-de-codelco-norte\/\" \/>\n<meta property=\"og:site_name\" content=\"Nuestro Bio B\u00edo\" \/>\n<meta property=\"article:published_time\" content=\"2010-05-03T23:17:00+00:00\" \/>\n<meta property=\"article:modified_time\" content=\"2022-10-06T23:11:38+00:00\" \/>\n<meta property=\"og:image\" content=\"https:\/\/2.bp.blogspot.com\/_2S_RxGRVjis\/S99aqCJkRhI\/AAAAAAAAOWI\/6BddqYNhm-E\/s400\/Varios+169.jpg\" \/>\n<meta name=\"author\" content=\"admin\" \/>\n<meta name=\"twitter:card\" content=\"summary_large_image\" \/>\n<meta name=\"twitter:creator\" content=\"@nuestrobiobio\" \/>\n<meta name=\"twitter:site\" content=\"@nuestrobiobio\" \/>\n<meta name=\"twitter:label1\" content=\"Escrito por\" \/>\n\t<meta name=\"twitter:data1\" content=\"admin\" \/>\n\t<meta name=\"twitter:label2\" content=\"Tiempo de lectura\" \/>\n\t<meta name=\"twitter:data2\" content=\"2 minutos\" \/>\n<script type=\"application\/ld+json\" class=\"yoast-schema-graph\">{\"@context\":\"https:\/\/schema.org\",\"@graph\":[{\"@type\":\"Article\",\"@id\":\"https:\/\/www.fraczinet.cl\/sitio\/2010\/05\/03\/ninos-y-ninas-de-coliumo-son-apadrinados-por-trabajadores-de-codelco-norte\/#article\",\"isPartOf\":{\"@id\":\"https:\/\/www.fraczinet.cl\/sitio\/2010\/05\/03\/ninos-y-ninas-de-coliumo-son-apadrinados-por-trabajadores-de-codelco-norte\/\"},\"author\":{\"name\":\"admin\",\"@id\":\"https:\/\/www.fraczinet.cl\/sitio\/#\/schema\/person\/bc30f98e9cb10ae7e119dbe14bc93784\"},\"headline\":\"Ni\u00f1os Y Ni\u00f1as De Coliumo Son Apadrinados Por Trabajadores De CODELCO Norte\",\"datePublished\":\"2010-05-03T23:17:00+00:00\",\"dateModified\":\"2022-10-06T23:11:38+00:00\",\"mainEntityOfPage\":{\"@id\":\"https:\/\/www.fraczinet.cl\/sitio\/2010\/05\/03\/ninos-y-ninas-de-coliumo-son-apadrinados-por-trabajadores-de-codelco-norte\/\"},\"wordCount\":464,\"commentCount\":0,\"publisher\":{\"@id\":\"https:\/\/www.fraczinet.cl\/sitio\/#\/schema\/person\/aec8ee4da68df2b9b0eefdad24a0d582\"},\"image\":{\"@id\":\"https:\/\/www.fraczinet.cl\/sitio\/2010\/05\/03\/ninos-y-ninas-de-coliumo-son-apadrinados-por-trabajadores-de-codelco-norte\/#primaryimage\"},\"thumbnailUrl\":\"https:\/\/2.bp.blogspot.com\/_2S_RxGRVjis\/S99aqCJkRhI\/AAAAAAAAOWI\/6BddqYNhm-E\/s400\/Varios+169.jpg\",\"articleSection\":[\"Pol\u00edtica\"],\"inLanguage\":\"es\",\"potentialAction\":[{\"@type\":\"CommentAction\",\"name\":\"Comment\",\"target\":[\"https:\/\/www.fraczinet.cl\/sitio\/2010\/05\/03\/ninos-y-ninas-de-coliumo-son-apadrinados-por-trabajadores-de-codelco-norte\/#respond\"]}]},{\"@type\":\"WebPage\",\"@id\":\"https:\/\/www.fraczinet.cl\/sitio\/2010\/05\/03\/ninos-y-ninas-de-coliumo-son-apadrinados-por-trabajadores-de-codelco-norte\/\",\"url\":\"https:\/\/www.fraczinet.cl\/sitio\/2010\/05\/03\/ninos-y-ninas-de-coliumo-son-apadrinados-por-trabajadores-de-codelco-norte\/\",\"name\":\"Ni\u00f1os Y Ni\u00f1as De Coliumo Son Apadrinados Por Trabajadores De CODELCO Norte - Nuestro Bio B\u00edo\",\"isPartOf\":{\"@id\":\"https:\/\/www.fraczinet.cl\/sitio\/#website\"},\"primaryImageOfPage\":{\"@id\":\"https:\/\/www.fraczinet.cl\/sitio\/2010\/05\/03\/ninos-y-ninas-de-coliumo-son-apadrinados-por-trabajadores-de-codelco-norte\/#primaryimage\"},\"image\":{\"@id\":\"https:\/\/www.fraczinet.cl\/sitio\/2010\/05\/03\/ninos-y-ninas-de-coliumo-son-apadrinados-por-trabajadores-de-codelco-norte\/#primaryimage\"},\"thumbnailUrl\":\"https:\/\/2.bp.blogspot.com\/_2S_RxGRVjis\/S99aqCJkRhI\/AAAAAAAAOWI\/6BddqYNhm-E\/s400\/Varios+169.jpg\",\"datePublished\":\"2010-05-03T23:17:00+00:00\",\"dateModified\":\"2022-10-06T23:11:38+00:00\",\"breadcrumb\":{\"@id\":\"https:\/\/www.fraczinet.cl\/sitio\/2010\/05\/03\/ninos-y-ninas-de-coliumo-son-apadrinados-por-trabajadores-de-codelco-norte\/#breadcrumb\"},\"inLanguage\":\"es\",\"potentialAction\":[{\"@type\":\"ReadAction\",\"target\":[\"https:\/\/www.fraczinet.cl\/sitio\/2010\/05\/03\/ninos-y-ninas-de-coliumo-son-apadrinados-por-trabajadores-de-codelco-norte\/\"]}]},{\"@type\":\"ImageObject\",\"inLanguage\":\"es\",\"@id\":\"https:\/\/www.fraczinet.cl\/sitio\/2010\/05\/03\/ninos-y-ninas-de-coliumo-son-apadrinados-por-trabajadores-de-codelco-norte\/#primaryimage\",\"url\":\"https:\/\/2.bp.blogspot.com\/_2S_RxGRVjis\/S99aqCJkRhI\/AAAAAAAAOWI\/6BddqYNhm-E\/s400\/Varios+169.jpg\",\"contentUrl\":\"https:\/\/2.bp.blogspot.com\/_2S_RxGRVjis\/S99aqCJkRhI\/AAAAAAAAOWI\/6BddqYNhm-E\/s400\/Varios+169.jpg\"},{\"@type\":\"BreadcrumbList\",\"@id\":\"https:\/\/www.fraczinet.cl\/sitio\/2010\/05\/03\/ninos-y-ninas-de-coliumo-son-apadrinados-por-trabajadores-de-codelco-norte\/#breadcrumb\",\"itemListElement\":[{\"@type\":\"ListItem\",\"position\":1,\"name\":\"Portada\",\"item\":\"https:\/\/www.fraczinet.cl\/sitio\/\"},{\"@type\":\"ListItem\",\"position\":2,\"name\":\"Ni\u00f1os Y Ni\u00f1as De Coliumo Son Apadrinados Por Trabajadores De CODELCO Norte\"}]},{\"@type\":\"WebSite\",\"@id\":\"https:\/\/www.fraczinet.cl\/sitio\/#website\",\"url\":\"https:\/\/www.fraczinet.cl\/sitio\/\",\"name\":\"Nuestro Bio B\u00edo\",\"description\":\"Tierra de Encuentros\",\"publisher\":{\"@id\":\"https:\/\/www.fraczinet.cl\/sitio\/#\/schema\/person\/aec8ee4da68df2b9b0eefdad24a0d582\"},\"potentialAction\":[{\"@type\":\"SearchAction\",\"target\":{\"@type\":\"EntryPoint\",\"urlTemplate\":\"https:\/\/www.fraczinet.cl\/sitio\/?s={search_term_string}\"},\"query-input\":{\"@type\":\"PropertyValueSpecification\",\"valueRequired\":true,\"valueName\":\"search_term_string\"}}],\"inLanguage\":\"es\"},{\"@type\":[\"Person\",\"Organization\"],\"@id\":\"https:\/\/www.fraczinet.cl\/sitio\/#\/schema\/person\/aec8ee4da68df2b9b0eefdad24a0d582\",\"name\":\"Luis Fernando Fraczinet\",\"image\":{\"@type\":\"ImageObject\",\"inLanguage\":\"es\",\"@id\":\"https:\/\/www.fraczinet.cl\/sitio\/#\/schema\/person\/image\/\",\"url\":\"https:\/\/www.fraczinet.cl\/sitio\/wp-content\/uploads\/2021\/07\/bannerlogo-1.gif\",\"contentUrl\":\"https:\/\/www.fraczinet.cl\/sitio\/wp-content\/uploads\/2021\/07\/bannerlogo-1.gif\",\"width\":159,\"height\":79,\"caption\":\"Luis Fernando Fraczinet\"},\"logo\":{\"@id\":\"https:\/\/www.fraczinet.cl\/sitio\/#\/schema\/person\/image\/\"},\"sameAs\":[\"https:\/\/www.fraczinet.cl\/sitio\/\"]},{\"@type\":\"Person\",\"@id\":\"https:\/\/www.fraczinet.cl\/sitio\/#\/schema\/person\/bc30f98e9cb10ae7e119dbe14bc93784\",\"name\":\"admin\",\"image\":{\"@type\":\"ImageObject\",\"inLanguage\":\"es\",\"@id\":\"https:\/\/www.fraczinet.cl\/sitio\/#\/schema\/person\/image\/\",\"url\":\"https:\/\/secure.gravatar.com\/avatar\/d5ad3cf7ef3b23a2bb5be73be780c86b2fc8545c3ad6b149f3913ff458c00099?s=96&d=mm&r=g\",\"contentUrl\":\"https:\/\/secure.gravatar.com\/avatar\/d5ad3cf7ef3b23a2bb5be73be780c86b2fc8545c3ad6b149f3913ff458c00099?s=96&d=mm&r=g\",\"caption\":\"admin\"},\"sameAs\":[\"https:\/\/www.fraczinet.cl\/sitio\"]}]}<\/script>\n<!-- \/ Yoast SEO plugin. -->","yoast_head_json":{"title":"Ni\u00f1os Y Ni\u00f1as De Coliumo Son Apadrinados Por Trabajadores De CODELCO Norte - Nuestro Bio B\u00edo","robots":{"index":"index","follow":"follow","max-snippet":"max-snippet:-1","max-image-preview":"max-image-preview:large","max-video-preview":"max-video-preview:-1"},"canonical":"https:\/\/www.fraczinet.cl\/sitio\/2010\/05\/03\/ninos-y-ninas-de-coliumo-son-apadrinados-por-trabajadores-de-codelco-norte\/","og_locale":"es_ES","og_type":"article","og_title":"Ni\u00f1os Y Ni\u00f1as De Coliumo Son Apadrinados Por Trabajadores De CODELCO Norte - Nuestro Bio B\u00edo","og_description":"Emocionados y muy contentos recibieron este lunes 3 de mayo sus nuevos uniformes escolares los ni\u00f1os y ni\u00f1as de las escuelas Vegas de Coliumo y Caleta del Medio de la localidad de Coliumo. Una hermosa iniciativa protagonizada por los trabajadores de la Guardia N\u00ba 3 de Codelco Norte, quienes se han convertido en los padrinos [&hellip;]","og_url":"https:\/\/www.fraczinet.cl\/sitio\/2010\/05\/03\/ninos-y-ninas-de-coliumo-son-apadrinados-por-trabajadores-de-codelco-norte\/","og_site_name":"Nuestro Bio B\u00edo","article_published_time":"2010-05-03T23:17:00+00:00","article_modified_time":"2022-10-06T23:11:38+00:00","og_image":[{"url":"https:\/\/2.bp.blogspot.com\/_2S_RxGRVjis\/S99aqCJkRhI\/AAAAAAAAOWI\/6BddqYNhm-E\/s400\/Varios+169.jpg","type":"","width":"","height":""}],"author":"admin","twitter_card":"summary_large_image","twitter_creator":"@nuestrobiobio","twitter_site":"@nuestrobiobio","twitter_misc":{"Escrito por":"admin","Tiempo de lectura":"2 minutos"},"schema":{"@context":"https:\/\/schema.org","@graph":[{"@type":"Article","@id":"https:\/\/www.fraczinet.cl\/sitio\/2010\/05\/03\/ninos-y-ninas-de-coliumo-son-apadrinados-por-trabajadores-de-codelco-norte\/#article","isPartOf":{"@id":"https:\/\/www.fraczinet.cl\/sitio\/2010\/05\/03\/ninos-y-ninas-de-coliumo-son-apadrinados-por-trabajadores-de-codelco-norte\/"},"author":{"name":"admin","@id":"https:\/\/www.fraczinet.cl\/sitio\/#\/schema\/person\/bc30f98e9cb10ae7e119dbe14bc93784"},"headline":"Ni\u00f1os Y Ni\u00f1as De Coliumo Son Apadrinados Por Trabajadores De CODELCO Norte","datePublished":"2010-05-03T23:17:00+00:00","dateModified":"2022-10-06T23:11:38+00:00","mainEntityOfPage":{"@id":"https:\/\/www.fraczinet.cl\/sitio\/2010\/05\/03\/ninos-y-ninas-de-coliumo-son-apadrinados-por-trabajadores-de-codelco-norte\/"},"wordCount":464,"commentCount":0,"publisher":{"@id":"https:\/\/www.fraczinet.cl\/sitio\/#\/schema\/person\/aec8ee4da68df2b9b0eefdad24a0d582"},"image":{"@id":"https:\/\/www.fraczinet.cl\/sitio\/2010\/05\/03\/ninos-y-ninas-de-coliumo-son-apadrinados-por-trabajadores-de-codelco-norte\/#primaryimage"},"thumbnailUrl":"https:\/\/2.bp.blogspot.com\/_2S_RxGRVjis\/S99aqCJkRhI\/AAAAAAAAOWI\/6BddqYNhm-E\/s400\/Varios+169.jpg","articleSection":["Pol\u00edtica"],"inLanguage":"es","potentialAction":[{"@type":"CommentAction","name":"Comment","target":["https:\/\/www.fraczinet.cl\/sitio\/2010\/05\/03\/ninos-y-ninas-de-coliumo-son-apadrinados-por-trabajadores-de-codelco-norte\/#respond"]}]},{"@type":"WebPage","@id":"https:\/\/www.fraczinet.cl\/sitio\/2010\/05\/03\/ninos-y-ninas-de-coliumo-son-apadrinados-por-trabajadores-de-codelco-norte\/","url":"https:\/\/www.fraczinet.cl\/sitio\/2010\/05\/03\/ninos-y-ninas-de-coliumo-son-apadrinados-por-trabajadores-de-codelco-norte\/","name":"Ni\u00f1os Y Ni\u00f1as De Coliumo Son Apadrinados Por Trabajadores De CODELCO Norte - Nuestro Bio B\u00edo","isPartOf":{"@id":"https:\/\/www.fraczinet.cl\/sitio\/#website"},"primaryImageOfPage":{"@id":"https:\/\/www.fraczinet.cl\/sitio\/2010\/05\/03\/ninos-y-ninas-de-coliumo-son-apadrinados-por-trabajadores-de-codelco-norte\/#primaryimage"},"image":{"@id":"https:\/\/www.fraczinet.cl\/sitio\/2010\/05\/03\/ninos-y-ninas-de-coliumo-son-apadrinados-por-trabajadores-de-codelco-norte\/#primaryimage"},"thumbnailUrl":"https:\/\/2.bp.blogspot.com\/_2S_RxGRVjis\/S99aqCJkRhI\/AAAAAAAAOWI\/6BddqYNhm-E\/s400\/Varios+169.jpg","datePublished":"2010-05-03T23:17:00+00:00","dateModified":"2022-10-06T23:11:38+00:00","breadcrumb":{"@id":"https:\/\/www.fraczinet.cl\/sitio\/2010\/05\/03\/ninos-y-ninas-de-coliumo-son-apadrinados-por-trabajadores-de-codelco-norte\/#breadcrumb"},"inLanguage":"es","potentialAction":[{"@type":"ReadAction","target":["https:\/\/www.fraczinet.cl\/sitio\/2010\/05\/03\/ninos-y-ninas-de-coliumo-son-apadrinados-por-trabajadores-de-codelco-norte\/"]}]},{"@type":"ImageObject","inLanguage":"es","@id":"https:\/\/www.fraczinet.cl\/sitio\/2010\/05\/03\/ninos-y-ninas-de-coliumo-son-apadrinados-por-trabajadores-de-codelco-norte\/#primaryimage","url":"https:\/\/2.bp.blogspot.com\/_2S_RxGRVjis\/S99aqCJkRhI\/AAAAAAAAOWI\/6BddqYNhm-E\/s400\/Varios+169.jpg","contentUrl":"https:\/\/2.bp.blogspot.com\/_2S_RxGRVjis\/S99aqCJkRhI\/AAAAAAAAOWI\/6BddqYNhm-E\/s400\/Varios+169.jpg"},{"@type":"BreadcrumbList","@id":"https:\/\/www.fraczinet.cl\/sitio\/2010\/05\/03\/ninos-y-ninas-de-coliumo-son-apadrinados-por-trabajadores-de-codelco-norte\/#breadcrumb","itemListElement":[{"@type":"ListItem","position":1,"name":"Portada","item":"https:\/\/www.fraczinet.cl\/sitio\/"},{"@type":"ListItem","position":2,"name":"Ni\u00f1os Y Ni\u00f1as De Coliumo Son Apadrinados Por Trabajadores De CODELCO Norte"}]},{"@type":"WebSite","@id":"https:\/\/www.fraczinet.cl\/sitio\/#website","url":"https:\/\/www.fraczinet.cl\/sitio\/","name":"Nuestro Bio B\u00edo","description":"Tierra de Encuentros","publisher":{"@id":"https:\/\/www.fraczinet.cl\/sitio\/#\/schema\/person\/aec8ee4da68df2b9b0eefdad24a0d582"},"potentialAction":[{"@type":"SearchAction","target":{"@type":"EntryPoint","urlTemplate":"https:\/\/www.fraczinet.cl\/sitio\/?s={search_term_string}"},"query-input":{"@type":"PropertyValueSpecification","valueRequired":true,"valueName":"search_term_string"}}],"inLanguage":"es"},{"@type":["Person","Organization"],"@id":"https:\/\/www.fraczinet.cl\/sitio\/#\/schema\/person\/aec8ee4da68df2b9b0eefdad24a0d582","name":"Luis Fernando Fraczinet","image":{"@type":"ImageObject","inLanguage":"es","@id":"https:\/\/www.fraczinet.cl\/sitio\/#\/schema\/person\/image\/","url":"https:\/\/www.fraczinet.cl\/sitio\/wp-content\/uploads\/2021\/07\/bannerlogo-1.gif","contentUrl":"https:\/\/www.fraczinet.cl\/sitio\/wp-content\/uploads\/2021\/07\/bannerlogo-1.gif","width":159,"height":79,"caption":"Luis Fernando Fraczinet"},"logo":{"@id":"https:\/\/www.fraczinet.cl\/sitio\/#\/schema\/person\/image\/"},"sameAs":["https:\/\/www.fraczinet.cl\/sitio\/"]},{"@type":"Person","@id":"https:\/\/www.fraczinet.cl\/sitio\/#\/schema\/person\/bc30f98e9cb10ae7e119dbe14bc93784","name":"admin","image":{"@type":"ImageObject","inLanguage":"es","@id":"https:\/\/www.fraczinet.cl\/sitio\/#\/schema\/person\/image\/","url":"https:\/\/secure.gravatar.com\/avatar\/d5ad3cf7ef3b23a2bb5be73be780c86b2fc8545c3ad6b149f3913ff458c00099?s=96&d=mm&r=g","contentUrl":"https:\/\/secure.gravatar.com\/avatar\/d5ad3cf7ef3b23a2bb5be73be780c86b2fc8545c3ad6b149f3913ff458c00099?s=96&d=mm&r=g","caption":"admin"},"sameAs":["https:\/\/www.fraczinet.cl\/sitio"]}]}},"_links":{"self":[{"href":"https:\/\/www.fraczinet.cl\/sitio\/wp-json\/wp\/v2\/posts\/5365","targetHints":{"allow":["GET"]}}],"collection":[{"href":"https:\/\/www.fraczinet.cl\/sitio\/wp-json\/wp\/v2\/posts"}],"about":[{"href":"https:\/\/www.fraczinet.cl\/sitio\/wp-json\/wp\/v2\/types\/post"}],"author":[{"embeddable":true,"href":"https:\/\/www.fraczinet.cl\/sitio\/wp-json\/wp\/v2\/users\/1"}],"replies":[{"embeddable":true,"href":"https:\/\/www.fraczinet.cl\/sitio\/wp-json\/wp\/v2\/comments?post=5365"}],"version-history":[{"count":1,"href":"https:\/\/www.fraczinet.cl\/sitio\/wp-json\/wp\/v2\/posts\/5365\/revisions"}],"predecessor-version":[{"id":14345,"href":"https:\/\/www.fraczinet.cl\/sitio\/wp-json\/wp\/v2\/posts\/5365\/revisions\/14345"}],"wp:attachment":[{"href":"https:\/\/www.fraczinet.cl\/sitio\/wp-json\/wp\/v2\/media?parent=5365"}],"wp:term":[{"taxonomy":"category","embeddable":true,"href":"https:\/\/www.fraczinet.cl\/sitio\/wp-json\/wp\/v2\/categories?post=5365"},{"taxonomy":"post_tag","embeddable":true,"href":"https:\/\/www.fraczinet.cl\/sitio\/wp-json\/wp\/v2\/tags?post=5365"}],"curies":[{"name":"wp","href":"https:\/\/api.w.org\/{rel}","templated":true}]}}