{"id":5371,"date":"2010-04-30T00:05:00","date_gmt":"2010-04-30T00:05:00","guid":{"rendered":"https:\/\/www.fraczinet.cl\/sitio\/2010\/04\/30\/cuerpo-militar-del-trabajo-administrara-700-empleos-para-los-tomecinos\/"},"modified":"2022-10-06T23:12:03","modified_gmt":"2022-10-06T23:12:03","slug":"cuerpo-militar-del-trabajo-administrara-700-empleos-para-los-tomecinos","status":"publish","type":"post","link":"https:\/\/www.fraczinet.cl\/sitio\/2010\/04\/30\/cuerpo-militar-del-trabajo-administrara-700-empleos-para-los-tomecinos\/","title":{"rendered":"Cuerpo Militar Del Trabajo Administrar\u00e1 700 Empleos Para Los Tomecinos"},"content":{"rendered":"<div style=\"text-align: justify;\"><a href=\"http:\/\/3.bp.blogspot.com\/_2S_RxGRVjis\/S9ofWuZUMmI\/AAAAAAAAOVg\/3QTlY8jsXxQ\/s1600\/abril+314.jpg\" style=\"clear: left; float: left; margin-bottom: 1em; margin-right: 1em;\"><img decoding=\"async\" alt=\"\" border=\"0\" id=\"BLOGGER_PHOTO_ID_5465715573039313506\" src=\"https:\/\/3.bp.blogspot.com\/_2S_RxGRVjis\/S9ofWuZUMmI\/AAAAAAAAOVg\/3QTlY8jsXxQ\/s400\/abril+314.jpg\" style=\"height: 300px; width: 400px;\" \/><\/a>Un nuevo paso para la reconstrucci\u00f3n se esta dando en la comuna de Tom\u00e9 donde ya se inici\u00f3 el proceso de inscripci\u00f3n para los 700 puestos de empleo de emergencia los cuales ser\u00e1n administrados por el Cuerpo Militar del Trabajo (CMT). <\/div>\n<div style=\"text-align: justify;\"><\/div>\n<div style=\"text-align: justify;\">Por tal raz\u00f3n es que esta tarde visit\u00f3 la comuna el General de Brigada Alessandro Cartoni, Jefe del Cuerpo Militar del Trabajo, quien se reuni\u00f3 con el Alcalde de Tom\u00e9, Eduardo Aguilera Aguilera, con el fin de afinar detalles de este proceso y ver como va demanda en la comuna. <\/div>\n<div style=\"text-align: justify;\"><\/div>\n<div style=\"text-align: justify;\">El proceso de inscripci\u00f3n se est\u00e1 realizando en el patio uno del edificio municipal y se extender\u00e1 hasta el pr\u00f3ximo 14 de mayo. Asimismo el d\u00eda viernes 30 de abril y el mi\u00e9rcoles 5 de mayo este proceso de inscripci\u00f3n se realizar\u00e1 en la localidad de Dichato, y el pr\u00f3ximo lunes 3 de mayo en la localidad de Coliumo. <\/div>\n<p><\/p>\n","protected":false},"excerpt":{"rendered":"<p>Un nuevo paso para la reconstrucci\u00f3n se esta dando en la comuna de Tom\u00e9 donde ya se inici\u00f3 el proceso de inscripci\u00f3n para los 700 puestos de empleo de emergencia los cuales ser\u00e1n administrados por el Cuerpo Militar del Trabajo (CMT). Por tal raz\u00f3n es que esta tarde visit\u00f3 la comuna el General de Brigada [&hellip;]<\/p>\n","protected":false},"author":1,"featured_media":0,"comment_status":"open","ping_status":"open","sticky":false,"template":"","format":"standard","meta":{"footnotes":""},"categories":[131],"tags":[],"class_list":["post-5371","post","type-post","status-publish","format-standard","hentry","category-politica"],"yoast_head":"<!-- This site is optimized with the Yoast SEO plugin v25.0 - https:\/\/yoast.com\/wordpress\/plugins\/seo\/ -->\n<title>Cuerpo Militar Del Trabajo Administrar\u00e1 700 Empleos Para Los Tomecinos - Nuestro Bio B\u00edo<\/title>\n<meta name=\"robots\" content=\"index, follow, max-snippet:-1, max-image-preview:large, max-video-preview:-1\" \/>\n<link rel=\"canonical\" href=\"https:\/\/www.fraczinet.cl\/sitio\/2010\/04\/30\/cuerpo-militar-del-trabajo-administrara-700-empleos-para-los-tomecinos\/\" \/>\n<meta property=\"og:locale\" content=\"es_ES\" \/>\n<meta property=\"og:type\" content=\"article\" \/>\n<meta property=\"og:title\" content=\"Cuerpo Militar Del Trabajo Administrar\u00e1 700 Empleos Para Los Tomecinos - Nuestro Bio B\u00edo\" \/>\n<meta property=\"og:description\" content=\"Un nuevo paso para la reconstrucci\u00f3n se esta dando en la comuna de Tom\u00e9 donde ya se inici\u00f3 el proceso de inscripci\u00f3n para los 700 puestos de empleo de emergencia los cuales ser\u00e1n administrados por el Cuerpo Militar del Trabajo (CMT). Por tal raz\u00f3n es que esta tarde visit\u00f3 la comuna el General de Brigada [&hellip;]\" \/>\n<meta property=\"og:url\" content=\"https:\/\/www.fraczinet.cl\/sitio\/2010\/04\/30\/cuerpo-militar-del-trabajo-administrara-700-empleos-para-los-tomecinos\/\" \/>\n<meta property=\"og:site_name\" content=\"Nuestro Bio B\u00edo\" \/>\n<meta property=\"article:published_time\" content=\"2010-04-30T00:05:00+00:00\" \/>\n<meta property=\"article:modified_time\" content=\"2022-10-06T23:12:03+00:00\" \/>\n<meta property=\"og:image\" content=\"https:\/\/3.bp.blogspot.com\/_2S_RxGRVjis\/S9ofWuZUMmI\/AAAAAAAAOVg\/3QTlY8jsXxQ\/s400\/abril+314.jpg\" \/>\n<meta name=\"author\" content=\"admin\" \/>\n<meta name=\"twitter:card\" content=\"summary_large_image\" \/>\n<meta name=\"twitter:creator\" content=\"@nuestrobiobio\" \/>\n<meta name=\"twitter:site\" content=\"@nuestrobiobio\" \/>\n<meta name=\"twitter:label1\" content=\"Escrito por\" \/>\n\t<meta name=\"twitter:data1\" content=\"admin\" \/>\n\t<meta name=\"twitter:label2\" content=\"Tiempo de lectura\" \/>\n\t<meta name=\"twitter:data2\" content=\"1 minuto\" \/>\n<script type=\"application\/ld+json\" class=\"yoast-schema-graph\">{\"@context\":\"https:\/\/schema.org\",\"@graph\":[{\"@type\":\"Article\",\"@id\":\"https:\/\/www.fraczinet.cl\/sitio\/2010\/04\/30\/cuerpo-militar-del-trabajo-administrara-700-empleos-para-los-tomecinos\/#article\",\"isPartOf\":{\"@id\":\"https:\/\/www.fraczinet.cl\/sitio\/2010\/04\/30\/cuerpo-militar-del-trabajo-administrara-700-empleos-para-los-tomecinos\/\"},\"author\":{\"name\":\"admin\",\"@id\":\"https:\/\/www.fraczinet.cl\/sitio\/#\/schema\/person\/bc30f98e9cb10ae7e119dbe14bc93784\"},\"headline\":\"Cuerpo Militar Del Trabajo Administrar\u00e1 700 Empleos Para Los Tomecinos\",\"datePublished\":\"2010-04-30T00:05:00+00:00\",\"dateModified\":\"2022-10-06T23:12:03+00:00\",\"mainEntityOfPage\":{\"@id\":\"https:\/\/www.fraczinet.cl\/sitio\/2010\/04\/30\/cuerpo-militar-del-trabajo-administrara-700-empleos-para-los-tomecinos\/\"},\"wordCount\":164,\"commentCount\":0,\"publisher\":{\"@id\":\"https:\/\/www.fraczinet.cl\/sitio\/#\/schema\/person\/aec8ee4da68df2b9b0eefdad24a0d582\"},\"image\":{\"@id\":\"https:\/\/www.fraczinet.cl\/sitio\/2010\/04\/30\/cuerpo-militar-del-trabajo-administrara-700-empleos-para-los-tomecinos\/#primaryimage\"},\"thumbnailUrl\":\"https:\/\/3.bp.blogspot.com\/_2S_RxGRVjis\/S9ofWuZUMmI\/AAAAAAAAOVg\/3QTlY8jsXxQ\/s400\/abril+314.jpg\",\"articleSection\":[\"Pol\u00edtica\"],\"inLanguage\":\"es\",\"potentialAction\":[{\"@type\":\"CommentAction\",\"name\":\"Comment\",\"target\":[\"https:\/\/www.fraczinet.cl\/sitio\/2010\/04\/30\/cuerpo-militar-del-trabajo-administrara-700-empleos-para-los-tomecinos\/#respond\"]}]},{\"@type\":\"WebPage\",\"@id\":\"https:\/\/www.fraczinet.cl\/sitio\/2010\/04\/30\/cuerpo-militar-del-trabajo-administrara-700-empleos-para-los-tomecinos\/\",\"url\":\"https:\/\/www.fraczinet.cl\/sitio\/2010\/04\/30\/cuerpo-militar-del-trabajo-administrara-700-empleos-para-los-tomecinos\/\",\"name\":\"Cuerpo Militar Del Trabajo Administrar\u00e1 700 Empleos Para Los Tomecinos - Nuestro Bio B\u00edo\",\"isPartOf\":{\"@id\":\"https:\/\/www.fraczinet.cl\/sitio\/#website\"},\"primaryImageOfPage\":{\"@id\":\"https:\/\/www.fraczinet.cl\/sitio\/2010\/04\/30\/cuerpo-militar-del-trabajo-administrara-700-empleos-para-los-tomecinos\/#primaryimage\"},\"image\":{\"@id\":\"https:\/\/www.fraczinet.cl\/sitio\/2010\/04\/30\/cuerpo-militar-del-trabajo-administrara-700-empleos-para-los-tomecinos\/#primaryimage\"},\"thumbnailUrl\":\"https:\/\/3.bp.blogspot.com\/_2S_RxGRVjis\/S9ofWuZUMmI\/AAAAAAAAOVg\/3QTlY8jsXxQ\/s400\/abril+314.jpg\",\"datePublished\":\"2010-04-30T00:05:00+00:00\",\"dateModified\":\"2022-10-06T23:12:03+00:00\",\"breadcrumb\":{\"@id\":\"https:\/\/www.fraczinet.cl\/sitio\/2010\/04\/30\/cuerpo-militar-del-trabajo-administrara-700-empleos-para-los-tomecinos\/#breadcrumb\"},\"inLanguage\":\"es\",\"potentialAction\":[{\"@type\":\"ReadAction\",\"target\":[\"https:\/\/www.fraczinet.cl\/sitio\/2010\/04\/30\/cuerpo-militar-del-trabajo-administrara-700-empleos-para-los-tomecinos\/\"]}]},{\"@type\":\"ImageObject\",\"inLanguage\":\"es\",\"@id\":\"https:\/\/www.fraczinet.cl\/sitio\/2010\/04\/30\/cuerpo-militar-del-trabajo-administrara-700-empleos-para-los-tomecinos\/#primaryimage\",\"url\":\"https:\/\/3.bp.blogspot.com\/_2S_RxGRVjis\/S9ofWuZUMmI\/AAAAAAAAOVg\/3QTlY8jsXxQ\/s400\/abril+314.jpg\",\"contentUrl\":\"https:\/\/3.bp.blogspot.com\/_2S_RxGRVjis\/S9ofWuZUMmI\/AAAAAAAAOVg\/3QTlY8jsXxQ\/s400\/abril+314.jpg\"},{\"@type\":\"BreadcrumbList\",\"@id\":\"https:\/\/www.fraczinet.cl\/sitio\/2010\/04\/30\/cuerpo-militar-del-trabajo-administrara-700-empleos-para-los-tomecinos\/#breadcrumb\",\"itemListElement\":[{\"@type\":\"ListItem\",\"position\":1,\"name\":\"Portada\",\"item\":\"https:\/\/www.fraczinet.cl\/sitio\/\"},{\"@type\":\"ListItem\",\"position\":2,\"name\":\"Cuerpo Militar Del Trabajo Administrar\u00e1 700 Empleos Para Los Tomecinos\"}]},{\"@type\":\"WebSite\",\"@id\":\"https:\/\/www.fraczinet.cl\/sitio\/#website\",\"url\":\"https:\/\/www.fraczinet.cl\/sitio\/\",\"name\":\"Nuestro Bio B\u00edo\",\"description\":\"Tierra de Encuentros\",\"publisher\":{\"@id\":\"https:\/\/www.fraczinet.cl\/sitio\/#\/schema\/person\/aec8ee4da68df2b9b0eefdad24a0d582\"},\"potentialAction\":[{\"@type\":\"SearchAction\",\"target\":{\"@type\":\"EntryPoint\",\"urlTemplate\":\"https:\/\/www.fraczinet.cl\/sitio\/?s={search_term_string}\"},\"query-input\":{\"@type\":\"PropertyValueSpecification\",\"valueRequired\":true,\"valueName\":\"search_term_string\"}}],\"inLanguage\":\"es\"},{\"@type\":[\"Person\",\"Organization\"],\"@id\":\"https:\/\/www.fraczinet.cl\/sitio\/#\/schema\/person\/aec8ee4da68df2b9b0eefdad24a0d582\",\"name\":\"Luis Fernando Fraczinet\",\"image\":{\"@type\":\"ImageObject\",\"inLanguage\":\"es\",\"@id\":\"https:\/\/www.fraczinet.cl\/sitio\/#\/schema\/person\/image\/\",\"url\":\"https:\/\/www.fraczinet.cl\/sitio\/wp-content\/uploads\/2021\/07\/bannerlogo-1.gif\",\"contentUrl\":\"https:\/\/www.fraczinet.cl\/sitio\/wp-content\/uploads\/2021\/07\/bannerlogo-1.gif\",\"width\":159,\"height\":79,\"caption\":\"Luis Fernando Fraczinet\"},\"logo\":{\"@id\":\"https:\/\/www.fraczinet.cl\/sitio\/#\/schema\/person\/image\/\"},\"sameAs\":[\"https:\/\/www.fraczinet.cl\/sitio\/\"]},{\"@type\":\"Person\",\"@id\":\"https:\/\/www.fraczinet.cl\/sitio\/#\/schema\/person\/bc30f98e9cb10ae7e119dbe14bc93784\",\"name\":\"admin\",\"image\":{\"@type\":\"ImageObject\",\"inLanguage\":\"es\",\"@id\":\"https:\/\/www.fraczinet.cl\/sitio\/#\/schema\/person\/image\/\",\"url\":\"https:\/\/secure.gravatar.com\/avatar\/d5ad3cf7ef3b23a2bb5be73be780c86b2fc8545c3ad6b149f3913ff458c00099?s=96&d=mm&r=g\",\"contentUrl\":\"https:\/\/secure.gravatar.com\/avatar\/d5ad3cf7ef3b23a2bb5be73be780c86b2fc8545c3ad6b149f3913ff458c00099?s=96&d=mm&r=g\",\"caption\":\"admin\"},\"sameAs\":[\"https:\/\/www.fraczinet.cl\/sitio\"]}]}<\/script>\n<!-- \/ Yoast SEO plugin. -->","yoast_head_json":{"title":"Cuerpo Militar Del Trabajo Administrar\u00e1 700 Empleos Para Los Tomecinos - Nuestro Bio B\u00edo","robots":{"index":"index","follow":"follow","max-snippet":"max-snippet:-1","max-image-preview":"max-image-preview:large","max-video-preview":"max-video-preview:-1"},"canonical":"https:\/\/www.fraczinet.cl\/sitio\/2010\/04\/30\/cuerpo-militar-del-trabajo-administrara-700-empleos-para-los-tomecinos\/","og_locale":"es_ES","og_type":"article","og_title":"Cuerpo Militar Del Trabajo Administrar\u00e1 700 Empleos Para Los Tomecinos - Nuestro Bio B\u00edo","og_description":"Un nuevo paso para la reconstrucci\u00f3n se esta dando en la comuna de Tom\u00e9 donde ya se inici\u00f3 el proceso de inscripci\u00f3n para los 700 puestos de empleo de emergencia los cuales ser\u00e1n administrados por el Cuerpo Militar del Trabajo (CMT). Por tal raz\u00f3n es que esta tarde visit\u00f3 la comuna el General de Brigada [&hellip;]","og_url":"https:\/\/www.fraczinet.cl\/sitio\/2010\/04\/30\/cuerpo-militar-del-trabajo-administrara-700-empleos-para-los-tomecinos\/","og_site_name":"Nuestro Bio B\u00edo","article_published_time":"2010-04-30T00:05:00+00:00","article_modified_time":"2022-10-06T23:12:03+00:00","og_image":[{"url":"https:\/\/3.bp.blogspot.com\/_2S_RxGRVjis\/S9ofWuZUMmI\/AAAAAAAAOVg\/3QTlY8jsXxQ\/s400\/abril+314.jpg","type":"","width":"","height":""}],"author":"admin","twitter_card":"summary_large_image","twitter_creator":"@nuestrobiobio","twitter_site":"@nuestrobiobio","twitter_misc":{"Escrito por":"admin","Tiempo de lectura":"1 minuto"},"schema":{"@context":"https:\/\/schema.org","@graph":[{"@type":"Article","@id":"https:\/\/www.fraczinet.cl\/sitio\/2010\/04\/30\/cuerpo-militar-del-trabajo-administrara-700-empleos-para-los-tomecinos\/#article","isPartOf":{"@id":"https:\/\/www.fraczinet.cl\/sitio\/2010\/04\/30\/cuerpo-militar-del-trabajo-administrara-700-empleos-para-los-tomecinos\/"},"author":{"name":"admin","@id":"https:\/\/www.fraczinet.cl\/sitio\/#\/schema\/person\/bc30f98e9cb10ae7e119dbe14bc93784"},"headline":"Cuerpo Militar Del Trabajo Administrar\u00e1 700 Empleos Para Los Tomecinos","datePublished":"2010-04-30T00:05:00+00:00","dateModified":"2022-10-06T23:12:03+00:00","mainEntityOfPage":{"@id":"https:\/\/www.fraczinet.cl\/sitio\/2010\/04\/30\/cuerpo-militar-del-trabajo-administrara-700-empleos-para-los-tomecinos\/"},"wordCount":164,"commentCount":0,"publisher":{"@id":"https:\/\/www.fraczinet.cl\/sitio\/#\/schema\/person\/aec8ee4da68df2b9b0eefdad24a0d582"},"image":{"@id":"https:\/\/www.fraczinet.cl\/sitio\/2010\/04\/30\/cuerpo-militar-del-trabajo-administrara-700-empleos-para-los-tomecinos\/#primaryimage"},"thumbnailUrl":"https:\/\/3.bp.blogspot.com\/_2S_RxGRVjis\/S9ofWuZUMmI\/AAAAAAAAOVg\/3QTlY8jsXxQ\/s400\/abril+314.jpg","articleSection":["Pol\u00edtica"],"inLanguage":"es","potentialAction":[{"@type":"CommentAction","name":"Comment","target":["https:\/\/www.fraczinet.cl\/sitio\/2010\/04\/30\/cuerpo-militar-del-trabajo-administrara-700-empleos-para-los-tomecinos\/#respond"]}]},{"@type":"WebPage","@id":"https:\/\/www.fraczinet.cl\/sitio\/2010\/04\/30\/cuerpo-militar-del-trabajo-administrara-700-empleos-para-los-tomecinos\/","url":"https:\/\/www.fraczinet.cl\/sitio\/2010\/04\/30\/cuerpo-militar-del-trabajo-administrara-700-empleos-para-los-tomecinos\/","name":"Cuerpo Militar Del Trabajo Administrar\u00e1 700 Empleos Para Los Tomecinos - Nuestro Bio B\u00edo","isPartOf":{"@id":"https:\/\/www.fraczinet.cl\/sitio\/#website"},"primaryImageOfPage":{"@id":"https:\/\/www.fraczinet.cl\/sitio\/2010\/04\/30\/cuerpo-militar-del-trabajo-administrara-700-empleos-para-los-tomecinos\/#primaryimage"},"image":{"@id":"https:\/\/www.fraczinet.cl\/sitio\/2010\/04\/30\/cuerpo-militar-del-trabajo-administrara-700-empleos-para-los-tomecinos\/#primaryimage"},"thumbnailUrl":"https:\/\/3.bp.blogspot.com\/_2S_RxGRVjis\/S9ofWuZUMmI\/AAAAAAAAOVg\/3QTlY8jsXxQ\/s400\/abril+314.jpg","datePublished":"2010-04-30T00:05:00+00:00","dateModified":"2022-10-06T23:12:03+00:00","breadcrumb":{"@id":"https:\/\/www.fraczinet.cl\/sitio\/2010\/04\/30\/cuerpo-militar-del-trabajo-administrara-700-empleos-para-los-tomecinos\/#breadcrumb"},"inLanguage":"es","potentialAction":[{"@type":"ReadAction","target":["https:\/\/www.fraczinet.cl\/sitio\/2010\/04\/30\/cuerpo-militar-del-trabajo-administrara-700-empleos-para-los-tomecinos\/"]}]},{"@type":"ImageObject","inLanguage":"es","@id":"https:\/\/www.fraczinet.cl\/sitio\/2010\/04\/30\/cuerpo-militar-del-trabajo-administrara-700-empleos-para-los-tomecinos\/#primaryimage","url":"https:\/\/3.bp.blogspot.com\/_2S_RxGRVjis\/S9ofWuZUMmI\/AAAAAAAAOVg\/3QTlY8jsXxQ\/s400\/abril+314.jpg","contentUrl":"https:\/\/3.bp.blogspot.com\/_2S_RxGRVjis\/S9ofWuZUMmI\/AAAAAAAAOVg\/3QTlY8jsXxQ\/s400\/abril+314.jpg"},{"@type":"BreadcrumbList","@id":"https:\/\/www.fraczinet.cl\/sitio\/2010\/04\/30\/cuerpo-militar-del-trabajo-administrara-700-empleos-para-los-tomecinos\/#breadcrumb","itemListElement":[{"@type":"ListItem","position":1,"name":"Portada","item":"https:\/\/www.fraczinet.cl\/sitio\/"},{"@type":"ListItem","position":2,"name":"Cuerpo Militar Del Trabajo Administrar\u00e1 700 Empleos Para Los Tomecinos"}]},{"@type":"WebSite","@id":"https:\/\/www.fraczinet.cl\/sitio\/#website","url":"https:\/\/www.fraczinet.cl\/sitio\/","name":"Nuestro Bio B\u00edo","description":"Tierra de Encuentros","publisher":{"@id":"https:\/\/www.fraczinet.cl\/sitio\/#\/schema\/person\/aec8ee4da68df2b9b0eefdad24a0d582"},"potentialAction":[{"@type":"SearchAction","target":{"@type":"EntryPoint","urlTemplate":"https:\/\/www.fraczinet.cl\/sitio\/?s={search_term_string}"},"query-input":{"@type":"PropertyValueSpecification","valueRequired":true,"valueName":"search_term_string"}}],"inLanguage":"es"},{"@type":["Person","Organization"],"@id":"https:\/\/www.fraczinet.cl\/sitio\/#\/schema\/person\/aec8ee4da68df2b9b0eefdad24a0d582","name":"Luis Fernando Fraczinet","image":{"@type":"ImageObject","inLanguage":"es","@id":"https:\/\/www.fraczinet.cl\/sitio\/#\/schema\/person\/image\/","url":"https:\/\/www.fraczinet.cl\/sitio\/wp-content\/uploads\/2021\/07\/bannerlogo-1.gif","contentUrl":"https:\/\/www.fraczinet.cl\/sitio\/wp-content\/uploads\/2021\/07\/bannerlogo-1.gif","width":159,"height":79,"caption":"Luis Fernando Fraczinet"},"logo":{"@id":"https:\/\/www.fraczinet.cl\/sitio\/#\/schema\/person\/image\/"},"sameAs":["https:\/\/www.fraczinet.cl\/sitio\/"]},{"@type":"Person","@id":"https:\/\/www.fraczinet.cl\/sitio\/#\/schema\/person\/bc30f98e9cb10ae7e119dbe14bc93784","name":"admin","image":{"@type":"ImageObject","inLanguage":"es","@id":"https:\/\/www.fraczinet.cl\/sitio\/#\/schema\/person\/image\/","url":"https:\/\/secure.gravatar.com\/avatar\/d5ad3cf7ef3b23a2bb5be73be780c86b2fc8545c3ad6b149f3913ff458c00099?s=96&d=mm&r=g","contentUrl":"https:\/\/secure.gravatar.com\/avatar\/d5ad3cf7ef3b23a2bb5be73be780c86b2fc8545c3ad6b149f3913ff458c00099?s=96&d=mm&r=g","caption":"admin"},"sameAs":["https:\/\/www.fraczinet.cl\/sitio"]}]}},"_links":{"self":[{"href":"https:\/\/www.fraczinet.cl\/sitio\/wp-json\/wp\/v2\/posts\/5371","targetHints":{"allow":["GET"]}}],"collection":[{"href":"https:\/\/www.fraczinet.cl\/sitio\/wp-json\/wp\/v2\/posts"}],"about":[{"href":"https:\/\/www.fraczinet.cl\/sitio\/wp-json\/wp\/v2\/types\/post"}],"author":[{"embeddable":true,"href":"https:\/\/www.fraczinet.cl\/sitio\/wp-json\/wp\/v2\/users\/1"}],"replies":[{"embeddable":true,"href":"https:\/\/www.fraczinet.cl\/sitio\/wp-json\/wp\/v2\/comments?post=5371"}],"version-history":[{"count":1,"href":"https:\/\/www.fraczinet.cl\/sitio\/wp-json\/wp\/v2\/posts\/5371\/revisions"}],"predecessor-version":[{"id":14346,"href":"https:\/\/www.fraczinet.cl\/sitio\/wp-json\/wp\/v2\/posts\/5371\/revisions\/14346"}],"wp:attachment":[{"href":"https:\/\/www.fraczinet.cl\/sitio\/wp-json\/wp\/v2\/media?parent=5371"}],"wp:term":[{"taxonomy":"category","embeddable":true,"href":"https:\/\/www.fraczinet.cl\/sitio\/wp-json\/wp\/v2\/categories?post=5371"},{"taxonomy":"post_tag","embeddable":true,"href":"https:\/\/www.fraczinet.cl\/sitio\/wp-json\/wp\/v2\/tags?post=5371"}],"curies":[{"name":"wp","href":"https:\/\/api.w.org\/{rel}","templated":true}]}}