{"id":5381,"date":"2010-04-24T17:36:00","date_gmt":"2010-04-24T17:36:00","guid":{"rendered":"https:\/\/www.fraczinet.cl\/sitio\/2010\/04\/24\/arte-y-ciencia-de-eugenio-brito-artista-visual\/"},"modified":"2022-10-07T02:24:53","modified_gmt":"2022-10-07T02:24:53","slug":"arte-y-ciencia-de-eugenio-brito-artista-visual","status":"publish","type":"post","link":"https:\/\/www.fraczinet.cl\/sitio\/2010\/04\/24\/arte-y-ciencia-de-eugenio-brito-artista-visual\/","title":{"rendered":"Arte Y Ciencia De Eugenio Brito, Artista Visual"},"content":{"rendered":"<div style=\"text-align: justify;\"><a href=\"http:\/\/1.bp.blogspot.com\/_2S_RxGRVjis\/S9M7a5K0SnI\/AAAAAAAAOT4\/-GEOr3wbZU0\/s1600\/Eugenio_Brito_Moviles_EB143.jpg\"><img decoding=\"async\" id=\"BLOGGER_PHOTO_ID_5463776106139372146\" style=\"cursor: pointer; float: left; height: 163px; margin: 0 10px 10px 0; width: 143px;\" src=\"https:\/\/1.bp.blogspot.com\/_2S_RxGRVjis\/S9M7a5K0SnI\/AAAAAAAAOT4\/-GEOr3wbZU0\/s200\/Eugenio_Brito_Moviles_EB143.jpg\" alt=\"\" border=\"0\" \/><\/a>No concibo al artista encasillado en una sola disciplina, ni en un solo medio de expresi\u00f3n. Creo que este debe experimentar y viajar por distintos medios seg\u00fan sea lo que quiera expresar y seg\u00fan sea a donde quiere apuntar.<\/div>\n<div style=\"text-align: justify;\"><\/div>\n<div style=\"text-align: justify;\">Creo que la idea de las \u201cseries\u201d es el mejor modo para desarrollar lo antes mencionado, pues se toma un concepto, una idea y se trabaja en ella hasta profundizar dicho concepto y dicha idea, sin que por ello no se pueda dejar descansar para posteriormente retomar y seguir ahondando en el tema.<\/div>\n<div style=\"text-align: justify;\"><\/div>\n<div style=\"text-align: justify;\">Creo que el artista debe ser inquieto y diverso, pero sin perder la fuerza en lo que quiere decir y expresar.<\/div>\n<div style=\"text-align: justify;\"><\/div>\n<div style=\"text-align: justify;\">En lo personal, creo en una simbiosis del arte con la ciencia, desde el punto de vista de la fenomenolog\u00eda, es decir, el estudio de los fen\u00f3menos naturales; en donde el sol, el viento, el agua, etc., pueden ser nuestro punto de partida: en otras palabras la energ\u00eda.<\/div>\n<div style=\"text-align: justify;\"><\/div>\n<div style=\"text-align: justify;\">Eugenio Brito Figueroa.<\/div>\n<div style=\"text-align: justify;\"><\/div>\n<div style=\"text-align: justify;\"><\/div>\n<div style=\"text-align: justify;\"><\/div>\n<div style=\"text-align: justify;\"><a style=\"clear: left; float: left; margin-bottom: 1em; margin-right: 1em;\" href=\"http:\/\/2.bp.blogspot.com\/_2S_RxGRVjis\/S9M1YxRVJkI\/AAAAAAAAOTo\/TyN2v0xyzV0\/s1600\/Eugenio_Brito_La_Procesion_de_los_guer.jpg\"><img decoding=\"async\" id=\"BLOGGER_PHOTO_ID_5463769472589702722\" style=\"height: 175px; width: 400px;\" src=\"https:\/\/2.bp.blogspot.com\/_2S_RxGRVjis\/S9M1YxRVJkI\/AAAAAAAAOTo\/TyN2v0xyzV0\/s400\/Eugenio_Brito_La_Procesion_de_los_guer.jpg\" alt=\"\" border=\"0\" \/><\/a>Eugenio brito figueroa nace un 17 de julio de 1971, en Vi\u00f1a del Mar. Estudia Arquitectura en la Universidad del Bio B\u00edo. Participa del Seminario Internacional Recuperaci\u00f3n del Patrimonio, en septiembre del 2006, organizado por la Universidad del Bio B\u00edo y la Universidad de Sevilla, Espa\u00f1a.<\/div>\n<div style=\"text-align: justify;\"><\/div>\n<div style=\"text-align: justify;\">Cursa de fotograf\u00eda an\u00e1loga y digital dictado por la Universidad del Desarrollo, en el a\u00f1o 2006. Participa del Seminario \u201cArte y Naturaleza\u201d realizado por la Escuela de Arte de la Universidad de Concepci\u00f3n en marzo del 2000, del Seminario \u201cArquitectura y Modernidad Apropiada en Latino Am\u00e9rica\u201d, Escuela de Arquitectura Universidad del Bio B\u00edo en 1993. Tambi\u00e9n en el Seminario \u201cArte y Creatividad\u201d, Escuela de Arquitectura de la Universidad del Bio B\u00edo, 1992.<\/div>\n<div style=\"text-align: justify;\"><\/div>\n<div style=\"text-align: justify;\"><span style=\"font-weight: bold;\">Actividades, Exposiciones y Concursos.<\/span><\/div>\n<div style=\"text-align: justify;\"><\/div>\n<div style=\"text-align: justify;\">Colocaci\u00f3n Placa Recordatorio y Restauraci\u00f3n Mural \u201cLas Tres Pascualas\u201d del artista Eugenio Brito Honorato, Galer\u00eda Universitaria, Concepci\u00f3n. Proyecto FAICC (Fondo de Apoyo a Iniciativas Culturales Comunales), Ilustre Municipalidad de Concepci\u00f3n.<\/div>\n<div style=\"text-align: justify;\"><\/div>\n<div style=\"text-align: justify;\">Conferencia \u201cArte y Ciencia: Modelos de la Realidad\u201d, dictada para el programa Cultura Arquitect\u00f3nica de la Escuela de Arquitectura de la Universidad San Sebasti\u00e1n, Concepci\u00f3n, octubre de 2009.<\/div>\n<div style=\"text-align: justify;\"><\/div>\n<div style=\"text-align: justify;\">Dise\u00f1o, construcci\u00f3n e instalaci\u00f3n \u201cMovil\u201d (Instalaci\u00f3n Art\u00edstica) Cl\u00ednica Universitaria de Concepci\u00f3n, Concepci\u00f3n, octubre 2009.<\/div>\n<div style=\"text-align: justify;\"><\/div>\n<div style=\"text-align: justify;\">Profesor Taller de Escultura en Metal II temporada 2009, Corporaci\u00f3n Cultural Balmaceda Arte Joven, Concepci\u00f3n, Regi\u00f3n del Bio B\u00edo.<\/div>\n<div style=\"text-align: justify;\"><\/div>\n<div style=\"text-align: justify;\">Participaci\u00f3n Mural 50 a\u00f1os Artistas del Acero, nueva sede O\u2019Higgins 1255 Concepci\u00f3n, noviembre 2008.<\/div>\n<div style=\"text-align: justify;\"><a style=\"clear: left; float: left; margin-bottom: 1em; margin-right: 1em;\" href=\"http:\/\/1.bp.blogspot.com\/_2S_RxGRVjis\/S9M7kP8jNEI\/AAAAAAAAOUA\/YUO16HzHK1w\/s1600\/Eugenio_Brito_Moviles_EB_Inst.jpg\"><img decoding=\"async\" id=\"BLOGGER_PHOTO_ID_5463776266872370242\" style=\"float: left; height: 200px; margin: 0px 10px 10px 0px; width: 134px;\" src=\"https:\/\/1.bp.blogspot.com\/_2S_RxGRVjis\/S9M7kP8jNEI\/AAAAAAAAOUA\/YUO16HzHK1w\/s200\/Eugenio_Brito_Moviles_EB_Inst.jpg\" alt=\"\" border=\"0\" \/><\/a><\/div>\n<div style=\"text-align: justify;\">Exposici\u00f3n \u201cSeries\u201d, pintura, escultura, m\u00f3viles, acidulaci\u00f3n sobre metal. Galer\u00eda Pencopolitano, septiembre-octubre 2008.<\/div>\n<div style=\"text-align: justify;\"><\/div>\n<div style=\"text-align: justify;\">Galer\u00eda de los Ocho, invitado en escultura \u201cm\u00f3viles\u201d abril del 2008.<\/div>\n<div style=\"text-align: justify;\"><\/div>\n<div style=\"text-align: justify;\">Galer\u00eda de los Ocho, invitado en escultura, septiembre del 2007.<\/div>\n<div style=\"text-align: justify;\"><\/div>\n<div style=\"text-align: justify;\">Galer\u00eda de los Ocho, invitado en escultura, mayo del 2007.<\/div>\n<div style=\"text-align: justify;\"><\/div>\n<div style=\"text-align: justify;\">Colectiva \u201cSillas Intervenidas\u201d, Sala Blanco, Concepci\u00f3n, marzo del 2007.<\/div>\n<div style=\"text-align: justify;\"><\/div>\n<div style=\"text-align: justify;\">Arte al Limite, Galer\u00eda Matthei, Santiago, noviembre del 2006.<\/div>\n<div style=\"text-align: justify;\"><\/div>\n<div style=\"text-align: justify;\">Intervenciones e instalaciones, Palacio Castell\u00f3n de Concepci\u00f3n, marzo del 2006.<\/div>\n<div style=\"text-align: justify;\"><\/div>\n<div style=\"text-align: justify;\">Concurso de escultura \u201cEmpresa y Responsabilidad Social en la Regi\u00f3n\u201d, organizado por CIDERE Bio B\u00edo, octubre del 2005.<\/div>\n<div style=\"text-align: justify;\"><\/div>\n<div style=\"text-align: justify;\">Colectiva de escultura peque\u00f1o formato, Galer\u00eda Artespacio, junio 2003.<\/div>\n<div style=\"text-align: justify;\"><\/div>\n<div style=\"text-align: justify;\">Colectiva de escultura peque\u00f1o formato, Galer\u00eda Artespacio, junio 2002.<\/div>\n<div style=\"text-align: justify;\"><\/div>\n<div style=\"text-align: justify;\">XVIII Hipermercart de pintura y escultura, Sala Vin\u00e7on, Barcelona-Espa\u00f1a, diciembre del 2001 a enero del 2002.<\/div>\n<div style=\"text-align: justify;\"><\/div>\n<div style=\"text-align: justify;\">Colectiva de escultura peque\u00f1o formato, Galer\u00eda Artespacio, junio 2001.<\/div>\n<div style=\"text-align: justify;\"><\/div>\n<div style=\"text-align: justify;\">Concurso de escultura joven, Galer\u00eda Artespacio y Fundaci\u00f3n Telef\u00f3nica, Santiago julio del 2000.<\/div>\n<div style=\"text-align: justify;\"><\/div>\n<div style=\"text-align: justify;\">Colectiva de pintura y escultura, Edificio Corporativo LAN, Santiago, diciembre de 1999.<\/div>\n<div style=\"text-align: justify;\"><\/div>\n<div style=\"text-align: justify;\">Taller Abierto \u201cCompa\u00f1\u00eda 2646\u201d, Santiago noviembre de 1999.<\/div>\n<div style=\"text-align: justify;\"><\/div>\n<div style=\"text-align: justify;\">Concurso por invitaci\u00f3n escultura flotante laguna Lo Galindo, autopista Concepci\u00f3n-Talcahuano, organizado por el MOP y la Comisi\u00f3n Nemesio Ant\u00fanez, septiembre de 1999. Menci\u00f3n de Honor.<\/div>\n<div style=\"text-align: justify;\"><\/div>\n<div style=\"text-align: justify;\">Segunda Bienal Urbana \u201cArte Industria\u201d, intercomuna del gran Concepci\u00f3n, julio de 1999. Menci\u00f3n de Honor.<\/div>\n<div style=\"text-align: justify;\"><\/div>\n<div style=\"text-align: justify;\">Concurso Nacional de escultura urbana \u201cPuente Llacol\u00e9n\u201d, organizado por el MOP y la Comisi\u00f3n Nemesio Ant\u00fanez, marzo de 1999. Menci\u00f3n de Honor.<\/div>\n<div style=\"text-align: justify;\"><\/div>\n<div style=\"text-align: justify;\">Colectiva de pintura y escultura Centro Cultural Winnipeg, Valpara\u00edso, septiembre de 1998.<\/div>\n<div style=\"text-align: justify;\"><\/div>\n<div style=\"text-align: justify;\">Seleccionado concurso de Becas \u201cAmigos del Arte\u201d, Santiago junio de 1997.<\/div>\n<div style=\"text-align: justify;\"><\/div>\n<div style=\"text-align: justify;\">Exposici\u00f3n de esculturas \u201cLa Guerra contra el Reino del Tiempo\u201d, Sala Universitaria Concepci\u00f3n, junio 1997.<\/div>\n<div style=\"text-align: justify;\"><\/div>\n<div style=\"text-align: justify;\">Exposici\u00f3n de pinturas Sala Artistas del Acero, Concepci\u00f3n junio de 1996.<\/div>\n<div style=\"text-align: justify;\"><\/div>\n<div style=\"text-align: justify;\">Taller abierto \u201cTaller Bajo Techo\u201d, pintura y escultura, diciembre de 1995.<\/div>\n<div style=\"text-align: justify;\"><\/div>\n<div style=\"text-align: justify;\">Exposici\u00f3n de pinturas \u201cEl Maldito Laberinto\u201d, Sala Universitaria, Concepci\u00f3n octubre de 1995.<\/div>\n<div style=\"text-align: justify;\"><\/div>\n<div style=\"text-align: justify;\">Exposici\u00f3n de pinturas Sala Mall Plaza del Tr\u00e9bol Concepci\u00f3n, agosto de 1995.<\/div>\n<div style=\"text-align: justify;\"><\/div>\n<div style=\"text-align: justify;\">Exposici\u00f3n colectiva de pinturas Taller Bajo Techo, Sala Municipal de Concepci\u00f3n, junio de 1995.<\/div>\n<div style=\"text-align: justify;\"><\/div>\n<div style=\"text-align: justify;\">Concurso Nacional de pintura \u201cValdivia y su R\u00edo\u201d, muestra itinerante, enero de 1995.<\/div>\n<div style=\"text-align: justify;\"><\/div>\n<div style=\"text-align: justify;\">Concurso Nacional de pintura \u201cExpoarte\u201d Talca, septiembre de 1994.<\/div>\n<div style=\"text-align: justify;\"><a style=\"clear: right; float: right; margin-bottom: 1em; margin-left: 1em;\" href=\"http:\/\/4.bp.blogspot.com\/_2S_RxGRVjis\/S9M740DzjmI\/AAAAAAAAOUI\/YYD7AdxjP4A\/s1600\/Eugenio_Brito_Moviles143.jpg\"><img decoding=\"async\" id=\"BLOGGER_PHOTO_ID_5463776620163862114\" style=\"float: left; height: 197px; margin: 0px 10px 10px 0px; width: 143px;\" src=\"https:\/\/4.bp.blogspot.com\/_2S_RxGRVjis\/S9M740DzjmI\/AAAAAAAAOUI\/YYD7AdxjP4A\/s200\/Eugenio_Brito_Moviles143.jpg\" alt=\"\" border=\"0\" \/><\/a><\/div>\n<div style=\"text-align: justify;\">IV Bienal Nacional de pintura y grabado, Pinacoteca de la Universidad de Concepci\u00f3n y Centro de Extensi\u00f3n de la Pontificia Universidad Cat\u00f3lica de Chile, octubre de 1994 y diciembre de 1994.<\/div>\n<div style=\"text-align: justify;\"><\/div>\n<div style=\"text-align: justify;\">Exposici\u00f3n colectiva aniversario Escuela de Derecho de la Universidad de Concepci\u00f3n, septiembre de 1993.<\/div>\n<div style=\"text-align: justify;\"><\/div>\n<div style=\"text-align: justify;\">III Bienal de Arte Joven de Valpara\u00edso de pintura y escultura, julio de 1993.<\/div>\n<div style=\"text-align: justify;\"><\/div>\n<div style=\"text-align: justify;\">Exposici\u00f3n colectiva alumnos Escuela de Arquitectura Universidad del Bio B\u00edo, mayo de 1993.<\/div>\n<div style=\"text-align: justify;\"><\/div>\n<div style=\"text-align: justify;\">Exposiciones anuales alumnos Artistas del Acero, periodo de 1981 a 1988.<\/div>\n<div style=\"text-align: justify;\"><\/div>\n<div style=\"text-align: justify;\">Segundo lugar Concurso Regional de pintura infantil, organizado por CONAF,<\/div>\n<div style=\"text-align: justify;\">1981.<\/div>\n<div style=\"text-align: justify;\"><\/div>\n<div style=\"text-align: justify;\"><span style=\"font-weight: bold;\">Otras Actividades.<\/span><\/div>\n<div style=\"text-align: justify;\"><\/div>\n<div style=\"text-align: justify;\">Ha realizado dise\u00f1o de mobiliarios y cerrajer\u00eda art\u00edstica entre los a\u00f1os 1996 y 2009.<\/div>\n<div style=\"text-align: justify;\"><\/div>\n<div style=\"text-align: justify;\">Ha realizado trabajos de restauraci\u00f3n en pinturas, tanto en \u00f3leo como en acr\u00edlico, entre los a\u00f1os 2000 hasta la fecha.<\/div>\n<div style=\"text-align: justify;\"><\/div>\n<div style=\"text-align: justify;\">Integr\u00f3 el taller y colectivo de arte \u201cLa Mina\u201d, en Barcelona-Espa\u00f1a, durante el periodo 2001-2002. (www.renatafaccenda.com\/mina\/)<\/div>\n<div style=\"text-align: justify;\"><\/div>\n<div style=\"text-align: justify;\">Asesor\u00eda art\u00edstica concurso de arquitectura Barrio C\u00edvico de Concepci\u00f3n, Estaci\u00f3n de FFCC de Concepci\u00f3n, enero de 2001.<\/div>\n<div style=\"text-align: justify;\"><\/div>\n<div style=\"text-align: justify;\">Dise\u00f1o de mobiliario Pub \u201cSanta Sangre\u201d, barrio Estaci\u00f3n Concepci\u00f3n, 1997.<\/div>\n<div style=\"text-align: justify;\"><\/div>\n<div style=\"text-align: justify;\">Dise\u00f1o de mobiliario Pub \u201cCari\u00f1o malo\u201d, barrio Estaci\u00f3n Concepci\u00f3n, 1996.<\/div>\n<div style=\"text-align: justify;\"><\/div>\n<div style=\"text-align: justify;\"><a style=\"clear: left; float: left; margin-bottom: 1em; margin-right: 1em;\" href=\"http:\/\/1.bp.blogspot.com\/_2S_RxGRVjis\/S9M1i1PsMZI\/AAAAAAAAOTw\/BgVhEK6ueq4\/s1600\/Eugenio_Brito_El+laberinto440.jpg\"><img decoding=\"async\" id=\"BLOGGER_PHOTO_ID_5463769645455258002\" style=\"height: 395px; width: 400px;\" src=\"https:\/\/1.bp.blogspot.com\/_2S_RxGRVjis\/S9M1i1PsMZI\/AAAAAAAAOTw\/BgVhEK6ueq4\/s400\/Eugenio_Brito_El+laberinto440.jpg\" alt=\"\" border=\"0\" \/><\/a><span style=\"font-weight: bold;\">Disciplinas y T\u00e9cnicas que domina.<\/span><\/div>\n<div style=\"text-align: justify;\"><\/div>\n<div style=\"text-align: justify;\">En Pintura: Acr\u00edlico, \u00f3leo y t\u00e9cnicas mixtas sobre diversos soportes.<\/div>\n<div style=\"text-align: justify;\"><\/div>\n<div style=\"text-align: justify;\">En Cer\u00e1mica: Modelado y esmaltado.<\/div>\n<div style=\"text-align: justify;\"><\/div>\n<div style=\"text-align: justify;\">En Mosaico: teselas, baldosas, piedras y elementos diversos.<\/div>\n<div style=\"text-align: justify;\"><\/div>\n<div style=\"text-align: justify;\">En Escultura Acero: Soldadura MIG y TIG, oxicorte, laminaci\u00f3n, forja, acidulaci\u00f3n (oxidaci\u00f3n artificial).<\/div>\n<div style=\"text-align: justify;\"><\/div>\n<div style=\"text-align: justify;\">En Escultura Bronce (l\u00e1mina): Soldadura, corte y acidulaci\u00f3n (oxidaci\u00f3n artificial).<\/div>\n<div style=\"text-align: justify;\"><\/div>\n<div style=\"text-align: justify;\">En Escultura Madera: Talla, ensamblaje, patinas y tratamientos especiales.<\/div>\n<div style=\"text-align: justify;\"><\/div>\n<div style=\"text-align: justify;\">En Escultura Fibras Sint\u00e9ticas: Fibra de vidrio, resina ep\u00f3xica, resina poliuretano.<\/div>\n<div style=\"text-align: justify;\"><\/div>\n<div style=\"text-align: justify;\"><span style=\"font-weight: bold;\">Colecciones P\u00fablicas.<\/span><\/div>\n<div style=\"text-align: justify;\"><\/div>\n<div style=\"text-align: justify;\">Dos obras pict\u00f3ricas en la Universidad del Bio B\u00edo, en Concepci\u00f3n.<\/div>\n<div style=\"text-align: justify;\"><\/div>\n<div style=\"text-align: justify;\">Una obra pict\u00f3rica en la Universidad del Bio B\u00edo, sede Chill\u00e1n.<\/div>\n<div style=\"text-align: justify;\"><\/div>\n<div style=\"text-align: justify;\"><span style=\"font-weight: bold;\">Colecciones Particulares.<\/span><\/div>\n<div style=\"text-align: justify;\"><\/div>\n<div style=\"text-align: justify;\">Vi\u00f1a del Mar, Santiago, Concepci\u00f3n, Temuco, Valdivia. Chile.<\/div>\n<div style=\"text-align: justify;\"><\/div>\n<div style=\"text-align: justify;\">Londres. Inglaterra.<\/div>\n<div style=\"text-align: justify;\"><\/div>\n<div style=\"text-align: justify;\">Barcelona. Espa\u00f1a.<\/div>\n<div style=\"text-align: justify;\"><\/div>\n<div style=\"text-align: justify;\"><span style=\"font-weight: bold;\">Contacto<\/span>:<\/div>\n<div style=\"text-align: justify;\">Tel\u00e9fono: 09-96533829.<\/div>\n<div style=\"text-align: justify;\">E-Mail: ebritofigueroa@gmail.com<\/div>\n<div style=\"text-align: justify;\">Blog: <a href=\"http:\/\/www.eugeniobritof.blogspot.com\/\">www.eugeniobritof.blogspot.com <\/a><\/div>\n<div style=\"text-align: justify;\"><\/div>\n<div style=\"text-align: justify;\"><\/div>\n<div style=\"text-align: justify;\"><\/div>\n<div style=\"text-align: justify;\"><\/div>\n","protected":false},"excerpt":{"rendered":"<p>No concibo al artista encasillado en una sola disciplina, ni en un solo medio de expresi\u00f3n. Creo que este debe experimentar y viajar por distintos medios seg\u00fan sea lo que quiera expresar y seg\u00fan sea a donde quiere apuntar. Creo que la idea de las \u201cseries\u201d es el mejor modo para desarrollar lo antes mencionado, [&hellip;]<\/p>\n","protected":false},"author":1,"featured_media":14501,"comment_status":"open","ping_status":"open","sticky":false,"template":"","format":"standard","meta":{"footnotes":""},"categories":[68,42,30,239],"tags":[],"class_list":["post-5381","post","type-post","status-publish","format-standard","has-post-thumbnail","hentry","category-artes-visuales","category-concepcion","category-creadores","category-eugenio-brito"],"yoast_head":"<!-- This site is optimized with the Yoast SEO plugin v25.0 - https:\/\/yoast.com\/wordpress\/plugins\/seo\/ -->\n<title>Arte Y Ciencia De Eugenio Brito, Artista Visual - Nuestro Bio B\u00edo<\/title>\n<meta name=\"robots\" content=\"index, follow, max-snippet:-1, max-image-preview:large, max-video-preview:-1\" \/>\n<link rel=\"canonical\" href=\"https:\/\/www.fraczinet.cl\/sitio\/2010\/04\/24\/arte-y-ciencia-de-eugenio-brito-artista-visual\/\" \/>\n<meta property=\"og:locale\" content=\"es_ES\" \/>\n<meta property=\"og:type\" content=\"article\" \/>\n<meta property=\"og:title\" content=\"Arte Y Ciencia De Eugenio Brito, Artista Visual - Nuestro Bio B\u00edo\" \/>\n<meta property=\"og:description\" content=\"No concibo al artista encasillado en una sola disciplina, ni en un solo medio de expresi\u00f3n. Creo que este debe experimentar y viajar por distintos medios seg\u00fan sea lo que quiera expresar y seg\u00fan sea a donde quiere apuntar. Creo que la idea de las \u201cseries\u201d es el mejor modo para desarrollar lo antes mencionado, [&hellip;]\" \/>\n<meta property=\"og:url\" content=\"https:\/\/www.fraczinet.cl\/sitio\/2010\/04\/24\/arte-y-ciencia-de-eugenio-brito-artista-visual\/\" \/>\n<meta property=\"og:site_name\" content=\"Nuestro Bio B\u00edo\" \/>\n<meta property=\"article:published_time\" content=\"2010-04-24T17:36:00+00:00\" \/>\n<meta property=\"article:modified_time\" content=\"2022-10-07T02:24:53+00:00\" \/>\n<meta property=\"og:image\" content=\"https:\/\/www.fraczinet.cl\/sitio\/wp-content\/uploads\/2010\/04\/Eugenio_Brito_Moviles_EB_Inst.jpg\" \/>\n\t<meta property=\"og:image:width\" content=\"134\" \/>\n\t<meta property=\"og:image:height\" content=\"200\" \/>\n\t<meta property=\"og:image:type\" content=\"image\/jpeg\" \/>\n<meta name=\"author\" content=\"admin\" \/>\n<meta name=\"twitter:card\" content=\"summary_large_image\" \/>\n<meta name=\"twitter:creator\" content=\"@nuestrobiobio\" \/>\n<meta name=\"twitter:site\" content=\"@nuestrobiobio\" \/>\n<meta name=\"twitter:label1\" content=\"Escrito por\" \/>\n\t<meta name=\"twitter:data1\" content=\"admin\" \/>\n\t<meta name=\"twitter:label2\" content=\"Tiempo de lectura\" \/>\n\t<meta name=\"twitter:data2\" content=\"6 minutos\" \/>\n<script type=\"application\/ld+json\" class=\"yoast-schema-graph\">{\"@context\":\"https:\/\/schema.org\",\"@graph\":[{\"@type\":\"Article\",\"@id\":\"https:\/\/www.fraczinet.cl\/sitio\/2010\/04\/24\/arte-y-ciencia-de-eugenio-brito-artista-visual\/#article\",\"isPartOf\":{\"@id\":\"https:\/\/www.fraczinet.cl\/sitio\/2010\/04\/24\/arte-y-ciencia-de-eugenio-brito-artista-visual\/\"},\"author\":{\"name\":\"admin\",\"@id\":\"https:\/\/www.fraczinet.cl\/sitio\/#\/schema\/person\/bc30f98e9cb10ae7e119dbe14bc93784\"},\"headline\":\"Arte Y Ciencia De Eugenio Brito, Artista Visual\",\"datePublished\":\"2010-04-24T17:36:00+00:00\",\"dateModified\":\"2022-10-07T02:24:53+00:00\",\"mainEntityOfPage\":{\"@id\":\"https:\/\/www.fraczinet.cl\/sitio\/2010\/04\/24\/arte-y-ciencia-de-eugenio-brito-artista-visual\/\"},\"wordCount\":1141,\"commentCount\":0,\"publisher\":{\"@id\":\"https:\/\/www.fraczinet.cl\/sitio\/#\/schema\/person\/aec8ee4da68df2b9b0eefdad24a0d582\"},\"image\":{\"@id\":\"https:\/\/www.fraczinet.cl\/sitio\/2010\/04\/24\/arte-y-ciencia-de-eugenio-brito-artista-visual\/#primaryimage\"},\"thumbnailUrl\":\"https:\/\/www.fraczinet.cl\/sitio\/wp-content\/uploads\/2010\/04\/Eugenio_Brito_Moviles_EB_Inst.jpg\",\"articleSection\":[\"Artes Visuales\",\"Concepci\u00f3n\",\"Creadores\",\"Eugenio Brito\"],\"inLanguage\":\"es\",\"potentialAction\":[{\"@type\":\"CommentAction\",\"name\":\"Comment\",\"target\":[\"https:\/\/www.fraczinet.cl\/sitio\/2010\/04\/24\/arte-y-ciencia-de-eugenio-brito-artista-visual\/#respond\"]}]},{\"@type\":\"WebPage\",\"@id\":\"https:\/\/www.fraczinet.cl\/sitio\/2010\/04\/24\/arte-y-ciencia-de-eugenio-brito-artista-visual\/\",\"url\":\"https:\/\/www.fraczinet.cl\/sitio\/2010\/04\/24\/arte-y-ciencia-de-eugenio-brito-artista-visual\/\",\"name\":\"Arte Y Ciencia De Eugenio Brito, Artista Visual - Nuestro Bio B\u00edo\",\"isPartOf\":{\"@id\":\"https:\/\/www.fraczinet.cl\/sitio\/#website\"},\"primaryImageOfPage\":{\"@id\":\"https:\/\/www.fraczinet.cl\/sitio\/2010\/04\/24\/arte-y-ciencia-de-eugenio-brito-artista-visual\/#primaryimage\"},\"image\":{\"@id\":\"https:\/\/www.fraczinet.cl\/sitio\/2010\/04\/24\/arte-y-ciencia-de-eugenio-brito-artista-visual\/#primaryimage\"},\"thumbnailUrl\":\"https:\/\/www.fraczinet.cl\/sitio\/wp-content\/uploads\/2010\/04\/Eugenio_Brito_Moviles_EB_Inst.jpg\",\"datePublished\":\"2010-04-24T17:36:00+00:00\",\"dateModified\":\"2022-10-07T02:24:53+00:00\",\"breadcrumb\":{\"@id\":\"https:\/\/www.fraczinet.cl\/sitio\/2010\/04\/24\/arte-y-ciencia-de-eugenio-brito-artista-visual\/#breadcrumb\"},\"inLanguage\":\"es\",\"potentialAction\":[{\"@type\":\"ReadAction\",\"target\":[\"https:\/\/www.fraczinet.cl\/sitio\/2010\/04\/24\/arte-y-ciencia-de-eugenio-brito-artista-visual\/\"]}]},{\"@type\":\"ImageObject\",\"inLanguage\":\"es\",\"@id\":\"https:\/\/www.fraczinet.cl\/sitio\/2010\/04\/24\/arte-y-ciencia-de-eugenio-brito-artista-visual\/#primaryimage\",\"url\":\"https:\/\/www.fraczinet.cl\/sitio\/wp-content\/uploads\/2010\/04\/Eugenio_Brito_Moviles_EB_Inst.jpg\",\"contentUrl\":\"https:\/\/www.fraczinet.cl\/sitio\/wp-content\/uploads\/2010\/04\/Eugenio_Brito_Moviles_EB_Inst.jpg\",\"width\":134,\"height\":200},{\"@type\":\"BreadcrumbList\",\"@id\":\"https:\/\/www.fraczinet.cl\/sitio\/2010\/04\/24\/arte-y-ciencia-de-eugenio-brito-artista-visual\/#breadcrumb\",\"itemListElement\":[{\"@type\":\"ListItem\",\"position\":1,\"name\":\"Portada\",\"item\":\"https:\/\/www.fraczinet.cl\/sitio\/\"},{\"@type\":\"ListItem\",\"position\":2,\"name\":\"Arte Y Ciencia De Eugenio Brito, Artista Visual\"}]},{\"@type\":\"WebSite\",\"@id\":\"https:\/\/www.fraczinet.cl\/sitio\/#website\",\"url\":\"https:\/\/www.fraczinet.cl\/sitio\/\",\"name\":\"Nuestro Bio B\u00edo\",\"description\":\"Tierra de Encuentros\",\"publisher\":{\"@id\":\"https:\/\/www.fraczinet.cl\/sitio\/#\/schema\/person\/aec8ee4da68df2b9b0eefdad24a0d582\"},\"potentialAction\":[{\"@type\":\"SearchAction\",\"target\":{\"@type\":\"EntryPoint\",\"urlTemplate\":\"https:\/\/www.fraczinet.cl\/sitio\/?s={search_term_string}\"},\"query-input\":{\"@type\":\"PropertyValueSpecification\",\"valueRequired\":true,\"valueName\":\"search_term_string\"}}],\"inLanguage\":\"es\"},{\"@type\":[\"Person\",\"Organization\"],\"@id\":\"https:\/\/www.fraczinet.cl\/sitio\/#\/schema\/person\/aec8ee4da68df2b9b0eefdad24a0d582\",\"name\":\"Luis Fernando Fraczinet\",\"image\":{\"@type\":\"ImageObject\",\"inLanguage\":\"es\",\"@id\":\"https:\/\/www.fraczinet.cl\/sitio\/#\/schema\/person\/image\/\",\"url\":\"https:\/\/www.fraczinet.cl\/sitio\/wp-content\/uploads\/2021\/07\/bannerlogo-1.gif\",\"contentUrl\":\"https:\/\/www.fraczinet.cl\/sitio\/wp-content\/uploads\/2021\/07\/bannerlogo-1.gif\",\"width\":159,\"height\":79,\"caption\":\"Luis Fernando Fraczinet\"},\"logo\":{\"@id\":\"https:\/\/www.fraczinet.cl\/sitio\/#\/schema\/person\/image\/\"},\"sameAs\":[\"https:\/\/www.fraczinet.cl\/sitio\/\"]},{\"@type\":\"Person\",\"@id\":\"https:\/\/www.fraczinet.cl\/sitio\/#\/schema\/person\/bc30f98e9cb10ae7e119dbe14bc93784\",\"name\":\"admin\",\"image\":{\"@type\":\"ImageObject\",\"inLanguage\":\"es\",\"@id\":\"https:\/\/www.fraczinet.cl\/sitio\/#\/schema\/person\/image\/\",\"url\":\"https:\/\/secure.gravatar.com\/avatar\/d5ad3cf7ef3b23a2bb5be73be780c86b2fc8545c3ad6b149f3913ff458c00099?s=96&d=mm&r=g\",\"contentUrl\":\"https:\/\/secure.gravatar.com\/avatar\/d5ad3cf7ef3b23a2bb5be73be780c86b2fc8545c3ad6b149f3913ff458c00099?s=96&d=mm&r=g\",\"caption\":\"admin\"},\"sameAs\":[\"https:\/\/www.fraczinet.cl\/sitio\"]}]}<\/script>\n<!-- \/ Yoast SEO plugin. -->","yoast_head_json":{"title":"Arte Y Ciencia De Eugenio Brito, Artista Visual - Nuestro Bio B\u00edo","robots":{"index":"index","follow":"follow","max-snippet":"max-snippet:-1","max-image-preview":"max-image-preview:large","max-video-preview":"max-video-preview:-1"},"canonical":"https:\/\/www.fraczinet.cl\/sitio\/2010\/04\/24\/arte-y-ciencia-de-eugenio-brito-artista-visual\/","og_locale":"es_ES","og_type":"article","og_title":"Arte Y Ciencia De Eugenio Brito, Artista Visual - Nuestro Bio B\u00edo","og_description":"No concibo al artista encasillado en una sola disciplina, ni en un solo medio de expresi\u00f3n. Creo que este debe experimentar y viajar por distintos medios seg\u00fan sea lo que quiera expresar y seg\u00fan sea a donde quiere apuntar. Creo que la idea de las \u201cseries\u201d es el mejor modo para desarrollar lo antes mencionado, [&hellip;]","og_url":"https:\/\/www.fraczinet.cl\/sitio\/2010\/04\/24\/arte-y-ciencia-de-eugenio-brito-artista-visual\/","og_site_name":"Nuestro Bio B\u00edo","article_published_time":"2010-04-24T17:36:00+00:00","article_modified_time":"2022-10-07T02:24:53+00:00","og_image":[{"width":134,"height":200,"url":"https:\/\/www.fraczinet.cl\/sitio\/wp-content\/uploads\/2010\/04\/Eugenio_Brito_Moviles_EB_Inst.jpg","type":"image\/jpeg"}],"author":"admin","twitter_card":"summary_large_image","twitter_creator":"@nuestrobiobio","twitter_site":"@nuestrobiobio","twitter_misc":{"Escrito por":"admin","Tiempo de lectura":"6 minutos"},"schema":{"@context":"https:\/\/schema.org","@graph":[{"@type":"Article","@id":"https:\/\/www.fraczinet.cl\/sitio\/2010\/04\/24\/arte-y-ciencia-de-eugenio-brito-artista-visual\/#article","isPartOf":{"@id":"https:\/\/www.fraczinet.cl\/sitio\/2010\/04\/24\/arte-y-ciencia-de-eugenio-brito-artista-visual\/"},"author":{"name":"admin","@id":"https:\/\/www.fraczinet.cl\/sitio\/#\/schema\/person\/bc30f98e9cb10ae7e119dbe14bc93784"},"headline":"Arte Y Ciencia De Eugenio Brito, Artista Visual","datePublished":"2010-04-24T17:36:00+00:00","dateModified":"2022-10-07T02:24:53+00:00","mainEntityOfPage":{"@id":"https:\/\/www.fraczinet.cl\/sitio\/2010\/04\/24\/arte-y-ciencia-de-eugenio-brito-artista-visual\/"},"wordCount":1141,"commentCount":0,"publisher":{"@id":"https:\/\/www.fraczinet.cl\/sitio\/#\/schema\/person\/aec8ee4da68df2b9b0eefdad24a0d582"},"image":{"@id":"https:\/\/www.fraczinet.cl\/sitio\/2010\/04\/24\/arte-y-ciencia-de-eugenio-brito-artista-visual\/#primaryimage"},"thumbnailUrl":"https:\/\/www.fraczinet.cl\/sitio\/wp-content\/uploads\/2010\/04\/Eugenio_Brito_Moviles_EB_Inst.jpg","articleSection":["Artes Visuales","Concepci\u00f3n","Creadores","Eugenio Brito"],"inLanguage":"es","potentialAction":[{"@type":"CommentAction","name":"Comment","target":["https:\/\/www.fraczinet.cl\/sitio\/2010\/04\/24\/arte-y-ciencia-de-eugenio-brito-artista-visual\/#respond"]}]},{"@type":"WebPage","@id":"https:\/\/www.fraczinet.cl\/sitio\/2010\/04\/24\/arte-y-ciencia-de-eugenio-brito-artista-visual\/","url":"https:\/\/www.fraczinet.cl\/sitio\/2010\/04\/24\/arte-y-ciencia-de-eugenio-brito-artista-visual\/","name":"Arte Y Ciencia De Eugenio Brito, Artista Visual - Nuestro Bio B\u00edo","isPartOf":{"@id":"https:\/\/www.fraczinet.cl\/sitio\/#website"},"primaryImageOfPage":{"@id":"https:\/\/www.fraczinet.cl\/sitio\/2010\/04\/24\/arte-y-ciencia-de-eugenio-brito-artista-visual\/#primaryimage"},"image":{"@id":"https:\/\/www.fraczinet.cl\/sitio\/2010\/04\/24\/arte-y-ciencia-de-eugenio-brito-artista-visual\/#primaryimage"},"thumbnailUrl":"https:\/\/www.fraczinet.cl\/sitio\/wp-content\/uploads\/2010\/04\/Eugenio_Brito_Moviles_EB_Inst.jpg","datePublished":"2010-04-24T17:36:00+00:00","dateModified":"2022-10-07T02:24:53+00:00","breadcrumb":{"@id":"https:\/\/www.fraczinet.cl\/sitio\/2010\/04\/24\/arte-y-ciencia-de-eugenio-brito-artista-visual\/#breadcrumb"},"inLanguage":"es","potentialAction":[{"@type":"ReadAction","target":["https:\/\/www.fraczinet.cl\/sitio\/2010\/04\/24\/arte-y-ciencia-de-eugenio-brito-artista-visual\/"]}]},{"@type":"ImageObject","inLanguage":"es","@id":"https:\/\/www.fraczinet.cl\/sitio\/2010\/04\/24\/arte-y-ciencia-de-eugenio-brito-artista-visual\/#primaryimage","url":"https:\/\/www.fraczinet.cl\/sitio\/wp-content\/uploads\/2010\/04\/Eugenio_Brito_Moviles_EB_Inst.jpg","contentUrl":"https:\/\/www.fraczinet.cl\/sitio\/wp-content\/uploads\/2010\/04\/Eugenio_Brito_Moviles_EB_Inst.jpg","width":134,"height":200},{"@type":"BreadcrumbList","@id":"https:\/\/www.fraczinet.cl\/sitio\/2010\/04\/24\/arte-y-ciencia-de-eugenio-brito-artista-visual\/#breadcrumb","itemListElement":[{"@type":"ListItem","position":1,"name":"Portada","item":"https:\/\/www.fraczinet.cl\/sitio\/"},{"@type":"ListItem","position":2,"name":"Arte Y Ciencia De Eugenio Brito, Artista Visual"}]},{"@type":"WebSite","@id":"https:\/\/www.fraczinet.cl\/sitio\/#website","url":"https:\/\/www.fraczinet.cl\/sitio\/","name":"Nuestro Bio B\u00edo","description":"Tierra de Encuentros","publisher":{"@id":"https:\/\/www.fraczinet.cl\/sitio\/#\/schema\/person\/aec8ee4da68df2b9b0eefdad24a0d582"},"potentialAction":[{"@type":"SearchAction","target":{"@type":"EntryPoint","urlTemplate":"https:\/\/www.fraczinet.cl\/sitio\/?s={search_term_string}"},"query-input":{"@type":"PropertyValueSpecification","valueRequired":true,"valueName":"search_term_string"}}],"inLanguage":"es"},{"@type":["Person","Organization"],"@id":"https:\/\/www.fraczinet.cl\/sitio\/#\/schema\/person\/aec8ee4da68df2b9b0eefdad24a0d582","name":"Luis Fernando Fraczinet","image":{"@type":"ImageObject","inLanguage":"es","@id":"https:\/\/www.fraczinet.cl\/sitio\/#\/schema\/person\/image\/","url":"https:\/\/www.fraczinet.cl\/sitio\/wp-content\/uploads\/2021\/07\/bannerlogo-1.gif","contentUrl":"https:\/\/www.fraczinet.cl\/sitio\/wp-content\/uploads\/2021\/07\/bannerlogo-1.gif","width":159,"height":79,"caption":"Luis Fernando Fraczinet"},"logo":{"@id":"https:\/\/www.fraczinet.cl\/sitio\/#\/schema\/person\/image\/"},"sameAs":["https:\/\/www.fraczinet.cl\/sitio\/"]},{"@type":"Person","@id":"https:\/\/www.fraczinet.cl\/sitio\/#\/schema\/person\/bc30f98e9cb10ae7e119dbe14bc93784","name":"admin","image":{"@type":"ImageObject","inLanguage":"es","@id":"https:\/\/www.fraczinet.cl\/sitio\/#\/schema\/person\/image\/","url":"https:\/\/secure.gravatar.com\/avatar\/d5ad3cf7ef3b23a2bb5be73be780c86b2fc8545c3ad6b149f3913ff458c00099?s=96&d=mm&r=g","contentUrl":"https:\/\/secure.gravatar.com\/avatar\/d5ad3cf7ef3b23a2bb5be73be780c86b2fc8545c3ad6b149f3913ff458c00099?s=96&d=mm&r=g","caption":"admin"},"sameAs":["https:\/\/www.fraczinet.cl\/sitio"]}]}},"_links":{"self":[{"href":"https:\/\/www.fraczinet.cl\/sitio\/wp-json\/wp\/v2\/posts\/5381","targetHints":{"allow":["GET"]}}],"collection":[{"href":"https:\/\/www.fraczinet.cl\/sitio\/wp-json\/wp\/v2\/posts"}],"about":[{"href":"https:\/\/www.fraczinet.cl\/sitio\/wp-json\/wp\/v2\/types\/post"}],"author":[{"embeddable":true,"href":"https:\/\/www.fraczinet.cl\/sitio\/wp-json\/wp\/v2\/users\/1"}],"replies":[{"embeddable":true,"href":"https:\/\/www.fraczinet.cl\/sitio\/wp-json\/wp\/v2\/comments?post=5381"}],"version-history":[{"count":1,"href":"https:\/\/www.fraczinet.cl\/sitio\/wp-json\/wp\/v2\/posts\/5381\/revisions"}],"predecessor-version":[{"id":14503,"href":"https:\/\/www.fraczinet.cl\/sitio\/wp-json\/wp\/v2\/posts\/5381\/revisions\/14503"}],"wp:featuredmedia":[{"embeddable":true,"href":"https:\/\/www.fraczinet.cl\/sitio\/wp-json\/wp\/v2\/media\/14501"}],"wp:attachment":[{"href":"https:\/\/www.fraczinet.cl\/sitio\/wp-json\/wp\/v2\/media?parent=5381"}],"wp:term":[{"taxonomy":"category","embeddable":true,"href":"https:\/\/www.fraczinet.cl\/sitio\/wp-json\/wp\/v2\/categories?post=5381"},{"taxonomy":"post_tag","embeddable":true,"href":"https:\/\/www.fraczinet.cl\/sitio\/wp-json\/wp\/v2\/tags?post=5381"}],"curies":[{"name":"wp","href":"https:\/\/api.w.org\/{rel}","templated":true}]}}