{"id":5394,"date":"2010-04-20T22:17:00","date_gmt":"2010-04-20T22:17:00","guid":{"rendered":"https:\/\/www.fraczinet.cl\/sitio\/2010\/04\/20\/en-dichato-se-construye-primera-escuela-modular-para-la-comuna\/"},"modified":"2022-10-06T23:13:56","modified_gmt":"2022-10-06T23:13:56","slug":"en-dichato-se-construye-primera-escuela-modular-para-la-comuna","status":"publish","type":"post","link":"https:\/\/www.fraczinet.cl\/sitio\/2010\/04\/20\/en-dichato-se-construye-primera-escuela-modular-para-la-comuna\/","title":{"rendered":"En Dichato Se Construye Primera Escuela Modular Para La Comuna"},"content":{"rendered":"<div style=\"clear: both; text-align: center;\"><a href=\"http:\/\/4.bp.blogspot.com\/_2S_RxGRVjis\/S84pIzZUIAI\/AAAAAAAAOQ4\/RNasY_ojj68\/s1600\/IMG_6353.jpg\" style=\"clear: left; float: left; margin-bottom: 1em; margin-right: 1em;\"><img decoding=\"async\" alt=\"\" border=\"0\" id=\"BLOGGER_PHOTO_ID_5462348629259067394\" src=\"https:\/\/4.bp.blogspot.com\/_2S_RxGRVjis\/S84pIzZUIAI\/AAAAAAAAOQ4\/RNasY_ojj68\/s400\/IMG_6353.jpg\" style=\"height: 262px; width: 400px;\" \/><\/a><\/div>\n<div style=\"text-align: justify;\">En pleno proceso de construcci\u00f3n se encuentra la primera Escuela Modular con la que ha sido beneficiada la comuna de Tom\u00e9. Ubicada en el sector de Villa Fresia, Dichato, este nuevo establecimiento recibir\u00e1 a 496 alumnos divididos en dos jornadas. <\/div>\n<div style=\"text-align: justify;\"><\/div>\n<div style=\"text-align: justify;\">Ocho m\u00f3dulos para salas de clases y cuatro m\u00f3dulos grandes para los ba\u00f1os, comedores y \u00e1rea administrativa, m\u00e1s \u00e1reas de paisajismos y juegos infantiles, es lo que componen a esta escuela de una inversi\u00f3n de 150 millones de pesos, donada por la empresa Renta Parck, y que estar\u00e1 completamente equipada con mobiliario, libros, \u00fatiles escolares, entre otros para los alumnos que podr\u00e1n iniciar sus clases el pr\u00f3ximo lunes 26 de abril.<\/div>\n<p><a href=\"http:\/\/3.bp.blogspot.com\/_2S_RxGRVjis\/S84pB12rihI\/AAAAAAAAOQw\/BXeXs4fz1_Q\/s1600\/IMG_6346.jpg\"><img decoding=\"async\" alt=\"\" border=\"0\" id=\"BLOGGER_PHOTO_ID_5462348509660023314\" src=\"https:\/\/3.bp.blogspot.com\/_2S_RxGRVjis\/S84pB12rihI\/AAAAAAAAOQw\/BXeXs4fz1_Q\/s400\/IMG_6346.jpg\" style=\"cursor: hand; cursor: pointer; height: 300px; width: 400px;\" \/><\/a><br \/><a href=\"http:\/\/3.bp.blogspot.com\/_2S_RxGRVjis\/S84orOqyjhI\/AAAAAAAAOQo\/pY1pX0d6gJs\/s1600\/IMG_6342.jpg\"><img decoding=\"async\" alt=\"\" border=\"0\" id=\"BLOGGER_PHOTO_ID_5462348121184046610\" src=\"https:\/\/3.bp.blogspot.com\/_2S_RxGRVjis\/S84orOqyjhI\/AAAAAAAAOQo\/pY1pX0d6gJs\/s400\/IMG_6342.jpg\" style=\"cursor: hand; cursor: pointer; height: 258px; width: 400px;\" \/><\/a><\/p>\n","protected":false},"excerpt":{"rendered":"<p>En pleno proceso de construcci\u00f3n se encuentra la primera Escuela Modular con la que ha sido beneficiada la comuna de Tom\u00e9. Ubicada en el sector de Villa Fresia, Dichato, este nuevo establecimiento recibir\u00e1 a 496 alumnos divididos en dos jornadas. Ocho m\u00f3dulos para salas de clases y cuatro m\u00f3dulos grandes para los ba\u00f1os, comedores y [&hellip;]<\/p>\n","protected":false},"author":1,"featured_media":0,"comment_status":"open","ping_status":"open","sticky":false,"template":"","format":"standard","meta":{"footnotes":""},"categories":[151],"tags":[],"class_list":["post-5394","post","type-post","status-publish","format-standard","hentry","category-educacion"],"yoast_head":"<!-- This site is optimized with the Yoast SEO plugin v25.0 - https:\/\/yoast.com\/wordpress\/plugins\/seo\/ -->\n<title>En Dichato Se Construye Primera Escuela Modular Para La Comuna - Nuestro Bio B\u00edo<\/title>\n<meta name=\"robots\" content=\"index, follow, max-snippet:-1, max-image-preview:large, max-video-preview:-1\" \/>\n<link rel=\"canonical\" href=\"https:\/\/www.fraczinet.cl\/sitio\/2010\/04\/20\/en-dichato-se-construye-primera-escuela-modular-para-la-comuna\/\" \/>\n<meta property=\"og:locale\" content=\"es_ES\" \/>\n<meta property=\"og:type\" content=\"article\" \/>\n<meta property=\"og:title\" content=\"En Dichato Se Construye Primera Escuela Modular Para La Comuna - Nuestro Bio B\u00edo\" \/>\n<meta property=\"og:description\" content=\"En pleno proceso de construcci\u00f3n se encuentra la primera Escuela Modular con la que ha sido beneficiada la comuna de Tom\u00e9. Ubicada en el sector de Villa Fresia, Dichato, este nuevo establecimiento recibir\u00e1 a 496 alumnos divididos en dos jornadas. Ocho m\u00f3dulos para salas de clases y cuatro m\u00f3dulos grandes para los ba\u00f1os, comedores y [&hellip;]\" \/>\n<meta property=\"og:url\" content=\"https:\/\/www.fraczinet.cl\/sitio\/2010\/04\/20\/en-dichato-se-construye-primera-escuela-modular-para-la-comuna\/\" \/>\n<meta property=\"og:site_name\" content=\"Nuestro Bio B\u00edo\" \/>\n<meta property=\"article:published_time\" content=\"2010-04-20T22:17:00+00:00\" \/>\n<meta property=\"article:modified_time\" content=\"2022-10-06T23:13:56+00:00\" \/>\n<meta property=\"og:image\" content=\"https:\/\/4.bp.blogspot.com\/_2S_RxGRVjis\/S84pIzZUIAI\/AAAAAAAAOQ4\/RNasY_ojj68\/s400\/IMG_6353.jpg\" \/>\n<meta name=\"author\" content=\"admin\" \/>\n<meta name=\"twitter:card\" content=\"summary_large_image\" \/>\n<meta name=\"twitter:creator\" content=\"@nuestrobiobio\" \/>\n<meta name=\"twitter:site\" content=\"@nuestrobiobio\" \/>\n<meta name=\"twitter:label1\" content=\"Escrito por\" \/>\n\t<meta name=\"twitter:data1\" content=\"admin\" \/>\n\t<meta name=\"twitter:label2\" content=\"Tiempo de lectura\" \/>\n\t<meta name=\"twitter:data2\" content=\"1 minuto\" \/>\n<script type=\"application\/ld+json\" class=\"yoast-schema-graph\">{\"@context\":\"https:\/\/schema.org\",\"@graph\":[{\"@type\":\"Article\",\"@id\":\"https:\/\/www.fraczinet.cl\/sitio\/2010\/04\/20\/en-dichato-se-construye-primera-escuela-modular-para-la-comuna\/#article\",\"isPartOf\":{\"@id\":\"https:\/\/www.fraczinet.cl\/sitio\/2010\/04\/20\/en-dichato-se-construye-primera-escuela-modular-para-la-comuna\/\"},\"author\":{\"name\":\"admin\",\"@id\":\"https:\/\/www.fraczinet.cl\/sitio\/#\/schema\/person\/bc30f98e9cb10ae7e119dbe14bc93784\"},\"headline\":\"En Dichato Se Construye Primera Escuela Modular Para La Comuna\",\"datePublished\":\"2010-04-20T22:17:00+00:00\",\"dateModified\":\"2022-10-06T23:13:56+00:00\",\"mainEntityOfPage\":{\"@id\":\"https:\/\/www.fraczinet.cl\/sitio\/2010\/04\/20\/en-dichato-se-construye-primera-escuela-modular-para-la-comuna\/\"},\"wordCount\":126,\"commentCount\":0,\"publisher\":{\"@id\":\"https:\/\/www.fraczinet.cl\/sitio\/#\/schema\/person\/aec8ee4da68df2b9b0eefdad24a0d582\"},\"image\":{\"@id\":\"https:\/\/www.fraczinet.cl\/sitio\/2010\/04\/20\/en-dichato-se-construye-primera-escuela-modular-para-la-comuna\/#primaryimage\"},\"thumbnailUrl\":\"https:\/\/4.bp.blogspot.com\/_2S_RxGRVjis\/S84pIzZUIAI\/AAAAAAAAOQ4\/RNasY_ojj68\/s400\/IMG_6353.jpg\",\"articleSection\":[\"Educaci\u00f3n\"],\"inLanguage\":\"es\",\"potentialAction\":[{\"@type\":\"CommentAction\",\"name\":\"Comment\",\"target\":[\"https:\/\/www.fraczinet.cl\/sitio\/2010\/04\/20\/en-dichato-se-construye-primera-escuela-modular-para-la-comuna\/#respond\"]}]},{\"@type\":\"WebPage\",\"@id\":\"https:\/\/www.fraczinet.cl\/sitio\/2010\/04\/20\/en-dichato-se-construye-primera-escuela-modular-para-la-comuna\/\",\"url\":\"https:\/\/www.fraczinet.cl\/sitio\/2010\/04\/20\/en-dichato-se-construye-primera-escuela-modular-para-la-comuna\/\",\"name\":\"En Dichato Se Construye Primera Escuela Modular Para La Comuna - Nuestro Bio B\u00edo\",\"isPartOf\":{\"@id\":\"https:\/\/www.fraczinet.cl\/sitio\/#website\"},\"primaryImageOfPage\":{\"@id\":\"https:\/\/www.fraczinet.cl\/sitio\/2010\/04\/20\/en-dichato-se-construye-primera-escuela-modular-para-la-comuna\/#primaryimage\"},\"image\":{\"@id\":\"https:\/\/www.fraczinet.cl\/sitio\/2010\/04\/20\/en-dichato-se-construye-primera-escuela-modular-para-la-comuna\/#primaryimage\"},\"thumbnailUrl\":\"https:\/\/4.bp.blogspot.com\/_2S_RxGRVjis\/S84pIzZUIAI\/AAAAAAAAOQ4\/RNasY_ojj68\/s400\/IMG_6353.jpg\",\"datePublished\":\"2010-04-20T22:17:00+00:00\",\"dateModified\":\"2022-10-06T23:13:56+00:00\",\"breadcrumb\":{\"@id\":\"https:\/\/www.fraczinet.cl\/sitio\/2010\/04\/20\/en-dichato-se-construye-primera-escuela-modular-para-la-comuna\/#breadcrumb\"},\"inLanguage\":\"es\",\"potentialAction\":[{\"@type\":\"ReadAction\",\"target\":[\"https:\/\/www.fraczinet.cl\/sitio\/2010\/04\/20\/en-dichato-se-construye-primera-escuela-modular-para-la-comuna\/\"]}]},{\"@type\":\"ImageObject\",\"inLanguage\":\"es\",\"@id\":\"https:\/\/www.fraczinet.cl\/sitio\/2010\/04\/20\/en-dichato-se-construye-primera-escuela-modular-para-la-comuna\/#primaryimage\",\"url\":\"https:\/\/4.bp.blogspot.com\/_2S_RxGRVjis\/S84pIzZUIAI\/AAAAAAAAOQ4\/RNasY_ojj68\/s400\/IMG_6353.jpg\",\"contentUrl\":\"https:\/\/4.bp.blogspot.com\/_2S_RxGRVjis\/S84pIzZUIAI\/AAAAAAAAOQ4\/RNasY_ojj68\/s400\/IMG_6353.jpg\"},{\"@type\":\"BreadcrumbList\",\"@id\":\"https:\/\/www.fraczinet.cl\/sitio\/2010\/04\/20\/en-dichato-se-construye-primera-escuela-modular-para-la-comuna\/#breadcrumb\",\"itemListElement\":[{\"@type\":\"ListItem\",\"position\":1,\"name\":\"Portada\",\"item\":\"https:\/\/www.fraczinet.cl\/sitio\/\"},{\"@type\":\"ListItem\",\"position\":2,\"name\":\"En Dichato Se Construye Primera Escuela Modular Para La Comuna\"}]},{\"@type\":\"WebSite\",\"@id\":\"https:\/\/www.fraczinet.cl\/sitio\/#website\",\"url\":\"https:\/\/www.fraczinet.cl\/sitio\/\",\"name\":\"Nuestro Bio B\u00edo\",\"description\":\"Tierra de Encuentros\",\"publisher\":{\"@id\":\"https:\/\/www.fraczinet.cl\/sitio\/#\/schema\/person\/aec8ee4da68df2b9b0eefdad24a0d582\"},\"potentialAction\":[{\"@type\":\"SearchAction\",\"target\":{\"@type\":\"EntryPoint\",\"urlTemplate\":\"https:\/\/www.fraczinet.cl\/sitio\/?s={search_term_string}\"},\"query-input\":{\"@type\":\"PropertyValueSpecification\",\"valueRequired\":true,\"valueName\":\"search_term_string\"}}],\"inLanguage\":\"es\"},{\"@type\":[\"Person\",\"Organization\"],\"@id\":\"https:\/\/www.fraczinet.cl\/sitio\/#\/schema\/person\/aec8ee4da68df2b9b0eefdad24a0d582\",\"name\":\"Luis Fernando Fraczinet\",\"image\":{\"@type\":\"ImageObject\",\"inLanguage\":\"es\",\"@id\":\"https:\/\/www.fraczinet.cl\/sitio\/#\/schema\/person\/image\/\",\"url\":\"https:\/\/www.fraczinet.cl\/sitio\/wp-content\/uploads\/2021\/07\/bannerlogo-1.gif\",\"contentUrl\":\"https:\/\/www.fraczinet.cl\/sitio\/wp-content\/uploads\/2021\/07\/bannerlogo-1.gif\",\"width\":159,\"height\":79,\"caption\":\"Luis Fernando Fraczinet\"},\"logo\":{\"@id\":\"https:\/\/www.fraczinet.cl\/sitio\/#\/schema\/person\/image\/\"},\"sameAs\":[\"https:\/\/www.fraczinet.cl\/sitio\/\"]},{\"@type\":\"Person\",\"@id\":\"https:\/\/www.fraczinet.cl\/sitio\/#\/schema\/person\/bc30f98e9cb10ae7e119dbe14bc93784\",\"name\":\"admin\",\"image\":{\"@type\":\"ImageObject\",\"inLanguage\":\"es\",\"@id\":\"https:\/\/www.fraczinet.cl\/sitio\/#\/schema\/person\/image\/\",\"url\":\"https:\/\/secure.gravatar.com\/avatar\/d5ad3cf7ef3b23a2bb5be73be780c86b2fc8545c3ad6b149f3913ff458c00099?s=96&d=mm&r=g\",\"contentUrl\":\"https:\/\/secure.gravatar.com\/avatar\/d5ad3cf7ef3b23a2bb5be73be780c86b2fc8545c3ad6b149f3913ff458c00099?s=96&d=mm&r=g\",\"caption\":\"admin\"},\"sameAs\":[\"https:\/\/www.fraczinet.cl\/sitio\"]}]}<\/script>\n<!-- \/ Yoast SEO plugin. -->","yoast_head_json":{"title":"En Dichato Se Construye Primera Escuela Modular Para La Comuna - Nuestro Bio B\u00edo","robots":{"index":"index","follow":"follow","max-snippet":"max-snippet:-1","max-image-preview":"max-image-preview:large","max-video-preview":"max-video-preview:-1"},"canonical":"https:\/\/www.fraczinet.cl\/sitio\/2010\/04\/20\/en-dichato-se-construye-primera-escuela-modular-para-la-comuna\/","og_locale":"es_ES","og_type":"article","og_title":"En Dichato Se Construye Primera Escuela Modular Para La Comuna - Nuestro Bio B\u00edo","og_description":"En pleno proceso de construcci\u00f3n se encuentra la primera Escuela Modular con la que ha sido beneficiada la comuna de Tom\u00e9. Ubicada en el sector de Villa Fresia, Dichato, este nuevo establecimiento recibir\u00e1 a 496 alumnos divididos en dos jornadas. Ocho m\u00f3dulos para salas de clases y cuatro m\u00f3dulos grandes para los ba\u00f1os, comedores y [&hellip;]","og_url":"https:\/\/www.fraczinet.cl\/sitio\/2010\/04\/20\/en-dichato-se-construye-primera-escuela-modular-para-la-comuna\/","og_site_name":"Nuestro Bio B\u00edo","article_published_time":"2010-04-20T22:17:00+00:00","article_modified_time":"2022-10-06T23:13:56+00:00","og_image":[{"url":"https:\/\/4.bp.blogspot.com\/_2S_RxGRVjis\/S84pIzZUIAI\/AAAAAAAAOQ4\/RNasY_ojj68\/s400\/IMG_6353.jpg","type":"","width":"","height":""}],"author":"admin","twitter_card":"summary_large_image","twitter_creator":"@nuestrobiobio","twitter_site":"@nuestrobiobio","twitter_misc":{"Escrito por":"admin","Tiempo de lectura":"1 minuto"},"schema":{"@context":"https:\/\/schema.org","@graph":[{"@type":"Article","@id":"https:\/\/www.fraczinet.cl\/sitio\/2010\/04\/20\/en-dichato-se-construye-primera-escuela-modular-para-la-comuna\/#article","isPartOf":{"@id":"https:\/\/www.fraczinet.cl\/sitio\/2010\/04\/20\/en-dichato-se-construye-primera-escuela-modular-para-la-comuna\/"},"author":{"name":"admin","@id":"https:\/\/www.fraczinet.cl\/sitio\/#\/schema\/person\/bc30f98e9cb10ae7e119dbe14bc93784"},"headline":"En Dichato Se Construye Primera Escuela Modular Para La Comuna","datePublished":"2010-04-20T22:17:00+00:00","dateModified":"2022-10-06T23:13:56+00:00","mainEntityOfPage":{"@id":"https:\/\/www.fraczinet.cl\/sitio\/2010\/04\/20\/en-dichato-se-construye-primera-escuela-modular-para-la-comuna\/"},"wordCount":126,"commentCount":0,"publisher":{"@id":"https:\/\/www.fraczinet.cl\/sitio\/#\/schema\/person\/aec8ee4da68df2b9b0eefdad24a0d582"},"image":{"@id":"https:\/\/www.fraczinet.cl\/sitio\/2010\/04\/20\/en-dichato-se-construye-primera-escuela-modular-para-la-comuna\/#primaryimage"},"thumbnailUrl":"https:\/\/4.bp.blogspot.com\/_2S_RxGRVjis\/S84pIzZUIAI\/AAAAAAAAOQ4\/RNasY_ojj68\/s400\/IMG_6353.jpg","articleSection":["Educaci\u00f3n"],"inLanguage":"es","potentialAction":[{"@type":"CommentAction","name":"Comment","target":["https:\/\/www.fraczinet.cl\/sitio\/2010\/04\/20\/en-dichato-se-construye-primera-escuela-modular-para-la-comuna\/#respond"]}]},{"@type":"WebPage","@id":"https:\/\/www.fraczinet.cl\/sitio\/2010\/04\/20\/en-dichato-se-construye-primera-escuela-modular-para-la-comuna\/","url":"https:\/\/www.fraczinet.cl\/sitio\/2010\/04\/20\/en-dichato-se-construye-primera-escuela-modular-para-la-comuna\/","name":"En Dichato Se Construye Primera Escuela Modular Para La Comuna - Nuestro Bio B\u00edo","isPartOf":{"@id":"https:\/\/www.fraczinet.cl\/sitio\/#website"},"primaryImageOfPage":{"@id":"https:\/\/www.fraczinet.cl\/sitio\/2010\/04\/20\/en-dichato-se-construye-primera-escuela-modular-para-la-comuna\/#primaryimage"},"image":{"@id":"https:\/\/www.fraczinet.cl\/sitio\/2010\/04\/20\/en-dichato-se-construye-primera-escuela-modular-para-la-comuna\/#primaryimage"},"thumbnailUrl":"https:\/\/4.bp.blogspot.com\/_2S_RxGRVjis\/S84pIzZUIAI\/AAAAAAAAOQ4\/RNasY_ojj68\/s400\/IMG_6353.jpg","datePublished":"2010-04-20T22:17:00+00:00","dateModified":"2022-10-06T23:13:56+00:00","breadcrumb":{"@id":"https:\/\/www.fraczinet.cl\/sitio\/2010\/04\/20\/en-dichato-se-construye-primera-escuela-modular-para-la-comuna\/#breadcrumb"},"inLanguage":"es","potentialAction":[{"@type":"ReadAction","target":["https:\/\/www.fraczinet.cl\/sitio\/2010\/04\/20\/en-dichato-se-construye-primera-escuela-modular-para-la-comuna\/"]}]},{"@type":"ImageObject","inLanguage":"es","@id":"https:\/\/www.fraczinet.cl\/sitio\/2010\/04\/20\/en-dichato-se-construye-primera-escuela-modular-para-la-comuna\/#primaryimage","url":"https:\/\/4.bp.blogspot.com\/_2S_RxGRVjis\/S84pIzZUIAI\/AAAAAAAAOQ4\/RNasY_ojj68\/s400\/IMG_6353.jpg","contentUrl":"https:\/\/4.bp.blogspot.com\/_2S_RxGRVjis\/S84pIzZUIAI\/AAAAAAAAOQ4\/RNasY_ojj68\/s400\/IMG_6353.jpg"},{"@type":"BreadcrumbList","@id":"https:\/\/www.fraczinet.cl\/sitio\/2010\/04\/20\/en-dichato-se-construye-primera-escuela-modular-para-la-comuna\/#breadcrumb","itemListElement":[{"@type":"ListItem","position":1,"name":"Portada","item":"https:\/\/www.fraczinet.cl\/sitio\/"},{"@type":"ListItem","position":2,"name":"En Dichato Se Construye Primera Escuela Modular Para La Comuna"}]},{"@type":"WebSite","@id":"https:\/\/www.fraczinet.cl\/sitio\/#website","url":"https:\/\/www.fraczinet.cl\/sitio\/","name":"Nuestro Bio B\u00edo","description":"Tierra de Encuentros","publisher":{"@id":"https:\/\/www.fraczinet.cl\/sitio\/#\/schema\/person\/aec8ee4da68df2b9b0eefdad24a0d582"},"potentialAction":[{"@type":"SearchAction","target":{"@type":"EntryPoint","urlTemplate":"https:\/\/www.fraczinet.cl\/sitio\/?s={search_term_string}"},"query-input":{"@type":"PropertyValueSpecification","valueRequired":true,"valueName":"search_term_string"}}],"inLanguage":"es"},{"@type":["Person","Organization"],"@id":"https:\/\/www.fraczinet.cl\/sitio\/#\/schema\/person\/aec8ee4da68df2b9b0eefdad24a0d582","name":"Luis Fernando Fraczinet","image":{"@type":"ImageObject","inLanguage":"es","@id":"https:\/\/www.fraczinet.cl\/sitio\/#\/schema\/person\/image\/","url":"https:\/\/www.fraczinet.cl\/sitio\/wp-content\/uploads\/2021\/07\/bannerlogo-1.gif","contentUrl":"https:\/\/www.fraczinet.cl\/sitio\/wp-content\/uploads\/2021\/07\/bannerlogo-1.gif","width":159,"height":79,"caption":"Luis Fernando Fraczinet"},"logo":{"@id":"https:\/\/www.fraczinet.cl\/sitio\/#\/schema\/person\/image\/"},"sameAs":["https:\/\/www.fraczinet.cl\/sitio\/"]},{"@type":"Person","@id":"https:\/\/www.fraczinet.cl\/sitio\/#\/schema\/person\/bc30f98e9cb10ae7e119dbe14bc93784","name":"admin","image":{"@type":"ImageObject","inLanguage":"es","@id":"https:\/\/www.fraczinet.cl\/sitio\/#\/schema\/person\/image\/","url":"https:\/\/secure.gravatar.com\/avatar\/d5ad3cf7ef3b23a2bb5be73be780c86b2fc8545c3ad6b149f3913ff458c00099?s=96&d=mm&r=g","contentUrl":"https:\/\/secure.gravatar.com\/avatar\/d5ad3cf7ef3b23a2bb5be73be780c86b2fc8545c3ad6b149f3913ff458c00099?s=96&d=mm&r=g","caption":"admin"},"sameAs":["https:\/\/www.fraczinet.cl\/sitio"]}]}},"_links":{"self":[{"href":"https:\/\/www.fraczinet.cl\/sitio\/wp-json\/wp\/v2\/posts\/5394","targetHints":{"allow":["GET"]}}],"collection":[{"href":"https:\/\/www.fraczinet.cl\/sitio\/wp-json\/wp\/v2\/posts"}],"about":[{"href":"https:\/\/www.fraczinet.cl\/sitio\/wp-json\/wp\/v2\/types\/post"}],"author":[{"embeddable":true,"href":"https:\/\/www.fraczinet.cl\/sitio\/wp-json\/wp\/v2\/users\/1"}],"replies":[{"embeddable":true,"href":"https:\/\/www.fraczinet.cl\/sitio\/wp-json\/wp\/v2\/comments?post=5394"}],"version-history":[{"count":1,"href":"https:\/\/www.fraczinet.cl\/sitio\/wp-json\/wp\/v2\/posts\/5394\/revisions"}],"predecessor-version":[{"id":14349,"href":"https:\/\/www.fraczinet.cl\/sitio\/wp-json\/wp\/v2\/posts\/5394\/revisions\/14349"}],"wp:attachment":[{"href":"https:\/\/www.fraczinet.cl\/sitio\/wp-json\/wp\/v2\/media?parent=5394"}],"wp:term":[{"taxonomy":"category","embeddable":true,"href":"https:\/\/www.fraczinet.cl\/sitio\/wp-json\/wp\/v2\/categories?post=5394"},{"taxonomy":"post_tag","embeddable":true,"href":"https:\/\/www.fraczinet.cl\/sitio\/wp-json\/wp\/v2\/tags?post=5394"}],"curies":[{"name":"wp","href":"https:\/\/api.w.org\/{rel}","templated":true}]}}