{"id":5395,"date":"2010-04-20T18:46:00","date_gmt":"2010-04-20T18:46:00","guid":{"rendered":"https:\/\/www.fraczinet.cl\/sitio\/2010\/04\/20\/alcalde-de-tome-preocupado-por-tardanza-en-llegada-de-viviendas-de-emergencia\/"},"modified":"2022-10-06T23:20:26","modified_gmt":"2022-10-06T23:20:26","slug":"alcalde-de-tome-preocupado-por-tardanza-en-llegada-de-viviendas-de-emergencia","status":"publish","type":"post","link":"https:\/\/www.fraczinet.cl\/sitio\/2010\/04\/20\/alcalde-de-tome-preocupado-por-tardanza-en-llegada-de-viviendas-de-emergencia\/","title":{"rendered":"Alcalde De Tom\u00e9 Preocupado Por Tardanza En Llegada De Viviendas De Emergencia"},"content":{"rendered":"<div style=\"text-align: justify;\">La construcci\u00f3n de viviendas de emergencia en Tom\u00e9 es la primera prioridad para el Alcalde de la Comuna, Eduardo Aguilera Aguilera, quien a manifestado su preocupaci\u00f3n por la tardanza que se ha provocado en la llegada de \u00e9stas, las que ser\u00edan destinadas a <span style=\"font-weight: bold;\">Dichato y Cocholg\u00fce<\/span>, as\u00ed como tambi\u00e9n por que aquellas viviendas que se han recepcionado por el Municipio han llegado incompletas. <\/div>\n<div style=\"text-align: justify;\"><\/div>\n<div style=\"text-align: justify;\">Esta inquietud de la m\u00e1xima autoridad comunal se debe principalmente a que se provoca un retraso en la construcci\u00f3n de estas viviendas los que preocupa al Municipio y que atemoriza a los vecinos y vecinas de los sectores afectados ya que se aproxima la llegada del invierno, y es fundamental contar con un techo que los proteja de las malas condiciones clim\u00e1ticas.<\/div>\n<div style=\"text-align: justify;\"><\/div>\n<div style=\"text-align: justify;\">A la fecha en Dichato, en el sector del fundo El Molino, se han levantado alrededor de 89 viviendas, de un total de 850 que se necesitan para la comunidad. En tanto en Cocholg\u00fce se han instalados 47 viviendas de un total de 379 que hay que construir para toda la caleta de pescadores y que son distribuidas en el sector de poblaci\u00f3n la emergencia y en el sitio ubicado tras la cancha Heimpell.<\/div>\n","protected":false},"excerpt":{"rendered":"<p>La construcci\u00f3n de viviendas de emergencia en Tom\u00e9 es la primera prioridad para el Alcalde de la Comuna, Eduardo Aguilera Aguilera, quien a manifestado su preocupaci\u00f3n por la tardanza que se ha provocado en la llegada de \u00e9stas, las que ser\u00edan destinadas a Dichato y Cocholg\u00fce, as\u00ed como tambi\u00e9n por que aquellas viviendas que se [&hellip;]<\/p>\n","protected":false},"author":1,"featured_media":0,"comment_status":"open","ping_status":"open","sticky":false,"template":"","format":"standard","meta":{"footnotes":""},"categories":[131],"tags":[],"class_list":["post-5395","post","type-post","status-publish","format-standard","hentry","category-politica"],"yoast_head":"<!-- This site is optimized with the Yoast SEO plugin v25.0 - https:\/\/yoast.com\/wordpress\/plugins\/seo\/ -->\n<title>Alcalde De Tom\u00e9 Preocupado Por Tardanza En Llegada De Viviendas De Emergencia - Nuestro Bio B\u00edo<\/title>\n<meta name=\"robots\" content=\"index, follow, max-snippet:-1, max-image-preview:large, max-video-preview:-1\" \/>\n<link rel=\"canonical\" href=\"https:\/\/www.fraczinet.cl\/sitio\/2010\/04\/20\/alcalde-de-tome-preocupado-por-tardanza-en-llegada-de-viviendas-de-emergencia\/\" \/>\n<meta property=\"og:locale\" content=\"es_ES\" \/>\n<meta property=\"og:type\" content=\"article\" \/>\n<meta property=\"og:title\" content=\"Alcalde De Tom\u00e9 Preocupado Por Tardanza En Llegada De Viviendas De Emergencia - Nuestro Bio B\u00edo\" \/>\n<meta property=\"og:description\" content=\"La construcci\u00f3n de viviendas de emergencia en Tom\u00e9 es la primera prioridad para el Alcalde de la Comuna, Eduardo Aguilera Aguilera, quien a manifestado su preocupaci\u00f3n por la tardanza que se ha provocado en la llegada de \u00e9stas, las que ser\u00edan destinadas a Dichato y Cocholg\u00fce, as\u00ed como tambi\u00e9n por que aquellas viviendas que se [&hellip;]\" \/>\n<meta property=\"og:url\" content=\"https:\/\/www.fraczinet.cl\/sitio\/2010\/04\/20\/alcalde-de-tome-preocupado-por-tardanza-en-llegada-de-viviendas-de-emergencia\/\" \/>\n<meta property=\"og:site_name\" content=\"Nuestro Bio B\u00edo\" \/>\n<meta property=\"article:published_time\" content=\"2010-04-20T18:46:00+00:00\" \/>\n<meta property=\"article:modified_time\" content=\"2022-10-06T23:20:26+00:00\" \/>\n<meta property=\"og:image\" content=\"https:\/\/www.fraczinet.cl\/sitio\/wp-content\/uploads\/2021\/07\/bannerlogo-1.gif\" \/>\n\t<meta property=\"og:image:width\" content=\"159\" \/>\n\t<meta property=\"og:image:height\" content=\"79\" \/>\n\t<meta property=\"og:image:type\" content=\"image\/gif\" \/>\n<meta name=\"author\" content=\"admin\" \/>\n<meta name=\"twitter:card\" content=\"summary_large_image\" \/>\n<meta name=\"twitter:creator\" content=\"@nuestrobiobio\" \/>\n<meta name=\"twitter:site\" content=\"@nuestrobiobio\" \/>\n<meta name=\"twitter:label1\" content=\"Escrito por\" \/>\n\t<meta name=\"twitter:data1\" content=\"admin\" \/>\n\t<meta name=\"twitter:label2\" content=\"Tiempo de lectura\" \/>\n\t<meta name=\"twitter:data2\" content=\"1 minuto\" \/>\n<script type=\"application\/ld+json\" class=\"yoast-schema-graph\">{\"@context\":\"https:\/\/schema.org\",\"@graph\":[{\"@type\":\"Article\",\"@id\":\"https:\/\/www.fraczinet.cl\/sitio\/2010\/04\/20\/alcalde-de-tome-preocupado-por-tardanza-en-llegada-de-viviendas-de-emergencia\/#article\",\"isPartOf\":{\"@id\":\"https:\/\/www.fraczinet.cl\/sitio\/2010\/04\/20\/alcalde-de-tome-preocupado-por-tardanza-en-llegada-de-viviendas-de-emergencia\/\"},\"author\":{\"name\":\"admin\",\"@id\":\"https:\/\/www.fraczinet.cl\/sitio\/#\/schema\/person\/bc30f98e9cb10ae7e119dbe14bc93784\"},\"headline\":\"Alcalde De Tom\u00e9 Preocupado Por Tardanza En Llegada De Viviendas De Emergencia\",\"datePublished\":\"2010-04-20T18:46:00+00:00\",\"dateModified\":\"2022-10-06T23:20:26+00:00\",\"mainEntityOfPage\":{\"@id\":\"https:\/\/www.fraczinet.cl\/sitio\/2010\/04\/20\/alcalde-de-tome-preocupado-por-tardanza-en-llegada-de-viviendas-de-emergencia\/\"},\"wordCount\":217,\"commentCount\":0,\"publisher\":{\"@id\":\"https:\/\/www.fraczinet.cl\/sitio\/#\/schema\/person\/aec8ee4da68df2b9b0eefdad24a0d582\"},\"articleSection\":[\"Pol\u00edtica\"],\"inLanguage\":\"es\",\"potentialAction\":[{\"@type\":\"CommentAction\",\"name\":\"Comment\",\"target\":[\"https:\/\/www.fraczinet.cl\/sitio\/2010\/04\/20\/alcalde-de-tome-preocupado-por-tardanza-en-llegada-de-viviendas-de-emergencia\/#respond\"]}]},{\"@type\":\"WebPage\",\"@id\":\"https:\/\/www.fraczinet.cl\/sitio\/2010\/04\/20\/alcalde-de-tome-preocupado-por-tardanza-en-llegada-de-viviendas-de-emergencia\/\",\"url\":\"https:\/\/www.fraczinet.cl\/sitio\/2010\/04\/20\/alcalde-de-tome-preocupado-por-tardanza-en-llegada-de-viviendas-de-emergencia\/\",\"name\":\"Alcalde De Tom\u00e9 Preocupado Por Tardanza En Llegada De Viviendas De Emergencia - Nuestro Bio B\u00edo\",\"isPartOf\":{\"@id\":\"https:\/\/www.fraczinet.cl\/sitio\/#website\"},\"datePublished\":\"2010-04-20T18:46:00+00:00\",\"dateModified\":\"2022-10-06T23:20:26+00:00\",\"breadcrumb\":{\"@id\":\"https:\/\/www.fraczinet.cl\/sitio\/2010\/04\/20\/alcalde-de-tome-preocupado-por-tardanza-en-llegada-de-viviendas-de-emergencia\/#breadcrumb\"},\"inLanguage\":\"es\",\"potentialAction\":[{\"@type\":\"ReadAction\",\"target\":[\"https:\/\/www.fraczinet.cl\/sitio\/2010\/04\/20\/alcalde-de-tome-preocupado-por-tardanza-en-llegada-de-viviendas-de-emergencia\/\"]}]},{\"@type\":\"BreadcrumbList\",\"@id\":\"https:\/\/www.fraczinet.cl\/sitio\/2010\/04\/20\/alcalde-de-tome-preocupado-por-tardanza-en-llegada-de-viviendas-de-emergencia\/#breadcrumb\",\"itemListElement\":[{\"@type\":\"ListItem\",\"position\":1,\"name\":\"Portada\",\"item\":\"https:\/\/www.fraczinet.cl\/sitio\/\"},{\"@type\":\"ListItem\",\"position\":2,\"name\":\"Alcalde De Tom\u00e9 Preocupado Por Tardanza En Llegada De Viviendas De Emergencia\"}]},{\"@type\":\"WebSite\",\"@id\":\"https:\/\/www.fraczinet.cl\/sitio\/#website\",\"url\":\"https:\/\/www.fraczinet.cl\/sitio\/\",\"name\":\"Nuestro Bio B\u00edo\",\"description\":\"Tierra de Encuentros\",\"publisher\":{\"@id\":\"https:\/\/www.fraczinet.cl\/sitio\/#\/schema\/person\/aec8ee4da68df2b9b0eefdad24a0d582\"},\"potentialAction\":[{\"@type\":\"SearchAction\",\"target\":{\"@type\":\"EntryPoint\",\"urlTemplate\":\"https:\/\/www.fraczinet.cl\/sitio\/?s={search_term_string}\"},\"query-input\":{\"@type\":\"PropertyValueSpecification\",\"valueRequired\":true,\"valueName\":\"search_term_string\"}}],\"inLanguage\":\"es\"},{\"@type\":[\"Person\",\"Organization\"],\"@id\":\"https:\/\/www.fraczinet.cl\/sitio\/#\/schema\/person\/aec8ee4da68df2b9b0eefdad24a0d582\",\"name\":\"Luis Fernando Fraczinet\",\"image\":{\"@type\":\"ImageObject\",\"inLanguage\":\"es\",\"@id\":\"https:\/\/www.fraczinet.cl\/sitio\/#\/schema\/person\/image\/\",\"url\":\"https:\/\/www.fraczinet.cl\/sitio\/wp-content\/uploads\/2021\/07\/bannerlogo-1.gif\",\"contentUrl\":\"https:\/\/www.fraczinet.cl\/sitio\/wp-content\/uploads\/2021\/07\/bannerlogo-1.gif\",\"width\":159,\"height\":79,\"caption\":\"Luis Fernando Fraczinet\"},\"logo\":{\"@id\":\"https:\/\/www.fraczinet.cl\/sitio\/#\/schema\/person\/image\/\"},\"sameAs\":[\"https:\/\/www.fraczinet.cl\/sitio\/\"]},{\"@type\":\"Person\",\"@id\":\"https:\/\/www.fraczinet.cl\/sitio\/#\/schema\/person\/bc30f98e9cb10ae7e119dbe14bc93784\",\"name\":\"admin\",\"image\":{\"@type\":\"ImageObject\",\"inLanguage\":\"es\",\"@id\":\"https:\/\/www.fraczinet.cl\/sitio\/#\/schema\/person\/image\/\",\"url\":\"https:\/\/secure.gravatar.com\/avatar\/d5ad3cf7ef3b23a2bb5be73be780c86b2fc8545c3ad6b149f3913ff458c00099?s=96&d=mm&r=g\",\"contentUrl\":\"https:\/\/secure.gravatar.com\/avatar\/d5ad3cf7ef3b23a2bb5be73be780c86b2fc8545c3ad6b149f3913ff458c00099?s=96&d=mm&r=g\",\"caption\":\"admin\"},\"sameAs\":[\"https:\/\/www.fraczinet.cl\/sitio\"]}]}<\/script>\n<!-- \/ Yoast SEO plugin. -->","yoast_head_json":{"title":"Alcalde De Tom\u00e9 Preocupado Por Tardanza En Llegada De Viviendas De Emergencia - Nuestro Bio B\u00edo","robots":{"index":"index","follow":"follow","max-snippet":"max-snippet:-1","max-image-preview":"max-image-preview:large","max-video-preview":"max-video-preview:-1"},"canonical":"https:\/\/www.fraczinet.cl\/sitio\/2010\/04\/20\/alcalde-de-tome-preocupado-por-tardanza-en-llegada-de-viviendas-de-emergencia\/","og_locale":"es_ES","og_type":"article","og_title":"Alcalde De Tom\u00e9 Preocupado Por Tardanza En Llegada De Viviendas De Emergencia - Nuestro Bio B\u00edo","og_description":"La construcci\u00f3n de viviendas de emergencia en Tom\u00e9 es la primera prioridad para el Alcalde de la Comuna, Eduardo Aguilera Aguilera, quien a manifestado su preocupaci\u00f3n por la tardanza que se ha provocado en la llegada de \u00e9stas, las que ser\u00edan destinadas a Dichato y Cocholg\u00fce, as\u00ed como tambi\u00e9n por que aquellas viviendas que se [&hellip;]","og_url":"https:\/\/www.fraczinet.cl\/sitio\/2010\/04\/20\/alcalde-de-tome-preocupado-por-tardanza-en-llegada-de-viviendas-de-emergencia\/","og_site_name":"Nuestro Bio B\u00edo","article_published_time":"2010-04-20T18:46:00+00:00","article_modified_time":"2022-10-06T23:20:26+00:00","og_image":[{"width":159,"height":79,"url":"https:\/\/www.fraczinet.cl\/sitio\/wp-content\/uploads\/2021\/07\/bannerlogo-1.gif","type":"image\/gif"}],"author":"admin","twitter_card":"summary_large_image","twitter_creator":"@nuestrobiobio","twitter_site":"@nuestrobiobio","twitter_misc":{"Escrito por":"admin","Tiempo de lectura":"1 minuto"},"schema":{"@context":"https:\/\/schema.org","@graph":[{"@type":"Article","@id":"https:\/\/www.fraczinet.cl\/sitio\/2010\/04\/20\/alcalde-de-tome-preocupado-por-tardanza-en-llegada-de-viviendas-de-emergencia\/#article","isPartOf":{"@id":"https:\/\/www.fraczinet.cl\/sitio\/2010\/04\/20\/alcalde-de-tome-preocupado-por-tardanza-en-llegada-de-viviendas-de-emergencia\/"},"author":{"name":"admin","@id":"https:\/\/www.fraczinet.cl\/sitio\/#\/schema\/person\/bc30f98e9cb10ae7e119dbe14bc93784"},"headline":"Alcalde De Tom\u00e9 Preocupado Por Tardanza En Llegada De Viviendas De Emergencia","datePublished":"2010-04-20T18:46:00+00:00","dateModified":"2022-10-06T23:20:26+00:00","mainEntityOfPage":{"@id":"https:\/\/www.fraczinet.cl\/sitio\/2010\/04\/20\/alcalde-de-tome-preocupado-por-tardanza-en-llegada-de-viviendas-de-emergencia\/"},"wordCount":217,"commentCount":0,"publisher":{"@id":"https:\/\/www.fraczinet.cl\/sitio\/#\/schema\/person\/aec8ee4da68df2b9b0eefdad24a0d582"},"articleSection":["Pol\u00edtica"],"inLanguage":"es","potentialAction":[{"@type":"CommentAction","name":"Comment","target":["https:\/\/www.fraczinet.cl\/sitio\/2010\/04\/20\/alcalde-de-tome-preocupado-por-tardanza-en-llegada-de-viviendas-de-emergencia\/#respond"]}]},{"@type":"WebPage","@id":"https:\/\/www.fraczinet.cl\/sitio\/2010\/04\/20\/alcalde-de-tome-preocupado-por-tardanza-en-llegada-de-viviendas-de-emergencia\/","url":"https:\/\/www.fraczinet.cl\/sitio\/2010\/04\/20\/alcalde-de-tome-preocupado-por-tardanza-en-llegada-de-viviendas-de-emergencia\/","name":"Alcalde De Tom\u00e9 Preocupado Por Tardanza En Llegada De Viviendas De Emergencia - Nuestro Bio B\u00edo","isPartOf":{"@id":"https:\/\/www.fraczinet.cl\/sitio\/#website"},"datePublished":"2010-04-20T18:46:00+00:00","dateModified":"2022-10-06T23:20:26+00:00","breadcrumb":{"@id":"https:\/\/www.fraczinet.cl\/sitio\/2010\/04\/20\/alcalde-de-tome-preocupado-por-tardanza-en-llegada-de-viviendas-de-emergencia\/#breadcrumb"},"inLanguage":"es","potentialAction":[{"@type":"ReadAction","target":["https:\/\/www.fraczinet.cl\/sitio\/2010\/04\/20\/alcalde-de-tome-preocupado-por-tardanza-en-llegada-de-viviendas-de-emergencia\/"]}]},{"@type":"BreadcrumbList","@id":"https:\/\/www.fraczinet.cl\/sitio\/2010\/04\/20\/alcalde-de-tome-preocupado-por-tardanza-en-llegada-de-viviendas-de-emergencia\/#breadcrumb","itemListElement":[{"@type":"ListItem","position":1,"name":"Portada","item":"https:\/\/www.fraczinet.cl\/sitio\/"},{"@type":"ListItem","position":2,"name":"Alcalde De Tom\u00e9 Preocupado Por Tardanza En Llegada De Viviendas De Emergencia"}]},{"@type":"WebSite","@id":"https:\/\/www.fraczinet.cl\/sitio\/#website","url":"https:\/\/www.fraczinet.cl\/sitio\/","name":"Nuestro Bio B\u00edo","description":"Tierra de Encuentros","publisher":{"@id":"https:\/\/www.fraczinet.cl\/sitio\/#\/schema\/person\/aec8ee4da68df2b9b0eefdad24a0d582"},"potentialAction":[{"@type":"SearchAction","target":{"@type":"EntryPoint","urlTemplate":"https:\/\/www.fraczinet.cl\/sitio\/?s={search_term_string}"},"query-input":{"@type":"PropertyValueSpecification","valueRequired":true,"valueName":"search_term_string"}}],"inLanguage":"es"},{"@type":["Person","Organization"],"@id":"https:\/\/www.fraczinet.cl\/sitio\/#\/schema\/person\/aec8ee4da68df2b9b0eefdad24a0d582","name":"Luis Fernando Fraczinet","image":{"@type":"ImageObject","inLanguage":"es","@id":"https:\/\/www.fraczinet.cl\/sitio\/#\/schema\/person\/image\/","url":"https:\/\/www.fraczinet.cl\/sitio\/wp-content\/uploads\/2021\/07\/bannerlogo-1.gif","contentUrl":"https:\/\/www.fraczinet.cl\/sitio\/wp-content\/uploads\/2021\/07\/bannerlogo-1.gif","width":159,"height":79,"caption":"Luis Fernando Fraczinet"},"logo":{"@id":"https:\/\/www.fraczinet.cl\/sitio\/#\/schema\/person\/image\/"},"sameAs":["https:\/\/www.fraczinet.cl\/sitio\/"]},{"@type":"Person","@id":"https:\/\/www.fraczinet.cl\/sitio\/#\/schema\/person\/bc30f98e9cb10ae7e119dbe14bc93784","name":"admin","image":{"@type":"ImageObject","inLanguage":"es","@id":"https:\/\/www.fraczinet.cl\/sitio\/#\/schema\/person\/image\/","url":"https:\/\/secure.gravatar.com\/avatar\/d5ad3cf7ef3b23a2bb5be73be780c86b2fc8545c3ad6b149f3913ff458c00099?s=96&d=mm&r=g","contentUrl":"https:\/\/secure.gravatar.com\/avatar\/d5ad3cf7ef3b23a2bb5be73be780c86b2fc8545c3ad6b149f3913ff458c00099?s=96&d=mm&r=g","caption":"admin"},"sameAs":["https:\/\/www.fraczinet.cl\/sitio"]}]}},"_links":{"self":[{"href":"https:\/\/www.fraczinet.cl\/sitio\/wp-json\/wp\/v2\/posts\/5395","targetHints":{"allow":["GET"]}}],"collection":[{"href":"https:\/\/www.fraczinet.cl\/sitio\/wp-json\/wp\/v2\/posts"}],"about":[{"href":"https:\/\/www.fraczinet.cl\/sitio\/wp-json\/wp\/v2\/types\/post"}],"author":[{"embeddable":true,"href":"https:\/\/www.fraczinet.cl\/sitio\/wp-json\/wp\/v2\/users\/1"}],"replies":[{"embeddable":true,"href":"https:\/\/www.fraczinet.cl\/sitio\/wp-json\/wp\/v2\/comments?post=5395"}],"version-history":[{"count":1,"href":"https:\/\/www.fraczinet.cl\/sitio\/wp-json\/wp\/v2\/posts\/5395\/revisions"}],"predecessor-version":[{"id":14357,"href":"https:\/\/www.fraczinet.cl\/sitio\/wp-json\/wp\/v2\/posts\/5395\/revisions\/14357"}],"wp:attachment":[{"href":"https:\/\/www.fraczinet.cl\/sitio\/wp-json\/wp\/v2\/media?parent=5395"}],"wp:term":[{"taxonomy":"category","embeddable":true,"href":"https:\/\/www.fraczinet.cl\/sitio\/wp-json\/wp\/v2\/categories?post=5395"},{"taxonomy":"post_tag","embeddable":true,"href":"https:\/\/www.fraczinet.cl\/sitio\/wp-json\/wp\/v2\/tags?post=5395"}],"curies":[{"name":"wp","href":"https:\/\/api.w.org\/{rel}","templated":true}]}}