{"id":5403,"date":"2010-04-19T04:33:00","date_gmt":"2010-04-19T04:33:00","guid":{"rendered":"https:\/\/www.fraczinet.cl\/sitio\/2010\/04\/19\/dia-internacional-del-libro-y-del-derecho-de-autor\/"},"modified":"2010-04-19T04:33:00","modified_gmt":"2010-04-19T04:33:00","slug":"dia-internacional-del-libro-y-del-derecho-de-autor","status":"publish","type":"post","link":"https:\/\/www.fraczinet.cl\/sitio\/2010\/04\/19\/dia-internacional-del-libro-y-del-derecho-de-autor\/","title":{"rendered":"D\u00eda Internacional Del Libro Y Del Derecho De Autor"},"content":{"rendered":"<div style=\"text-align: justify;\">Para quienes intentamos enlazar nuestros versos o frases en un poema o en una prosa para luego publicarlo en un libro o medio de comunicaci\u00f3n nos sentimos muy alagados de celebrar el 23 de abril el D\u00eda Internacional del Libro y del Derecho de Autor.<\/div>\n<div style=\"text-align: justify;\"><\/div>\n<div style=\"text-align: justify;\">Saludo afablemente a los poetas, escritores, dramaturgos, Bibliotecas P\u00fablicas, y Colegios por su prodigioso trabajo literario que realizan; especialmente con los estudiantes. Y tambi\u00e9n saludo a aquellos Medios de Comunicaci\u00f3n que, felizmente, a\u00fan mantienen el buen lenguaje; tanto escrito como oral, lo que fortalece a nuestro idioma.<\/div>\n<div style=\"text-align: justify;\"><\/div>\n<div style=\"text-align: justify;\">Quiz\u00e1s para alguien puede ser una estupidez, pero para m\u00ed fue un tremendo halago cuando un se\u00f1or que vende queso en Nacimiento le dijo a mi mam\u00e1: \u201cD\u00edgale a su hija que cuando venda sus poemas me venga a comprar queso\u201d.<\/div>\n<div style=\"text-align: justify;\"><\/div>\n<div style=\"text-align: justify;\">Por eso, para este se\u00f1or que vende queso, para los medios de comunicaci\u00f3n, para los lectores y especialmente para nuestros compatriotas que a\u00fan est\u00e1n sufriendo las consecuencias del terremoto\/maremoto, con mucha fraternidad y gratitud, les dejo a sus consideraciones dos de mis poemas.<\/div>\n<p>Narcisa Lezano Barriga.<br \/>Poetisa de Nuestra Tierra<\/p>\n<p><span style=\"font-weight: bold;\">MI ESTIMADO LIBRO<\/span>.<br \/>Narcisa Lezano Barriga.<\/p>\n<p>Mi estimado libro,<br \/>En este d\u00eda<br \/>Que merecidamente est\u00e1 dedicado a ti.<br \/>Como no recordar<br \/>Con una emotiva nostalgia cuando,<br \/>Cobij\u00e1ndome con mis compa\u00f1era de curso<br \/>En aquella amplia aula<br \/>De las quejumbrosas l\u00e1grimas<br \/>Del invierno de nuestro sur,<br \/>Por vez primera me encontr\u00e9 contigo.<br \/>Ansiaba aprender a juntar<br \/>Entre tus peque\u00f1as p\u00e1ginas<br \/>Esas palabras que m\u00e1s parec\u00eda<br \/>Extra\u00f1as figuras que deb\u00eda descifrar<br \/>Sobre tus delgadas l\u00edneas.<br \/>Con tu inmensidad intelectual<br \/>No s\u00f3lo me ense\u00f1aste a leer,<br \/>Sino tambi\u00e9n hiciste crecer a\u00fan m\u00e1s<br \/>Mi imaginaci\u00f3n infantil;<br \/>No tan s\u00f3lo con aquellas f\u00e1bulas<br \/>De \u201cAlicia en el pa\u00eds de las maravillas\u201d.<br \/>Desde aquellos memorables d\u00edas<br \/>Han pasado varias d\u00e9cadas.<br \/>Y en mi continuo peregrinar<br \/>Hacia las distintas tierras,<br \/>Siempre te he llevado conmigo.<br \/>Al ser t\u00fa, la incondicional compa\u00f1\u00eda<br \/>En la soledad de mis maduros a\u00f1os<br \/>Y sobre todo en el aprendizaje infinito<br \/>Que invoco en cada poema que escribo.<br \/>Como el de este momento que est\u00e1 dedicado a ti,<br \/>Sencillamente, con una eterna gratitud.<\/p>\n<p>(El poema Mi estimado Libro lo escrib\u00ed cuando la Biblioteca P\u00fablica de Nacimiento me invit\u00f3 como jurado y para leer en el Primer Concurso de Poes\u00eda en el a\u00f1o 1998).<\/p>\n<p><span style=\"font-weight: bold;\">EXPRESIONES<\/span>.<br \/>Narcisa Lezano Barriga.<\/p>\n<p>Se fue la tarde,<br \/>Llorando l\u00e1grimas de asombro,<br \/>Porque el oto\u00f1o la dej\u00f3 solitaria<br \/>A las puertas del invierno.<\/p>\n<p>Desnuda tarde,<br \/>Agreste como aquellos sentimientos<br \/>Que van alimentando lo irracional<br \/>Y que disminuye al Hombre<br \/>En su raz\u00f3n de ser.<\/p>\n<p>Y la noche ya se encuentra aqu\u00ed,<br \/>Los celestes habitantes,<br \/>Han atravesado la blanca monta\u00f1a<br \/>Para ir a jugar a reflejarse<br \/>En las aguas de las tropicales tierras.<\/p>\n<p>Pero la noche no llora;<br \/>Yo tampoco lloro.<br \/>Aunque hay tanto porque llorar<br \/>Y tanto porque re\u00edr.<br \/>No s\u00e9 sabe qu\u00e9 hacer primero,<br \/>Ni d\u00f3nde ni cu\u00e1ndo.<\/p>\n<p>Porque re\u00edr y llorar no se piensa,<br \/>Act\u00faan espont\u00e1neamente.<br \/>Y por eso no entiendo,<br \/>Porqu\u00e9 somos tan precavidos<br \/>Para expresar nuestros sentimientos\u2026<br \/>Somos tan diferentes a la tarde\u2026<br \/>Somos tan diferentes a la noche\u2026<\/p>\n<p>\u201cGracias a la vida que me ha dado tanto. Me ha dado el sonido y el abecedario, con \u00e9l las palabras que pienso y declaro: Madre, amigo y hermano y luz alumbrando, la ruta del alma del que estoy amando\u201d.<\/p>\n<p>Violeta Parra.<br \/>Chile, domingo 11 de abril de 2010<\/p>\n","protected":false},"excerpt":{"rendered":"<p>Para quienes intentamos enlazar nuestros versos o frases en un poema o en una prosa para luego publicarlo en un libro o medio de comunicaci\u00f3n nos sentimos muy alagados de celebrar el 23 de abril el D\u00eda Internacional del Libro y del Derecho de Autor. Saludo afablemente a los poetas, escritores, dramaturgos, Bibliotecas P\u00fablicas, y [&hellip;]<\/p>\n","protected":false},"author":1,"featured_media":0,"comment_status":"open","ping_status":"open","sticky":false,"template":"","format":"standard","meta":{"footnotes":""},"categories":[70,237,67],"tags":[],"class_list":["post-5403","post","type-post","status-publish","format-standard","hentry","category-libros","category-narcisa-lezano","category-poesia"],"yoast_head":"<!-- This site is optimized with the Yoast SEO plugin v25.0 - https:\/\/yoast.com\/wordpress\/plugins\/seo\/ -->\n<title>D\u00eda Internacional Del Libro Y Del Derecho De Autor - Nuestro Bio B\u00edo<\/title>\n<meta name=\"robots\" content=\"index, follow, max-snippet:-1, max-image-preview:large, max-video-preview:-1\" \/>\n<link rel=\"canonical\" href=\"https:\/\/www.fraczinet.cl\/sitio\/2010\/04\/19\/dia-internacional-del-libro-y-del-derecho-de-autor\/\" \/>\n<meta property=\"og:locale\" content=\"es_ES\" \/>\n<meta property=\"og:type\" content=\"article\" \/>\n<meta property=\"og:title\" content=\"D\u00eda Internacional Del Libro Y Del Derecho De Autor - Nuestro Bio B\u00edo\" \/>\n<meta property=\"og:description\" content=\"Para quienes intentamos enlazar nuestros versos o frases en un poema o en una prosa para luego publicarlo en un libro o medio de comunicaci\u00f3n nos sentimos muy alagados de celebrar el 23 de abril el D\u00eda Internacional del Libro y del Derecho de Autor. Saludo afablemente a los poetas, escritores, dramaturgos, Bibliotecas P\u00fablicas, y [&hellip;]\" \/>\n<meta property=\"og:url\" content=\"https:\/\/www.fraczinet.cl\/sitio\/2010\/04\/19\/dia-internacional-del-libro-y-del-derecho-de-autor\/\" \/>\n<meta property=\"og:site_name\" content=\"Nuestro Bio B\u00edo\" \/>\n<meta property=\"article:published_time\" content=\"2010-04-19T04:33:00+00:00\" \/>\n<meta property=\"og:image\" content=\"https:\/\/www.fraczinet.cl\/sitio\/wp-content\/uploads\/2021\/07\/bannerlogo-1.gif\" \/>\n\t<meta property=\"og:image:width\" content=\"159\" \/>\n\t<meta property=\"og:image:height\" content=\"79\" \/>\n\t<meta property=\"og:image:type\" content=\"image\/gif\" \/>\n<meta name=\"author\" content=\"admin\" \/>\n<meta name=\"twitter:card\" content=\"summary_large_image\" \/>\n<meta name=\"twitter:creator\" content=\"@nuestrobiobio\" \/>\n<meta name=\"twitter:site\" content=\"@nuestrobiobio\" \/>\n<meta name=\"twitter:label1\" content=\"Escrito por\" \/>\n\t<meta name=\"twitter:data1\" content=\"admin\" \/>\n\t<meta name=\"twitter:label2\" content=\"Tiempo de lectura\" \/>\n\t<meta name=\"twitter:data2\" content=\"3 minutos\" \/>\n<script type=\"application\/ld+json\" class=\"yoast-schema-graph\">{\"@context\":\"https:\/\/schema.org\",\"@graph\":[{\"@type\":\"Article\",\"@id\":\"https:\/\/www.fraczinet.cl\/sitio\/2010\/04\/19\/dia-internacional-del-libro-y-del-derecho-de-autor\/#article\",\"isPartOf\":{\"@id\":\"https:\/\/www.fraczinet.cl\/sitio\/2010\/04\/19\/dia-internacional-del-libro-y-del-derecho-de-autor\/\"},\"author\":{\"name\":\"admin\",\"@id\":\"https:\/\/www.fraczinet.cl\/sitio\/#\/schema\/person\/bc30f98e9cb10ae7e119dbe14bc93784\"},\"headline\":\"D\u00eda Internacional Del Libro Y Del Derecho De Autor\",\"datePublished\":\"2010-04-19T04:33:00+00:00\",\"mainEntityOfPage\":{\"@id\":\"https:\/\/www.fraczinet.cl\/sitio\/2010\/04\/19\/dia-internacional-del-libro-y-del-derecho-de-autor\/\"},\"wordCount\":597,\"commentCount\":0,\"publisher\":{\"@id\":\"https:\/\/www.fraczinet.cl\/sitio\/#\/schema\/person\/aec8ee4da68df2b9b0eefdad24a0d582\"},\"articleSection\":[\"Libros\",\"Narcisa Lezano\",\"Poes\u00eda\"],\"inLanguage\":\"es\",\"potentialAction\":[{\"@type\":\"CommentAction\",\"name\":\"Comment\",\"target\":[\"https:\/\/www.fraczinet.cl\/sitio\/2010\/04\/19\/dia-internacional-del-libro-y-del-derecho-de-autor\/#respond\"]}]},{\"@type\":\"WebPage\",\"@id\":\"https:\/\/www.fraczinet.cl\/sitio\/2010\/04\/19\/dia-internacional-del-libro-y-del-derecho-de-autor\/\",\"url\":\"https:\/\/www.fraczinet.cl\/sitio\/2010\/04\/19\/dia-internacional-del-libro-y-del-derecho-de-autor\/\",\"name\":\"D\u00eda Internacional Del Libro Y Del Derecho De Autor - Nuestro Bio B\u00edo\",\"isPartOf\":{\"@id\":\"https:\/\/www.fraczinet.cl\/sitio\/#website\"},\"datePublished\":\"2010-04-19T04:33:00+00:00\",\"breadcrumb\":{\"@id\":\"https:\/\/www.fraczinet.cl\/sitio\/2010\/04\/19\/dia-internacional-del-libro-y-del-derecho-de-autor\/#breadcrumb\"},\"inLanguage\":\"es\",\"potentialAction\":[{\"@type\":\"ReadAction\",\"target\":[\"https:\/\/www.fraczinet.cl\/sitio\/2010\/04\/19\/dia-internacional-del-libro-y-del-derecho-de-autor\/\"]}]},{\"@type\":\"BreadcrumbList\",\"@id\":\"https:\/\/www.fraczinet.cl\/sitio\/2010\/04\/19\/dia-internacional-del-libro-y-del-derecho-de-autor\/#breadcrumb\",\"itemListElement\":[{\"@type\":\"ListItem\",\"position\":1,\"name\":\"Portada\",\"item\":\"https:\/\/www.fraczinet.cl\/sitio\/\"},{\"@type\":\"ListItem\",\"position\":2,\"name\":\"D\u00eda Internacional Del Libro Y Del Derecho De Autor\"}]},{\"@type\":\"WebSite\",\"@id\":\"https:\/\/www.fraczinet.cl\/sitio\/#website\",\"url\":\"https:\/\/www.fraczinet.cl\/sitio\/\",\"name\":\"Nuestro Bio B\u00edo\",\"description\":\"Tierra de Encuentros\",\"publisher\":{\"@id\":\"https:\/\/www.fraczinet.cl\/sitio\/#\/schema\/person\/aec8ee4da68df2b9b0eefdad24a0d582\"},\"potentialAction\":[{\"@type\":\"SearchAction\",\"target\":{\"@type\":\"EntryPoint\",\"urlTemplate\":\"https:\/\/www.fraczinet.cl\/sitio\/?s={search_term_string}\"},\"query-input\":{\"@type\":\"PropertyValueSpecification\",\"valueRequired\":true,\"valueName\":\"search_term_string\"}}],\"inLanguage\":\"es\"},{\"@type\":[\"Person\",\"Organization\"],\"@id\":\"https:\/\/www.fraczinet.cl\/sitio\/#\/schema\/person\/aec8ee4da68df2b9b0eefdad24a0d582\",\"name\":\"Luis Fernando Fraczinet\",\"image\":{\"@type\":\"ImageObject\",\"inLanguage\":\"es\",\"@id\":\"https:\/\/www.fraczinet.cl\/sitio\/#\/schema\/person\/image\/\",\"url\":\"https:\/\/www.fraczinet.cl\/sitio\/wp-content\/uploads\/2021\/07\/bannerlogo-1.gif\",\"contentUrl\":\"https:\/\/www.fraczinet.cl\/sitio\/wp-content\/uploads\/2021\/07\/bannerlogo-1.gif\",\"width\":159,\"height\":79,\"caption\":\"Luis Fernando Fraczinet\"},\"logo\":{\"@id\":\"https:\/\/www.fraczinet.cl\/sitio\/#\/schema\/person\/image\/\"},\"sameAs\":[\"https:\/\/www.fraczinet.cl\/sitio\/\"]},{\"@type\":\"Person\",\"@id\":\"https:\/\/www.fraczinet.cl\/sitio\/#\/schema\/person\/bc30f98e9cb10ae7e119dbe14bc93784\",\"name\":\"admin\",\"image\":{\"@type\":\"ImageObject\",\"inLanguage\":\"es\",\"@id\":\"https:\/\/www.fraczinet.cl\/sitio\/#\/schema\/person\/image\/\",\"url\":\"https:\/\/secure.gravatar.com\/avatar\/d5ad3cf7ef3b23a2bb5be73be780c86b2fc8545c3ad6b149f3913ff458c00099?s=96&d=mm&r=g\",\"contentUrl\":\"https:\/\/secure.gravatar.com\/avatar\/d5ad3cf7ef3b23a2bb5be73be780c86b2fc8545c3ad6b149f3913ff458c00099?s=96&d=mm&r=g\",\"caption\":\"admin\"},\"sameAs\":[\"https:\/\/www.fraczinet.cl\/sitio\"]}]}<\/script>\n<!-- \/ Yoast SEO plugin. -->","yoast_head_json":{"title":"D\u00eda Internacional Del Libro Y Del Derecho De Autor - Nuestro Bio B\u00edo","robots":{"index":"index","follow":"follow","max-snippet":"max-snippet:-1","max-image-preview":"max-image-preview:large","max-video-preview":"max-video-preview:-1"},"canonical":"https:\/\/www.fraczinet.cl\/sitio\/2010\/04\/19\/dia-internacional-del-libro-y-del-derecho-de-autor\/","og_locale":"es_ES","og_type":"article","og_title":"D\u00eda Internacional Del Libro Y Del Derecho De Autor - Nuestro Bio B\u00edo","og_description":"Para quienes intentamos enlazar nuestros versos o frases en un poema o en una prosa para luego publicarlo en un libro o medio de comunicaci\u00f3n nos sentimos muy alagados de celebrar el 23 de abril el D\u00eda Internacional del Libro y del Derecho de Autor. Saludo afablemente a los poetas, escritores, dramaturgos, Bibliotecas P\u00fablicas, y [&hellip;]","og_url":"https:\/\/www.fraczinet.cl\/sitio\/2010\/04\/19\/dia-internacional-del-libro-y-del-derecho-de-autor\/","og_site_name":"Nuestro Bio B\u00edo","article_published_time":"2010-04-19T04:33:00+00:00","og_image":[{"width":159,"height":79,"url":"https:\/\/www.fraczinet.cl\/sitio\/wp-content\/uploads\/2021\/07\/bannerlogo-1.gif","type":"image\/gif"}],"author":"admin","twitter_card":"summary_large_image","twitter_creator":"@nuestrobiobio","twitter_site":"@nuestrobiobio","twitter_misc":{"Escrito por":"admin","Tiempo de lectura":"3 minutos"},"schema":{"@context":"https:\/\/schema.org","@graph":[{"@type":"Article","@id":"https:\/\/www.fraczinet.cl\/sitio\/2010\/04\/19\/dia-internacional-del-libro-y-del-derecho-de-autor\/#article","isPartOf":{"@id":"https:\/\/www.fraczinet.cl\/sitio\/2010\/04\/19\/dia-internacional-del-libro-y-del-derecho-de-autor\/"},"author":{"name":"admin","@id":"https:\/\/www.fraczinet.cl\/sitio\/#\/schema\/person\/bc30f98e9cb10ae7e119dbe14bc93784"},"headline":"D\u00eda Internacional Del Libro Y Del Derecho De Autor","datePublished":"2010-04-19T04:33:00+00:00","mainEntityOfPage":{"@id":"https:\/\/www.fraczinet.cl\/sitio\/2010\/04\/19\/dia-internacional-del-libro-y-del-derecho-de-autor\/"},"wordCount":597,"commentCount":0,"publisher":{"@id":"https:\/\/www.fraczinet.cl\/sitio\/#\/schema\/person\/aec8ee4da68df2b9b0eefdad24a0d582"},"articleSection":["Libros","Narcisa Lezano","Poes\u00eda"],"inLanguage":"es","potentialAction":[{"@type":"CommentAction","name":"Comment","target":["https:\/\/www.fraczinet.cl\/sitio\/2010\/04\/19\/dia-internacional-del-libro-y-del-derecho-de-autor\/#respond"]}]},{"@type":"WebPage","@id":"https:\/\/www.fraczinet.cl\/sitio\/2010\/04\/19\/dia-internacional-del-libro-y-del-derecho-de-autor\/","url":"https:\/\/www.fraczinet.cl\/sitio\/2010\/04\/19\/dia-internacional-del-libro-y-del-derecho-de-autor\/","name":"D\u00eda Internacional Del Libro Y Del Derecho De Autor - Nuestro Bio B\u00edo","isPartOf":{"@id":"https:\/\/www.fraczinet.cl\/sitio\/#website"},"datePublished":"2010-04-19T04:33:00+00:00","breadcrumb":{"@id":"https:\/\/www.fraczinet.cl\/sitio\/2010\/04\/19\/dia-internacional-del-libro-y-del-derecho-de-autor\/#breadcrumb"},"inLanguage":"es","potentialAction":[{"@type":"ReadAction","target":["https:\/\/www.fraczinet.cl\/sitio\/2010\/04\/19\/dia-internacional-del-libro-y-del-derecho-de-autor\/"]}]},{"@type":"BreadcrumbList","@id":"https:\/\/www.fraczinet.cl\/sitio\/2010\/04\/19\/dia-internacional-del-libro-y-del-derecho-de-autor\/#breadcrumb","itemListElement":[{"@type":"ListItem","position":1,"name":"Portada","item":"https:\/\/www.fraczinet.cl\/sitio\/"},{"@type":"ListItem","position":2,"name":"D\u00eda Internacional Del Libro Y Del Derecho De Autor"}]},{"@type":"WebSite","@id":"https:\/\/www.fraczinet.cl\/sitio\/#website","url":"https:\/\/www.fraczinet.cl\/sitio\/","name":"Nuestro Bio B\u00edo","description":"Tierra de Encuentros","publisher":{"@id":"https:\/\/www.fraczinet.cl\/sitio\/#\/schema\/person\/aec8ee4da68df2b9b0eefdad24a0d582"},"potentialAction":[{"@type":"SearchAction","target":{"@type":"EntryPoint","urlTemplate":"https:\/\/www.fraczinet.cl\/sitio\/?s={search_term_string}"},"query-input":{"@type":"PropertyValueSpecification","valueRequired":true,"valueName":"search_term_string"}}],"inLanguage":"es"},{"@type":["Person","Organization"],"@id":"https:\/\/www.fraczinet.cl\/sitio\/#\/schema\/person\/aec8ee4da68df2b9b0eefdad24a0d582","name":"Luis Fernando Fraczinet","image":{"@type":"ImageObject","inLanguage":"es","@id":"https:\/\/www.fraczinet.cl\/sitio\/#\/schema\/person\/image\/","url":"https:\/\/www.fraczinet.cl\/sitio\/wp-content\/uploads\/2021\/07\/bannerlogo-1.gif","contentUrl":"https:\/\/www.fraczinet.cl\/sitio\/wp-content\/uploads\/2021\/07\/bannerlogo-1.gif","width":159,"height":79,"caption":"Luis Fernando Fraczinet"},"logo":{"@id":"https:\/\/www.fraczinet.cl\/sitio\/#\/schema\/person\/image\/"},"sameAs":["https:\/\/www.fraczinet.cl\/sitio\/"]},{"@type":"Person","@id":"https:\/\/www.fraczinet.cl\/sitio\/#\/schema\/person\/bc30f98e9cb10ae7e119dbe14bc93784","name":"admin","image":{"@type":"ImageObject","inLanguage":"es","@id":"https:\/\/www.fraczinet.cl\/sitio\/#\/schema\/person\/image\/","url":"https:\/\/secure.gravatar.com\/avatar\/d5ad3cf7ef3b23a2bb5be73be780c86b2fc8545c3ad6b149f3913ff458c00099?s=96&d=mm&r=g","contentUrl":"https:\/\/secure.gravatar.com\/avatar\/d5ad3cf7ef3b23a2bb5be73be780c86b2fc8545c3ad6b149f3913ff458c00099?s=96&d=mm&r=g","caption":"admin"},"sameAs":["https:\/\/www.fraczinet.cl\/sitio"]}]}},"_links":{"self":[{"href":"https:\/\/www.fraczinet.cl\/sitio\/wp-json\/wp\/v2\/posts\/5403","targetHints":{"allow":["GET"]}}],"collection":[{"href":"https:\/\/www.fraczinet.cl\/sitio\/wp-json\/wp\/v2\/posts"}],"about":[{"href":"https:\/\/www.fraczinet.cl\/sitio\/wp-json\/wp\/v2\/types\/post"}],"author":[{"embeddable":true,"href":"https:\/\/www.fraczinet.cl\/sitio\/wp-json\/wp\/v2\/users\/1"}],"replies":[{"embeddable":true,"href":"https:\/\/www.fraczinet.cl\/sitio\/wp-json\/wp\/v2\/comments?post=5403"}],"version-history":[{"count":0,"href":"https:\/\/www.fraczinet.cl\/sitio\/wp-json\/wp\/v2\/posts\/5403\/revisions"}],"wp:attachment":[{"href":"https:\/\/www.fraczinet.cl\/sitio\/wp-json\/wp\/v2\/media?parent=5403"}],"wp:term":[{"taxonomy":"category","embeddable":true,"href":"https:\/\/www.fraczinet.cl\/sitio\/wp-json\/wp\/v2\/categories?post=5403"},{"taxonomy":"post_tag","embeddable":true,"href":"https:\/\/www.fraczinet.cl\/sitio\/wp-json\/wp\/v2\/tags?post=5403"}],"curies":[{"name":"wp","href":"https:\/\/api.w.org\/{rel}","templated":true}]}}