{"id":5404,"date":"2010-04-19T04:25:00","date_gmt":"2010-04-19T04:25:00","guid":{"rendered":"https:\/\/www.fraczinet.cl\/sitio\/2010\/04\/19\/abiertas-las-postulaciones-a-taller-de-teatro-en-chillan\/"},"modified":"2022-10-07T01:02:32","modified_gmt":"2022-10-07T01:02:32","slug":"abiertas-las-postulaciones-a-taller-de-teatro-en-chillan","status":"publish","type":"post","link":"https:\/\/www.fraczinet.cl\/sitio\/2010\/04\/19\/abiertas-las-postulaciones-a-taller-de-teatro-en-chillan\/","title":{"rendered":"Abiertas Las Postulaciones A Taller De Teatro En Chill\u00e1n"},"content":{"rendered":"<div style=\"text-align: justify;\">La destacada actriz y directora de Teatro Ximena Godoy Molina realizar\u00e1 una Academia Teatral en dependencias del Centro de Extensi\u00f3n Cultural Alfonso Lagos de Chill\u00e1n, mediante dos Talleres de Teatro, uno dirigido a ni\u00f1as y ni\u00f1os y otro dirigido a adultos.<\/div>\n<div style=\"text-align: justify;\"><\/div>\n<div style=\"text-align: justify;\">El Taller para ni\u00f1os y ni\u00f1as busca fomentar la creatividad y estimular un pensamiento reflexivo. Adem\u00e1s potenciar el autococimiento, la integraci\u00f3n social y el trabajo colectivo.<\/div>\n<div style=\"text-align: justify;\"><\/div>\n<div style=\"text-align: justify;\">Estos objetivos se lograr\u00e1n mediante t\u00e9cnicas b\u00e1sicas de expresi\u00f3n teatral, como son el juego dram\u00e1tico y la improvisaci\u00f3n. Se realizar\u00e1 los d\u00edas lunes de 18:00 a 19:45 horas.<\/div>\n<div style=\"text-align: justify;\"><\/div>\n<div style=\"text-align: justify;\">En el caso del Taller para adultos, se busca el desarrollo de la t\u00e9cnica actoral a trav\u00e9s de la pr\u00e1ctica individual y la experimentaci\u00f3n en grupo, donde se interrelacionan aspectos f\u00edsicos, vocales, emocionales y creativos.<\/div>\n<div style=\"text-align: justify;\"><\/div>\n<div style=\"text-align: justify;\">Esto permitir\u00e1 conocer aspectos te\u00f3ricos y pr\u00e1cticos del modelo de construcci\u00f3n y actuaci\u00f3n post-dram\u00e1tica. Se realizar\u00e1 los d\u00edas lunes de 20:00 a 21:45 horas.<\/div>\n<div style=\"text-align: justify;\"><\/div>\n<div style=\"text-align: justify;\">En ambos talleres se realizar\u00e1 un montaje esc\u00e9nico al final del Taller.<\/div>\n<div style=\"text-align: justify;\"><\/div>\n<div style=\"text-align: justify;\">Ximena estudi\u00f3 en la Academia Profesional de Teatro de Fernando Gonz\u00e1lez, un post-t\u00edtulo en Direcci\u00f3n Teatral en la Pontificia Universidad Cat\u00f3lica de Chile y Dise\u00f1o Gr\u00e1fico en la Universidad del Bio B\u00edo.<\/div>\n<div style=\"text-align: justify;\"><\/div>\n<div style=\"text-align: justify;\">Estos estudios m\u00e1s su experiencia en diversas obras, tanto como actriz y directora, dan respaldo de la excelente oportunidad de acercarse al teatro de la mano de una profesional de este arte.<\/div>\n<div style=\"text-align: justify;\"><\/div>\n<div style=\"text-align: justify;\">Consultas en Avenida Libertad 845, Chill\u00e1n, fonos 42-221167 \u00f3 09-82322926.<\/div>\n<p>Informaci\u00f3n Gentileza de <a href=\"http:\/\/www.chillanactivo.cl\/\">Chill\u00e1n Activo.cl<\/a><\/p>\n<p><a href=\"http:\/\/4.bp.blogspot.com\/_2S_RxGRVjis\/S8vbhYihmbI\/AAAAAAAAOO4\/YPawGY7TomU\/s1600\/AficheTallerTeatro.jpg\"><img decoding=\"async\" alt=\"\" border=\"0\" id=\"BLOGGER_PHOTO_ID_5461700339686283698\" src=\"https:\/\/4.bp.blogspot.com\/_2S_RxGRVjis\/S8vbhYihmbI\/AAAAAAAAOO4\/YPawGY7TomU\/s400\/AficheTallerTeatro.jpg\" style=\"cursor: hand; cursor: pointer; height: 308px; width: 400px;\" \/><\/a><\/p>\n","protected":false},"excerpt":{"rendered":"<p>La destacada actriz y directora de Teatro Ximena Godoy Molina realizar\u00e1 una Academia Teatral en dependencias del Centro de Extensi\u00f3n Cultural Alfonso Lagos de Chill\u00e1n, mediante dos Talleres de Teatro, uno dirigido a ni\u00f1as y ni\u00f1os y otro dirigido a adultos. El Taller para ni\u00f1os y ni\u00f1as busca fomentar la creatividad y estimular un pensamiento [&hellip;]<\/p>\n","protected":false},"author":1,"featured_media":0,"comment_status":"open","ping_status":"open","sticky":false,"template":"","format":"standard","meta":{"footnotes":""},"categories":[223,127],"tags":[],"class_list":["post-5404","post","type-post","status-publish","format-standard","hentry","category-talleres","category-teatro"],"yoast_head":"<!-- This site is optimized with the Yoast SEO plugin v25.0 - https:\/\/yoast.com\/wordpress\/plugins\/seo\/ -->\n<title>Abiertas Las Postulaciones A Taller De Teatro En Chill\u00e1n - Nuestro Bio B\u00edo<\/title>\n<meta name=\"robots\" content=\"index, follow, max-snippet:-1, max-image-preview:large, max-video-preview:-1\" \/>\n<link rel=\"canonical\" href=\"https:\/\/www.fraczinet.cl\/sitio\/2010\/04\/19\/abiertas-las-postulaciones-a-taller-de-teatro-en-chillan\/\" \/>\n<meta property=\"og:locale\" content=\"es_ES\" \/>\n<meta property=\"og:type\" content=\"article\" \/>\n<meta property=\"og:title\" content=\"Abiertas Las Postulaciones A Taller De Teatro En Chill\u00e1n - Nuestro Bio B\u00edo\" \/>\n<meta property=\"og:description\" content=\"La destacada actriz y directora de Teatro Ximena Godoy Molina realizar\u00e1 una Academia Teatral en dependencias del Centro de Extensi\u00f3n Cultural Alfonso Lagos de Chill\u00e1n, mediante dos Talleres de Teatro, uno dirigido a ni\u00f1as y ni\u00f1os y otro dirigido a adultos. El Taller para ni\u00f1os y ni\u00f1as busca fomentar la creatividad y estimular un pensamiento [&hellip;]\" \/>\n<meta property=\"og:url\" content=\"https:\/\/www.fraczinet.cl\/sitio\/2010\/04\/19\/abiertas-las-postulaciones-a-taller-de-teatro-en-chillan\/\" \/>\n<meta property=\"og:site_name\" content=\"Nuestro Bio B\u00edo\" \/>\n<meta property=\"article:published_time\" content=\"2010-04-19T04:25:00+00:00\" \/>\n<meta property=\"article:modified_time\" content=\"2022-10-07T01:02:32+00:00\" \/>\n<meta property=\"og:image\" content=\"https:\/\/4.bp.blogspot.com\/_2S_RxGRVjis\/S8vbhYihmbI\/AAAAAAAAOO4\/YPawGY7TomU\/s400\/AficheTallerTeatro.jpg\" \/>\n<meta name=\"author\" content=\"admin\" \/>\n<meta name=\"twitter:card\" content=\"summary_large_image\" \/>\n<meta name=\"twitter:creator\" content=\"@nuestrobiobio\" \/>\n<meta name=\"twitter:site\" content=\"@nuestrobiobio\" \/>\n<meta name=\"twitter:label1\" content=\"Escrito por\" \/>\n\t<meta name=\"twitter:data1\" content=\"admin\" \/>\n\t<meta name=\"twitter:label2\" content=\"Tiempo de lectura\" \/>\n\t<meta name=\"twitter:data2\" content=\"1 minuto\" \/>\n<script type=\"application\/ld+json\" class=\"yoast-schema-graph\">{\"@context\":\"https:\/\/schema.org\",\"@graph\":[{\"@type\":\"Article\",\"@id\":\"https:\/\/www.fraczinet.cl\/sitio\/2010\/04\/19\/abiertas-las-postulaciones-a-taller-de-teatro-en-chillan\/#article\",\"isPartOf\":{\"@id\":\"https:\/\/www.fraczinet.cl\/sitio\/2010\/04\/19\/abiertas-las-postulaciones-a-taller-de-teatro-en-chillan\/\"},\"author\":{\"name\":\"admin\",\"@id\":\"https:\/\/www.fraczinet.cl\/sitio\/#\/schema\/person\/bc30f98e9cb10ae7e119dbe14bc93784\"},\"headline\":\"Abiertas Las Postulaciones A Taller De Teatro En Chill\u00e1n\",\"datePublished\":\"2010-04-19T04:25:00+00:00\",\"dateModified\":\"2022-10-07T01:02:32+00:00\",\"mainEntityOfPage\":{\"@id\":\"https:\/\/www.fraczinet.cl\/sitio\/2010\/04\/19\/abiertas-las-postulaciones-a-taller-de-teatro-en-chillan\/\"},\"wordCount\":288,\"commentCount\":0,\"publisher\":{\"@id\":\"https:\/\/www.fraczinet.cl\/sitio\/#\/schema\/person\/aec8ee4da68df2b9b0eefdad24a0d582\"},\"image\":{\"@id\":\"https:\/\/www.fraczinet.cl\/sitio\/2010\/04\/19\/abiertas-las-postulaciones-a-taller-de-teatro-en-chillan\/#primaryimage\"},\"thumbnailUrl\":\"https:\/\/4.bp.blogspot.com\/_2S_RxGRVjis\/S8vbhYihmbI\/AAAAAAAAOO4\/YPawGY7TomU\/s400\/AficheTallerTeatro.jpg\",\"articleSection\":[\"Talleres\",\"Teatro\"],\"inLanguage\":\"es\",\"potentialAction\":[{\"@type\":\"CommentAction\",\"name\":\"Comment\",\"target\":[\"https:\/\/www.fraczinet.cl\/sitio\/2010\/04\/19\/abiertas-las-postulaciones-a-taller-de-teatro-en-chillan\/#respond\"]}]},{\"@type\":\"WebPage\",\"@id\":\"https:\/\/www.fraczinet.cl\/sitio\/2010\/04\/19\/abiertas-las-postulaciones-a-taller-de-teatro-en-chillan\/\",\"url\":\"https:\/\/www.fraczinet.cl\/sitio\/2010\/04\/19\/abiertas-las-postulaciones-a-taller-de-teatro-en-chillan\/\",\"name\":\"Abiertas Las Postulaciones A Taller De Teatro En Chill\u00e1n - Nuestro Bio B\u00edo\",\"isPartOf\":{\"@id\":\"https:\/\/www.fraczinet.cl\/sitio\/#website\"},\"primaryImageOfPage\":{\"@id\":\"https:\/\/www.fraczinet.cl\/sitio\/2010\/04\/19\/abiertas-las-postulaciones-a-taller-de-teatro-en-chillan\/#primaryimage\"},\"image\":{\"@id\":\"https:\/\/www.fraczinet.cl\/sitio\/2010\/04\/19\/abiertas-las-postulaciones-a-taller-de-teatro-en-chillan\/#primaryimage\"},\"thumbnailUrl\":\"https:\/\/4.bp.blogspot.com\/_2S_RxGRVjis\/S8vbhYihmbI\/AAAAAAAAOO4\/YPawGY7TomU\/s400\/AficheTallerTeatro.jpg\",\"datePublished\":\"2010-04-19T04:25:00+00:00\",\"dateModified\":\"2022-10-07T01:02:32+00:00\",\"breadcrumb\":{\"@id\":\"https:\/\/www.fraczinet.cl\/sitio\/2010\/04\/19\/abiertas-las-postulaciones-a-taller-de-teatro-en-chillan\/#breadcrumb\"},\"inLanguage\":\"es\",\"potentialAction\":[{\"@type\":\"ReadAction\",\"target\":[\"https:\/\/www.fraczinet.cl\/sitio\/2010\/04\/19\/abiertas-las-postulaciones-a-taller-de-teatro-en-chillan\/\"]}]},{\"@type\":\"ImageObject\",\"inLanguage\":\"es\",\"@id\":\"https:\/\/www.fraczinet.cl\/sitio\/2010\/04\/19\/abiertas-las-postulaciones-a-taller-de-teatro-en-chillan\/#primaryimage\",\"url\":\"https:\/\/4.bp.blogspot.com\/_2S_RxGRVjis\/S8vbhYihmbI\/AAAAAAAAOO4\/YPawGY7TomU\/s400\/AficheTallerTeatro.jpg\",\"contentUrl\":\"https:\/\/4.bp.blogspot.com\/_2S_RxGRVjis\/S8vbhYihmbI\/AAAAAAAAOO4\/YPawGY7TomU\/s400\/AficheTallerTeatro.jpg\"},{\"@type\":\"BreadcrumbList\",\"@id\":\"https:\/\/www.fraczinet.cl\/sitio\/2010\/04\/19\/abiertas-las-postulaciones-a-taller-de-teatro-en-chillan\/#breadcrumb\",\"itemListElement\":[{\"@type\":\"ListItem\",\"position\":1,\"name\":\"Portada\",\"item\":\"https:\/\/www.fraczinet.cl\/sitio\/\"},{\"@type\":\"ListItem\",\"position\":2,\"name\":\"Abiertas Las Postulaciones A Taller De Teatro En Chill\u00e1n\"}]},{\"@type\":\"WebSite\",\"@id\":\"https:\/\/www.fraczinet.cl\/sitio\/#website\",\"url\":\"https:\/\/www.fraczinet.cl\/sitio\/\",\"name\":\"Nuestro Bio B\u00edo\",\"description\":\"Tierra de Encuentros\",\"publisher\":{\"@id\":\"https:\/\/www.fraczinet.cl\/sitio\/#\/schema\/person\/aec8ee4da68df2b9b0eefdad24a0d582\"},\"potentialAction\":[{\"@type\":\"SearchAction\",\"target\":{\"@type\":\"EntryPoint\",\"urlTemplate\":\"https:\/\/www.fraczinet.cl\/sitio\/?s={search_term_string}\"},\"query-input\":{\"@type\":\"PropertyValueSpecification\",\"valueRequired\":true,\"valueName\":\"search_term_string\"}}],\"inLanguage\":\"es\"},{\"@type\":[\"Person\",\"Organization\"],\"@id\":\"https:\/\/www.fraczinet.cl\/sitio\/#\/schema\/person\/aec8ee4da68df2b9b0eefdad24a0d582\",\"name\":\"Luis Fernando Fraczinet\",\"image\":{\"@type\":\"ImageObject\",\"inLanguage\":\"es\",\"@id\":\"https:\/\/www.fraczinet.cl\/sitio\/#\/schema\/person\/image\/\",\"url\":\"https:\/\/www.fraczinet.cl\/sitio\/wp-content\/uploads\/2021\/07\/bannerlogo-1.gif\",\"contentUrl\":\"https:\/\/www.fraczinet.cl\/sitio\/wp-content\/uploads\/2021\/07\/bannerlogo-1.gif\",\"width\":159,\"height\":79,\"caption\":\"Luis Fernando Fraczinet\"},\"logo\":{\"@id\":\"https:\/\/www.fraczinet.cl\/sitio\/#\/schema\/person\/image\/\"},\"sameAs\":[\"https:\/\/www.fraczinet.cl\/sitio\/\"]},{\"@type\":\"Person\",\"@id\":\"https:\/\/www.fraczinet.cl\/sitio\/#\/schema\/person\/bc30f98e9cb10ae7e119dbe14bc93784\",\"name\":\"admin\",\"image\":{\"@type\":\"ImageObject\",\"inLanguage\":\"es\",\"@id\":\"https:\/\/www.fraczinet.cl\/sitio\/#\/schema\/person\/image\/\",\"url\":\"https:\/\/secure.gravatar.com\/avatar\/d5ad3cf7ef3b23a2bb5be73be780c86b2fc8545c3ad6b149f3913ff458c00099?s=96&d=mm&r=g\",\"contentUrl\":\"https:\/\/secure.gravatar.com\/avatar\/d5ad3cf7ef3b23a2bb5be73be780c86b2fc8545c3ad6b149f3913ff458c00099?s=96&d=mm&r=g\",\"caption\":\"admin\"},\"sameAs\":[\"https:\/\/www.fraczinet.cl\/sitio\"]}]}<\/script>\n<!-- \/ Yoast SEO plugin. -->","yoast_head_json":{"title":"Abiertas Las Postulaciones A Taller De Teatro En Chill\u00e1n - Nuestro Bio B\u00edo","robots":{"index":"index","follow":"follow","max-snippet":"max-snippet:-1","max-image-preview":"max-image-preview:large","max-video-preview":"max-video-preview:-1"},"canonical":"https:\/\/www.fraczinet.cl\/sitio\/2010\/04\/19\/abiertas-las-postulaciones-a-taller-de-teatro-en-chillan\/","og_locale":"es_ES","og_type":"article","og_title":"Abiertas Las Postulaciones A Taller De Teatro En Chill\u00e1n - Nuestro Bio B\u00edo","og_description":"La destacada actriz y directora de Teatro Ximena Godoy Molina realizar\u00e1 una Academia Teatral en dependencias del Centro de Extensi\u00f3n Cultural Alfonso Lagos de Chill\u00e1n, mediante dos Talleres de Teatro, uno dirigido a ni\u00f1as y ni\u00f1os y otro dirigido a adultos. El Taller para ni\u00f1os y ni\u00f1as busca fomentar la creatividad y estimular un pensamiento [&hellip;]","og_url":"https:\/\/www.fraczinet.cl\/sitio\/2010\/04\/19\/abiertas-las-postulaciones-a-taller-de-teatro-en-chillan\/","og_site_name":"Nuestro Bio B\u00edo","article_published_time":"2010-04-19T04:25:00+00:00","article_modified_time":"2022-10-07T01:02:32+00:00","og_image":[{"url":"https:\/\/4.bp.blogspot.com\/_2S_RxGRVjis\/S8vbhYihmbI\/AAAAAAAAOO4\/YPawGY7TomU\/s400\/AficheTallerTeatro.jpg","type":"","width":"","height":""}],"author":"admin","twitter_card":"summary_large_image","twitter_creator":"@nuestrobiobio","twitter_site":"@nuestrobiobio","twitter_misc":{"Escrito por":"admin","Tiempo de lectura":"1 minuto"},"schema":{"@context":"https:\/\/schema.org","@graph":[{"@type":"Article","@id":"https:\/\/www.fraczinet.cl\/sitio\/2010\/04\/19\/abiertas-las-postulaciones-a-taller-de-teatro-en-chillan\/#article","isPartOf":{"@id":"https:\/\/www.fraczinet.cl\/sitio\/2010\/04\/19\/abiertas-las-postulaciones-a-taller-de-teatro-en-chillan\/"},"author":{"name":"admin","@id":"https:\/\/www.fraczinet.cl\/sitio\/#\/schema\/person\/bc30f98e9cb10ae7e119dbe14bc93784"},"headline":"Abiertas Las Postulaciones A Taller De Teatro En Chill\u00e1n","datePublished":"2010-04-19T04:25:00+00:00","dateModified":"2022-10-07T01:02:32+00:00","mainEntityOfPage":{"@id":"https:\/\/www.fraczinet.cl\/sitio\/2010\/04\/19\/abiertas-las-postulaciones-a-taller-de-teatro-en-chillan\/"},"wordCount":288,"commentCount":0,"publisher":{"@id":"https:\/\/www.fraczinet.cl\/sitio\/#\/schema\/person\/aec8ee4da68df2b9b0eefdad24a0d582"},"image":{"@id":"https:\/\/www.fraczinet.cl\/sitio\/2010\/04\/19\/abiertas-las-postulaciones-a-taller-de-teatro-en-chillan\/#primaryimage"},"thumbnailUrl":"https:\/\/4.bp.blogspot.com\/_2S_RxGRVjis\/S8vbhYihmbI\/AAAAAAAAOO4\/YPawGY7TomU\/s400\/AficheTallerTeatro.jpg","articleSection":["Talleres","Teatro"],"inLanguage":"es","potentialAction":[{"@type":"CommentAction","name":"Comment","target":["https:\/\/www.fraczinet.cl\/sitio\/2010\/04\/19\/abiertas-las-postulaciones-a-taller-de-teatro-en-chillan\/#respond"]}]},{"@type":"WebPage","@id":"https:\/\/www.fraczinet.cl\/sitio\/2010\/04\/19\/abiertas-las-postulaciones-a-taller-de-teatro-en-chillan\/","url":"https:\/\/www.fraczinet.cl\/sitio\/2010\/04\/19\/abiertas-las-postulaciones-a-taller-de-teatro-en-chillan\/","name":"Abiertas Las Postulaciones A Taller De Teatro En Chill\u00e1n - Nuestro Bio B\u00edo","isPartOf":{"@id":"https:\/\/www.fraczinet.cl\/sitio\/#website"},"primaryImageOfPage":{"@id":"https:\/\/www.fraczinet.cl\/sitio\/2010\/04\/19\/abiertas-las-postulaciones-a-taller-de-teatro-en-chillan\/#primaryimage"},"image":{"@id":"https:\/\/www.fraczinet.cl\/sitio\/2010\/04\/19\/abiertas-las-postulaciones-a-taller-de-teatro-en-chillan\/#primaryimage"},"thumbnailUrl":"https:\/\/4.bp.blogspot.com\/_2S_RxGRVjis\/S8vbhYihmbI\/AAAAAAAAOO4\/YPawGY7TomU\/s400\/AficheTallerTeatro.jpg","datePublished":"2010-04-19T04:25:00+00:00","dateModified":"2022-10-07T01:02:32+00:00","breadcrumb":{"@id":"https:\/\/www.fraczinet.cl\/sitio\/2010\/04\/19\/abiertas-las-postulaciones-a-taller-de-teatro-en-chillan\/#breadcrumb"},"inLanguage":"es","potentialAction":[{"@type":"ReadAction","target":["https:\/\/www.fraczinet.cl\/sitio\/2010\/04\/19\/abiertas-las-postulaciones-a-taller-de-teatro-en-chillan\/"]}]},{"@type":"ImageObject","inLanguage":"es","@id":"https:\/\/www.fraczinet.cl\/sitio\/2010\/04\/19\/abiertas-las-postulaciones-a-taller-de-teatro-en-chillan\/#primaryimage","url":"https:\/\/4.bp.blogspot.com\/_2S_RxGRVjis\/S8vbhYihmbI\/AAAAAAAAOO4\/YPawGY7TomU\/s400\/AficheTallerTeatro.jpg","contentUrl":"https:\/\/4.bp.blogspot.com\/_2S_RxGRVjis\/S8vbhYihmbI\/AAAAAAAAOO4\/YPawGY7TomU\/s400\/AficheTallerTeatro.jpg"},{"@type":"BreadcrumbList","@id":"https:\/\/www.fraczinet.cl\/sitio\/2010\/04\/19\/abiertas-las-postulaciones-a-taller-de-teatro-en-chillan\/#breadcrumb","itemListElement":[{"@type":"ListItem","position":1,"name":"Portada","item":"https:\/\/www.fraczinet.cl\/sitio\/"},{"@type":"ListItem","position":2,"name":"Abiertas Las Postulaciones A Taller De Teatro En Chill\u00e1n"}]},{"@type":"WebSite","@id":"https:\/\/www.fraczinet.cl\/sitio\/#website","url":"https:\/\/www.fraczinet.cl\/sitio\/","name":"Nuestro Bio B\u00edo","description":"Tierra de Encuentros","publisher":{"@id":"https:\/\/www.fraczinet.cl\/sitio\/#\/schema\/person\/aec8ee4da68df2b9b0eefdad24a0d582"},"potentialAction":[{"@type":"SearchAction","target":{"@type":"EntryPoint","urlTemplate":"https:\/\/www.fraczinet.cl\/sitio\/?s={search_term_string}"},"query-input":{"@type":"PropertyValueSpecification","valueRequired":true,"valueName":"search_term_string"}}],"inLanguage":"es"},{"@type":["Person","Organization"],"@id":"https:\/\/www.fraczinet.cl\/sitio\/#\/schema\/person\/aec8ee4da68df2b9b0eefdad24a0d582","name":"Luis Fernando Fraczinet","image":{"@type":"ImageObject","inLanguage":"es","@id":"https:\/\/www.fraczinet.cl\/sitio\/#\/schema\/person\/image\/","url":"https:\/\/www.fraczinet.cl\/sitio\/wp-content\/uploads\/2021\/07\/bannerlogo-1.gif","contentUrl":"https:\/\/www.fraczinet.cl\/sitio\/wp-content\/uploads\/2021\/07\/bannerlogo-1.gif","width":159,"height":79,"caption":"Luis Fernando Fraczinet"},"logo":{"@id":"https:\/\/www.fraczinet.cl\/sitio\/#\/schema\/person\/image\/"},"sameAs":["https:\/\/www.fraczinet.cl\/sitio\/"]},{"@type":"Person","@id":"https:\/\/www.fraczinet.cl\/sitio\/#\/schema\/person\/bc30f98e9cb10ae7e119dbe14bc93784","name":"admin","image":{"@type":"ImageObject","inLanguage":"es","@id":"https:\/\/www.fraczinet.cl\/sitio\/#\/schema\/person\/image\/","url":"https:\/\/secure.gravatar.com\/avatar\/d5ad3cf7ef3b23a2bb5be73be780c86b2fc8545c3ad6b149f3913ff458c00099?s=96&d=mm&r=g","contentUrl":"https:\/\/secure.gravatar.com\/avatar\/d5ad3cf7ef3b23a2bb5be73be780c86b2fc8545c3ad6b149f3913ff458c00099?s=96&d=mm&r=g","caption":"admin"},"sameAs":["https:\/\/www.fraczinet.cl\/sitio"]}]}},"_links":{"self":[{"href":"https:\/\/www.fraczinet.cl\/sitio\/wp-json\/wp\/v2\/posts\/5404","targetHints":{"allow":["GET"]}}],"collection":[{"href":"https:\/\/www.fraczinet.cl\/sitio\/wp-json\/wp\/v2\/posts"}],"about":[{"href":"https:\/\/www.fraczinet.cl\/sitio\/wp-json\/wp\/v2\/types\/post"}],"author":[{"embeddable":true,"href":"https:\/\/www.fraczinet.cl\/sitio\/wp-json\/wp\/v2\/users\/1"}],"replies":[{"embeddable":true,"href":"https:\/\/www.fraczinet.cl\/sitio\/wp-json\/wp\/v2\/comments?post=5404"}],"version-history":[{"count":1,"href":"https:\/\/www.fraczinet.cl\/sitio\/wp-json\/wp\/v2\/posts\/5404\/revisions"}],"predecessor-version":[{"id":14453,"href":"https:\/\/www.fraczinet.cl\/sitio\/wp-json\/wp\/v2\/posts\/5404\/revisions\/14453"}],"wp:attachment":[{"href":"https:\/\/www.fraczinet.cl\/sitio\/wp-json\/wp\/v2\/media?parent=5404"}],"wp:term":[{"taxonomy":"category","embeddable":true,"href":"https:\/\/www.fraczinet.cl\/sitio\/wp-json\/wp\/v2\/categories?post=5404"},{"taxonomy":"post_tag","embeddable":true,"href":"https:\/\/www.fraczinet.cl\/sitio\/wp-json\/wp\/v2\/tags?post=5404"}],"curies":[{"name":"wp","href":"https:\/\/api.w.org\/{rel}","templated":true}]}}