{"id":5409,"date":"2010-04-15T02:01:00","date_gmt":"2010-04-15T02:01:00","guid":{"rendered":"https:\/\/www.fraczinet.cl\/sitio\/2010\/04\/15\/en-tome-el-equipo-de-salud-mental-trabaja-intensamente-con-personas-afectadas-por-terremoto\/"},"modified":"2022-10-06T23:14:27","modified_gmt":"2022-10-06T23:14:27","slug":"en-tome-el-equipo-de-salud-mental-trabaja-intensamente-con-personas-afectadas-por-terremoto","status":"publish","type":"post","link":"https:\/\/www.fraczinet.cl\/sitio\/2010\/04\/15\/en-tome-el-equipo-de-salud-mental-trabaja-intensamente-con-personas-afectadas-por-terremoto\/","title":{"rendered":"En Tom\u00e9 El Equipo De Salud Mental Trabaja Intensamente Con Personas Afectadas Por Terremoto"},"content":{"rendered":"<div style=\"text-align: justify;\"><a href=\"http:\/\/3.bp.blogspot.com\/_2S_RxGRVjis\/S8Z1ctI8C6I\/AAAAAAAAOMI\/_twwsr4A47Q\/s1600\/IMG_6166.jpg\" style=\"clear: left; float: left; margin-bottom: 1em; margin-right: 1em;\"><img decoding=\"async\" alt=\"\" border=\"0\" id=\"BLOGGER_PHOTO_ID_5460180734247177122\" src=\"https:\/\/3.bp.blogspot.com\/_2S_RxGRVjis\/S8Z1ctI8C6I\/AAAAAAAAOMI\/_twwsr4A47Q\/s400\/IMG_6166.jpg\" style=\"height: 300px; width: 400px;\" \/><\/a>El gran impacto que provoc\u00f3 el terremoto y maremoto en los habitantes de Dichato y otras localidades costeras de nuestra comuna dio paso a la aparici\u00f3n de algunos estados emocionales cr\u00edticos propios de un hecho poco com\u00fan e inesperado. Por esta raz\u00f3n, la Red de salud mental de la comuna de Tome, integrada por la Unidad de Salud Mental del CESFAM Bellavista, la USM del Cesfam Dr. Alberto Reyes y la Unidad de Psiquiatr\u00eda del Hospital de Tome, dieron inici\u00f3 de inmediato a un trabajo de atenci\u00f3n focalizado en las zonas afectadas.<\/div>\n<div style=\"text-align: justify;\"><\/div>\n<div style=\"text-align: justify;\">Como primer objetivo, se realiz\u00f3 una labor de contenci\u00f3n y acompa\u00f1amiento, a trav\u00e9s de visitas en terreno de los equipos de SM, alcanzando la totalidad de los campamentos y albergues de <span style=\"font-weight: bold;\">Dichato<\/span>, <span style=\"font-weight: bold;\">Coliumo <\/span>y <span style=\"font-weight: bold;\">Cocholgue<\/span>. Producto de esta primera intervenci\u00f3n, se logra entregar psicoeducaci\u00f3n a la poblaci\u00f3n para ayudar en la normalizaci\u00f3n de las respuestas emocionales al evento, y pesquisa de poblaci\u00f3n con necesidades de atenci\u00f3n m\u00e1s focalizada cuando se requiera, ya sea a un nivel de atenci\u00f3n primario o secundario. Para lo cual, se implement\u00f3 adem\u00e1s un policl\u00ednico de Siquiatr\u00eda en terreno una vez por semana, dirigido a la poblaci\u00f3n detectada con anterioridad por el equipo que trabaj\u00f3 en los propios campamentos.<\/div>\n<div style=\"text-align: justify;\"><\/div>\n<div style=\"text-align: justify;\"><a href=\"http:\/\/3.bp.blogspot.com\/_2S_RxGRVjis\/S8Z1WPK-jKI\/AAAAAAAAOMA\/eJfRNo9iC3Y\/s1600\/IMG_6168.jpg\" style=\"clear: right; float: right; margin-bottom: 1em; margin-left: 1em;\"><img decoding=\"async\" alt=\"\" border=\"0\" id=\"BLOGGER_PHOTO_ID_5460180623123451042\" src=\"https:\/\/3.bp.blogspot.com\/_2S_RxGRVjis\/S8Z1WPK-jKI\/AAAAAAAAOMA\/eJfRNo9iC3Y\/s400\/IMG_6168.jpg\" style=\"height: 300px; width: 400px;\" \/><\/a>Paralelamente, se cuenta con un psic\u00f3logo estable de lunes a viernes en la posta de emergencia en Villa Fresia, construy\u00e9ndose en un referente y coordinador de los voluntarios en terreno, adem\u00e1s de realizar consultas espont\u00e1neas de primera respuesta, derivando a la Posta a algunos casos a personas que requieran un tratamiento m\u00e1s espec\u00edfico.<\/div>\n<div style=\"text-align: justify;\"><\/div>\n<div style=\"text-align: justify;\">Del mismo modo, contin\u00faa la atenci\u00f3n de agendas previamente programadas con usuarios que segu\u00edan un tratamiento previo a la cat\u00e1strofe, con el objetivo de prevenir descompensaciones en su evoluci\u00f3n. Esto tanto en la Unidad de Psiquiatr\u00eda del Hospital de Tom\u00e9, como en los Centros de Atenci\u00f3n Primaria (Cesfam Bellavista y Cesfam A. Reyes) y a trav\u00e9s de las atenciones en las rondas m\u00e9dicas en las postas Rurales, en los d\u00edas ya establecidos.<\/div>\n<div style=\"text-align: justify;\"><\/div>\n<div style=\"text-align: justify;\">Por otra parte, se implement\u00f3 un taller de contenci\u00f3n emocional y pesquisa dirigido a funcionarios de salud que fueron afectados producto de las consecuencias del terremoto y maremoto del pasado 27 de febrero. Entregando en los casos necesarios, una atenci\u00f3n m\u00e1s especializada, a trav\u00e9s de la Unidad de Psiquiatr\u00eda del Hospital de Tom\u00e9. <\/div>\n<div style=\"text-align: justify;\"><\/div>\n<div style=\"text-align: justify;\"><a href=\"http:\/\/3.bp.blogspot.com\/_2S_RxGRVjis\/S8Z1LYZx02I\/AAAAAAAAOL4\/nKh7HL3RV18\/s1600\/IMG_6160.jpg\" style=\"clear: left; float: left; margin-bottom: 1em; margin-right: 1em;\"><img decoding=\"async\" alt=\"\" border=\"0\" id=\"BLOGGER_PHOTO_ID_5460180436622889826\" src=\"https:\/\/3.bp.blogspot.com\/_2S_RxGRVjis\/S8Z1LYZx02I\/AAAAAAAAOL4\/nKh7HL3RV18\/s400\/IMG_6160.jpg\" style=\"height: 300px; width: 400px;\" \/><\/a>Actualmente, ya a seis semanas de la cat\u00e1strofe, las acciones de Salud Mental ser\u00e1n dirigidas a la Reparaci\u00f3n del da\u00f1o. En tanto, el equipo de trabajo se encuentra apoyando directamente a grupos focalizados, tales como: Educadores, Dirigentes, Bomberos y Encargados de salud de los campamentos. A su vez, contin\u00faa el trabajo en terreno, orientado a la pesquisa de poblaci\u00f3n con necesidades de intervenci\u00f3n individual y  con acciones de prevenci\u00f3n en Salud Mental.<\/div>\n<p><\/p>\n","protected":false},"excerpt":{"rendered":"<p>El gran impacto que provoc\u00f3 el terremoto y maremoto en los habitantes de Dichato y otras localidades costeras de nuestra comuna dio paso a la aparici\u00f3n de algunos estados emocionales cr\u00edticos propios de un hecho poco com\u00fan e inesperado. Por esta raz\u00f3n, la Red de salud mental de la comuna de Tome, integrada por la [&hellip;]<\/p>\n","protected":false},"author":1,"featured_media":0,"comment_status":"open","ping_status":"open","sticky":false,"template":"","format":"standard","meta":{"footnotes":""},"categories":[180],"tags":[],"class_list":["post-5409","post","type-post","status-publish","format-standard","hentry","category-salud"],"yoast_head":"<!-- This site is optimized with the Yoast SEO plugin v25.0 - https:\/\/yoast.com\/wordpress\/plugins\/seo\/ -->\n<title>En Tom\u00e9 El Equipo De Salud Mental Trabaja Intensamente Con Personas Afectadas Por Terremoto - Nuestro Bio B\u00edo<\/title>\n<meta name=\"robots\" content=\"index, follow, max-snippet:-1, max-image-preview:large, max-video-preview:-1\" \/>\n<link rel=\"canonical\" href=\"https:\/\/www.fraczinet.cl\/sitio\/2010\/04\/15\/en-tome-el-equipo-de-salud-mental-trabaja-intensamente-con-personas-afectadas-por-terremoto\/\" \/>\n<meta property=\"og:locale\" content=\"es_ES\" \/>\n<meta property=\"og:type\" content=\"article\" \/>\n<meta property=\"og:title\" content=\"En Tom\u00e9 El Equipo De Salud Mental Trabaja Intensamente Con Personas Afectadas Por Terremoto - Nuestro Bio B\u00edo\" \/>\n<meta property=\"og:description\" content=\"El gran impacto que provoc\u00f3 el terremoto y maremoto en los habitantes de Dichato y otras localidades costeras de nuestra comuna dio paso a la aparici\u00f3n de algunos estados emocionales cr\u00edticos propios de un hecho poco com\u00fan e inesperado. Por esta raz\u00f3n, la Red de salud mental de la comuna de Tome, integrada por la [&hellip;]\" \/>\n<meta property=\"og:url\" content=\"https:\/\/www.fraczinet.cl\/sitio\/2010\/04\/15\/en-tome-el-equipo-de-salud-mental-trabaja-intensamente-con-personas-afectadas-por-terremoto\/\" \/>\n<meta property=\"og:site_name\" content=\"Nuestro Bio B\u00edo\" \/>\n<meta property=\"article:published_time\" content=\"2010-04-15T02:01:00+00:00\" \/>\n<meta property=\"article:modified_time\" content=\"2022-10-06T23:14:27+00:00\" \/>\n<meta property=\"og:image\" content=\"https:\/\/3.bp.blogspot.com\/_2S_RxGRVjis\/S8Z1ctI8C6I\/AAAAAAAAOMI\/_twwsr4A47Q\/s400\/IMG_6166.jpg\" \/>\n<meta name=\"author\" content=\"admin\" \/>\n<meta name=\"twitter:card\" content=\"summary_large_image\" \/>\n<meta name=\"twitter:creator\" content=\"@nuestrobiobio\" \/>\n<meta name=\"twitter:site\" content=\"@nuestrobiobio\" \/>\n<meta name=\"twitter:label1\" content=\"Escrito por\" \/>\n\t<meta name=\"twitter:data1\" content=\"admin\" \/>\n\t<meta name=\"twitter:label2\" content=\"Tiempo de lectura\" \/>\n\t<meta name=\"twitter:data2\" content=\"3 minutos\" \/>\n<script type=\"application\/ld+json\" class=\"yoast-schema-graph\">{\"@context\":\"https:\/\/schema.org\",\"@graph\":[{\"@type\":\"Article\",\"@id\":\"https:\/\/www.fraczinet.cl\/sitio\/2010\/04\/15\/en-tome-el-equipo-de-salud-mental-trabaja-intensamente-con-personas-afectadas-por-terremoto\/#article\",\"isPartOf\":{\"@id\":\"https:\/\/www.fraczinet.cl\/sitio\/2010\/04\/15\/en-tome-el-equipo-de-salud-mental-trabaja-intensamente-con-personas-afectadas-por-terremoto\/\"},\"author\":{\"name\":\"admin\",\"@id\":\"https:\/\/www.fraczinet.cl\/sitio\/#\/schema\/person\/bc30f98e9cb10ae7e119dbe14bc93784\"},\"headline\":\"En Tom\u00e9 El Equipo De Salud Mental Trabaja Intensamente Con Personas Afectadas Por Terremoto\",\"datePublished\":\"2010-04-15T02:01:00+00:00\",\"dateModified\":\"2022-10-06T23:14:27+00:00\",\"mainEntityOfPage\":{\"@id\":\"https:\/\/www.fraczinet.cl\/sitio\/2010\/04\/15\/en-tome-el-equipo-de-salud-mental-trabaja-intensamente-con-personas-afectadas-por-terremoto\/\"},\"wordCount\":518,\"commentCount\":0,\"publisher\":{\"@id\":\"https:\/\/www.fraczinet.cl\/sitio\/#\/schema\/person\/aec8ee4da68df2b9b0eefdad24a0d582\"},\"image\":{\"@id\":\"https:\/\/www.fraczinet.cl\/sitio\/2010\/04\/15\/en-tome-el-equipo-de-salud-mental-trabaja-intensamente-con-personas-afectadas-por-terremoto\/#primaryimage\"},\"thumbnailUrl\":\"https:\/\/3.bp.blogspot.com\/_2S_RxGRVjis\/S8Z1ctI8C6I\/AAAAAAAAOMI\/_twwsr4A47Q\/s400\/IMG_6166.jpg\",\"articleSection\":[\"Salud\"],\"inLanguage\":\"es\",\"potentialAction\":[{\"@type\":\"CommentAction\",\"name\":\"Comment\",\"target\":[\"https:\/\/www.fraczinet.cl\/sitio\/2010\/04\/15\/en-tome-el-equipo-de-salud-mental-trabaja-intensamente-con-personas-afectadas-por-terremoto\/#respond\"]}]},{\"@type\":\"WebPage\",\"@id\":\"https:\/\/www.fraczinet.cl\/sitio\/2010\/04\/15\/en-tome-el-equipo-de-salud-mental-trabaja-intensamente-con-personas-afectadas-por-terremoto\/\",\"url\":\"https:\/\/www.fraczinet.cl\/sitio\/2010\/04\/15\/en-tome-el-equipo-de-salud-mental-trabaja-intensamente-con-personas-afectadas-por-terremoto\/\",\"name\":\"En Tom\u00e9 El Equipo De Salud Mental Trabaja Intensamente Con Personas Afectadas Por Terremoto - Nuestro Bio B\u00edo\",\"isPartOf\":{\"@id\":\"https:\/\/www.fraczinet.cl\/sitio\/#website\"},\"primaryImageOfPage\":{\"@id\":\"https:\/\/www.fraczinet.cl\/sitio\/2010\/04\/15\/en-tome-el-equipo-de-salud-mental-trabaja-intensamente-con-personas-afectadas-por-terremoto\/#primaryimage\"},\"image\":{\"@id\":\"https:\/\/www.fraczinet.cl\/sitio\/2010\/04\/15\/en-tome-el-equipo-de-salud-mental-trabaja-intensamente-con-personas-afectadas-por-terremoto\/#primaryimage\"},\"thumbnailUrl\":\"https:\/\/3.bp.blogspot.com\/_2S_RxGRVjis\/S8Z1ctI8C6I\/AAAAAAAAOMI\/_twwsr4A47Q\/s400\/IMG_6166.jpg\",\"datePublished\":\"2010-04-15T02:01:00+00:00\",\"dateModified\":\"2022-10-06T23:14:27+00:00\",\"breadcrumb\":{\"@id\":\"https:\/\/www.fraczinet.cl\/sitio\/2010\/04\/15\/en-tome-el-equipo-de-salud-mental-trabaja-intensamente-con-personas-afectadas-por-terremoto\/#breadcrumb\"},\"inLanguage\":\"es\",\"potentialAction\":[{\"@type\":\"ReadAction\",\"target\":[\"https:\/\/www.fraczinet.cl\/sitio\/2010\/04\/15\/en-tome-el-equipo-de-salud-mental-trabaja-intensamente-con-personas-afectadas-por-terremoto\/\"]}]},{\"@type\":\"ImageObject\",\"inLanguage\":\"es\",\"@id\":\"https:\/\/www.fraczinet.cl\/sitio\/2010\/04\/15\/en-tome-el-equipo-de-salud-mental-trabaja-intensamente-con-personas-afectadas-por-terremoto\/#primaryimage\",\"url\":\"https:\/\/3.bp.blogspot.com\/_2S_RxGRVjis\/S8Z1ctI8C6I\/AAAAAAAAOMI\/_twwsr4A47Q\/s400\/IMG_6166.jpg\",\"contentUrl\":\"https:\/\/3.bp.blogspot.com\/_2S_RxGRVjis\/S8Z1ctI8C6I\/AAAAAAAAOMI\/_twwsr4A47Q\/s400\/IMG_6166.jpg\"},{\"@type\":\"BreadcrumbList\",\"@id\":\"https:\/\/www.fraczinet.cl\/sitio\/2010\/04\/15\/en-tome-el-equipo-de-salud-mental-trabaja-intensamente-con-personas-afectadas-por-terremoto\/#breadcrumb\",\"itemListElement\":[{\"@type\":\"ListItem\",\"position\":1,\"name\":\"Portada\",\"item\":\"https:\/\/www.fraczinet.cl\/sitio\/\"},{\"@type\":\"ListItem\",\"position\":2,\"name\":\"En Tom\u00e9 El Equipo De Salud Mental Trabaja Intensamente Con Personas Afectadas Por Terremoto\"}]},{\"@type\":\"WebSite\",\"@id\":\"https:\/\/www.fraczinet.cl\/sitio\/#website\",\"url\":\"https:\/\/www.fraczinet.cl\/sitio\/\",\"name\":\"Nuestro Bio B\u00edo\",\"description\":\"Tierra de Encuentros\",\"publisher\":{\"@id\":\"https:\/\/www.fraczinet.cl\/sitio\/#\/schema\/person\/aec8ee4da68df2b9b0eefdad24a0d582\"},\"potentialAction\":[{\"@type\":\"SearchAction\",\"target\":{\"@type\":\"EntryPoint\",\"urlTemplate\":\"https:\/\/www.fraczinet.cl\/sitio\/?s={search_term_string}\"},\"query-input\":{\"@type\":\"PropertyValueSpecification\",\"valueRequired\":true,\"valueName\":\"search_term_string\"}}],\"inLanguage\":\"es\"},{\"@type\":[\"Person\",\"Organization\"],\"@id\":\"https:\/\/www.fraczinet.cl\/sitio\/#\/schema\/person\/aec8ee4da68df2b9b0eefdad24a0d582\",\"name\":\"Luis Fernando Fraczinet\",\"image\":{\"@type\":\"ImageObject\",\"inLanguage\":\"es\",\"@id\":\"https:\/\/www.fraczinet.cl\/sitio\/#\/schema\/person\/image\/\",\"url\":\"https:\/\/www.fraczinet.cl\/sitio\/wp-content\/uploads\/2021\/07\/bannerlogo-1.gif\",\"contentUrl\":\"https:\/\/www.fraczinet.cl\/sitio\/wp-content\/uploads\/2021\/07\/bannerlogo-1.gif\",\"width\":159,\"height\":79,\"caption\":\"Luis Fernando Fraczinet\"},\"logo\":{\"@id\":\"https:\/\/www.fraczinet.cl\/sitio\/#\/schema\/person\/image\/\"},\"sameAs\":[\"https:\/\/www.fraczinet.cl\/sitio\/\"]},{\"@type\":\"Person\",\"@id\":\"https:\/\/www.fraczinet.cl\/sitio\/#\/schema\/person\/bc30f98e9cb10ae7e119dbe14bc93784\",\"name\":\"admin\",\"image\":{\"@type\":\"ImageObject\",\"inLanguage\":\"es\",\"@id\":\"https:\/\/www.fraczinet.cl\/sitio\/#\/schema\/person\/image\/\",\"url\":\"https:\/\/secure.gravatar.com\/avatar\/d5ad3cf7ef3b23a2bb5be73be780c86b2fc8545c3ad6b149f3913ff458c00099?s=96&d=mm&r=g\",\"contentUrl\":\"https:\/\/secure.gravatar.com\/avatar\/d5ad3cf7ef3b23a2bb5be73be780c86b2fc8545c3ad6b149f3913ff458c00099?s=96&d=mm&r=g\",\"caption\":\"admin\"},\"sameAs\":[\"https:\/\/www.fraczinet.cl\/sitio\"]}]}<\/script>\n<!-- \/ Yoast SEO plugin. -->","yoast_head_json":{"title":"En Tom\u00e9 El Equipo De Salud Mental Trabaja Intensamente Con Personas Afectadas Por Terremoto - Nuestro Bio B\u00edo","robots":{"index":"index","follow":"follow","max-snippet":"max-snippet:-1","max-image-preview":"max-image-preview:large","max-video-preview":"max-video-preview:-1"},"canonical":"https:\/\/www.fraczinet.cl\/sitio\/2010\/04\/15\/en-tome-el-equipo-de-salud-mental-trabaja-intensamente-con-personas-afectadas-por-terremoto\/","og_locale":"es_ES","og_type":"article","og_title":"En Tom\u00e9 El Equipo De Salud Mental Trabaja Intensamente Con Personas Afectadas Por Terremoto - Nuestro Bio B\u00edo","og_description":"El gran impacto que provoc\u00f3 el terremoto y maremoto en los habitantes de Dichato y otras localidades costeras de nuestra comuna dio paso a la aparici\u00f3n de algunos estados emocionales cr\u00edticos propios de un hecho poco com\u00fan e inesperado. Por esta raz\u00f3n, la Red de salud mental de la comuna de Tome, integrada por la [&hellip;]","og_url":"https:\/\/www.fraczinet.cl\/sitio\/2010\/04\/15\/en-tome-el-equipo-de-salud-mental-trabaja-intensamente-con-personas-afectadas-por-terremoto\/","og_site_name":"Nuestro Bio B\u00edo","article_published_time":"2010-04-15T02:01:00+00:00","article_modified_time":"2022-10-06T23:14:27+00:00","og_image":[{"url":"https:\/\/3.bp.blogspot.com\/_2S_RxGRVjis\/S8Z1ctI8C6I\/AAAAAAAAOMI\/_twwsr4A47Q\/s400\/IMG_6166.jpg","type":"","width":"","height":""}],"author":"admin","twitter_card":"summary_large_image","twitter_creator":"@nuestrobiobio","twitter_site":"@nuestrobiobio","twitter_misc":{"Escrito por":"admin","Tiempo de lectura":"3 minutos"},"schema":{"@context":"https:\/\/schema.org","@graph":[{"@type":"Article","@id":"https:\/\/www.fraczinet.cl\/sitio\/2010\/04\/15\/en-tome-el-equipo-de-salud-mental-trabaja-intensamente-con-personas-afectadas-por-terremoto\/#article","isPartOf":{"@id":"https:\/\/www.fraczinet.cl\/sitio\/2010\/04\/15\/en-tome-el-equipo-de-salud-mental-trabaja-intensamente-con-personas-afectadas-por-terremoto\/"},"author":{"name":"admin","@id":"https:\/\/www.fraczinet.cl\/sitio\/#\/schema\/person\/bc30f98e9cb10ae7e119dbe14bc93784"},"headline":"En Tom\u00e9 El Equipo De Salud Mental Trabaja Intensamente Con Personas Afectadas Por Terremoto","datePublished":"2010-04-15T02:01:00+00:00","dateModified":"2022-10-06T23:14:27+00:00","mainEntityOfPage":{"@id":"https:\/\/www.fraczinet.cl\/sitio\/2010\/04\/15\/en-tome-el-equipo-de-salud-mental-trabaja-intensamente-con-personas-afectadas-por-terremoto\/"},"wordCount":518,"commentCount":0,"publisher":{"@id":"https:\/\/www.fraczinet.cl\/sitio\/#\/schema\/person\/aec8ee4da68df2b9b0eefdad24a0d582"},"image":{"@id":"https:\/\/www.fraczinet.cl\/sitio\/2010\/04\/15\/en-tome-el-equipo-de-salud-mental-trabaja-intensamente-con-personas-afectadas-por-terremoto\/#primaryimage"},"thumbnailUrl":"https:\/\/3.bp.blogspot.com\/_2S_RxGRVjis\/S8Z1ctI8C6I\/AAAAAAAAOMI\/_twwsr4A47Q\/s400\/IMG_6166.jpg","articleSection":["Salud"],"inLanguage":"es","potentialAction":[{"@type":"CommentAction","name":"Comment","target":["https:\/\/www.fraczinet.cl\/sitio\/2010\/04\/15\/en-tome-el-equipo-de-salud-mental-trabaja-intensamente-con-personas-afectadas-por-terremoto\/#respond"]}]},{"@type":"WebPage","@id":"https:\/\/www.fraczinet.cl\/sitio\/2010\/04\/15\/en-tome-el-equipo-de-salud-mental-trabaja-intensamente-con-personas-afectadas-por-terremoto\/","url":"https:\/\/www.fraczinet.cl\/sitio\/2010\/04\/15\/en-tome-el-equipo-de-salud-mental-trabaja-intensamente-con-personas-afectadas-por-terremoto\/","name":"En Tom\u00e9 El Equipo De Salud Mental Trabaja Intensamente Con Personas Afectadas Por Terremoto - Nuestro Bio B\u00edo","isPartOf":{"@id":"https:\/\/www.fraczinet.cl\/sitio\/#website"},"primaryImageOfPage":{"@id":"https:\/\/www.fraczinet.cl\/sitio\/2010\/04\/15\/en-tome-el-equipo-de-salud-mental-trabaja-intensamente-con-personas-afectadas-por-terremoto\/#primaryimage"},"image":{"@id":"https:\/\/www.fraczinet.cl\/sitio\/2010\/04\/15\/en-tome-el-equipo-de-salud-mental-trabaja-intensamente-con-personas-afectadas-por-terremoto\/#primaryimage"},"thumbnailUrl":"https:\/\/3.bp.blogspot.com\/_2S_RxGRVjis\/S8Z1ctI8C6I\/AAAAAAAAOMI\/_twwsr4A47Q\/s400\/IMG_6166.jpg","datePublished":"2010-04-15T02:01:00+00:00","dateModified":"2022-10-06T23:14:27+00:00","breadcrumb":{"@id":"https:\/\/www.fraczinet.cl\/sitio\/2010\/04\/15\/en-tome-el-equipo-de-salud-mental-trabaja-intensamente-con-personas-afectadas-por-terremoto\/#breadcrumb"},"inLanguage":"es","potentialAction":[{"@type":"ReadAction","target":["https:\/\/www.fraczinet.cl\/sitio\/2010\/04\/15\/en-tome-el-equipo-de-salud-mental-trabaja-intensamente-con-personas-afectadas-por-terremoto\/"]}]},{"@type":"ImageObject","inLanguage":"es","@id":"https:\/\/www.fraczinet.cl\/sitio\/2010\/04\/15\/en-tome-el-equipo-de-salud-mental-trabaja-intensamente-con-personas-afectadas-por-terremoto\/#primaryimage","url":"https:\/\/3.bp.blogspot.com\/_2S_RxGRVjis\/S8Z1ctI8C6I\/AAAAAAAAOMI\/_twwsr4A47Q\/s400\/IMG_6166.jpg","contentUrl":"https:\/\/3.bp.blogspot.com\/_2S_RxGRVjis\/S8Z1ctI8C6I\/AAAAAAAAOMI\/_twwsr4A47Q\/s400\/IMG_6166.jpg"},{"@type":"BreadcrumbList","@id":"https:\/\/www.fraczinet.cl\/sitio\/2010\/04\/15\/en-tome-el-equipo-de-salud-mental-trabaja-intensamente-con-personas-afectadas-por-terremoto\/#breadcrumb","itemListElement":[{"@type":"ListItem","position":1,"name":"Portada","item":"https:\/\/www.fraczinet.cl\/sitio\/"},{"@type":"ListItem","position":2,"name":"En Tom\u00e9 El Equipo De Salud Mental Trabaja Intensamente Con Personas Afectadas Por Terremoto"}]},{"@type":"WebSite","@id":"https:\/\/www.fraczinet.cl\/sitio\/#website","url":"https:\/\/www.fraczinet.cl\/sitio\/","name":"Nuestro Bio B\u00edo","description":"Tierra de Encuentros","publisher":{"@id":"https:\/\/www.fraczinet.cl\/sitio\/#\/schema\/person\/aec8ee4da68df2b9b0eefdad24a0d582"},"potentialAction":[{"@type":"SearchAction","target":{"@type":"EntryPoint","urlTemplate":"https:\/\/www.fraczinet.cl\/sitio\/?s={search_term_string}"},"query-input":{"@type":"PropertyValueSpecification","valueRequired":true,"valueName":"search_term_string"}}],"inLanguage":"es"},{"@type":["Person","Organization"],"@id":"https:\/\/www.fraczinet.cl\/sitio\/#\/schema\/person\/aec8ee4da68df2b9b0eefdad24a0d582","name":"Luis Fernando Fraczinet","image":{"@type":"ImageObject","inLanguage":"es","@id":"https:\/\/www.fraczinet.cl\/sitio\/#\/schema\/person\/image\/","url":"https:\/\/www.fraczinet.cl\/sitio\/wp-content\/uploads\/2021\/07\/bannerlogo-1.gif","contentUrl":"https:\/\/www.fraczinet.cl\/sitio\/wp-content\/uploads\/2021\/07\/bannerlogo-1.gif","width":159,"height":79,"caption":"Luis Fernando Fraczinet"},"logo":{"@id":"https:\/\/www.fraczinet.cl\/sitio\/#\/schema\/person\/image\/"},"sameAs":["https:\/\/www.fraczinet.cl\/sitio\/"]},{"@type":"Person","@id":"https:\/\/www.fraczinet.cl\/sitio\/#\/schema\/person\/bc30f98e9cb10ae7e119dbe14bc93784","name":"admin","image":{"@type":"ImageObject","inLanguage":"es","@id":"https:\/\/www.fraczinet.cl\/sitio\/#\/schema\/person\/image\/","url":"https:\/\/secure.gravatar.com\/avatar\/d5ad3cf7ef3b23a2bb5be73be780c86b2fc8545c3ad6b149f3913ff458c00099?s=96&d=mm&r=g","contentUrl":"https:\/\/secure.gravatar.com\/avatar\/d5ad3cf7ef3b23a2bb5be73be780c86b2fc8545c3ad6b149f3913ff458c00099?s=96&d=mm&r=g","caption":"admin"},"sameAs":["https:\/\/www.fraczinet.cl\/sitio"]}]}},"_links":{"self":[{"href":"https:\/\/www.fraczinet.cl\/sitio\/wp-json\/wp\/v2\/posts\/5409","targetHints":{"allow":["GET"]}}],"collection":[{"href":"https:\/\/www.fraczinet.cl\/sitio\/wp-json\/wp\/v2\/posts"}],"about":[{"href":"https:\/\/www.fraczinet.cl\/sitio\/wp-json\/wp\/v2\/types\/post"}],"author":[{"embeddable":true,"href":"https:\/\/www.fraczinet.cl\/sitio\/wp-json\/wp\/v2\/users\/1"}],"replies":[{"embeddable":true,"href":"https:\/\/www.fraczinet.cl\/sitio\/wp-json\/wp\/v2\/comments?post=5409"}],"version-history":[{"count":1,"href":"https:\/\/www.fraczinet.cl\/sitio\/wp-json\/wp\/v2\/posts\/5409\/revisions"}],"predecessor-version":[{"id":14350,"href":"https:\/\/www.fraczinet.cl\/sitio\/wp-json\/wp\/v2\/posts\/5409\/revisions\/14350"}],"wp:attachment":[{"href":"https:\/\/www.fraczinet.cl\/sitio\/wp-json\/wp\/v2\/media?parent=5409"}],"wp:term":[{"taxonomy":"category","embeddable":true,"href":"https:\/\/www.fraczinet.cl\/sitio\/wp-json\/wp\/v2\/categories?post=5409"},{"taxonomy":"post_tag","embeddable":true,"href":"https:\/\/www.fraczinet.cl\/sitio\/wp-json\/wp\/v2\/tags?post=5409"}],"curies":[{"name":"wp","href":"https:\/\/api.w.org\/{rel}","templated":true}]}}