{"id":5410,"date":"2010-04-14T15:25:00","date_gmt":"2010-04-14T15:25:00","guid":{"rendered":"https:\/\/www.fraczinet.cl\/sitio\/2010\/04\/14\/llevaran-cine-movil-a-los-ninos-de-las-comunas-mas-afectadas-por-el-terremoto\/"},"modified":"2022-10-05T22:01:35","modified_gmt":"2022-10-05T22:01:35","slug":"llevaran-cine-movil-a-los-ninos-de-las-comunas-mas-afectadas-por-el-terremoto","status":"publish","type":"post","link":"https:\/\/www.fraczinet.cl\/sitio\/2010\/04\/14\/llevaran-cine-movil-a-los-ninos-de-las-comunas-mas-afectadas-por-el-terremoto\/","title":{"rendered":"Llevar\u00e1n Cine M\u00f3vil A Los Ni\u00f1os De Las Comunas M\u00e1s Afectadas Por El Terremoto"},"content":{"rendered":"<div style=\"text-align: justify;\"><span style=\"font-weight: bold;\">\u201cCine al aire libre\u201d<\/span> se llama esta iniciativa con la que Confort entregar\u00e1 un espacio de diversi\u00f3n a los ni\u00f1os de las zonas m\u00e1s afectadas por el terremoto, haci\u00e9ndolos dejar atr\u00e1s por unos momentos, la dura realidad que han debido enfrentar.<\/div>\n<div style=\"text-align: justify;\"><\/div>\n<div style=\"text-align: justify;\">Confort invitar\u00e1 a las mam\u00e1s para que lleven a sus ni\u00f1os a contagiarse de optimismo en localidades que resultaron gravemente da\u00f1adas por el sismo, como son Lota, Concepci\u00f3n, Penco, Dichato, Cobquecura, Constituci\u00f3n, Yerbas Buenas, Pelluhue, Villa Alegre e Iloca.  <\/div>\n<div style=\"text-align: justify;\"><\/div>\n<div style=\"text-align: justify;\">\u201cConfort siempre junto a la Familia\u201d partir\u00e1 desde Santiago hoy d\u00eda Mi\u00e9rcoles 14 de Abril las 10:00 AM   <\/div>\n<div style=\"text-align: justify;\"><\/div>\n<div style=\"text-align: justify;\">La iniciativa nace por parte de la empresa como una forma de estar junto a sus consumidores y a la necesidad que las Municipalidades han manifestado en desarrollar actividades recreativas y de esparcimiento para los ni\u00f1os y sus familias.<\/div>\n<div style=\"text-align: justify;\"><\/div>\n<div style=\"text-align: justify;\">A trav\u00e9s del recorrido de Cine M\u00f3vil, los ni\u00f1os podr\u00e1n disfrutar en forma gratuita de la pel\u00edcula Shreck 3, ser\u00e1n recibidos por un mimo quien les entregar\u00e1 entretenidos regalos como dulces, globos, cuadernos, adem\u00e1s de hacerles variadas actividades.<\/div>\n<div style=\"text-align: justify;\"><\/div>\n<div style=\"text-align: justify;\">En cada localidad Cine M\u00f3vil comenzar\u00e1 a las 15:30 hrs.<\/div>\n","protected":false},"excerpt":{"rendered":"<p>\u201cCine al aire libre\u201d se llama esta iniciativa con la que Confort entregar\u00e1 un espacio de diversi\u00f3n a los ni\u00f1os de las zonas m\u00e1s afectadas por el terremoto, haci\u00e9ndolos dejar atr\u00e1s por unos momentos, la dura realidad que han debido enfrentar. Confort invitar\u00e1 a las mam\u00e1s para que lleven a sus ni\u00f1os a contagiarse de [&hellip;]<\/p>\n","protected":false},"author":1,"featured_media":0,"comment_status":"open","ping_status":"open","sticky":false,"template":"","format":"standard","meta":{"footnotes":""},"categories":[32],"tags":[],"class_list":["post-5410","post","type-post","status-publish","format-standard","hentry","category-cine"],"yoast_head":"<!-- This site is optimized with the Yoast SEO plugin v25.0 - https:\/\/yoast.com\/wordpress\/plugins\/seo\/ -->\n<title>Llevar\u00e1n Cine M\u00f3vil A Los Ni\u00f1os De Las Comunas M\u00e1s Afectadas Por El Terremoto - Nuestro Bio B\u00edo<\/title>\n<meta name=\"robots\" content=\"index, follow, max-snippet:-1, max-image-preview:large, max-video-preview:-1\" \/>\n<link rel=\"canonical\" href=\"https:\/\/www.fraczinet.cl\/sitio\/2010\/04\/14\/llevaran-cine-movil-a-los-ninos-de-las-comunas-mas-afectadas-por-el-terremoto\/\" \/>\n<meta property=\"og:locale\" content=\"es_ES\" \/>\n<meta property=\"og:type\" content=\"article\" \/>\n<meta property=\"og:title\" content=\"Llevar\u00e1n Cine M\u00f3vil A Los Ni\u00f1os De Las Comunas M\u00e1s Afectadas Por El Terremoto - Nuestro Bio B\u00edo\" \/>\n<meta property=\"og:description\" content=\"\u201cCine al aire libre\u201d se llama esta iniciativa con la que Confort entregar\u00e1 un espacio de diversi\u00f3n a los ni\u00f1os de las zonas m\u00e1s afectadas por el terremoto, haci\u00e9ndolos dejar atr\u00e1s por unos momentos, la dura realidad que han debido enfrentar. Confort invitar\u00e1 a las mam\u00e1s para que lleven a sus ni\u00f1os a contagiarse de [&hellip;]\" \/>\n<meta property=\"og:url\" content=\"https:\/\/www.fraczinet.cl\/sitio\/2010\/04\/14\/llevaran-cine-movil-a-los-ninos-de-las-comunas-mas-afectadas-por-el-terremoto\/\" \/>\n<meta property=\"og:site_name\" content=\"Nuestro Bio B\u00edo\" \/>\n<meta property=\"article:published_time\" content=\"2010-04-14T15:25:00+00:00\" \/>\n<meta property=\"article:modified_time\" content=\"2022-10-05T22:01:35+00:00\" \/>\n<meta property=\"og:image\" content=\"https:\/\/www.fraczinet.cl\/sitio\/wp-content\/uploads\/2021\/07\/bannerlogo-1.gif\" \/>\n\t<meta property=\"og:image:width\" content=\"159\" \/>\n\t<meta property=\"og:image:height\" content=\"79\" \/>\n\t<meta property=\"og:image:type\" content=\"image\/gif\" \/>\n<meta name=\"author\" content=\"admin\" \/>\n<meta name=\"twitter:card\" content=\"summary_large_image\" \/>\n<meta name=\"twitter:creator\" content=\"@nuestrobiobio\" \/>\n<meta name=\"twitter:site\" content=\"@nuestrobiobio\" \/>\n<meta name=\"twitter:label1\" content=\"Escrito por\" \/>\n\t<meta name=\"twitter:data1\" content=\"admin\" \/>\n\t<meta name=\"twitter:label2\" content=\"Tiempo de lectura\" \/>\n\t<meta name=\"twitter:data2\" content=\"1 minuto\" \/>\n<script type=\"application\/ld+json\" class=\"yoast-schema-graph\">{\"@context\":\"https:\/\/schema.org\",\"@graph\":[{\"@type\":\"Article\",\"@id\":\"https:\/\/www.fraczinet.cl\/sitio\/2010\/04\/14\/llevaran-cine-movil-a-los-ninos-de-las-comunas-mas-afectadas-por-el-terremoto\/#article\",\"isPartOf\":{\"@id\":\"https:\/\/www.fraczinet.cl\/sitio\/2010\/04\/14\/llevaran-cine-movil-a-los-ninos-de-las-comunas-mas-afectadas-por-el-terremoto\/\"},\"author\":{\"name\":\"admin\",\"@id\":\"https:\/\/www.fraczinet.cl\/sitio\/#\/schema\/person\/bc30f98e9cb10ae7e119dbe14bc93784\"},\"headline\":\"Llevar\u00e1n Cine M\u00f3vil A Los Ni\u00f1os De Las Comunas M\u00e1s Afectadas Por El Terremoto\",\"datePublished\":\"2010-04-14T15:25:00+00:00\",\"dateModified\":\"2022-10-05T22:01:35+00:00\",\"mainEntityOfPage\":{\"@id\":\"https:\/\/www.fraczinet.cl\/sitio\/2010\/04\/14\/llevaran-cine-movil-a-los-ninos-de-las-comunas-mas-afectadas-por-el-terremoto\/\"},\"wordCount\":220,\"commentCount\":0,\"publisher\":{\"@id\":\"https:\/\/www.fraczinet.cl\/sitio\/#\/schema\/person\/aec8ee4da68df2b9b0eefdad24a0d582\"},\"articleSection\":[\"Cine\"],\"inLanguage\":\"es\",\"potentialAction\":[{\"@type\":\"CommentAction\",\"name\":\"Comment\",\"target\":[\"https:\/\/www.fraczinet.cl\/sitio\/2010\/04\/14\/llevaran-cine-movil-a-los-ninos-de-las-comunas-mas-afectadas-por-el-terremoto\/#respond\"]}]},{\"@type\":\"WebPage\",\"@id\":\"https:\/\/www.fraczinet.cl\/sitio\/2010\/04\/14\/llevaran-cine-movil-a-los-ninos-de-las-comunas-mas-afectadas-por-el-terremoto\/\",\"url\":\"https:\/\/www.fraczinet.cl\/sitio\/2010\/04\/14\/llevaran-cine-movil-a-los-ninos-de-las-comunas-mas-afectadas-por-el-terremoto\/\",\"name\":\"Llevar\u00e1n Cine M\u00f3vil A Los Ni\u00f1os De Las Comunas M\u00e1s Afectadas Por El Terremoto - Nuestro Bio B\u00edo\",\"isPartOf\":{\"@id\":\"https:\/\/www.fraczinet.cl\/sitio\/#website\"},\"datePublished\":\"2010-04-14T15:25:00+00:00\",\"dateModified\":\"2022-10-05T22:01:35+00:00\",\"breadcrumb\":{\"@id\":\"https:\/\/www.fraczinet.cl\/sitio\/2010\/04\/14\/llevaran-cine-movil-a-los-ninos-de-las-comunas-mas-afectadas-por-el-terremoto\/#breadcrumb\"},\"inLanguage\":\"es\",\"potentialAction\":[{\"@type\":\"ReadAction\",\"target\":[\"https:\/\/www.fraczinet.cl\/sitio\/2010\/04\/14\/llevaran-cine-movil-a-los-ninos-de-las-comunas-mas-afectadas-por-el-terremoto\/\"]}]},{\"@type\":\"BreadcrumbList\",\"@id\":\"https:\/\/www.fraczinet.cl\/sitio\/2010\/04\/14\/llevaran-cine-movil-a-los-ninos-de-las-comunas-mas-afectadas-por-el-terremoto\/#breadcrumb\",\"itemListElement\":[{\"@type\":\"ListItem\",\"position\":1,\"name\":\"Portada\",\"item\":\"https:\/\/www.fraczinet.cl\/sitio\/\"},{\"@type\":\"ListItem\",\"position\":2,\"name\":\"Llevar\u00e1n Cine M\u00f3vil A Los Ni\u00f1os De Las Comunas M\u00e1s Afectadas Por El Terremoto\"}]},{\"@type\":\"WebSite\",\"@id\":\"https:\/\/www.fraczinet.cl\/sitio\/#website\",\"url\":\"https:\/\/www.fraczinet.cl\/sitio\/\",\"name\":\"Nuestro Bio B\u00edo\",\"description\":\"Tierra de Encuentros\",\"publisher\":{\"@id\":\"https:\/\/www.fraczinet.cl\/sitio\/#\/schema\/person\/aec8ee4da68df2b9b0eefdad24a0d582\"},\"potentialAction\":[{\"@type\":\"SearchAction\",\"target\":{\"@type\":\"EntryPoint\",\"urlTemplate\":\"https:\/\/www.fraczinet.cl\/sitio\/?s={search_term_string}\"},\"query-input\":{\"@type\":\"PropertyValueSpecification\",\"valueRequired\":true,\"valueName\":\"search_term_string\"}}],\"inLanguage\":\"es\"},{\"@type\":[\"Person\",\"Organization\"],\"@id\":\"https:\/\/www.fraczinet.cl\/sitio\/#\/schema\/person\/aec8ee4da68df2b9b0eefdad24a0d582\",\"name\":\"Luis Fernando Fraczinet\",\"image\":{\"@type\":\"ImageObject\",\"inLanguage\":\"es\",\"@id\":\"https:\/\/www.fraczinet.cl\/sitio\/#\/schema\/person\/image\/\",\"url\":\"https:\/\/www.fraczinet.cl\/sitio\/wp-content\/uploads\/2021\/07\/bannerlogo-1.gif\",\"contentUrl\":\"https:\/\/www.fraczinet.cl\/sitio\/wp-content\/uploads\/2021\/07\/bannerlogo-1.gif\",\"width\":159,\"height\":79,\"caption\":\"Luis Fernando Fraczinet\"},\"logo\":{\"@id\":\"https:\/\/www.fraczinet.cl\/sitio\/#\/schema\/person\/image\/\"},\"sameAs\":[\"https:\/\/www.fraczinet.cl\/sitio\/\"]},{\"@type\":\"Person\",\"@id\":\"https:\/\/www.fraczinet.cl\/sitio\/#\/schema\/person\/bc30f98e9cb10ae7e119dbe14bc93784\",\"name\":\"admin\",\"image\":{\"@type\":\"ImageObject\",\"inLanguage\":\"es\",\"@id\":\"https:\/\/www.fraczinet.cl\/sitio\/#\/schema\/person\/image\/\",\"url\":\"https:\/\/secure.gravatar.com\/avatar\/d5ad3cf7ef3b23a2bb5be73be780c86b2fc8545c3ad6b149f3913ff458c00099?s=96&d=mm&r=g\",\"contentUrl\":\"https:\/\/secure.gravatar.com\/avatar\/d5ad3cf7ef3b23a2bb5be73be780c86b2fc8545c3ad6b149f3913ff458c00099?s=96&d=mm&r=g\",\"caption\":\"admin\"},\"sameAs\":[\"https:\/\/www.fraczinet.cl\/sitio\"]}]}<\/script>\n<!-- \/ Yoast SEO plugin. -->","yoast_head_json":{"title":"Llevar\u00e1n Cine M\u00f3vil A Los Ni\u00f1os De Las Comunas M\u00e1s Afectadas Por El Terremoto - Nuestro Bio B\u00edo","robots":{"index":"index","follow":"follow","max-snippet":"max-snippet:-1","max-image-preview":"max-image-preview:large","max-video-preview":"max-video-preview:-1"},"canonical":"https:\/\/www.fraczinet.cl\/sitio\/2010\/04\/14\/llevaran-cine-movil-a-los-ninos-de-las-comunas-mas-afectadas-por-el-terremoto\/","og_locale":"es_ES","og_type":"article","og_title":"Llevar\u00e1n Cine M\u00f3vil A Los Ni\u00f1os De Las Comunas M\u00e1s Afectadas Por El Terremoto - Nuestro Bio B\u00edo","og_description":"\u201cCine al aire libre\u201d se llama esta iniciativa con la que Confort entregar\u00e1 un espacio de diversi\u00f3n a los ni\u00f1os de las zonas m\u00e1s afectadas por el terremoto, haci\u00e9ndolos dejar atr\u00e1s por unos momentos, la dura realidad que han debido enfrentar. Confort invitar\u00e1 a las mam\u00e1s para que lleven a sus ni\u00f1os a contagiarse de [&hellip;]","og_url":"https:\/\/www.fraczinet.cl\/sitio\/2010\/04\/14\/llevaran-cine-movil-a-los-ninos-de-las-comunas-mas-afectadas-por-el-terremoto\/","og_site_name":"Nuestro Bio B\u00edo","article_published_time":"2010-04-14T15:25:00+00:00","article_modified_time":"2022-10-05T22:01:35+00:00","og_image":[{"width":159,"height":79,"url":"https:\/\/www.fraczinet.cl\/sitio\/wp-content\/uploads\/2021\/07\/bannerlogo-1.gif","type":"image\/gif"}],"author":"admin","twitter_card":"summary_large_image","twitter_creator":"@nuestrobiobio","twitter_site":"@nuestrobiobio","twitter_misc":{"Escrito por":"admin","Tiempo de lectura":"1 minuto"},"schema":{"@context":"https:\/\/schema.org","@graph":[{"@type":"Article","@id":"https:\/\/www.fraczinet.cl\/sitio\/2010\/04\/14\/llevaran-cine-movil-a-los-ninos-de-las-comunas-mas-afectadas-por-el-terremoto\/#article","isPartOf":{"@id":"https:\/\/www.fraczinet.cl\/sitio\/2010\/04\/14\/llevaran-cine-movil-a-los-ninos-de-las-comunas-mas-afectadas-por-el-terremoto\/"},"author":{"name":"admin","@id":"https:\/\/www.fraczinet.cl\/sitio\/#\/schema\/person\/bc30f98e9cb10ae7e119dbe14bc93784"},"headline":"Llevar\u00e1n Cine M\u00f3vil A Los Ni\u00f1os De Las Comunas M\u00e1s Afectadas Por El Terremoto","datePublished":"2010-04-14T15:25:00+00:00","dateModified":"2022-10-05T22:01:35+00:00","mainEntityOfPage":{"@id":"https:\/\/www.fraczinet.cl\/sitio\/2010\/04\/14\/llevaran-cine-movil-a-los-ninos-de-las-comunas-mas-afectadas-por-el-terremoto\/"},"wordCount":220,"commentCount":0,"publisher":{"@id":"https:\/\/www.fraczinet.cl\/sitio\/#\/schema\/person\/aec8ee4da68df2b9b0eefdad24a0d582"},"articleSection":["Cine"],"inLanguage":"es","potentialAction":[{"@type":"CommentAction","name":"Comment","target":["https:\/\/www.fraczinet.cl\/sitio\/2010\/04\/14\/llevaran-cine-movil-a-los-ninos-de-las-comunas-mas-afectadas-por-el-terremoto\/#respond"]}]},{"@type":"WebPage","@id":"https:\/\/www.fraczinet.cl\/sitio\/2010\/04\/14\/llevaran-cine-movil-a-los-ninos-de-las-comunas-mas-afectadas-por-el-terremoto\/","url":"https:\/\/www.fraczinet.cl\/sitio\/2010\/04\/14\/llevaran-cine-movil-a-los-ninos-de-las-comunas-mas-afectadas-por-el-terremoto\/","name":"Llevar\u00e1n Cine M\u00f3vil A Los Ni\u00f1os De Las Comunas M\u00e1s Afectadas Por El Terremoto - Nuestro Bio B\u00edo","isPartOf":{"@id":"https:\/\/www.fraczinet.cl\/sitio\/#website"},"datePublished":"2010-04-14T15:25:00+00:00","dateModified":"2022-10-05T22:01:35+00:00","breadcrumb":{"@id":"https:\/\/www.fraczinet.cl\/sitio\/2010\/04\/14\/llevaran-cine-movil-a-los-ninos-de-las-comunas-mas-afectadas-por-el-terremoto\/#breadcrumb"},"inLanguage":"es","potentialAction":[{"@type":"ReadAction","target":["https:\/\/www.fraczinet.cl\/sitio\/2010\/04\/14\/llevaran-cine-movil-a-los-ninos-de-las-comunas-mas-afectadas-por-el-terremoto\/"]}]},{"@type":"BreadcrumbList","@id":"https:\/\/www.fraczinet.cl\/sitio\/2010\/04\/14\/llevaran-cine-movil-a-los-ninos-de-las-comunas-mas-afectadas-por-el-terremoto\/#breadcrumb","itemListElement":[{"@type":"ListItem","position":1,"name":"Portada","item":"https:\/\/www.fraczinet.cl\/sitio\/"},{"@type":"ListItem","position":2,"name":"Llevar\u00e1n Cine M\u00f3vil A Los Ni\u00f1os De Las Comunas M\u00e1s Afectadas Por El Terremoto"}]},{"@type":"WebSite","@id":"https:\/\/www.fraczinet.cl\/sitio\/#website","url":"https:\/\/www.fraczinet.cl\/sitio\/","name":"Nuestro Bio B\u00edo","description":"Tierra de Encuentros","publisher":{"@id":"https:\/\/www.fraczinet.cl\/sitio\/#\/schema\/person\/aec8ee4da68df2b9b0eefdad24a0d582"},"potentialAction":[{"@type":"SearchAction","target":{"@type":"EntryPoint","urlTemplate":"https:\/\/www.fraczinet.cl\/sitio\/?s={search_term_string}"},"query-input":{"@type":"PropertyValueSpecification","valueRequired":true,"valueName":"search_term_string"}}],"inLanguage":"es"},{"@type":["Person","Organization"],"@id":"https:\/\/www.fraczinet.cl\/sitio\/#\/schema\/person\/aec8ee4da68df2b9b0eefdad24a0d582","name":"Luis Fernando Fraczinet","image":{"@type":"ImageObject","inLanguage":"es","@id":"https:\/\/www.fraczinet.cl\/sitio\/#\/schema\/person\/image\/","url":"https:\/\/www.fraczinet.cl\/sitio\/wp-content\/uploads\/2021\/07\/bannerlogo-1.gif","contentUrl":"https:\/\/www.fraczinet.cl\/sitio\/wp-content\/uploads\/2021\/07\/bannerlogo-1.gif","width":159,"height":79,"caption":"Luis Fernando Fraczinet"},"logo":{"@id":"https:\/\/www.fraczinet.cl\/sitio\/#\/schema\/person\/image\/"},"sameAs":["https:\/\/www.fraczinet.cl\/sitio\/"]},{"@type":"Person","@id":"https:\/\/www.fraczinet.cl\/sitio\/#\/schema\/person\/bc30f98e9cb10ae7e119dbe14bc93784","name":"admin","image":{"@type":"ImageObject","inLanguage":"es","@id":"https:\/\/www.fraczinet.cl\/sitio\/#\/schema\/person\/image\/","url":"https:\/\/secure.gravatar.com\/avatar\/d5ad3cf7ef3b23a2bb5be73be780c86b2fc8545c3ad6b149f3913ff458c00099?s=96&d=mm&r=g","contentUrl":"https:\/\/secure.gravatar.com\/avatar\/d5ad3cf7ef3b23a2bb5be73be780c86b2fc8545c3ad6b149f3913ff458c00099?s=96&d=mm&r=g","caption":"admin"},"sameAs":["https:\/\/www.fraczinet.cl\/sitio"]}]}},"_links":{"self":[{"href":"https:\/\/www.fraczinet.cl\/sitio\/wp-json\/wp\/v2\/posts\/5410","targetHints":{"allow":["GET"]}}],"collection":[{"href":"https:\/\/www.fraczinet.cl\/sitio\/wp-json\/wp\/v2\/posts"}],"about":[{"href":"https:\/\/www.fraczinet.cl\/sitio\/wp-json\/wp\/v2\/types\/post"}],"author":[{"embeddable":true,"href":"https:\/\/www.fraczinet.cl\/sitio\/wp-json\/wp\/v2\/users\/1"}],"replies":[{"embeddable":true,"href":"https:\/\/www.fraczinet.cl\/sitio\/wp-json\/wp\/v2\/comments?post=5410"}],"version-history":[{"count":1,"href":"https:\/\/www.fraczinet.cl\/sitio\/wp-json\/wp\/v2\/posts\/5410\/revisions"}],"predecessor-version":[{"id":14120,"href":"https:\/\/www.fraczinet.cl\/sitio\/wp-json\/wp\/v2\/posts\/5410\/revisions\/14120"}],"wp:attachment":[{"href":"https:\/\/www.fraczinet.cl\/sitio\/wp-json\/wp\/v2\/media?parent=5410"}],"wp:term":[{"taxonomy":"category","embeddable":true,"href":"https:\/\/www.fraczinet.cl\/sitio\/wp-json\/wp\/v2\/categories?post=5410"},{"taxonomy":"post_tag","embeddable":true,"href":"https:\/\/www.fraczinet.cl\/sitio\/wp-json\/wp\/v2\/tags?post=5410"}],"curies":[{"name":"wp","href":"https:\/\/api.w.org\/{rel}","templated":true}]}}