{"id":5429,"date":"2010-04-03T23:11:00","date_gmt":"2010-04-03T23:11:00","guid":{"rendered":"https:\/\/www.fraczinet.cl\/sitio\/2010\/04\/03\/taller-de-confeccion-de-titeres\/"},"modified":"2022-10-05T22:02:02","modified_gmt":"2022-10-05T22:02:02","slug":"taller-de-confeccion-de-titeres","status":"publish","type":"post","link":"https:\/\/www.fraczinet.cl\/sitio\/2010\/04\/03\/taller-de-confeccion-de-titeres\/","title":{"rendered":"Taller De Confecci\u00f3n De T\u00edteres"},"content":{"rendered":"<div style=\"text-align: justify;\">Amigas y Amigos:<\/div>\n<div style=\"text-align: justify;\"><\/div>\n<div style=\"text-align: justify;\">Los invitamos a participar en el taller de Confecci\u00f3n de t\u00edteres, dirigido por la artista pl\u00e1stica Vania Caro, que se realizar\u00e1 los d\u00edas martes y jueves de 18:00 a 20:00 horas en la Sala de arte del Centro Cultural AfricAm\u00e9ricA.<\/div>\n<div style=\"text-align: justify;\"><\/div>\n<div style=\"text-align: justify;\">El valor es de $10.000 por 4 clases mensuales<\/div>\n<div style=\"text-align: justify;\">$18.000 por 8 clases mensuales<\/div>\n<div style=\"text-align: justify;\">m\u00e1s una cuota de incorporaci\u00f3n de $2.000<\/div>\n<div style=\"text-align: justify;\"><\/div>\n<div style=\"text-align: justify;\">Mas info a talleresafricamerica@gmail.com<\/div>\n<div style=\"text-align: justify;\"><\/div>\n<div style=\"text-align: justify;\"><a href=\"http:\/\/3.bp.blogspot.com\/_2S_RxGRVjis\/S7fLvGwh39I\/AAAAAAAAOGM\/fzDdevcGxfo\/s1600\/taller+de+tioteres.jpg\"><img decoding=\"async\" alt=\"\" border=\"0\" id=\"BLOGGER_PHOTO_ID_5456053483711094738\" src=\"https:\/\/3.bp.blogspot.com\/_2S_RxGRVjis\/S7fLvGwh39I\/AAAAAAAAOGM\/fzDdevcGxfo\/s200\/taller+de+tioteres.jpg\" style=\"cursor: hand; cursor: pointer; float: left; height: 200px; margin: 0 10px 10px 0; width: 130px;\" \/><\/a>Tipo: Educaci\u00f3n &#8211; Taller<\/div>\n<div style=\"text-align: justify;\">Hora de inicio: El Martes, 06 de abril de 2010 a las 18:00<\/div>\n<div style=\"text-align: justify;\">Hora de finalizaci\u00f3n: El jueves, 01 de julio de 2010 a las 20:00<\/div>\n<div style=\"text-align: justify;\">Lugar: Centro Cultural AfricAm\u00e9ricA<\/div>\n<div style=\"text-align: justify;\">Calle: Anibal Pinto 1640, entre Argentina y Brasil<\/div>\n<div style=\"text-align: justify;\">Ciudad: Concepci\u00f3n.<\/div>\n<div style=\"text-align: justify;\"><\/div>\n<div style=\"text-align: justify;\">Grupo en Facebook: <a href=\"http:\/\/www.facebook.com\/group.php?gid=33623686707&amp;ref=ts\">http:\/\/www.facebook.com\/group.php?gid=33623686707&amp;ref=ts<\/a><\/div>\n","protected":false},"excerpt":{"rendered":"<p>Amigas y Amigos: Los invitamos a participar en el taller de Confecci\u00f3n de t\u00edteres, dirigido por la artista pl\u00e1stica Vania Caro, que se realizar\u00e1 los d\u00edas martes y jueves de 18:00 a 20:00 horas en la Sala de arte del Centro Cultural AfricAm\u00e9ricA. El valor es de $10.000 por 4 clases mensuales $18.000 por 8 [&hellip;]<\/p>\n","protected":false},"author":1,"featured_media":0,"comment_status":"open","ping_status":"open","sticky":false,"template":"","format":"standard","meta":{"footnotes":""},"categories":[223],"tags":[],"class_list":["post-5429","post","type-post","status-publish","format-standard","hentry","category-talleres"],"yoast_head":"<!-- This site is optimized with the Yoast SEO plugin v25.0 - https:\/\/yoast.com\/wordpress\/plugins\/seo\/ -->\n<title>Taller De Confecci\u00f3n De T\u00edteres - Nuestro Bio B\u00edo<\/title>\n<meta name=\"robots\" content=\"index, follow, max-snippet:-1, max-image-preview:large, max-video-preview:-1\" \/>\n<link rel=\"canonical\" href=\"https:\/\/www.fraczinet.cl\/sitio\/2010\/04\/03\/taller-de-confeccion-de-titeres\/\" \/>\n<meta property=\"og:locale\" content=\"es_ES\" \/>\n<meta property=\"og:type\" content=\"article\" \/>\n<meta property=\"og:title\" content=\"Taller De Confecci\u00f3n De T\u00edteres - Nuestro Bio B\u00edo\" \/>\n<meta property=\"og:description\" content=\"Amigas y Amigos: Los invitamos a participar en el taller de Confecci\u00f3n de t\u00edteres, dirigido por la artista pl\u00e1stica Vania Caro, que se realizar\u00e1 los d\u00edas martes y jueves de 18:00 a 20:00 horas en la Sala de arte del Centro Cultural AfricAm\u00e9ricA. El valor es de $10.000 por 4 clases mensuales $18.000 por 8 [&hellip;]\" \/>\n<meta property=\"og:url\" content=\"https:\/\/www.fraczinet.cl\/sitio\/2010\/04\/03\/taller-de-confeccion-de-titeres\/\" \/>\n<meta property=\"og:site_name\" content=\"Nuestro Bio B\u00edo\" \/>\n<meta property=\"article:published_time\" content=\"2010-04-03T23:11:00+00:00\" \/>\n<meta property=\"article:modified_time\" content=\"2022-10-05T22:02:02+00:00\" \/>\n<meta property=\"og:image\" content=\"https:\/\/3.bp.blogspot.com\/_2S_RxGRVjis\/S7fLvGwh39I\/AAAAAAAAOGM\/fzDdevcGxfo\/s200\/taller+de+tioteres.jpg\" \/>\n<meta name=\"author\" content=\"admin\" \/>\n<meta name=\"twitter:card\" content=\"summary_large_image\" \/>\n<meta name=\"twitter:creator\" content=\"@nuestrobiobio\" \/>\n<meta name=\"twitter:site\" content=\"@nuestrobiobio\" \/>\n<meta name=\"twitter:label1\" content=\"Escrito por\" \/>\n\t<meta name=\"twitter:data1\" content=\"admin\" \/>\n\t<meta name=\"twitter:label2\" content=\"Tiempo de lectura\" \/>\n\t<meta name=\"twitter:data2\" content=\"1 minuto\" \/>\n<script type=\"application\/ld+json\" class=\"yoast-schema-graph\">{\"@context\":\"https:\/\/schema.org\",\"@graph\":[{\"@type\":\"Article\",\"@id\":\"https:\/\/www.fraczinet.cl\/sitio\/2010\/04\/03\/taller-de-confeccion-de-titeres\/#article\",\"isPartOf\":{\"@id\":\"https:\/\/www.fraczinet.cl\/sitio\/2010\/04\/03\/taller-de-confeccion-de-titeres\/\"},\"author\":{\"name\":\"admin\",\"@id\":\"https:\/\/www.fraczinet.cl\/sitio\/#\/schema\/person\/bc30f98e9cb10ae7e119dbe14bc93784\"},\"headline\":\"Taller De Confecci\u00f3n De T\u00edteres\",\"datePublished\":\"2010-04-03T23:11:00+00:00\",\"dateModified\":\"2022-10-05T22:02:02+00:00\",\"mainEntityOfPage\":{\"@id\":\"https:\/\/www.fraczinet.cl\/sitio\/2010\/04\/03\/taller-de-confeccion-de-titeres\/\"},\"wordCount\":131,\"commentCount\":0,\"publisher\":{\"@id\":\"https:\/\/www.fraczinet.cl\/sitio\/#\/schema\/person\/aec8ee4da68df2b9b0eefdad24a0d582\"},\"image\":{\"@id\":\"https:\/\/www.fraczinet.cl\/sitio\/2010\/04\/03\/taller-de-confeccion-de-titeres\/#primaryimage\"},\"thumbnailUrl\":\"https:\/\/3.bp.blogspot.com\/_2S_RxGRVjis\/S7fLvGwh39I\/AAAAAAAAOGM\/fzDdevcGxfo\/s200\/taller+de+tioteres.jpg\",\"articleSection\":[\"Talleres\"],\"inLanguage\":\"es\",\"potentialAction\":[{\"@type\":\"CommentAction\",\"name\":\"Comment\",\"target\":[\"https:\/\/www.fraczinet.cl\/sitio\/2010\/04\/03\/taller-de-confeccion-de-titeres\/#respond\"]}]},{\"@type\":\"WebPage\",\"@id\":\"https:\/\/www.fraczinet.cl\/sitio\/2010\/04\/03\/taller-de-confeccion-de-titeres\/\",\"url\":\"https:\/\/www.fraczinet.cl\/sitio\/2010\/04\/03\/taller-de-confeccion-de-titeres\/\",\"name\":\"Taller De Confecci\u00f3n De T\u00edteres - Nuestro Bio B\u00edo\",\"isPartOf\":{\"@id\":\"https:\/\/www.fraczinet.cl\/sitio\/#website\"},\"primaryImageOfPage\":{\"@id\":\"https:\/\/www.fraczinet.cl\/sitio\/2010\/04\/03\/taller-de-confeccion-de-titeres\/#primaryimage\"},\"image\":{\"@id\":\"https:\/\/www.fraczinet.cl\/sitio\/2010\/04\/03\/taller-de-confeccion-de-titeres\/#primaryimage\"},\"thumbnailUrl\":\"https:\/\/3.bp.blogspot.com\/_2S_RxGRVjis\/S7fLvGwh39I\/AAAAAAAAOGM\/fzDdevcGxfo\/s200\/taller+de+tioteres.jpg\",\"datePublished\":\"2010-04-03T23:11:00+00:00\",\"dateModified\":\"2022-10-05T22:02:02+00:00\",\"breadcrumb\":{\"@id\":\"https:\/\/www.fraczinet.cl\/sitio\/2010\/04\/03\/taller-de-confeccion-de-titeres\/#breadcrumb\"},\"inLanguage\":\"es\",\"potentialAction\":[{\"@type\":\"ReadAction\",\"target\":[\"https:\/\/www.fraczinet.cl\/sitio\/2010\/04\/03\/taller-de-confeccion-de-titeres\/\"]}]},{\"@type\":\"ImageObject\",\"inLanguage\":\"es\",\"@id\":\"https:\/\/www.fraczinet.cl\/sitio\/2010\/04\/03\/taller-de-confeccion-de-titeres\/#primaryimage\",\"url\":\"https:\/\/3.bp.blogspot.com\/_2S_RxGRVjis\/S7fLvGwh39I\/AAAAAAAAOGM\/fzDdevcGxfo\/s200\/taller+de+tioteres.jpg\",\"contentUrl\":\"https:\/\/3.bp.blogspot.com\/_2S_RxGRVjis\/S7fLvGwh39I\/AAAAAAAAOGM\/fzDdevcGxfo\/s200\/taller+de+tioteres.jpg\"},{\"@type\":\"BreadcrumbList\",\"@id\":\"https:\/\/www.fraczinet.cl\/sitio\/2010\/04\/03\/taller-de-confeccion-de-titeres\/#breadcrumb\",\"itemListElement\":[{\"@type\":\"ListItem\",\"position\":1,\"name\":\"Portada\",\"item\":\"https:\/\/www.fraczinet.cl\/sitio\/\"},{\"@type\":\"ListItem\",\"position\":2,\"name\":\"Taller De Confecci\u00f3n De T\u00edteres\"}]},{\"@type\":\"WebSite\",\"@id\":\"https:\/\/www.fraczinet.cl\/sitio\/#website\",\"url\":\"https:\/\/www.fraczinet.cl\/sitio\/\",\"name\":\"Nuestro Bio B\u00edo\",\"description\":\"Tierra de Encuentros\",\"publisher\":{\"@id\":\"https:\/\/www.fraczinet.cl\/sitio\/#\/schema\/person\/aec8ee4da68df2b9b0eefdad24a0d582\"},\"potentialAction\":[{\"@type\":\"SearchAction\",\"target\":{\"@type\":\"EntryPoint\",\"urlTemplate\":\"https:\/\/www.fraczinet.cl\/sitio\/?s={search_term_string}\"},\"query-input\":{\"@type\":\"PropertyValueSpecification\",\"valueRequired\":true,\"valueName\":\"search_term_string\"}}],\"inLanguage\":\"es\"},{\"@type\":[\"Person\",\"Organization\"],\"@id\":\"https:\/\/www.fraczinet.cl\/sitio\/#\/schema\/person\/aec8ee4da68df2b9b0eefdad24a0d582\",\"name\":\"Luis Fernando Fraczinet\",\"image\":{\"@type\":\"ImageObject\",\"inLanguage\":\"es\",\"@id\":\"https:\/\/www.fraczinet.cl\/sitio\/#\/schema\/person\/image\/\",\"url\":\"https:\/\/www.fraczinet.cl\/sitio\/wp-content\/uploads\/2021\/07\/bannerlogo-1.gif\",\"contentUrl\":\"https:\/\/www.fraczinet.cl\/sitio\/wp-content\/uploads\/2021\/07\/bannerlogo-1.gif\",\"width\":159,\"height\":79,\"caption\":\"Luis Fernando Fraczinet\"},\"logo\":{\"@id\":\"https:\/\/www.fraczinet.cl\/sitio\/#\/schema\/person\/image\/\"},\"sameAs\":[\"https:\/\/www.fraczinet.cl\/sitio\/\"]},{\"@type\":\"Person\",\"@id\":\"https:\/\/www.fraczinet.cl\/sitio\/#\/schema\/person\/bc30f98e9cb10ae7e119dbe14bc93784\",\"name\":\"admin\",\"image\":{\"@type\":\"ImageObject\",\"inLanguage\":\"es\",\"@id\":\"https:\/\/www.fraczinet.cl\/sitio\/#\/schema\/person\/image\/\",\"url\":\"https:\/\/secure.gravatar.com\/avatar\/d5ad3cf7ef3b23a2bb5be73be780c86b2fc8545c3ad6b149f3913ff458c00099?s=96&d=mm&r=g\",\"contentUrl\":\"https:\/\/secure.gravatar.com\/avatar\/d5ad3cf7ef3b23a2bb5be73be780c86b2fc8545c3ad6b149f3913ff458c00099?s=96&d=mm&r=g\",\"caption\":\"admin\"},\"sameAs\":[\"https:\/\/www.fraczinet.cl\/sitio\"]}]}<\/script>\n<!-- \/ Yoast SEO plugin. -->","yoast_head_json":{"title":"Taller De Confecci\u00f3n De T\u00edteres - Nuestro Bio B\u00edo","robots":{"index":"index","follow":"follow","max-snippet":"max-snippet:-1","max-image-preview":"max-image-preview:large","max-video-preview":"max-video-preview:-1"},"canonical":"https:\/\/www.fraczinet.cl\/sitio\/2010\/04\/03\/taller-de-confeccion-de-titeres\/","og_locale":"es_ES","og_type":"article","og_title":"Taller De Confecci\u00f3n De T\u00edteres - Nuestro Bio B\u00edo","og_description":"Amigas y Amigos: Los invitamos a participar en el taller de Confecci\u00f3n de t\u00edteres, dirigido por la artista pl\u00e1stica Vania Caro, que se realizar\u00e1 los d\u00edas martes y jueves de 18:00 a 20:00 horas en la Sala de arte del Centro Cultural AfricAm\u00e9ricA. El valor es de $10.000 por 4 clases mensuales $18.000 por 8 [&hellip;]","og_url":"https:\/\/www.fraczinet.cl\/sitio\/2010\/04\/03\/taller-de-confeccion-de-titeres\/","og_site_name":"Nuestro Bio B\u00edo","article_published_time":"2010-04-03T23:11:00+00:00","article_modified_time":"2022-10-05T22:02:02+00:00","og_image":[{"url":"https:\/\/3.bp.blogspot.com\/_2S_RxGRVjis\/S7fLvGwh39I\/AAAAAAAAOGM\/fzDdevcGxfo\/s200\/taller+de+tioteres.jpg","type":"","width":"","height":""}],"author":"admin","twitter_card":"summary_large_image","twitter_creator":"@nuestrobiobio","twitter_site":"@nuestrobiobio","twitter_misc":{"Escrito por":"admin","Tiempo de lectura":"1 minuto"},"schema":{"@context":"https:\/\/schema.org","@graph":[{"@type":"Article","@id":"https:\/\/www.fraczinet.cl\/sitio\/2010\/04\/03\/taller-de-confeccion-de-titeres\/#article","isPartOf":{"@id":"https:\/\/www.fraczinet.cl\/sitio\/2010\/04\/03\/taller-de-confeccion-de-titeres\/"},"author":{"name":"admin","@id":"https:\/\/www.fraczinet.cl\/sitio\/#\/schema\/person\/bc30f98e9cb10ae7e119dbe14bc93784"},"headline":"Taller De Confecci\u00f3n De T\u00edteres","datePublished":"2010-04-03T23:11:00+00:00","dateModified":"2022-10-05T22:02:02+00:00","mainEntityOfPage":{"@id":"https:\/\/www.fraczinet.cl\/sitio\/2010\/04\/03\/taller-de-confeccion-de-titeres\/"},"wordCount":131,"commentCount":0,"publisher":{"@id":"https:\/\/www.fraczinet.cl\/sitio\/#\/schema\/person\/aec8ee4da68df2b9b0eefdad24a0d582"},"image":{"@id":"https:\/\/www.fraczinet.cl\/sitio\/2010\/04\/03\/taller-de-confeccion-de-titeres\/#primaryimage"},"thumbnailUrl":"https:\/\/3.bp.blogspot.com\/_2S_RxGRVjis\/S7fLvGwh39I\/AAAAAAAAOGM\/fzDdevcGxfo\/s200\/taller+de+tioteres.jpg","articleSection":["Talleres"],"inLanguage":"es","potentialAction":[{"@type":"CommentAction","name":"Comment","target":["https:\/\/www.fraczinet.cl\/sitio\/2010\/04\/03\/taller-de-confeccion-de-titeres\/#respond"]}]},{"@type":"WebPage","@id":"https:\/\/www.fraczinet.cl\/sitio\/2010\/04\/03\/taller-de-confeccion-de-titeres\/","url":"https:\/\/www.fraczinet.cl\/sitio\/2010\/04\/03\/taller-de-confeccion-de-titeres\/","name":"Taller De Confecci\u00f3n De T\u00edteres - Nuestro Bio B\u00edo","isPartOf":{"@id":"https:\/\/www.fraczinet.cl\/sitio\/#website"},"primaryImageOfPage":{"@id":"https:\/\/www.fraczinet.cl\/sitio\/2010\/04\/03\/taller-de-confeccion-de-titeres\/#primaryimage"},"image":{"@id":"https:\/\/www.fraczinet.cl\/sitio\/2010\/04\/03\/taller-de-confeccion-de-titeres\/#primaryimage"},"thumbnailUrl":"https:\/\/3.bp.blogspot.com\/_2S_RxGRVjis\/S7fLvGwh39I\/AAAAAAAAOGM\/fzDdevcGxfo\/s200\/taller+de+tioteres.jpg","datePublished":"2010-04-03T23:11:00+00:00","dateModified":"2022-10-05T22:02:02+00:00","breadcrumb":{"@id":"https:\/\/www.fraczinet.cl\/sitio\/2010\/04\/03\/taller-de-confeccion-de-titeres\/#breadcrumb"},"inLanguage":"es","potentialAction":[{"@type":"ReadAction","target":["https:\/\/www.fraczinet.cl\/sitio\/2010\/04\/03\/taller-de-confeccion-de-titeres\/"]}]},{"@type":"ImageObject","inLanguage":"es","@id":"https:\/\/www.fraczinet.cl\/sitio\/2010\/04\/03\/taller-de-confeccion-de-titeres\/#primaryimage","url":"https:\/\/3.bp.blogspot.com\/_2S_RxGRVjis\/S7fLvGwh39I\/AAAAAAAAOGM\/fzDdevcGxfo\/s200\/taller+de+tioteres.jpg","contentUrl":"https:\/\/3.bp.blogspot.com\/_2S_RxGRVjis\/S7fLvGwh39I\/AAAAAAAAOGM\/fzDdevcGxfo\/s200\/taller+de+tioteres.jpg"},{"@type":"BreadcrumbList","@id":"https:\/\/www.fraczinet.cl\/sitio\/2010\/04\/03\/taller-de-confeccion-de-titeres\/#breadcrumb","itemListElement":[{"@type":"ListItem","position":1,"name":"Portada","item":"https:\/\/www.fraczinet.cl\/sitio\/"},{"@type":"ListItem","position":2,"name":"Taller De Confecci\u00f3n De T\u00edteres"}]},{"@type":"WebSite","@id":"https:\/\/www.fraczinet.cl\/sitio\/#website","url":"https:\/\/www.fraczinet.cl\/sitio\/","name":"Nuestro Bio B\u00edo","description":"Tierra de Encuentros","publisher":{"@id":"https:\/\/www.fraczinet.cl\/sitio\/#\/schema\/person\/aec8ee4da68df2b9b0eefdad24a0d582"},"potentialAction":[{"@type":"SearchAction","target":{"@type":"EntryPoint","urlTemplate":"https:\/\/www.fraczinet.cl\/sitio\/?s={search_term_string}"},"query-input":{"@type":"PropertyValueSpecification","valueRequired":true,"valueName":"search_term_string"}}],"inLanguage":"es"},{"@type":["Person","Organization"],"@id":"https:\/\/www.fraczinet.cl\/sitio\/#\/schema\/person\/aec8ee4da68df2b9b0eefdad24a0d582","name":"Luis Fernando Fraczinet","image":{"@type":"ImageObject","inLanguage":"es","@id":"https:\/\/www.fraczinet.cl\/sitio\/#\/schema\/person\/image\/","url":"https:\/\/www.fraczinet.cl\/sitio\/wp-content\/uploads\/2021\/07\/bannerlogo-1.gif","contentUrl":"https:\/\/www.fraczinet.cl\/sitio\/wp-content\/uploads\/2021\/07\/bannerlogo-1.gif","width":159,"height":79,"caption":"Luis Fernando Fraczinet"},"logo":{"@id":"https:\/\/www.fraczinet.cl\/sitio\/#\/schema\/person\/image\/"},"sameAs":["https:\/\/www.fraczinet.cl\/sitio\/"]},{"@type":"Person","@id":"https:\/\/www.fraczinet.cl\/sitio\/#\/schema\/person\/bc30f98e9cb10ae7e119dbe14bc93784","name":"admin","image":{"@type":"ImageObject","inLanguage":"es","@id":"https:\/\/www.fraczinet.cl\/sitio\/#\/schema\/person\/image\/","url":"https:\/\/secure.gravatar.com\/avatar\/d5ad3cf7ef3b23a2bb5be73be780c86b2fc8545c3ad6b149f3913ff458c00099?s=96&d=mm&r=g","contentUrl":"https:\/\/secure.gravatar.com\/avatar\/d5ad3cf7ef3b23a2bb5be73be780c86b2fc8545c3ad6b149f3913ff458c00099?s=96&d=mm&r=g","caption":"admin"},"sameAs":["https:\/\/www.fraczinet.cl\/sitio"]}]}},"_links":{"self":[{"href":"https:\/\/www.fraczinet.cl\/sitio\/wp-json\/wp\/v2\/posts\/5429","targetHints":{"allow":["GET"]}}],"collection":[{"href":"https:\/\/www.fraczinet.cl\/sitio\/wp-json\/wp\/v2\/posts"}],"about":[{"href":"https:\/\/www.fraczinet.cl\/sitio\/wp-json\/wp\/v2\/types\/post"}],"author":[{"embeddable":true,"href":"https:\/\/www.fraczinet.cl\/sitio\/wp-json\/wp\/v2\/users\/1"}],"replies":[{"embeddable":true,"href":"https:\/\/www.fraczinet.cl\/sitio\/wp-json\/wp\/v2\/comments?post=5429"}],"version-history":[{"count":1,"href":"https:\/\/www.fraczinet.cl\/sitio\/wp-json\/wp\/v2\/posts\/5429\/revisions"}],"predecessor-version":[{"id":14122,"href":"https:\/\/www.fraczinet.cl\/sitio\/wp-json\/wp\/v2\/posts\/5429\/revisions\/14122"}],"wp:attachment":[{"href":"https:\/\/www.fraczinet.cl\/sitio\/wp-json\/wp\/v2\/media?parent=5429"}],"wp:term":[{"taxonomy":"category","embeddable":true,"href":"https:\/\/www.fraczinet.cl\/sitio\/wp-json\/wp\/v2\/categories?post=5429"},{"taxonomy":"post_tag","embeddable":true,"href":"https:\/\/www.fraczinet.cl\/sitio\/wp-json\/wp\/v2\/tags?post=5429"}],"curies":[{"name":"wp","href":"https:\/\/api.w.org\/{rel}","templated":true}]}}