{"id":5431,"date":"2010-04-03T22:46:00","date_gmt":"2010-04-03T22:46:00","guid":{"rendered":"https:\/\/www.fraczinet.cl\/sitio\/2010\/04\/03\/taller-de-reciclaje-para-ninos\/"},"modified":"2022-10-05T22:03:17","modified_gmt":"2022-10-05T22:03:17","slug":"taller-de-reciclaje-para-ninos","status":"publish","type":"post","link":"https:\/\/www.fraczinet.cl\/sitio\/taller-de-reciclaje-para-ninos\/","title":{"rendered":"Taller De Reciclaje Para Ni\u00f1os"},"content":{"rendered":"<div style=\"text-align: justify;\">Amigas y Amigos:<\/div>\n<div style=\"text-align: justify;\"><\/div>\n<div style=\"text-align: justify;\">Los invitamos a participar el d\u00eda s\u00e1bado 10 de Abril al taller de Reciclaje para ni\u00f1os, que busca ense\u00f1ar a reutilizar los desechos cotidianos d\u00e1ndoles un uso entretenido, conociendo las propiedades de los materiales, incentivando el interes y conocimientos en la reutilizaci\u00f3n y fomentando el trabajo grupal. Los materiales necesarios est\u00e1n en su entorno, s\u00f3lo hay que ver con otros ojos.<\/div>\n<div style=\"text-align: justify;\"><\/div>\n<div style=\"text-align: justify;\">$10.000 mensual (4 clases)<\/div>\n<div style=\"text-align: justify;\">Inscripci\u00f3n $2.000.-<\/div>\n<div style=\"text-align: justify;\">Primera clase gratis!<\/div>\n<div style=\"text-align: justify;\"><\/div>\n<div style=\"text-align: justify;\">Los esperamos<\/div>\n<div style=\"text-align: justify;\">M\u00e1s informaci\u00f3n talleresafricamerica@gmail.com<\/div>\n<div style=\"text-align: justify;\"><\/div>\n<div style=\"text-align: justify;\"><a href=\"http:\/\/2.bp.blogspot.com\/_2S_RxGRVjis\/S7fGAj_6J4I\/AAAAAAAAOF8\/SDTNSfJavVU\/s1600\/taller+de+reciclaje+para+ni%C3%B1os.jpg\"><img decoding=\"async\" alt=\"\" border=\"0\" id=\"BLOGGER_PHOTO_ID_5456047186548238210\" src=\"https:\/\/2.bp.blogspot.com\/_2S_RxGRVjis\/S7fGAj_6J4I\/AAAAAAAAOF8\/SDTNSfJavVU\/s200\/taller+de+reciclaje+para+ni%C3%B1os.jpg\" style=\"cursor: pointer; float: left; height: 150px; margin: 0px 10px 10px 0px; width: 200px;\" \/><\/a>Tipo: Educaci\u00f3n &#8211; Taller<\/div>\n<div style=\"text-align: justify;\">Hora de inicio: El S\u00e1bado, 10 de abril de 2010 a las 11:00<\/div>\n<div style=\"text-align: justify;\">Hora de finalizaci\u00f3n: El S\u00e1bado, 10 de julio de 2010 a las 13:00<\/div>\n<div style=\"text-align: justify;\">Lugar: Centro Cultural AfricAm\u00e9ricA<\/div>\n<div style=\"text-align: justify;\">Calle: Anibal Pinto 1640, entre Argentina y Brasil<\/div>\n<div style=\"text-align: justify;\">Ciudad: Concepci\u00f3n, Chile<\/div>\n<div style=\"text-align: justify;\"><\/div>\n<div style=\"text-align: justify;\">Grupo en Facebook: <a href=\"http:\/\/www.facebook.com\/group.php?gid=33623686707&amp;ref=ts\">http:\/\/www.facebook.com\/group.php?gid=33623686707&amp;ref=ts<\/a><\/div>\n","protected":false},"excerpt":{"rendered":"<p>Amigas y Amigos: Los invitamos a participar el d\u00eda s\u00e1bado 10 de Abril al taller de Reciclaje para ni\u00f1os, que busca ense\u00f1ar a reutilizar los desechos cotidianos d\u00e1ndoles un uso entretenido, conociendo las propiedades de los materiales, incentivando el interes y conocimientos en la reutilizaci\u00f3n y fomentando el trabajo grupal. Los materiales necesarios est\u00e1n en [&hellip;]<\/p>\n","protected":false},"author":1,"featured_media":0,"comment_status":"open","ping_status":"closed","sticky":false,"template":"","format":"standard","meta":{"footnotes":""},"categories":[223],"tags":[],"class_list":["post-5431","post","type-post","status-publish","format-standard","hentry","category-talleres"],"yoast_head":"<!-- This site is optimized with the Yoast SEO plugin v28.2 - https:\/\/yoast.com\/product\/yoast-seo-wordpress\/ -->\n<title>Taller De Reciclaje Para Ni\u00f1os - Nuestro Bio B\u00edo<\/title>\n<meta name=\"robots\" content=\"index, follow, max-snippet:-1, max-image-preview:large, max-video-preview:-1\" \/>\n<link rel=\"canonical\" href=\"https:\/\/www.fraczinet.cl\/sitio\/taller-de-reciclaje-para-ninos\/\" \/>\n<meta property=\"og:locale\" content=\"es_ES\" \/>\n<meta property=\"og:type\" content=\"article\" \/>\n<meta property=\"og:title\" content=\"Taller De Reciclaje Para Ni\u00f1os - Nuestro Bio B\u00edo\" \/>\n<meta property=\"og:description\" content=\"Amigas y Amigos: Los invitamos a participar el d\u00eda s\u00e1bado 10 de Abril al taller de Reciclaje para ni\u00f1os, que busca ense\u00f1ar a reutilizar los desechos cotidianos d\u00e1ndoles un uso entretenido, conociendo las propiedades de los materiales, incentivando el interes y conocimientos en la reutilizaci\u00f3n y fomentando el trabajo grupal. Los materiales necesarios est\u00e1n en [&hellip;]\" \/>\n<meta property=\"og:url\" content=\"https:\/\/www.fraczinet.cl\/sitio\/taller-de-reciclaje-para-ninos\/\" \/>\n<meta property=\"og:site_name\" content=\"Nuestro Bio B\u00edo\" \/>\n<meta property=\"article:publisher\" content=\"https:\/\/www.facebook.com\/groups\/15721414452\/\" \/>\n<meta property=\"article:published_time\" content=\"2010-04-03T22:46:00+00:00\" \/>\n<meta property=\"article:modified_time\" content=\"2022-10-05T22:03:17+00:00\" \/>\n<meta property=\"og:image\" content=\"https:\/\/2.bp.blogspot.com\/_2S_RxGRVjis\/S7fGAj_6J4I\/AAAAAAAAOF8\/SDTNSfJavVU\/s200\/taller+de+reciclaje+para+ni%C3%B1os.jpg\" \/>\n<meta name=\"twitter:card\" content=\"summary_large_image\" \/>\n<meta name=\"twitter:creator\" content=\"@nuestrobiobio\" \/>\n<meta name=\"twitter:site\" content=\"@nuestrobiobio\" \/>\n<meta name=\"twitter:label1\" content=\"Escrito por\" \/>\n\t<meta name=\"twitter:data1\" content=\"\" \/>\n\t<meta name=\"twitter:label2\" content=\"Tiempo de lectura\" \/>\n\t<meta name=\"twitter:data2\" content=\"1 minuto\" \/>\n<script type=\"application\/ld+json\" class=\"yoast-schema-graph\">{\"@context\":\"https:\\\/\\\/schema.org\",\"@graph\":[{\"@type\":\"Article\",\"@id\":\"https:\\\/\\\/www.fraczinet.cl\\\/sitio\\\/taller-de-reciclaje-para-ninos\\\/#article\",\"isPartOf\":{\"@id\":\"https:\\\/\\\/www.fraczinet.cl\\\/sitio\\\/taller-de-reciclaje-para-ninos\\\/\"},\"author\":{\"name\":\"\",\"@id\":\"\"},\"headline\":\"Taller De Reciclaje Para Ni\u00f1os\",\"datePublished\":\"2010-04-03T22:46:00+00:00\",\"dateModified\":\"2022-10-05T22:03:17+00:00\",\"mainEntityOfPage\":{\"@id\":\"https:\\\/\\\/www.fraczinet.cl\\\/sitio\\\/taller-de-reciclaje-para-ninos\\\/\"},\"wordCount\":151,\"commentCount\":0,\"image\":{\"@id\":\"https:\\\/\\\/www.fraczinet.cl\\\/sitio\\\/taller-de-reciclaje-para-ninos\\\/#primaryimage\"},\"thumbnailUrl\":\"https:\\\/\\\/2.bp.blogspot.com\\\/_2S_RxGRVjis\\\/S7fGAj_6J4I\\\/AAAAAAAAOF8\\\/SDTNSfJavVU\\\/s200\\\/taller+de+reciclaje+para+ni%C3%B1os.jpg\",\"articleSection\":[\"Talleres\"],\"inLanguage\":\"es\",\"potentialAction\":[{\"@type\":\"CommentAction\",\"name\":\"Comment\",\"target\":[\"https:\\\/\\\/www.fraczinet.cl\\\/sitio\\\/taller-de-reciclaje-para-ninos\\\/#respond\"]}]},{\"@type\":\"WebPage\",\"@id\":\"https:\\\/\\\/www.fraczinet.cl\\\/sitio\\\/taller-de-reciclaje-para-ninos\\\/\",\"url\":\"https:\\\/\\\/www.fraczinet.cl\\\/sitio\\\/taller-de-reciclaje-para-ninos\\\/\",\"name\":\"Taller De Reciclaje Para Ni\u00f1os - Nuestro Bio B\u00edo\",\"isPartOf\":{\"@id\":\"https:\\\/\\\/www.fraczinet.cl\\\/sitio\\\/#website\"},\"primaryImageOfPage\":{\"@id\":\"https:\\\/\\\/www.fraczinet.cl\\\/sitio\\\/taller-de-reciclaje-para-ninos\\\/#primaryimage\"},\"image\":{\"@id\":\"https:\\\/\\\/www.fraczinet.cl\\\/sitio\\\/taller-de-reciclaje-para-ninos\\\/#primaryimage\"},\"thumbnailUrl\":\"https:\\\/\\\/2.bp.blogspot.com\\\/_2S_RxGRVjis\\\/S7fGAj_6J4I\\\/AAAAAAAAOF8\\\/SDTNSfJavVU\\\/s200\\\/taller+de+reciclaje+para+ni%C3%B1os.jpg\",\"datePublished\":\"2010-04-03T22:46:00+00:00\",\"dateModified\":\"2022-10-05T22:03:17+00:00\",\"author\":{\"@id\":\"\"},\"breadcrumb\":{\"@id\":\"https:\\\/\\\/www.fraczinet.cl\\\/sitio\\\/taller-de-reciclaje-para-ninos\\\/#breadcrumb\"},\"inLanguage\":\"es\",\"potentialAction\":[{\"@type\":\"ReadAction\",\"target\":[\"https:\\\/\\\/www.fraczinet.cl\\\/sitio\\\/taller-de-reciclaje-para-ninos\\\/\"]}]},{\"@type\":\"ImageObject\",\"inLanguage\":\"es\",\"@id\":\"https:\\\/\\\/www.fraczinet.cl\\\/sitio\\\/taller-de-reciclaje-para-ninos\\\/#primaryimage\",\"url\":\"https:\\\/\\\/2.bp.blogspot.com\\\/_2S_RxGRVjis\\\/S7fGAj_6J4I\\\/AAAAAAAAOF8\\\/SDTNSfJavVU\\\/s200\\\/taller+de+reciclaje+para+ni%C3%B1os.jpg\",\"contentUrl\":\"https:\\\/\\\/2.bp.blogspot.com\\\/_2S_RxGRVjis\\\/S7fGAj_6J4I\\\/AAAAAAAAOF8\\\/SDTNSfJavVU\\\/s200\\\/taller+de+reciclaje+para+ni%C3%B1os.jpg\"},{\"@type\":\"BreadcrumbList\",\"@id\":\"https:\\\/\\\/www.fraczinet.cl\\\/sitio\\\/taller-de-reciclaje-para-ninos\\\/#breadcrumb\",\"itemListElement\":[{\"@type\":\"ListItem\",\"position\":1,\"name\":\"Portada\",\"item\":\"https:\\\/\\\/www.fraczinet.cl\\\/sitio\\\/\"},{\"@type\":\"ListItem\",\"position\":2,\"name\":\"Taller De Reciclaje Para Ni\u00f1os\"}]},{\"@type\":\"WebSite\",\"@id\":\"https:\\\/\\\/www.fraczinet.cl\\\/sitio\\\/#website\",\"url\":\"https:\\\/\\\/www.fraczinet.cl\\\/sitio\\\/\",\"name\":\"Nuestro Bio B\u00edo\",\"description\":\"Tierra de Encuentros\",\"potentialAction\":[{\"@type\":\"SearchAction\",\"target\":{\"@type\":\"EntryPoint\",\"urlTemplate\":\"https:\\\/\\\/www.fraczinet.cl\\\/sitio\\\/?s={search_term_string}\"},\"query-input\":{\"@type\":\"PropertyValueSpecification\",\"valueRequired\":true,\"valueName\":\"search_term_string\"}}],\"inLanguage\":\"es\"},{\"@type\":\"Person\",\"@id\":\"\"}]}<\/script>\n<!-- \/ Yoast SEO plugin. -->","yoast_head_json":{"title":"Taller De Reciclaje Para Ni\u00f1os - Nuestro Bio B\u00edo","robots":{"index":"index","follow":"follow","max-snippet":"max-snippet:-1","max-image-preview":"max-image-preview:large","max-video-preview":"max-video-preview:-1"},"canonical":"https:\/\/www.fraczinet.cl\/sitio\/taller-de-reciclaje-para-ninos\/","og_locale":"es_ES","og_type":"article","og_title":"Taller De Reciclaje Para Ni\u00f1os - Nuestro Bio B\u00edo","og_description":"Amigas y Amigos: Los invitamos a participar el d\u00eda s\u00e1bado 10 de Abril al taller de Reciclaje para ni\u00f1os, que busca ense\u00f1ar a reutilizar los desechos cotidianos d\u00e1ndoles un uso entretenido, conociendo las propiedades de los materiales, incentivando el interes y conocimientos en la reutilizaci\u00f3n y fomentando el trabajo grupal. Los materiales necesarios est\u00e1n en [&hellip;]","og_url":"https:\/\/www.fraczinet.cl\/sitio\/taller-de-reciclaje-para-ninos\/","og_site_name":"Nuestro Bio B\u00edo","article_publisher":"https:\/\/www.facebook.com\/groups\/15721414452\/","article_published_time":"2010-04-03T22:46:00+00:00","article_modified_time":"2022-10-05T22:03:17+00:00","og_image":[{"url":"https:\/\/2.bp.blogspot.com\/_2S_RxGRVjis\/S7fGAj_6J4I\/AAAAAAAAOF8\/SDTNSfJavVU\/s200\/taller+de+reciclaje+para+ni%C3%B1os.jpg","type":"","width":"","height":""}],"twitter_card":"summary_large_image","twitter_creator":"@nuestrobiobio","twitter_site":"@nuestrobiobio","twitter_misc":{"Escrito por":"","Tiempo de lectura":"1 minuto"},"schema":{"@context":"https:\/\/schema.org","@graph":[{"@type":"Article","@id":"https:\/\/www.fraczinet.cl\/sitio\/taller-de-reciclaje-para-ninos\/#article","isPartOf":{"@id":"https:\/\/www.fraczinet.cl\/sitio\/taller-de-reciclaje-para-ninos\/"},"author":{"name":"","@id":""},"headline":"Taller De Reciclaje Para Ni\u00f1os","datePublished":"2010-04-03T22:46:00+00:00","dateModified":"2022-10-05T22:03:17+00:00","mainEntityOfPage":{"@id":"https:\/\/www.fraczinet.cl\/sitio\/taller-de-reciclaje-para-ninos\/"},"wordCount":151,"commentCount":0,"image":{"@id":"https:\/\/www.fraczinet.cl\/sitio\/taller-de-reciclaje-para-ninos\/#primaryimage"},"thumbnailUrl":"https:\/\/2.bp.blogspot.com\/_2S_RxGRVjis\/S7fGAj_6J4I\/AAAAAAAAOF8\/SDTNSfJavVU\/s200\/taller+de+reciclaje+para+ni%C3%B1os.jpg","articleSection":["Talleres"],"inLanguage":"es","potentialAction":[{"@type":"CommentAction","name":"Comment","target":["https:\/\/www.fraczinet.cl\/sitio\/taller-de-reciclaje-para-ninos\/#respond"]}]},{"@type":"WebPage","@id":"https:\/\/www.fraczinet.cl\/sitio\/taller-de-reciclaje-para-ninos\/","url":"https:\/\/www.fraczinet.cl\/sitio\/taller-de-reciclaje-para-ninos\/","name":"Taller De Reciclaje Para Ni\u00f1os - Nuestro Bio B\u00edo","isPartOf":{"@id":"https:\/\/www.fraczinet.cl\/sitio\/#website"},"primaryImageOfPage":{"@id":"https:\/\/www.fraczinet.cl\/sitio\/taller-de-reciclaje-para-ninos\/#primaryimage"},"image":{"@id":"https:\/\/www.fraczinet.cl\/sitio\/taller-de-reciclaje-para-ninos\/#primaryimage"},"thumbnailUrl":"https:\/\/2.bp.blogspot.com\/_2S_RxGRVjis\/S7fGAj_6J4I\/AAAAAAAAOF8\/SDTNSfJavVU\/s200\/taller+de+reciclaje+para+ni%C3%B1os.jpg","datePublished":"2010-04-03T22:46:00+00:00","dateModified":"2022-10-05T22:03:17+00:00","author":{"@id":""},"breadcrumb":{"@id":"https:\/\/www.fraczinet.cl\/sitio\/taller-de-reciclaje-para-ninos\/#breadcrumb"},"inLanguage":"es","potentialAction":[{"@type":"ReadAction","target":["https:\/\/www.fraczinet.cl\/sitio\/taller-de-reciclaje-para-ninos\/"]}]},{"@type":"ImageObject","inLanguage":"es","@id":"https:\/\/www.fraczinet.cl\/sitio\/taller-de-reciclaje-para-ninos\/#primaryimage","url":"https:\/\/2.bp.blogspot.com\/_2S_RxGRVjis\/S7fGAj_6J4I\/AAAAAAAAOF8\/SDTNSfJavVU\/s200\/taller+de+reciclaje+para+ni%C3%B1os.jpg","contentUrl":"https:\/\/2.bp.blogspot.com\/_2S_RxGRVjis\/S7fGAj_6J4I\/AAAAAAAAOF8\/SDTNSfJavVU\/s200\/taller+de+reciclaje+para+ni%C3%B1os.jpg"},{"@type":"BreadcrumbList","@id":"https:\/\/www.fraczinet.cl\/sitio\/taller-de-reciclaje-para-ninos\/#breadcrumb","itemListElement":[{"@type":"ListItem","position":1,"name":"Portada","item":"https:\/\/www.fraczinet.cl\/sitio\/"},{"@type":"ListItem","position":2,"name":"Taller De Reciclaje Para Ni\u00f1os"}]},{"@type":"WebSite","@id":"https:\/\/www.fraczinet.cl\/sitio\/#website","url":"https:\/\/www.fraczinet.cl\/sitio\/","name":"Nuestro Bio B\u00edo","description":"Tierra de Encuentros","potentialAction":[{"@type":"SearchAction","target":{"@type":"EntryPoint","urlTemplate":"https:\/\/www.fraczinet.cl\/sitio\/?s={search_term_string}"},"query-input":{"@type":"PropertyValueSpecification","valueRequired":true,"valueName":"search_term_string"}}],"inLanguage":"es"},{"@type":"Person","@id":""}]}},"_links":{"self":[{"href":"https:\/\/www.fraczinet.cl\/sitio\/wp-json\/wp\/v2\/posts\/5431","targetHints":{"allow":["GET"]}}],"collection":[{"href":"https:\/\/www.fraczinet.cl\/sitio\/wp-json\/wp\/v2\/posts"}],"about":[{"href":"https:\/\/www.fraczinet.cl\/sitio\/wp-json\/wp\/v2\/types\/post"}],"author":[{"embeddable":true,"href":"https:\/\/www.fraczinet.cl\/sitio\/wp-json\/wp\/v2\/users\/1"}],"replies":[{"embeddable":true,"href":"https:\/\/www.fraczinet.cl\/sitio\/wp-json\/wp\/v2\/comments?post=5431"}],"version-history":[{"count":1,"href":"https:\/\/www.fraczinet.cl\/sitio\/wp-json\/wp\/v2\/posts\/5431\/revisions"}],"predecessor-version":[{"id":14123,"href":"https:\/\/www.fraczinet.cl\/sitio\/wp-json\/wp\/v2\/posts\/5431\/revisions\/14123"}],"wp:attachment":[{"href":"https:\/\/www.fraczinet.cl\/sitio\/wp-json\/wp\/v2\/media?parent=5431"}],"wp:term":[{"taxonomy":"category","embeddable":true,"href":"https:\/\/www.fraczinet.cl\/sitio\/wp-json\/wp\/v2\/categories?post=5431"},{"taxonomy":"post_tag","embeddable":true,"href":"https:\/\/www.fraczinet.cl\/sitio\/wp-json\/wp\/v2\/tags?post=5431"}],"curies":[{"name":"wp","href":"https:\/\/api.w.org\/{rel}","templated":true}]}}