{"id":5440,"date":"2010-04-01T02:01:00","date_gmt":"2010-04-01T02:01:00","guid":{"rendered":"https:\/\/www.fraczinet.cl\/sitio\/2010\/04\/01\/parque-educativo-jorge-alessandri-invita-a-disfrutar-de-la-naturaleza\/"},"modified":"2022-10-21T00:16:59","modified_gmt":"2022-10-21T00:16:59","slug":"parque-educativo-jorge-alessandri-invita-a-disfrutar-de-la-naturaleza","status":"publish","type":"post","link":"https:\/\/www.fraczinet.cl\/sitio\/2010\/04\/01\/parque-educativo-jorge-alessandri-invita-a-disfrutar-de-la-naturaleza\/","title":{"rendered":"Parque Educativo Jorge Alessandri Invita A Disfrutar De La Naturaleza"},"content":{"rendered":"<div style=\"text-align: justify;\"><a style=\"clear: left; float: left; margin-bottom: 1em; margin-right: 1em;\" href=\"http:\/\/1.bp.blogspot.com\/_2S_RxGRVjis\/S7P-xaV2epI\/AAAAAAAAOE0\/qCjLSqPoD2Q\/s1600\/vivero.JPG\"><img decoding=\"async\" id=\"BLOGGER_PHOTO_ID_5454983698513820306\" style=\"height: 300px; width: 400px;\" src=\"https:\/\/1.bp.blogspot.com\/_2S_RxGRVjis\/S7P-xaV2epI\/AAAAAAAAOE0\/qCjLSqPoD2Q\/s400\/vivero.JPG\" alt=\"\" border=\"0\" \/><\/a>Durante todo el fin de semana desde las 10:00 hrs. y hasta las 17:00hrs. nuestros espacios educativos Sala del \u00c1rbol, Artequ\u00edn, Vivero y Senderos tendr\u00e1n talleres familiares y visitas guiadas, para disfrutar de un panorama entretenido junto a una naturaleza \u00fanica.<\/div>\n<div style=\"text-align: justify;\"><\/div>\n<div style=\"text-align: justify;\">Junto a estas actividades habituales el Parque ha dise\u00f1ado un programa especial para los d\u00edas feriados que se aproximan. El viernes 2 de abril estar\u00e1 dedicado a los ni\u00f1os con las actividades de la zona infantil, desde las 15:00 a las 17:00hrs cada familia podr\u00e1 disfrutar en nuestro taller de pinta caritas, atendido por nuestras monitoras y acompa\u00f1ados por payasos y malabaristas. Tendremos tambi\u00e9n en exposici\u00f3n las fotograf\u00edas de paisajes de nuestro pa\u00eds de Miroslav Rodr\u00edguez Bakulic.<\/div>\n<div style=\"text-align: justify;\"><\/div>\n<div style=\"text-align: justify;\">El d\u00eda s\u00e1bado, complementando estas actividades, de 15:00 a 16:00 hrs. se presentar\u00e1 en el anfiteatro el Ballet Folcl\u00f3rico de la Corporaci\u00f3n Sinf\u00f3nica de Concepci\u00f3n, para finalizar el d\u00eda domingo con un espect\u00e1culo de zancos y malabarismo desde las 15:00hrs., todo esto acompa\u00f1ado de una dulce sorpresa para los m\u00e1s peque\u00f1itos.<\/div>\n<div style=\"text-align: justify;\"><\/div>\n<div style=\"text-align: justify;\"><a style=\"clear: left; float: left; margin-bottom: 1em; margin-right: 1em;\" href=\"http:\/\/2.bp.blogspot.com\/_2S_RxGRVjis\/S7P-qnpm69I\/AAAAAAAAOEs\/5m6Q-3eFJMk\/s1600\/Taller+intantil.JPG\"><img decoding=\"async\" id=\"BLOGGER_PHOTO_ID_5454983581827263442\" style=\"height: 300px; width: 400px;\" src=\"https:\/\/2.bp.blogspot.com\/_2S_RxGRVjis\/S7P-qnpm69I\/AAAAAAAAOEs\/5m6Q-3eFJMk\/s400\/Taller+intantil.JPG\" alt=\"\" border=\"0\" \/><\/a>Para seguir disfrutando el Parque les invita a su auditorio, espacio en el cual, podr\u00e1n recorrer la exhibici\u00f3n \u201cEl Juguetes de Papel\u201d, de la colecci\u00f3n del Museo del Juguete, muestra que invita a recordar antiguas t\u00e9cnicas de entretenci\u00f3n con este vital material como es el papel y cart\u00f3n, la cual estar\u00e1 abierta desde las 10:00 hasta las 17:00hrs.<\/div>\n<div style=\"text-align: justify;\"><\/div>\n<div style=\"text-align: justify;\">De esta manera y aprovechando el buen tiempo que a\u00fan nos acompa\u00f1a, la invitaci\u00f3n es a visitar el Parque Educativo en familia para disfrutar de una posibilidad de esparcimiento y entretenci\u00f3n en este centro cultural y privilegiado entorno natural.<\/div>\n<div style=\"text-align: justify;\"><\/div>\n<div style=\"text-align: justify;\">Los esperamos, como siempre, de martes a domingo de 10:00 a 17:00hrs, en el km 18. del camino Concepci\u00f3n\u2013Coronel. Les recordamos que la entrada al Parque y a todas nuestras actividades son liberadas.<\/div>\n<div style=\"text-align: justify;\"><\/div>\n<div style=\"text-align: justify;\">Contacto:<\/div>\n<div style=\"text-align: justify;\">Parque Educativo Jorge Alessandri<\/div>\n<div style=\"text-align: justify;\">Fono: 2857411<\/div>\n<p><a href=\"http:\/\/1.bp.blogspot.com\/_2S_RxGRVjis\/S7P-j-PYIgI\/AAAAAAAAOEk\/P3mczVb88xQ\/s1600\/Benjamin+Ortiz,+Pablo+Navarrete..JPG\"><img decoding=\"async\" id=\"BLOGGER_PHOTO_ID_5454983467632173570\" style=\"cursor: pointer; height: 300px; width: 400px;\" src=\"https:\/\/1.bp.blogspot.com\/_2S_RxGRVjis\/S7P-j-PYIgI\/AAAAAAAAOEk\/P3mczVb88xQ\/s400\/Benjamin+Ortiz,+Pablo+Navarrete..JPG\" alt=\"\" border=\"0\" \/><\/a><\/p>\n","protected":false},"excerpt":{"rendered":"<p>Durante todo el fin de semana desde las 10:00 hrs. y hasta las 17:00hrs. nuestros espacios educativos Sala del \u00c1rbol, Artequ\u00edn, Vivero y Senderos tendr\u00e1n talleres familiares y visitas guiadas, para disfrutar de un panorama entretenido junto a una naturaleza \u00fanica. Junto a estas actividades habituales el Parque ha dise\u00f1ado un programa especial para los [&hellip;]<\/p>\n","protected":false},"author":1,"featured_media":0,"comment_status":"open","ping_status":"open","sticky":false,"template":"","format":"standard","meta":{"footnotes":""},"categories":[151,124],"tags":[],"class_list":["post-5440","post","type-post","status-publish","format-standard","hentry","category-educacion","category-medio-ambiente"],"yoast_head":"<!-- This site is optimized with the Yoast SEO plugin v25.0 - https:\/\/yoast.com\/wordpress\/plugins\/seo\/ -->\n<title>Parque Educativo Jorge Alessandri Invita A Disfrutar De La Naturaleza - Nuestro Bio B\u00edo<\/title>\n<meta name=\"robots\" content=\"index, follow, max-snippet:-1, max-image-preview:large, max-video-preview:-1\" \/>\n<link rel=\"canonical\" href=\"https:\/\/www.fraczinet.cl\/sitio\/2010\/04\/01\/parque-educativo-jorge-alessandri-invita-a-disfrutar-de-la-naturaleza\/\" \/>\n<meta property=\"og:locale\" content=\"es_ES\" \/>\n<meta property=\"og:type\" content=\"article\" \/>\n<meta property=\"og:title\" content=\"Parque Educativo Jorge Alessandri Invita A Disfrutar De La Naturaleza - Nuestro Bio B\u00edo\" \/>\n<meta property=\"og:description\" content=\"Durante todo el fin de semana desde las 10:00 hrs. y hasta las 17:00hrs. nuestros espacios educativos Sala del \u00c1rbol, Artequ\u00edn, Vivero y Senderos tendr\u00e1n talleres familiares y visitas guiadas, para disfrutar de un panorama entretenido junto a una naturaleza \u00fanica. Junto a estas actividades habituales el Parque ha dise\u00f1ado un programa especial para los [&hellip;]\" \/>\n<meta property=\"og:url\" content=\"https:\/\/www.fraczinet.cl\/sitio\/2010\/04\/01\/parque-educativo-jorge-alessandri-invita-a-disfrutar-de-la-naturaleza\/\" \/>\n<meta property=\"og:site_name\" content=\"Nuestro Bio B\u00edo\" \/>\n<meta property=\"article:published_time\" content=\"2010-04-01T02:01:00+00:00\" \/>\n<meta property=\"article:modified_time\" content=\"2022-10-21T00:16:59+00:00\" \/>\n<meta property=\"og:image\" content=\"https:\/\/1.bp.blogspot.com\/_2S_RxGRVjis\/S7P-xaV2epI\/AAAAAAAAOE0\/qCjLSqPoD2Q\/s400\/vivero.JPG\" \/>\n<meta name=\"author\" content=\"admin\" \/>\n<meta name=\"twitter:card\" content=\"summary_large_image\" \/>\n<meta name=\"twitter:creator\" content=\"@nuestrobiobio\" \/>\n<meta name=\"twitter:site\" content=\"@nuestrobiobio\" \/>\n<meta name=\"twitter:label1\" content=\"Escrito por\" \/>\n\t<meta name=\"twitter:data1\" content=\"admin\" \/>\n\t<meta name=\"twitter:label2\" content=\"Tiempo de lectura\" \/>\n\t<meta name=\"twitter:data2\" content=\"2 minutos\" \/>\n<script type=\"application\/ld+json\" class=\"yoast-schema-graph\">{\"@context\":\"https:\/\/schema.org\",\"@graph\":[{\"@type\":\"Article\",\"@id\":\"https:\/\/www.fraczinet.cl\/sitio\/2010\/04\/01\/parque-educativo-jorge-alessandri-invita-a-disfrutar-de-la-naturaleza\/#article\",\"isPartOf\":{\"@id\":\"https:\/\/www.fraczinet.cl\/sitio\/2010\/04\/01\/parque-educativo-jorge-alessandri-invita-a-disfrutar-de-la-naturaleza\/\"},\"author\":{\"name\":\"admin\",\"@id\":\"https:\/\/www.fraczinet.cl\/sitio\/#\/schema\/person\/bc30f98e9cb10ae7e119dbe14bc93784\"},\"headline\":\"Parque Educativo Jorge Alessandri Invita A Disfrutar De La Naturaleza\",\"datePublished\":\"2010-04-01T02:01:00+00:00\",\"dateModified\":\"2022-10-21T00:16:59+00:00\",\"mainEntityOfPage\":{\"@id\":\"https:\/\/www.fraczinet.cl\/sitio\/2010\/04\/01\/parque-educativo-jorge-alessandri-invita-a-disfrutar-de-la-naturaleza\/\"},\"wordCount\":341,\"commentCount\":0,\"publisher\":{\"@id\":\"https:\/\/www.fraczinet.cl\/sitio\/#\/schema\/person\/aec8ee4da68df2b9b0eefdad24a0d582\"},\"image\":{\"@id\":\"https:\/\/www.fraczinet.cl\/sitio\/2010\/04\/01\/parque-educativo-jorge-alessandri-invita-a-disfrutar-de-la-naturaleza\/#primaryimage\"},\"thumbnailUrl\":\"https:\/\/1.bp.blogspot.com\/_2S_RxGRVjis\/S7P-xaV2epI\/AAAAAAAAOE0\/qCjLSqPoD2Q\/s400\/vivero.JPG\",\"articleSection\":[\"Educaci\u00f3n\",\"Medio Ambiente\"],\"inLanguage\":\"es\",\"potentialAction\":[{\"@type\":\"CommentAction\",\"name\":\"Comment\",\"target\":[\"https:\/\/www.fraczinet.cl\/sitio\/2010\/04\/01\/parque-educativo-jorge-alessandri-invita-a-disfrutar-de-la-naturaleza\/#respond\"]}]},{\"@type\":\"WebPage\",\"@id\":\"https:\/\/www.fraczinet.cl\/sitio\/2010\/04\/01\/parque-educativo-jorge-alessandri-invita-a-disfrutar-de-la-naturaleza\/\",\"url\":\"https:\/\/www.fraczinet.cl\/sitio\/2010\/04\/01\/parque-educativo-jorge-alessandri-invita-a-disfrutar-de-la-naturaleza\/\",\"name\":\"Parque Educativo Jorge Alessandri Invita A Disfrutar De La Naturaleza - Nuestro Bio B\u00edo\",\"isPartOf\":{\"@id\":\"https:\/\/www.fraczinet.cl\/sitio\/#website\"},\"primaryImageOfPage\":{\"@id\":\"https:\/\/www.fraczinet.cl\/sitio\/2010\/04\/01\/parque-educativo-jorge-alessandri-invita-a-disfrutar-de-la-naturaleza\/#primaryimage\"},\"image\":{\"@id\":\"https:\/\/www.fraczinet.cl\/sitio\/2010\/04\/01\/parque-educativo-jorge-alessandri-invita-a-disfrutar-de-la-naturaleza\/#primaryimage\"},\"thumbnailUrl\":\"https:\/\/1.bp.blogspot.com\/_2S_RxGRVjis\/S7P-xaV2epI\/AAAAAAAAOE0\/qCjLSqPoD2Q\/s400\/vivero.JPG\",\"datePublished\":\"2010-04-01T02:01:00+00:00\",\"dateModified\":\"2022-10-21T00:16:59+00:00\",\"breadcrumb\":{\"@id\":\"https:\/\/www.fraczinet.cl\/sitio\/2010\/04\/01\/parque-educativo-jorge-alessandri-invita-a-disfrutar-de-la-naturaleza\/#breadcrumb\"},\"inLanguage\":\"es\",\"potentialAction\":[{\"@type\":\"ReadAction\",\"target\":[\"https:\/\/www.fraczinet.cl\/sitio\/2010\/04\/01\/parque-educativo-jorge-alessandri-invita-a-disfrutar-de-la-naturaleza\/\"]}]},{\"@type\":\"ImageObject\",\"inLanguage\":\"es\",\"@id\":\"https:\/\/www.fraczinet.cl\/sitio\/2010\/04\/01\/parque-educativo-jorge-alessandri-invita-a-disfrutar-de-la-naturaleza\/#primaryimage\",\"url\":\"https:\/\/1.bp.blogspot.com\/_2S_RxGRVjis\/S7P-xaV2epI\/AAAAAAAAOE0\/qCjLSqPoD2Q\/s400\/vivero.JPG\",\"contentUrl\":\"https:\/\/1.bp.blogspot.com\/_2S_RxGRVjis\/S7P-xaV2epI\/AAAAAAAAOE0\/qCjLSqPoD2Q\/s400\/vivero.JPG\"},{\"@type\":\"BreadcrumbList\",\"@id\":\"https:\/\/www.fraczinet.cl\/sitio\/2010\/04\/01\/parque-educativo-jorge-alessandri-invita-a-disfrutar-de-la-naturaleza\/#breadcrumb\",\"itemListElement\":[{\"@type\":\"ListItem\",\"position\":1,\"name\":\"Portada\",\"item\":\"https:\/\/www.fraczinet.cl\/sitio\/\"},{\"@type\":\"ListItem\",\"position\":2,\"name\":\"Parque Educativo Jorge Alessandri Invita A Disfrutar De La Naturaleza\"}]},{\"@type\":\"WebSite\",\"@id\":\"https:\/\/www.fraczinet.cl\/sitio\/#website\",\"url\":\"https:\/\/www.fraczinet.cl\/sitio\/\",\"name\":\"Nuestro Bio B\u00edo\",\"description\":\"Tierra de Encuentros\",\"publisher\":{\"@id\":\"https:\/\/www.fraczinet.cl\/sitio\/#\/schema\/person\/aec8ee4da68df2b9b0eefdad24a0d582\"},\"potentialAction\":[{\"@type\":\"SearchAction\",\"target\":{\"@type\":\"EntryPoint\",\"urlTemplate\":\"https:\/\/www.fraczinet.cl\/sitio\/?s={search_term_string}\"},\"query-input\":{\"@type\":\"PropertyValueSpecification\",\"valueRequired\":true,\"valueName\":\"search_term_string\"}}],\"inLanguage\":\"es\"},{\"@type\":[\"Person\",\"Organization\"],\"@id\":\"https:\/\/www.fraczinet.cl\/sitio\/#\/schema\/person\/aec8ee4da68df2b9b0eefdad24a0d582\",\"name\":\"Luis Fernando Fraczinet\",\"image\":{\"@type\":\"ImageObject\",\"inLanguage\":\"es\",\"@id\":\"https:\/\/www.fraczinet.cl\/sitio\/#\/schema\/person\/image\/\",\"url\":\"https:\/\/www.fraczinet.cl\/sitio\/wp-content\/uploads\/2021\/07\/bannerlogo-1.gif\",\"contentUrl\":\"https:\/\/www.fraczinet.cl\/sitio\/wp-content\/uploads\/2021\/07\/bannerlogo-1.gif\",\"width\":159,\"height\":79,\"caption\":\"Luis Fernando Fraczinet\"},\"logo\":{\"@id\":\"https:\/\/www.fraczinet.cl\/sitio\/#\/schema\/person\/image\/\"},\"sameAs\":[\"https:\/\/www.fraczinet.cl\/sitio\/\"]},{\"@type\":\"Person\",\"@id\":\"https:\/\/www.fraczinet.cl\/sitio\/#\/schema\/person\/bc30f98e9cb10ae7e119dbe14bc93784\",\"name\":\"admin\",\"image\":{\"@type\":\"ImageObject\",\"inLanguage\":\"es\",\"@id\":\"https:\/\/www.fraczinet.cl\/sitio\/#\/schema\/person\/image\/\",\"url\":\"https:\/\/secure.gravatar.com\/avatar\/d5ad3cf7ef3b23a2bb5be73be780c86b2fc8545c3ad6b149f3913ff458c00099?s=96&d=mm&r=g\",\"contentUrl\":\"https:\/\/secure.gravatar.com\/avatar\/d5ad3cf7ef3b23a2bb5be73be780c86b2fc8545c3ad6b149f3913ff458c00099?s=96&d=mm&r=g\",\"caption\":\"admin\"},\"sameAs\":[\"https:\/\/www.fraczinet.cl\/sitio\"]}]}<\/script>\n<!-- \/ Yoast SEO plugin. -->","yoast_head_json":{"title":"Parque Educativo Jorge Alessandri Invita A Disfrutar De La Naturaleza - Nuestro Bio B\u00edo","robots":{"index":"index","follow":"follow","max-snippet":"max-snippet:-1","max-image-preview":"max-image-preview:large","max-video-preview":"max-video-preview:-1"},"canonical":"https:\/\/www.fraczinet.cl\/sitio\/2010\/04\/01\/parque-educativo-jorge-alessandri-invita-a-disfrutar-de-la-naturaleza\/","og_locale":"es_ES","og_type":"article","og_title":"Parque Educativo Jorge Alessandri Invita A Disfrutar De La Naturaleza - Nuestro Bio B\u00edo","og_description":"Durante todo el fin de semana desde las 10:00 hrs. y hasta las 17:00hrs. nuestros espacios educativos Sala del \u00c1rbol, Artequ\u00edn, Vivero y Senderos tendr\u00e1n talleres familiares y visitas guiadas, para disfrutar de un panorama entretenido junto a una naturaleza \u00fanica. Junto a estas actividades habituales el Parque ha dise\u00f1ado un programa especial para los [&hellip;]","og_url":"https:\/\/www.fraczinet.cl\/sitio\/2010\/04\/01\/parque-educativo-jorge-alessandri-invita-a-disfrutar-de-la-naturaleza\/","og_site_name":"Nuestro Bio B\u00edo","article_published_time":"2010-04-01T02:01:00+00:00","article_modified_time":"2022-10-21T00:16:59+00:00","og_image":[{"url":"https:\/\/1.bp.blogspot.com\/_2S_RxGRVjis\/S7P-xaV2epI\/AAAAAAAAOE0\/qCjLSqPoD2Q\/s400\/vivero.JPG","type":"","width":"","height":""}],"author":"admin","twitter_card":"summary_large_image","twitter_creator":"@nuestrobiobio","twitter_site":"@nuestrobiobio","twitter_misc":{"Escrito por":"admin","Tiempo de lectura":"2 minutos"},"schema":{"@context":"https:\/\/schema.org","@graph":[{"@type":"Article","@id":"https:\/\/www.fraczinet.cl\/sitio\/2010\/04\/01\/parque-educativo-jorge-alessandri-invita-a-disfrutar-de-la-naturaleza\/#article","isPartOf":{"@id":"https:\/\/www.fraczinet.cl\/sitio\/2010\/04\/01\/parque-educativo-jorge-alessandri-invita-a-disfrutar-de-la-naturaleza\/"},"author":{"name":"admin","@id":"https:\/\/www.fraczinet.cl\/sitio\/#\/schema\/person\/bc30f98e9cb10ae7e119dbe14bc93784"},"headline":"Parque Educativo Jorge Alessandri Invita A Disfrutar De La Naturaleza","datePublished":"2010-04-01T02:01:00+00:00","dateModified":"2022-10-21T00:16:59+00:00","mainEntityOfPage":{"@id":"https:\/\/www.fraczinet.cl\/sitio\/2010\/04\/01\/parque-educativo-jorge-alessandri-invita-a-disfrutar-de-la-naturaleza\/"},"wordCount":341,"commentCount":0,"publisher":{"@id":"https:\/\/www.fraczinet.cl\/sitio\/#\/schema\/person\/aec8ee4da68df2b9b0eefdad24a0d582"},"image":{"@id":"https:\/\/www.fraczinet.cl\/sitio\/2010\/04\/01\/parque-educativo-jorge-alessandri-invita-a-disfrutar-de-la-naturaleza\/#primaryimage"},"thumbnailUrl":"https:\/\/1.bp.blogspot.com\/_2S_RxGRVjis\/S7P-xaV2epI\/AAAAAAAAOE0\/qCjLSqPoD2Q\/s400\/vivero.JPG","articleSection":["Educaci\u00f3n","Medio Ambiente"],"inLanguage":"es","potentialAction":[{"@type":"CommentAction","name":"Comment","target":["https:\/\/www.fraczinet.cl\/sitio\/2010\/04\/01\/parque-educativo-jorge-alessandri-invita-a-disfrutar-de-la-naturaleza\/#respond"]}]},{"@type":"WebPage","@id":"https:\/\/www.fraczinet.cl\/sitio\/2010\/04\/01\/parque-educativo-jorge-alessandri-invita-a-disfrutar-de-la-naturaleza\/","url":"https:\/\/www.fraczinet.cl\/sitio\/2010\/04\/01\/parque-educativo-jorge-alessandri-invita-a-disfrutar-de-la-naturaleza\/","name":"Parque Educativo Jorge Alessandri Invita A Disfrutar De La Naturaleza - Nuestro Bio B\u00edo","isPartOf":{"@id":"https:\/\/www.fraczinet.cl\/sitio\/#website"},"primaryImageOfPage":{"@id":"https:\/\/www.fraczinet.cl\/sitio\/2010\/04\/01\/parque-educativo-jorge-alessandri-invita-a-disfrutar-de-la-naturaleza\/#primaryimage"},"image":{"@id":"https:\/\/www.fraczinet.cl\/sitio\/2010\/04\/01\/parque-educativo-jorge-alessandri-invita-a-disfrutar-de-la-naturaleza\/#primaryimage"},"thumbnailUrl":"https:\/\/1.bp.blogspot.com\/_2S_RxGRVjis\/S7P-xaV2epI\/AAAAAAAAOE0\/qCjLSqPoD2Q\/s400\/vivero.JPG","datePublished":"2010-04-01T02:01:00+00:00","dateModified":"2022-10-21T00:16:59+00:00","breadcrumb":{"@id":"https:\/\/www.fraczinet.cl\/sitio\/2010\/04\/01\/parque-educativo-jorge-alessandri-invita-a-disfrutar-de-la-naturaleza\/#breadcrumb"},"inLanguage":"es","potentialAction":[{"@type":"ReadAction","target":["https:\/\/www.fraczinet.cl\/sitio\/2010\/04\/01\/parque-educativo-jorge-alessandri-invita-a-disfrutar-de-la-naturaleza\/"]}]},{"@type":"ImageObject","inLanguage":"es","@id":"https:\/\/www.fraczinet.cl\/sitio\/2010\/04\/01\/parque-educativo-jorge-alessandri-invita-a-disfrutar-de-la-naturaleza\/#primaryimage","url":"https:\/\/1.bp.blogspot.com\/_2S_RxGRVjis\/S7P-xaV2epI\/AAAAAAAAOE0\/qCjLSqPoD2Q\/s400\/vivero.JPG","contentUrl":"https:\/\/1.bp.blogspot.com\/_2S_RxGRVjis\/S7P-xaV2epI\/AAAAAAAAOE0\/qCjLSqPoD2Q\/s400\/vivero.JPG"},{"@type":"BreadcrumbList","@id":"https:\/\/www.fraczinet.cl\/sitio\/2010\/04\/01\/parque-educativo-jorge-alessandri-invita-a-disfrutar-de-la-naturaleza\/#breadcrumb","itemListElement":[{"@type":"ListItem","position":1,"name":"Portada","item":"https:\/\/www.fraczinet.cl\/sitio\/"},{"@type":"ListItem","position":2,"name":"Parque Educativo Jorge Alessandri Invita A Disfrutar De La Naturaleza"}]},{"@type":"WebSite","@id":"https:\/\/www.fraczinet.cl\/sitio\/#website","url":"https:\/\/www.fraczinet.cl\/sitio\/","name":"Nuestro Bio B\u00edo","description":"Tierra de Encuentros","publisher":{"@id":"https:\/\/www.fraczinet.cl\/sitio\/#\/schema\/person\/aec8ee4da68df2b9b0eefdad24a0d582"},"potentialAction":[{"@type":"SearchAction","target":{"@type":"EntryPoint","urlTemplate":"https:\/\/www.fraczinet.cl\/sitio\/?s={search_term_string}"},"query-input":{"@type":"PropertyValueSpecification","valueRequired":true,"valueName":"search_term_string"}}],"inLanguage":"es"},{"@type":["Person","Organization"],"@id":"https:\/\/www.fraczinet.cl\/sitio\/#\/schema\/person\/aec8ee4da68df2b9b0eefdad24a0d582","name":"Luis Fernando Fraczinet","image":{"@type":"ImageObject","inLanguage":"es","@id":"https:\/\/www.fraczinet.cl\/sitio\/#\/schema\/person\/image\/","url":"https:\/\/www.fraczinet.cl\/sitio\/wp-content\/uploads\/2021\/07\/bannerlogo-1.gif","contentUrl":"https:\/\/www.fraczinet.cl\/sitio\/wp-content\/uploads\/2021\/07\/bannerlogo-1.gif","width":159,"height":79,"caption":"Luis Fernando Fraczinet"},"logo":{"@id":"https:\/\/www.fraczinet.cl\/sitio\/#\/schema\/person\/image\/"},"sameAs":["https:\/\/www.fraczinet.cl\/sitio\/"]},{"@type":"Person","@id":"https:\/\/www.fraczinet.cl\/sitio\/#\/schema\/person\/bc30f98e9cb10ae7e119dbe14bc93784","name":"admin","image":{"@type":"ImageObject","inLanguage":"es","@id":"https:\/\/www.fraczinet.cl\/sitio\/#\/schema\/person\/image\/","url":"https:\/\/secure.gravatar.com\/avatar\/d5ad3cf7ef3b23a2bb5be73be780c86b2fc8545c3ad6b149f3913ff458c00099?s=96&d=mm&r=g","contentUrl":"https:\/\/secure.gravatar.com\/avatar\/d5ad3cf7ef3b23a2bb5be73be780c86b2fc8545c3ad6b149f3913ff458c00099?s=96&d=mm&r=g","caption":"admin"},"sameAs":["https:\/\/www.fraczinet.cl\/sitio"]}]}},"_links":{"self":[{"href":"https:\/\/www.fraczinet.cl\/sitio\/wp-json\/wp\/v2\/posts\/5440","targetHints":{"allow":["GET"]}}],"collection":[{"href":"https:\/\/www.fraczinet.cl\/sitio\/wp-json\/wp\/v2\/posts"}],"about":[{"href":"https:\/\/www.fraczinet.cl\/sitio\/wp-json\/wp\/v2\/types\/post"}],"author":[{"embeddable":true,"href":"https:\/\/www.fraczinet.cl\/sitio\/wp-json\/wp\/v2\/users\/1"}],"replies":[{"embeddable":true,"href":"https:\/\/www.fraczinet.cl\/sitio\/wp-json\/wp\/v2\/comments?post=5440"}],"version-history":[{"count":2,"href":"https:\/\/www.fraczinet.cl\/sitio\/wp-json\/wp\/v2\/posts\/5440\/revisions"}],"predecessor-version":[{"id":14824,"href":"https:\/\/www.fraczinet.cl\/sitio\/wp-json\/wp\/v2\/posts\/5440\/revisions\/14824"}],"wp:attachment":[{"href":"https:\/\/www.fraczinet.cl\/sitio\/wp-json\/wp\/v2\/media?parent=5440"}],"wp:term":[{"taxonomy":"category","embeddable":true,"href":"https:\/\/www.fraczinet.cl\/sitio\/wp-json\/wp\/v2\/categories?post=5440"},{"taxonomy":"post_tag","embeddable":true,"href":"https:\/\/www.fraczinet.cl\/sitio\/wp-json\/wp\/v2\/tags?post=5440"}],"curies":[{"name":"wp","href":"https:\/\/api.w.org\/{rel}","templated":true}]}}