{"id":5442,"date":"2010-04-01T01:40:00","date_gmt":"2010-04-01T01:40:00","guid":{"rendered":"https:\/\/www.fraczinet.cl\/sitio\/2010\/04\/01\/con-el-secreto-de-sus-ojos-regresan-los-martes-cinematograficos\/"},"modified":"2022-10-05T22:04:49","modified_gmt":"2022-10-05T22:04:49","slug":"con-el-secreto-de-sus-ojos-regresan-los-martes-cinematograficos","status":"publish","type":"post","link":"https:\/\/www.fraczinet.cl\/sitio\/2010\/04\/01\/con-el-secreto-de-sus-ojos-regresan-los-martes-cinematograficos\/","title":{"rendered":"Con El Secreto De Sus Ojos Regresan Los Martes Cinematogr\u00e1ficos"},"content":{"rendered":"<div style=\"text-align: justify;\"><a href=\"http:\/\/4.bp.blogspot.com\/_2S_RxGRVjis\/S7P6SiHsAAI\/AAAAAAAAOEU\/DO-G4WkY36g\/s1600\/El+Secreto+de+sus+Ojos.jpg\" style=\"clear: left; float: left; margin-bottom: 1em; margin-right: 1em;\"><img decoding=\"async\" alt=\"\" border=\"0\" id=\"BLOGGER_PHOTO_ID_5454978769979441154\" src=\"https:\/\/4.bp.blogspot.com\/_2S_RxGRVjis\/S7P6SiHsAAI\/AAAAAAAAOEU\/DO-G4WkY36g\/s400\/El+Secreto+de+sus+Ojos.jpg\" style=\"height: 268px; width: 400px;\" \/><\/a>La reciente ganadora del Oscar a Mejor Pel\u00edcula Extranjera, El Secreto de sus Ojos, abrir\u00e1 el ciclo Martes Cinematogr\u00e1ficos 2010 en el Teatro Universidad de Concepci\u00f3n.<\/div>\n<div style=\"text-align: justify;\"><\/div>\n<div style=\"text-align: justify;\">El film ser\u00e1 exhibido, tal como estaba programado, este martes 6 de abril a las 15 y 19 horas, y ser\u00e1 la primera actividad que se realizar\u00e1 en el Teatro UdeC luego del terremoto que afecto a la Regi\u00f3n el pasado 27 de febrero.<\/div>\n<div style=\"text-align: justify;\"><\/div>\n<div style=\"text-align: justify;\">El Secreto de sus Ojos, es una pel\u00edcula argentina dirigida por Juan Jos\u00e9 Campanella, conocido por haber dirigido entre otras, la reconocida pel\u00edcula El Hijo de la Novia, y estar a cargo de la direcci\u00f3n de cap\u00edtulos de conocidas series televisivas como la Ley y el Orden y Dr. House. Adem\u00e1s del Premio Oscar, la pel\u00edcula gan\u00f3 premios Goya, Clar\u00edn y Sur, y en el festival Internacional de Cine de La Habana. <\/div>\n<div style=\"text-align: justify;\"><\/div>\n<div style=\"text-align: justify;\">Este film se sit\u00faa en 1999 y narra la historia de Benjam\u00edn Esp\u00f3sito (el premiado Ricardo Dar\u00edn) un empleado de Juzgado que jubila pero que guarda un viejo anhelo: escribir una novela basada en un asesinato real ocurrido en su pa\u00eds hace 25 a\u00f1os, que \u00e9l investig\u00f3 y del cual a\u00fan quedan muchas preguntas sin contestar. Para eso recluta a un viejo compa\u00f1ero  (Guillermo Francella) y a un antiguo y secreto amor (Soledad Villamil), que tambi\u00e9n conocen el caso, introduci\u00e9ndose todos en viejas heridas de pa\u00eds, amores inconclusos y en secretos que nadie quiere sacar a la luz. <\/div>\n<div style=\"text-align: justify;\"><\/div>\n<div style=\"text-align: justify;\">El Secreto de sus Ojos est\u00e1 basada en la novela \u201cLa Pregunta de sus Ojos\u201d del escritor Eduardo Sacheri, y tiene una duraci\u00f3n aproximada de 129 minutos. El valor de las entradas es de $500 estudiantes y $1000 general.<\/div>\n<div style=\"text-align: justify;\"><\/div>\n<div style=\"text-align: justify;\">Con esto, la Corporaci\u00f3n Cultural Universidad de Concepci\u00f3n que gestiona al teatro universitario retoma su calendario 2010 con una programaci\u00f3n que incluye un ciclo completo de pel\u00edculas de alto nivel, adem\u00e1s de la presencia permanente de la Orquesta Sinf\u00f3nica de la casa de estudios con funciones de \u00d3pera, Temporada de Danza y su habitual Temporada Sinf\u00f3nica, entre otras, adem\u00e1s de variadas l\u00edneas de trabajo como obras de teatro y conciertos.<\/div>\n<p><\/p>\n","protected":false},"excerpt":{"rendered":"<p>La reciente ganadora del Oscar a Mejor Pel\u00edcula Extranjera, El Secreto de sus Ojos, abrir\u00e1 el ciclo Martes Cinematogr\u00e1ficos 2010 en el Teatro Universidad de Concepci\u00f3n. El film ser\u00e1 exhibido, tal como estaba programado, este martes 6 de abril a las 15 y 19 horas, y ser\u00e1 la primera actividad que se realizar\u00e1 en el [&hellip;]<\/p>\n","protected":false},"author":1,"featured_media":0,"comment_status":"open","ping_status":"open","sticky":false,"template":"","format":"standard","meta":{"footnotes":""},"categories":[32],"tags":[],"class_list":["post-5442","post","type-post","status-publish","format-standard","hentry","category-cine"],"yoast_head":"<!-- This site is optimized with the Yoast SEO plugin v25.0 - https:\/\/yoast.com\/wordpress\/plugins\/seo\/ -->\n<title>Con El Secreto De Sus Ojos Regresan Los Martes Cinematogr\u00e1ficos - Nuestro Bio B\u00edo<\/title>\n<meta name=\"robots\" content=\"index, follow, max-snippet:-1, max-image-preview:large, max-video-preview:-1\" \/>\n<link rel=\"canonical\" href=\"https:\/\/www.fraczinet.cl\/sitio\/2010\/04\/01\/con-el-secreto-de-sus-ojos-regresan-los-martes-cinematograficos\/\" \/>\n<meta property=\"og:locale\" content=\"es_ES\" \/>\n<meta property=\"og:type\" content=\"article\" \/>\n<meta property=\"og:title\" content=\"Con El Secreto De Sus Ojos Regresan Los Martes Cinematogr\u00e1ficos - Nuestro Bio B\u00edo\" \/>\n<meta property=\"og:description\" content=\"La reciente ganadora del Oscar a Mejor Pel\u00edcula Extranjera, El Secreto de sus Ojos, abrir\u00e1 el ciclo Martes Cinematogr\u00e1ficos 2010 en el Teatro Universidad de Concepci\u00f3n. El film ser\u00e1 exhibido, tal como estaba programado, este martes 6 de abril a las 15 y 19 horas, y ser\u00e1 la primera actividad que se realizar\u00e1 en el [&hellip;]\" \/>\n<meta property=\"og:url\" content=\"https:\/\/www.fraczinet.cl\/sitio\/2010\/04\/01\/con-el-secreto-de-sus-ojos-regresan-los-martes-cinematograficos\/\" \/>\n<meta property=\"og:site_name\" content=\"Nuestro Bio B\u00edo\" \/>\n<meta property=\"article:published_time\" content=\"2010-04-01T01:40:00+00:00\" \/>\n<meta property=\"article:modified_time\" content=\"2022-10-05T22:04:49+00:00\" \/>\n<meta property=\"og:image\" content=\"https:\/\/4.bp.blogspot.com\/_2S_RxGRVjis\/S7P6SiHsAAI\/AAAAAAAAOEU\/DO-G4WkY36g\/s400\/El+Secreto+de+sus+Ojos.jpg\" \/>\n<meta name=\"author\" content=\"admin\" \/>\n<meta name=\"twitter:card\" content=\"summary_large_image\" \/>\n<meta name=\"twitter:creator\" content=\"@nuestrobiobio\" \/>\n<meta name=\"twitter:site\" content=\"@nuestrobiobio\" \/>\n<meta name=\"twitter:label1\" content=\"Escrito por\" \/>\n\t<meta name=\"twitter:data1\" content=\"admin\" \/>\n\t<meta name=\"twitter:label2\" content=\"Tiempo de lectura\" \/>\n\t<meta name=\"twitter:data2\" content=\"2 minutos\" \/>\n<script type=\"application\/ld+json\" class=\"yoast-schema-graph\">{\"@context\":\"https:\/\/schema.org\",\"@graph\":[{\"@type\":\"Article\",\"@id\":\"https:\/\/www.fraczinet.cl\/sitio\/2010\/04\/01\/con-el-secreto-de-sus-ojos-regresan-los-martes-cinematograficos\/#article\",\"isPartOf\":{\"@id\":\"https:\/\/www.fraczinet.cl\/sitio\/2010\/04\/01\/con-el-secreto-de-sus-ojos-regresan-los-martes-cinematograficos\/\"},\"author\":{\"name\":\"admin\",\"@id\":\"https:\/\/www.fraczinet.cl\/sitio\/#\/schema\/person\/bc30f98e9cb10ae7e119dbe14bc93784\"},\"headline\":\"Con El Secreto De Sus Ojos Regresan Los Martes Cinematogr\u00e1ficos\",\"datePublished\":\"2010-04-01T01:40:00+00:00\",\"dateModified\":\"2022-10-05T22:04:49+00:00\",\"mainEntityOfPage\":{\"@id\":\"https:\/\/www.fraczinet.cl\/sitio\/2010\/04\/01\/con-el-secreto-de-sus-ojos-regresan-los-martes-cinematograficos\/\"},\"wordCount\":381,\"commentCount\":0,\"publisher\":{\"@id\":\"https:\/\/www.fraczinet.cl\/sitio\/#\/schema\/person\/aec8ee4da68df2b9b0eefdad24a0d582\"},\"image\":{\"@id\":\"https:\/\/www.fraczinet.cl\/sitio\/2010\/04\/01\/con-el-secreto-de-sus-ojos-regresan-los-martes-cinematograficos\/#primaryimage\"},\"thumbnailUrl\":\"https:\/\/4.bp.blogspot.com\/_2S_RxGRVjis\/S7P6SiHsAAI\/AAAAAAAAOEU\/DO-G4WkY36g\/s400\/El+Secreto+de+sus+Ojos.jpg\",\"articleSection\":[\"Cine\"],\"inLanguage\":\"es\",\"potentialAction\":[{\"@type\":\"CommentAction\",\"name\":\"Comment\",\"target\":[\"https:\/\/www.fraczinet.cl\/sitio\/2010\/04\/01\/con-el-secreto-de-sus-ojos-regresan-los-martes-cinematograficos\/#respond\"]}]},{\"@type\":\"WebPage\",\"@id\":\"https:\/\/www.fraczinet.cl\/sitio\/2010\/04\/01\/con-el-secreto-de-sus-ojos-regresan-los-martes-cinematograficos\/\",\"url\":\"https:\/\/www.fraczinet.cl\/sitio\/2010\/04\/01\/con-el-secreto-de-sus-ojos-regresan-los-martes-cinematograficos\/\",\"name\":\"Con El Secreto De Sus Ojos Regresan Los Martes Cinematogr\u00e1ficos - Nuestro Bio B\u00edo\",\"isPartOf\":{\"@id\":\"https:\/\/www.fraczinet.cl\/sitio\/#website\"},\"primaryImageOfPage\":{\"@id\":\"https:\/\/www.fraczinet.cl\/sitio\/2010\/04\/01\/con-el-secreto-de-sus-ojos-regresan-los-martes-cinematograficos\/#primaryimage\"},\"image\":{\"@id\":\"https:\/\/www.fraczinet.cl\/sitio\/2010\/04\/01\/con-el-secreto-de-sus-ojos-regresan-los-martes-cinematograficos\/#primaryimage\"},\"thumbnailUrl\":\"https:\/\/4.bp.blogspot.com\/_2S_RxGRVjis\/S7P6SiHsAAI\/AAAAAAAAOEU\/DO-G4WkY36g\/s400\/El+Secreto+de+sus+Ojos.jpg\",\"datePublished\":\"2010-04-01T01:40:00+00:00\",\"dateModified\":\"2022-10-05T22:04:49+00:00\",\"breadcrumb\":{\"@id\":\"https:\/\/www.fraczinet.cl\/sitio\/2010\/04\/01\/con-el-secreto-de-sus-ojos-regresan-los-martes-cinematograficos\/#breadcrumb\"},\"inLanguage\":\"es\",\"potentialAction\":[{\"@type\":\"ReadAction\",\"target\":[\"https:\/\/www.fraczinet.cl\/sitio\/2010\/04\/01\/con-el-secreto-de-sus-ojos-regresan-los-martes-cinematograficos\/\"]}]},{\"@type\":\"ImageObject\",\"inLanguage\":\"es\",\"@id\":\"https:\/\/www.fraczinet.cl\/sitio\/2010\/04\/01\/con-el-secreto-de-sus-ojos-regresan-los-martes-cinematograficos\/#primaryimage\",\"url\":\"https:\/\/4.bp.blogspot.com\/_2S_RxGRVjis\/S7P6SiHsAAI\/AAAAAAAAOEU\/DO-G4WkY36g\/s400\/El+Secreto+de+sus+Ojos.jpg\",\"contentUrl\":\"https:\/\/4.bp.blogspot.com\/_2S_RxGRVjis\/S7P6SiHsAAI\/AAAAAAAAOEU\/DO-G4WkY36g\/s400\/El+Secreto+de+sus+Ojos.jpg\"},{\"@type\":\"BreadcrumbList\",\"@id\":\"https:\/\/www.fraczinet.cl\/sitio\/2010\/04\/01\/con-el-secreto-de-sus-ojos-regresan-los-martes-cinematograficos\/#breadcrumb\",\"itemListElement\":[{\"@type\":\"ListItem\",\"position\":1,\"name\":\"Portada\",\"item\":\"https:\/\/www.fraczinet.cl\/sitio\/\"},{\"@type\":\"ListItem\",\"position\":2,\"name\":\"Con El Secreto De Sus Ojos Regresan Los Martes Cinematogr\u00e1ficos\"}]},{\"@type\":\"WebSite\",\"@id\":\"https:\/\/www.fraczinet.cl\/sitio\/#website\",\"url\":\"https:\/\/www.fraczinet.cl\/sitio\/\",\"name\":\"Nuestro Bio B\u00edo\",\"description\":\"Tierra de Encuentros\",\"publisher\":{\"@id\":\"https:\/\/www.fraczinet.cl\/sitio\/#\/schema\/person\/aec8ee4da68df2b9b0eefdad24a0d582\"},\"potentialAction\":[{\"@type\":\"SearchAction\",\"target\":{\"@type\":\"EntryPoint\",\"urlTemplate\":\"https:\/\/www.fraczinet.cl\/sitio\/?s={search_term_string}\"},\"query-input\":{\"@type\":\"PropertyValueSpecification\",\"valueRequired\":true,\"valueName\":\"search_term_string\"}}],\"inLanguage\":\"es\"},{\"@type\":[\"Person\",\"Organization\"],\"@id\":\"https:\/\/www.fraczinet.cl\/sitio\/#\/schema\/person\/aec8ee4da68df2b9b0eefdad24a0d582\",\"name\":\"Luis Fernando Fraczinet\",\"image\":{\"@type\":\"ImageObject\",\"inLanguage\":\"es\",\"@id\":\"https:\/\/www.fraczinet.cl\/sitio\/#\/schema\/person\/image\/\",\"url\":\"https:\/\/www.fraczinet.cl\/sitio\/wp-content\/uploads\/2021\/07\/bannerlogo-1.gif\",\"contentUrl\":\"https:\/\/www.fraczinet.cl\/sitio\/wp-content\/uploads\/2021\/07\/bannerlogo-1.gif\",\"width\":159,\"height\":79,\"caption\":\"Luis Fernando Fraczinet\"},\"logo\":{\"@id\":\"https:\/\/www.fraczinet.cl\/sitio\/#\/schema\/person\/image\/\"},\"sameAs\":[\"https:\/\/www.fraczinet.cl\/sitio\/\"]},{\"@type\":\"Person\",\"@id\":\"https:\/\/www.fraczinet.cl\/sitio\/#\/schema\/person\/bc30f98e9cb10ae7e119dbe14bc93784\",\"name\":\"admin\",\"image\":{\"@type\":\"ImageObject\",\"inLanguage\":\"es\",\"@id\":\"https:\/\/www.fraczinet.cl\/sitio\/#\/schema\/person\/image\/\",\"url\":\"https:\/\/secure.gravatar.com\/avatar\/d5ad3cf7ef3b23a2bb5be73be780c86b2fc8545c3ad6b149f3913ff458c00099?s=96&d=mm&r=g\",\"contentUrl\":\"https:\/\/secure.gravatar.com\/avatar\/d5ad3cf7ef3b23a2bb5be73be780c86b2fc8545c3ad6b149f3913ff458c00099?s=96&d=mm&r=g\",\"caption\":\"admin\"},\"sameAs\":[\"https:\/\/www.fraczinet.cl\/sitio\"]}]}<\/script>\n<!-- \/ Yoast SEO plugin. -->","yoast_head_json":{"title":"Con El Secreto De Sus Ojos Regresan Los Martes Cinematogr\u00e1ficos - Nuestro Bio B\u00edo","robots":{"index":"index","follow":"follow","max-snippet":"max-snippet:-1","max-image-preview":"max-image-preview:large","max-video-preview":"max-video-preview:-1"},"canonical":"https:\/\/www.fraczinet.cl\/sitio\/2010\/04\/01\/con-el-secreto-de-sus-ojos-regresan-los-martes-cinematograficos\/","og_locale":"es_ES","og_type":"article","og_title":"Con El Secreto De Sus Ojos Regresan Los Martes Cinematogr\u00e1ficos - Nuestro Bio B\u00edo","og_description":"La reciente ganadora del Oscar a Mejor Pel\u00edcula Extranjera, El Secreto de sus Ojos, abrir\u00e1 el ciclo Martes Cinematogr\u00e1ficos 2010 en el Teatro Universidad de Concepci\u00f3n. El film ser\u00e1 exhibido, tal como estaba programado, este martes 6 de abril a las 15 y 19 horas, y ser\u00e1 la primera actividad que se realizar\u00e1 en el [&hellip;]","og_url":"https:\/\/www.fraczinet.cl\/sitio\/2010\/04\/01\/con-el-secreto-de-sus-ojos-regresan-los-martes-cinematograficos\/","og_site_name":"Nuestro Bio B\u00edo","article_published_time":"2010-04-01T01:40:00+00:00","article_modified_time":"2022-10-05T22:04:49+00:00","og_image":[{"url":"https:\/\/4.bp.blogspot.com\/_2S_RxGRVjis\/S7P6SiHsAAI\/AAAAAAAAOEU\/DO-G4WkY36g\/s400\/El+Secreto+de+sus+Ojos.jpg","type":"","width":"","height":""}],"author":"admin","twitter_card":"summary_large_image","twitter_creator":"@nuestrobiobio","twitter_site":"@nuestrobiobio","twitter_misc":{"Escrito por":"admin","Tiempo de lectura":"2 minutos"},"schema":{"@context":"https:\/\/schema.org","@graph":[{"@type":"Article","@id":"https:\/\/www.fraczinet.cl\/sitio\/2010\/04\/01\/con-el-secreto-de-sus-ojos-regresan-los-martes-cinematograficos\/#article","isPartOf":{"@id":"https:\/\/www.fraczinet.cl\/sitio\/2010\/04\/01\/con-el-secreto-de-sus-ojos-regresan-los-martes-cinematograficos\/"},"author":{"name":"admin","@id":"https:\/\/www.fraczinet.cl\/sitio\/#\/schema\/person\/bc30f98e9cb10ae7e119dbe14bc93784"},"headline":"Con El Secreto De Sus Ojos Regresan Los Martes Cinematogr\u00e1ficos","datePublished":"2010-04-01T01:40:00+00:00","dateModified":"2022-10-05T22:04:49+00:00","mainEntityOfPage":{"@id":"https:\/\/www.fraczinet.cl\/sitio\/2010\/04\/01\/con-el-secreto-de-sus-ojos-regresan-los-martes-cinematograficos\/"},"wordCount":381,"commentCount":0,"publisher":{"@id":"https:\/\/www.fraczinet.cl\/sitio\/#\/schema\/person\/aec8ee4da68df2b9b0eefdad24a0d582"},"image":{"@id":"https:\/\/www.fraczinet.cl\/sitio\/2010\/04\/01\/con-el-secreto-de-sus-ojos-regresan-los-martes-cinematograficos\/#primaryimage"},"thumbnailUrl":"https:\/\/4.bp.blogspot.com\/_2S_RxGRVjis\/S7P6SiHsAAI\/AAAAAAAAOEU\/DO-G4WkY36g\/s400\/El+Secreto+de+sus+Ojos.jpg","articleSection":["Cine"],"inLanguage":"es","potentialAction":[{"@type":"CommentAction","name":"Comment","target":["https:\/\/www.fraczinet.cl\/sitio\/2010\/04\/01\/con-el-secreto-de-sus-ojos-regresan-los-martes-cinematograficos\/#respond"]}]},{"@type":"WebPage","@id":"https:\/\/www.fraczinet.cl\/sitio\/2010\/04\/01\/con-el-secreto-de-sus-ojos-regresan-los-martes-cinematograficos\/","url":"https:\/\/www.fraczinet.cl\/sitio\/2010\/04\/01\/con-el-secreto-de-sus-ojos-regresan-los-martes-cinematograficos\/","name":"Con El Secreto De Sus Ojos Regresan Los Martes Cinematogr\u00e1ficos - Nuestro Bio B\u00edo","isPartOf":{"@id":"https:\/\/www.fraczinet.cl\/sitio\/#website"},"primaryImageOfPage":{"@id":"https:\/\/www.fraczinet.cl\/sitio\/2010\/04\/01\/con-el-secreto-de-sus-ojos-regresan-los-martes-cinematograficos\/#primaryimage"},"image":{"@id":"https:\/\/www.fraczinet.cl\/sitio\/2010\/04\/01\/con-el-secreto-de-sus-ojos-regresan-los-martes-cinematograficos\/#primaryimage"},"thumbnailUrl":"https:\/\/4.bp.blogspot.com\/_2S_RxGRVjis\/S7P6SiHsAAI\/AAAAAAAAOEU\/DO-G4WkY36g\/s400\/El+Secreto+de+sus+Ojos.jpg","datePublished":"2010-04-01T01:40:00+00:00","dateModified":"2022-10-05T22:04:49+00:00","breadcrumb":{"@id":"https:\/\/www.fraczinet.cl\/sitio\/2010\/04\/01\/con-el-secreto-de-sus-ojos-regresan-los-martes-cinematograficos\/#breadcrumb"},"inLanguage":"es","potentialAction":[{"@type":"ReadAction","target":["https:\/\/www.fraczinet.cl\/sitio\/2010\/04\/01\/con-el-secreto-de-sus-ojos-regresan-los-martes-cinematograficos\/"]}]},{"@type":"ImageObject","inLanguage":"es","@id":"https:\/\/www.fraczinet.cl\/sitio\/2010\/04\/01\/con-el-secreto-de-sus-ojos-regresan-los-martes-cinematograficos\/#primaryimage","url":"https:\/\/4.bp.blogspot.com\/_2S_RxGRVjis\/S7P6SiHsAAI\/AAAAAAAAOEU\/DO-G4WkY36g\/s400\/El+Secreto+de+sus+Ojos.jpg","contentUrl":"https:\/\/4.bp.blogspot.com\/_2S_RxGRVjis\/S7P6SiHsAAI\/AAAAAAAAOEU\/DO-G4WkY36g\/s400\/El+Secreto+de+sus+Ojos.jpg"},{"@type":"BreadcrumbList","@id":"https:\/\/www.fraczinet.cl\/sitio\/2010\/04\/01\/con-el-secreto-de-sus-ojos-regresan-los-martes-cinematograficos\/#breadcrumb","itemListElement":[{"@type":"ListItem","position":1,"name":"Portada","item":"https:\/\/www.fraczinet.cl\/sitio\/"},{"@type":"ListItem","position":2,"name":"Con El Secreto De Sus Ojos Regresan Los Martes Cinematogr\u00e1ficos"}]},{"@type":"WebSite","@id":"https:\/\/www.fraczinet.cl\/sitio\/#website","url":"https:\/\/www.fraczinet.cl\/sitio\/","name":"Nuestro Bio B\u00edo","description":"Tierra de Encuentros","publisher":{"@id":"https:\/\/www.fraczinet.cl\/sitio\/#\/schema\/person\/aec8ee4da68df2b9b0eefdad24a0d582"},"potentialAction":[{"@type":"SearchAction","target":{"@type":"EntryPoint","urlTemplate":"https:\/\/www.fraczinet.cl\/sitio\/?s={search_term_string}"},"query-input":{"@type":"PropertyValueSpecification","valueRequired":true,"valueName":"search_term_string"}}],"inLanguage":"es"},{"@type":["Person","Organization"],"@id":"https:\/\/www.fraczinet.cl\/sitio\/#\/schema\/person\/aec8ee4da68df2b9b0eefdad24a0d582","name":"Luis Fernando Fraczinet","image":{"@type":"ImageObject","inLanguage":"es","@id":"https:\/\/www.fraczinet.cl\/sitio\/#\/schema\/person\/image\/","url":"https:\/\/www.fraczinet.cl\/sitio\/wp-content\/uploads\/2021\/07\/bannerlogo-1.gif","contentUrl":"https:\/\/www.fraczinet.cl\/sitio\/wp-content\/uploads\/2021\/07\/bannerlogo-1.gif","width":159,"height":79,"caption":"Luis Fernando Fraczinet"},"logo":{"@id":"https:\/\/www.fraczinet.cl\/sitio\/#\/schema\/person\/image\/"},"sameAs":["https:\/\/www.fraczinet.cl\/sitio\/"]},{"@type":"Person","@id":"https:\/\/www.fraczinet.cl\/sitio\/#\/schema\/person\/bc30f98e9cb10ae7e119dbe14bc93784","name":"admin","image":{"@type":"ImageObject","inLanguage":"es","@id":"https:\/\/www.fraczinet.cl\/sitio\/#\/schema\/person\/image\/","url":"https:\/\/secure.gravatar.com\/avatar\/d5ad3cf7ef3b23a2bb5be73be780c86b2fc8545c3ad6b149f3913ff458c00099?s=96&d=mm&r=g","contentUrl":"https:\/\/secure.gravatar.com\/avatar\/d5ad3cf7ef3b23a2bb5be73be780c86b2fc8545c3ad6b149f3913ff458c00099?s=96&d=mm&r=g","caption":"admin"},"sameAs":["https:\/\/www.fraczinet.cl\/sitio"]}]}},"_links":{"self":[{"href":"https:\/\/www.fraczinet.cl\/sitio\/wp-json\/wp\/v2\/posts\/5442","targetHints":{"allow":["GET"]}}],"collection":[{"href":"https:\/\/www.fraczinet.cl\/sitio\/wp-json\/wp\/v2\/posts"}],"about":[{"href":"https:\/\/www.fraczinet.cl\/sitio\/wp-json\/wp\/v2\/types\/post"}],"author":[{"embeddable":true,"href":"https:\/\/www.fraczinet.cl\/sitio\/wp-json\/wp\/v2\/users\/1"}],"replies":[{"embeddable":true,"href":"https:\/\/www.fraczinet.cl\/sitio\/wp-json\/wp\/v2\/comments?post=5442"}],"version-history":[{"count":1,"href":"https:\/\/www.fraczinet.cl\/sitio\/wp-json\/wp\/v2\/posts\/5442\/revisions"}],"predecessor-version":[{"id":14124,"href":"https:\/\/www.fraczinet.cl\/sitio\/wp-json\/wp\/v2\/posts\/5442\/revisions\/14124"}],"wp:attachment":[{"href":"https:\/\/www.fraczinet.cl\/sitio\/wp-json\/wp\/v2\/media?parent=5442"}],"wp:term":[{"taxonomy":"category","embeddable":true,"href":"https:\/\/www.fraczinet.cl\/sitio\/wp-json\/wp\/v2\/categories?post=5442"},{"taxonomy":"post_tag","embeddable":true,"href":"https:\/\/www.fraczinet.cl\/sitio\/wp-json\/wp\/v2\/tags?post=5442"}],"curies":[{"name":"wp","href":"https:\/\/api.w.org\/{rel}","templated":true}]}}