{"id":5444,"date":"2010-03-30T00:01:00","date_gmt":"2010-03-30T00:01:00","guid":{"rendered":"https:\/\/www.fraczinet.cl\/sitio\/2010\/03\/30\/naciones-unidas-visito-arauco\/"},"modified":"2010-03-30T00:01:00","modified_gmt":"2010-03-30T00:01:00","slug":"naciones-unidas-visito-arauco","status":"publish","type":"post","link":"https:\/\/www.fraczinet.cl\/sitio\/2010\/03\/30\/naciones-unidas-visito-arauco\/","title":{"rendered":"Naciones Unidas Visit\u00f3 Arauco"},"content":{"rendered":"<div style=\"text-align: justify;\"><a href=\"http:\/\/4.bp.blogspot.com\/_2S_RxGRVjis\/S7FHpPcgDeI\/AAAAAAAAOD0\/69mKrEOQuh8\/s1600\/NUNIDAS.JPG\" style=\"clear: left; float: left; margin-bottom: 1em; margin-right: 1em;\"><img decoding=\"async\" alt=\"\" border=\"0\" id=\"BLOGGER_PHOTO_ID_5454219397568663010\" src=\"https:\/\/4.bp.blogspot.com\/_2S_RxGRVjis\/S7FHpPcgDeI\/AAAAAAAAOD0\/69mKrEOQuh8\/s400\/NUNIDAS.JPG\" style=\"height: 300px; width: 400px;\" \/><\/a>Con el objetivo de conocer las mayores problem\u00e1ticas que afectan la comuna de Arauco y detectar en terreno las principales deficiencia, cuatro miembros representantes de las Naciones Unidas llegaron hasta la comuna a conversar con el Alcalde Mauricio Alarc\u00f3n Guzm\u00e1n, quien antes de que salieran a terreno les realiz\u00f3 una completa radiograf\u00eda de la comuna tras el terremoto y tsunami.<\/div>\n<div style=\"text-align: justify;\"><\/div>\n<div style=\"text-align: justify;\">Entre las principales deficiencias, la primera autoridad comunal mencion\u00f3 <span style=\"font-weight: bold;\">el nulo suministro de agua<\/span>, la mala conectividad al interior de la comuna y con el resto de la regi\u00f3n, la  disminuci\u00f3n en la recepci\u00f3n de canastas alimenticias, la crisis de confianza y los problemas sicol\u00f3gicos que sufren los habitantes tras vivir la tragedia, estar en campamentos o haber perdido sus casas. Asimismo, coment\u00f3 las condiciones en que trabajan los equipos de salud en terreno, la situaci\u00f3n de los establecimientos educacionales, la existencia de campamentos y sus condiciones de vida actual y la nula respuesta frente a las pol\u00edticas de vivienda definitiva. Adem\u00e1s, Alarc\u00f3n Guzm\u00e1n se refiri\u00f3 a la situaci\u00f3n que viven las personas del sector costero, la colaboraci\u00f3n que se ha tenido durante todo el tiempo de parte de bomberos y los necesidad de estudios, realizados por expertos, para determinan qu\u00e9 va a pasar con ellos.  <\/div>\n<div style=\"text-align: justify;\"><\/div>\n<div style=\"text-align: justify;\"><a href=\"http:\/\/1.bp.blogspot.com\/_2S_RxGRVjis\/S7FC2nXPloI\/AAAAAAAAODs\/hipVa61QSbM\/s1600\/NU.JPG\" style=\"clear: right; float: right; margin-bottom: 1em; margin-left: 1em;\"><img decoding=\"async\" alt=\"\" border=\"0\" id=\"BLOGGER_PHOTO_ID_5454214129769223810\" src=\"https:\/\/1.bp.blogspot.com\/_2S_RxGRVjis\/S7FC2nXPloI\/AAAAAAAAODs\/hipVa61QSbM\/s400\/NU.JPG\" style=\"height: 225px; width: 400px;\" \/><\/a>Tras la reuni\u00f3n los representantes de las Naciones Unidas se dirigieron a terreno a conocer la situaci\u00f3n, pero dejaron patente que realizaran las gestiones para colaborar en lo todo lo que est\u00e1 a su alcance. Finalmente, el jefe comunal agradeci\u00f3 la presencia de este organismo. <\/div>\n<div style=\"text-align: justify;\"><\/div>\n<div style=\"text-align: justify;\"><\/div>\n<div style=\"text-align: justify;\"><\/div>\n","protected":false},"excerpt":{"rendered":"<p>Con el objetivo de conocer las mayores problem\u00e1ticas que afectan la comuna de Arauco y detectar en terreno las principales deficiencia, cuatro miembros representantes de las Naciones Unidas llegaron hasta la comuna a conversar con el Alcalde Mauricio Alarc\u00f3n Guzm\u00e1n, quien antes de que salieran a terreno les realiz\u00f3 una completa radiograf\u00eda de la comuna [&hellip;]<\/p>\n","protected":false},"author":1,"featured_media":0,"comment_status":"open","ping_status":"open","sticky":false,"template":"","format":"standard","meta":{"footnotes":""},"categories":[240],"tags":[],"class_list":["post-5444","post","type-post","status-publish","format-standard","hentry","category-agua"],"yoast_head":"<!-- This site is optimized with the Yoast SEO plugin v25.0 - https:\/\/yoast.com\/wordpress\/plugins\/seo\/ -->\n<title>Naciones Unidas Visit\u00f3 Arauco - Nuestro Bio B\u00edo<\/title>\n<meta name=\"robots\" content=\"index, follow, max-snippet:-1, max-image-preview:large, max-video-preview:-1\" \/>\n<link rel=\"canonical\" href=\"https:\/\/www.fraczinet.cl\/sitio\/2010\/03\/30\/naciones-unidas-visito-arauco\/\" \/>\n<meta property=\"og:locale\" content=\"es_ES\" \/>\n<meta property=\"og:type\" content=\"article\" \/>\n<meta property=\"og:title\" content=\"Naciones Unidas Visit\u00f3 Arauco - Nuestro Bio B\u00edo\" \/>\n<meta property=\"og:description\" content=\"Con el objetivo de conocer las mayores problem\u00e1ticas que afectan la comuna de Arauco y detectar en terreno las principales deficiencia, cuatro miembros representantes de las Naciones Unidas llegaron hasta la comuna a conversar con el Alcalde Mauricio Alarc\u00f3n Guzm\u00e1n, quien antes de que salieran a terreno les realiz\u00f3 una completa radiograf\u00eda de la comuna [&hellip;]\" \/>\n<meta property=\"og:url\" content=\"https:\/\/www.fraczinet.cl\/sitio\/2010\/03\/30\/naciones-unidas-visito-arauco\/\" \/>\n<meta property=\"og:site_name\" content=\"Nuestro Bio B\u00edo\" \/>\n<meta property=\"article:published_time\" content=\"2010-03-30T00:01:00+00:00\" \/>\n<meta property=\"og:image\" content=\"https:\/\/4.bp.blogspot.com\/_2S_RxGRVjis\/S7FHpPcgDeI\/AAAAAAAAOD0\/69mKrEOQuh8\/s400\/NUNIDAS.JPG\" \/>\n<meta name=\"author\" content=\"admin\" \/>\n<meta name=\"twitter:card\" content=\"summary_large_image\" \/>\n<meta name=\"twitter:creator\" content=\"@nuestrobiobio\" \/>\n<meta name=\"twitter:site\" content=\"@nuestrobiobio\" \/>\n<meta name=\"twitter:label1\" content=\"Escrito por\" \/>\n\t<meta name=\"twitter:data1\" content=\"admin\" \/>\n\t<meta name=\"twitter:label2\" content=\"Tiempo de lectura\" \/>\n\t<meta name=\"twitter:data2\" content=\"1 minuto\" \/>\n<script type=\"application\/ld+json\" class=\"yoast-schema-graph\">{\"@context\":\"https:\/\/schema.org\",\"@graph\":[{\"@type\":\"Article\",\"@id\":\"https:\/\/www.fraczinet.cl\/sitio\/2010\/03\/30\/naciones-unidas-visito-arauco\/#article\",\"isPartOf\":{\"@id\":\"https:\/\/www.fraczinet.cl\/sitio\/2010\/03\/30\/naciones-unidas-visito-arauco\/\"},\"author\":{\"name\":\"admin\",\"@id\":\"https:\/\/www.fraczinet.cl\/sitio\/#\/schema\/person\/bc30f98e9cb10ae7e119dbe14bc93784\"},\"headline\":\"Naciones Unidas Visit\u00f3 Arauco\",\"datePublished\":\"2010-03-30T00:01:00+00:00\",\"mainEntityOfPage\":{\"@id\":\"https:\/\/www.fraczinet.cl\/sitio\/2010\/03\/30\/naciones-unidas-visito-arauco\/\"},\"wordCount\":272,\"commentCount\":0,\"publisher\":{\"@id\":\"https:\/\/www.fraczinet.cl\/sitio\/#\/schema\/person\/aec8ee4da68df2b9b0eefdad24a0d582\"},\"image\":{\"@id\":\"https:\/\/www.fraczinet.cl\/sitio\/2010\/03\/30\/naciones-unidas-visito-arauco\/#primaryimage\"},\"thumbnailUrl\":\"https:\/\/4.bp.blogspot.com\/_2S_RxGRVjis\/S7FHpPcgDeI\/AAAAAAAAOD0\/69mKrEOQuh8\/s400\/NUNIDAS.JPG\",\"articleSection\":[\"Agua\"],\"inLanguage\":\"es\",\"potentialAction\":[{\"@type\":\"CommentAction\",\"name\":\"Comment\",\"target\":[\"https:\/\/www.fraczinet.cl\/sitio\/2010\/03\/30\/naciones-unidas-visito-arauco\/#respond\"]}]},{\"@type\":\"WebPage\",\"@id\":\"https:\/\/www.fraczinet.cl\/sitio\/2010\/03\/30\/naciones-unidas-visito-arauco\/\",\"url\":\"https:\/\/www.fraczinet.cl\/sitio\/2010\/03\/30\/naciones-unidas-visito-arauco\/\",\"name\":\"Naciones Unidas Visit\u00f3 Arauco - Nuestro Bio B\u00edo\",\"isPartOf\":{\"@id\":\"https:\/\/www.fraczinet.cl\/sitio\/#website\"},\"primaryImageOfPage\":{\"@id\":\"https:\/\/www.fraczinet.cl\/sitio\/2010\/03\/30\/naciones-unidas-visito-arauco\/#primaryimage\"},\"image\":{\"@id\":\"https:\/\/www.fraczinet.cl\/sitio\/2010\/03\/30\/naciones-unidas-visito-arauco\/#primaryimage\"},\"thumbnailUrl\":\"https:\/\/4.bp.blogspot.com\/_2S_RxGRVjis\/S7FHpPcgDeI\/AAAAAAAAOD0\/69mKrEOQuh8\/s400\/NUNIDAS.JPG\",\"datePublished\":\"2010-03-30T00:01:00+00:00\",\"breadcrumb\":{\"@id\":\"https:\/\/www.fraczinet.cl\/sitio\/2010\/03\/30\/naciones-unidas-visito-arauco\/#breadcrumb\"},\"inLanguage\":\"es\",\"potentialAction\":[{\"@type\":\"ReadAction\",\"target\":[\"https:\/\/www.fraczinet.cl\/sitio\/2010\/03\/30\/naciones-unidas-visito-arauco\/\"]}]},{\"@type\":\"ImageObject\",\"inLanguage\":\"es\",\"@id\":\"https:\/\/www.fraczinet.cl\/sitio\/2010\/03\/30\/naciones-unidas-visito-arauco\/#primaryimage\",\"url\":\"https:\/\/4.bp.blogspot.com\/_2S_RxGRVjis\/S7FHpPcgDeI\/AAAAAAAAOD0\/69mKrEOQuh8\/s400\/NUNIDAS.JPG\",\"contentUrl\":\"https:\/\/4.bp.blogspot.com\/_2S_RxGRVjis\/S7FHpPcgDeI\/AAAAAAAAOD0\/69mKrEOQuh8\/s400\/NUNIDAS.JPG\"},{\"@type\":\"BreadcrumbList\",\"@id\":\"https:\/\/www.fraczinet.cl\/sitio\/2010\/03\/30\/naciones-unidas-visito-arauco\/#breadcrumb\",\"itemListElement\":[{\"@type\":\"ListItem\",\"position\":1,\"name\":\"Portada\",\"item\":\"https:\/\/www.fraczinet.cl\/sitio\/\"},{\"@type\":\"ListItem\",\"position\":2,\"name\":\"Naciones Unidas Visit\u00f3 Arauco\"}]},{\"@type\":\"WebSite\",\"@id\":\"https:\/\/www.fraczinet.cl\/sitio\/#website\",\"url\":\"https:\/\/www.fraczinet.cl\/sitio\/\",\"name\":\"Nuestro Bio B\u00edo\",\"description\":\"Tierra de Encuentros\",\"publisher\":{\"@id\":\"https:\/\/www.fraczinet.cl\/sitio\/#\/schema\/person\/aec8ee4da68df2b9b0eefdad24a0d582\"},\"potentialAction\":[{\"@type\":\"SearchAction\",\"target\":{\"@type\":\"EntryPoint\",\"urlTemplate\":\"https:\/\/www.fraczinet.cl\/sitio\/?s={search_term_string}\"},\"query-input\":{\"@type\":\"PropertyValueSpecification\",\"valueRequired\":true,\"valueName\":\"search_term_string\"}}],\"inLanguage\":\"es\"},{\"@type\":[\"Person\",\"Organization\"],\"@id\":\"https:\/\/www.fraczinet.cl\/sitio\/#\/schema\/person\/aec8ee4da68df2b9b0eefdad24a0d582\",\"name\":\"Luis Fernando Fraczinet\",\"image\":{\"@type\":\"ImageObject\",\"inLanguage\":\"es\",\"@id\":\"https:\/\/www.fraczinet.cl\/sitio\/#\/schema\/person\/image\/\",\"url\":\"https:\/\/www.fraczinet.cl\/sitio\/wp-content\/uploads\/2021\/07\/bannerlogo-1.gif\",\"contentUrl\":\"https:\/\/www.fraczinet.cl\/sitio\/wp-content\/uploads\/2021\/07\/bannerlogo-1.gif\",\"width\":159,\"height\":79,\"caption\":\"Luis Fernando Fraczinet\"},\"logo\":{\"@id\":\"https:\/\/www.fraczinet.cl\/sitio\/#\/schema\/person\/image\/\"},\"sameAs\":[\"https:\/\/www.fraczinet.cl\/sitio\/\"]},{\"@type\":\"Person\",\"@id\":\"https:\/\/www.fraczinet.cl\/sitio\/#\/schema\/person\/bc30f98e9cb10ae7e119dbe14bc93784\",\"name\":\"admin\",\"image\":{\"@type\":\"ImageObject\",\"inLanguage\":\"es\",\"@id\":\"https:\/\/www.fraczinet.cl\/sitio\/#\/schema\/person\/image\/\",\"url\":\"https:\/\/secure.gravatar.com\/avatar\/d5ad3cf7ef3b23a2bb5be73be780c86b2fc8545c3ad6b149f3913ff458c00099?s=96&d=mm&r=g\",\"contentUrl\":\"https:\/\/secure.gravatar.com\/avatar\/d5ad3cf7ef3b23a2bb5be73be780c86b2fc8545c3ad6b149f3913ff458c00099?s=96&d=mm&r=g\",\"caption\":\"admin\"},\"sameAs\":[\"https:\/\/www.fraczinet.cl\/sitio\"]}]}<\/script>\n<!-- \/ Yoast SEO plugin. -->","yoast_head_json":{"title":"Naciones Unidas Visit\u00f3 Arauco - Nuestro Bio B\u00edo","robots":{"index":"index","follow":"follow","max-snippet":"max-snippet:-1","max-image-preview":"max-image-preview:large","max-video-preview":"max-video-preview:-1"},"canonical":"https:\/\/www.fraczinet.cl\/sitio\/2010\/03\/30\/naciones-unidas-visito-arauco\/","og_locale":"es_ES","og_type":"article","og_title":"Naciones Unidas Visit\u00f3 Arauco - Nuestro Bio B\u00edo","og_description":"Con el objetivo de conocer las mayores problem\u00e1ticas que afectan la comuna de Arauco y detectar en terreno las principales deficiencia, cuatro miembros representantes de las Naciones Unidas llegaron hasta la comuna a conversar con el Alcalde Mauricio Alarc\u00f3n Guzm\u00e1n, quien antes de que salieran a terreno les realiz\u00f3 una completa radiograf\u00eda de la comuna [&hellip;]","og_url":"https:\/\/www.fraczinet.cl\/sitio\/2010\/03\/30\/naciones-unidas-visito-arauco\/","og_site_name":"Nuestro Bio B\u00edo","article_published_time":"2010-03-30T00:01:00+00:00","og_image":[{"url":"https:\/\/4.bp.blogspot.com\/_2S_RxGRVjis\/S7FHpPcgDeI\/AAAAAAAAOD0\/69mKrEOQuh8\/s400\/NUNIDAS.JPG","type":"","width":"","height":""}],"author":"admin","twitter_card":"summary_large_image","twitter_creator":"@nuestrobiobio","twitter_site":"@nuestrobiobio","twitter_misc":{"Escrito por":"admin","Tiempo de lectura":"1 minuto"},"schema":{"@context":"https:\/\/schema.org","@graph":[{"@type":"Article","@id":"https:\/\/www.fraczinet.cl\/sitio\/2010\/03\/30\/naciones-unidas-visito-arauco\/#article","isPartOf":{"@id":"https:\/\/www.fraczinet.cl\/sitio\/2010\/03\/30\/naciones-unidas-visito-arauco\/"},"author":{"name":"admin","@id":"https:\/\/www.fraczinet.cl\/sitio\/#\/schema\/person\/bc30f98e9cb10ae7e119dbe14bc93784"},"headline":"Naciones Unidas Visit\u00f3 Arauco","datePublished":"2010-03-30T00:01:00+00:00","mainEntityOfPage":{"@id":"https:\/\/www.fraczinet.cl\/sitio\/2010\/03\/30\/naciones-unidas-visito-arauco\/"},"wordCount":272,"commentCount":0,"publisher":{"@id":"https:\/\/www.fraczinet.cl\/sitio\/#\/schema\/person\/aec8ee4da68df2b9b0eefdad24a0d582"},"image":{"@id":"https:\/\/www.fraczinet.cl\/sitio\/2010\/03\/30\/naciones-unidas-visito-arauco\/#primaryimage"},"thumbnailUrl":"https:\/\/4.bp.blogspot.com\/_2S_RxGRVjis\/S7FHpPcgDeI\/AAAAAAAAOD0\/69mKrEOQuh8\/s400\/NUNIDAS.JPG","articleSection":["Agua"],"inLanguage":"es","potentialAction":[{"@type":"CommentAction","name":"Comment","target":["https:\/\/www.fraczinet.cl\/sitio\/2010\/03\/30\/naciones-unidas-visito-arauco\/#respond"]}]},{"@type":"WebPage","@id":"https:\/\/www.fraczinet.cl\/sitio\/2010\/03\/30\/naciones-unidas-visito-arauco\/","url":"https:\/\/www.fraczinet.cl\/sitio\/2010\/03\/30\/naciones-unidas-visito-arauco\/","name":"Naciones Unidas Visit\u00f3 Arauco - Nuestro Bio B\u00edo","isPartOf":{"@id":"https:\/\/www.fraczinet.cl\/sitio\/#website"},"primaryImageOfPage":{"@id":"https:\/\/www.fraczinet.cl\/sitio\/2010\/03\/30\/naciones-unidas-visito-arauco\/#primaryimage"},"image":{"@id":"https:\/\/www.fraczinet.cl\/sitio\/2010\/03\/30\/naciones-unidas-visito-arauco\/#primaryimage"},"thumbnailUrl":"https:\/\/4.bp.blogspot.com\/_2S_RxGRVjis\/S7FHpPcgDeI\/AAAAAAAAOD0\/69mKrEOQuh8\/s400\/NUNIDAS.JPG","datePublished":"2010-03-30T00:01:00+00:00","breadcrumb":{"@id":"https:\/\/www.fraczinet.cl\/sitio\/2010\/03\/30\/naciones-unidas-visito-arauco\/#breadcrumb"},"inLanguage":"es","potentialAction":[{"@type":"ReadAction","target":["https:\/\/www.fraczinet.cl\/sitio\/2010\/03\/30\/naciones-unidas-visito-arauco\/"]}]},{"@type":"ImageObject","inLanguage":"es","@id":"https:\/\/www.fraczinet.cl\/sitio\/2010\/03\/30\/naciones-unidas-visito-arauco\/#primaryimage","url":"https:\/\/4.bp.blogspot.com\/_2S_RxGRVjis\/S7FHpPcgDeI\/AAAAAAAAOD0\/69mKrEOQuh8\/s400\/NUNIDAS.JPG","contentUrl":"https:\/\/4.bp.blogspot.com\/_2S_RxGRVjis\/S7FHpPcgDeI\/AAAAAAAAOD0\/69mKrEOQuh8\/s400\/NUNIDAS.JPG"},{"@type":"BreadcrumbList","@id":"https:\/\/www.fraczinet.cl\/sitio\/2010\/03\/30\/naciones-unidas-visito-arauco\/#breadcrumb","itemListElement":[{"@type":"ListItem","position":1,"name":"Portada","item":"https:\/\/www.fraczinet.cl\/sitio\/"},{"@type":"ListItem","position":2,"name":"Naciones Unidas Visit\u00f3 Arauco"}]},{"@type":"WebSite","@id":"https:\/\/www.fraczinet.cl\/sitio\/#website","url":"https:\/\/www.fraczinet.cl\/sitio\/","name":"Nuestro Bio B\u00edo","description":"Tierra de Encuentros","publisher":{"@id":"https:\/\/www.fraczinet.cl\/sitio\/#\/schema\/person\/aec8ee4da68df2b9b0eefdad24a0d582"},"potentialAction":[{"@type":"SearchAction","target":{"@type":"EntryPoint","urlTemplate":"https:\/\/www.fraczinet.cl\/sitio\/?s={search_term_string}"},"query-input":{"@type":"PropertyValueSpecification","valueRequired":true,"valueName":"search_term_string"}}],"inLanguage":"es"},{"@type":["Person","Organization"],"@id":"https:\/\/www.fraczinet.cl\/sitio\/#\/schema\/person\/aec8ee4da68df2b9b0eefdad24a0d582","name":"Luis Fernando Fraczinet","image":{"@type":"ImageObject","inLanguage":"es","@id":"https:\/\/www.fraczinet.cl\/sitio\/#\/schema\/person\/image\/","url":"https:\/\/www.fraczinet.cl\/sitio\/wp-content\/uploads\/2021\/07\/bannerlogo-1.gif","contentUrl":"https:\/\/www.fraczinet.cl\/sitio\/wp-content\/uploads\/2021\/07\/bannerlogo-1.gif","width":159,"height":79,"caption":"Luis Fernando Fraczinet"},"logo":{"@id":"https:\/\/www.fraczinet.cl\/sitio\/#\/schema\/person\/image\/"},"sameAs":["https:\/\/www.fraczinet.cl\/sitio\/"]},{"@type":"Person","@id":"https:\/\/www.fraczinet.cl\/sitio\/#\/schema\/person\/bc30f98e9cb10ae7e119dbe14bc93784","name":"admin","image":{"@type":"ImageObject","inLanguage":"es","@id":"https:\/\/www.fraczinet.cl\/sitio\/#\/schema\/person\/image\/","url":"https:\/\/secure.gravatar.com\/avatar\/d5ad3cf7ef3b23a2bb5be73be780c86b2fc8545c3ad6b149f3913ff458c00099?s=96&d=mm&r=g","contentUrl":"https:\/\/secure.gravatar.com\/avatar\/d5ad3cf7ef3b23a2bb5be73be780c86b2fc8545c3ad6b149f3913ff458c00099?s=96&d=mm&r=g","caption":"admin"},"sameAs":["https:\/\/www.fraczinet.cl\/sitio"]}]}},"_links":{"self":[{"href":"https:\/\/www.fraczinet.cl\/sitio\/wp-json\/wp\/v2\/posts\/5444","targetHints":{"allow":["GET"]}}],"collection":[{"href":"https:\/\/www.fraczinet.cl\/sitio\/wp-json\/wp\/v2\/posts"}],"about":[{"href":"https:\/\/www.fraczinet.cl\/sitio\/wp-json\/wp\/v2\/types\/post"}],"author":[{"embeddable":true,"href":"https:\/\/www.fraczinet.cl\/sitio\/wp-json\/wp\/v2\/users\/1"}],"replies":[{"embeddable":true,"href":"https:\/\/www.fraczinet.cl\/sitio\/wp-json\/wp\/v2\/comments?post=5444"}],"version-history":[{"count":0,"href":"https:\/\/www.fraczinet.cl\/sitio\/wp-json\/wp\/v2\/posts\/5444\/revisions"}],"wp:attachment":[{"href":"https:\/\/www.fraczinet.cl\/sitio\/wp-json\/wp\/v2\/media?parent=5444"}],"wp:term":[{"taxonomy":"category","embeddable":true,"href":"https:\/\/www.fraczinet.cl\/sitio\/wp-json\/wp\/v2\/categories?post=5444"},{"taxonomy":"post_tag","embeddable":true,"href":"https:\/\/www.fraczinet.cl\/sitio\/wp-json\/wp\/v2\/tags?post=5444"}],"curies":[{"name":"wp","href":"https:\/\/api.w.org\/{rel}","templated":true}]}}