{"id":5452,"date":"2010-03-27T00:56:00","date_gmt":"2010-03-27T00:56:00","guid":{"rendered":"https:\/\/www.fraczinet.cl\/sitio\/2010\/03\/27\/trabajadores-de-codelco-norte-ayudan-a-ninos-y-ninas-de-coliumo\/"},"modified":"2022-10-06T23:23:39","modified_gmt":"2022-10-06T23:23:39","slug":"trabajadores-de-codelco-norte-ayudan-a-ninos-y-ninas-de-coliumo","status":"publish","type":"post","link":"https:\/\/www.fraczinet.cl\/sitio\/2010\/03\/27\/trabajadores-de-codelco-norte-ayudan-a-ninos-y-ninas-de-coliumo\/","title":{"rendered":"Trabajadores De CODELCO Norte Ayudan A Ni\u00f1os Y Ni\u00f1as De Coliumo"},"content":{"rendered":"<div style=\"text-align: justify;\"><a href=\"http:\/\/2.bp.blogspot.com\/_2S_RxGRVjis\/S61ZjlHEJ7I\/AAAAAAAAN9M\/ohrJkNs3784\/s1600\/DSC03667.JPG\"><img decoding=\"async\" alt=\"\" border=\"0\" id=\"BLOGGER_PHOTO_ID_5453113191607576498\" src=\"https:\/\/2.bp.blogspot.com\/_2S_RxGRVjis\/S61ZjlHEJ7I\/AAAAAAAAN9M\/ohrJkNs3784\/s200\/DSC03667.JPG\" style=\"cursor: hand; cursor: pointer; float: left; height: 107px; margin: 0 10px 10px 0; width: 143px;\" \/><\/a>Un set de \u00fatiles escolares para cada ni\u00f1o, un LCD de 32 pulgadas, un DVD, una guitarra y un Globo Terr\u00e1queo para las Escuelas Vegas de Coliumo y Caleta del Medio de la misma localidad fue la ayuda que entregaron los trabajadores de la guardia n\u00famero tres de CODELCO Norte, quienes llegaron a Tom\u00e9 para colaborar con los m\u00e1s peque\u00f1itos. <\/div>\n<div style=\"text-align: justify;\"><\/div>\n<div style=\"text-align: justify;\">Coordinados directamente con la Municipalidad de Tom\u00e9, los representantes de este grupo de aproximadamente 200 trabajadores decidieron apadrinar a los peque\u00f1os de la devastada caleta, comprometi\u00e9ndose con el Alcalde y con los vecinos y vecinas del sector a realizar un labor que perdurar\u00e1 durante el a\u00f1o. Un nuevo uniforme escolar para cada ni\u00f1o, colaborar con las necesidades de la escuela y acompa\u00f1arlos para Navidad son algunas de las ideas que estos trabajadores de la mina de Chuquicamata tienen para que estos ni\u00f1os y ni\u00f1as se sientan m\u00e1s felices tras la cat\u00e1strofe. \u201cAgradecemos infinitamente que desde tan lejos vengan a ayudar a esta comuna. Las muestras de cari\u00f1o y el apoyo que hemos recibido durante estos d\u00edas ha sido vital para poder ayudar a los damnificados, solos no hubiese sido posible hacerlo\u201d, destac\u00f3 el Alcalde de la Comuna, Eduardo Aguilera Aguilera.<\/div>\n","protected":false},"excerpt":{"rendered":"<p>Un set de \u00fatiles escolares para cada ni\u00f1o, un LCD de 32 pulgadas, un DVD, una guitarra y un Globo Terr\u00e1queo para las Escuelas Vegas de Coliumo y Caleta del Medio de la misma localidad fue la ayuda que entregaron los trabajadores de la guardia n\u00famero tres de CODELCO Norte, quienes llegaron a Tom\u00e9 para [&hellip;]<\/p>\n","protected":false},"author":1,"featured_media":0,"comment_status":"open","ping_status":"open","sticky":false,"template":"","format":"standard","meta":{"footnotes":""},"categories":[131],"tags":[],"class_list":["post-5452","post","type-post","status-publish","format-standard","hentry","category-politica"],"yoast_head":"<!-- This site is optimized with the Yoast SEO plugin v25.0 - https:\/\/yoast.com\/wordpress\/plugins\/seo\/ -->\n<title>Trabajadores De CODELCO Norte Ayudan A Ni\u00f1os Y Ni\u00f1as De Coliumo - Nuestro Bio B\u00edo<\/title>\n<meta name=\"robots\" content=\"index, follow, max-snippet:-1, max-image-preview:large, max-video-preview:-1\" \/>\n<link rel=\"canonical\" href=\"https:\/\/www.fraczinet.cl\/sitio\/2010\/03\/27\/trabajadores-de-codelco-norte-ayudan-a-ninos-y-ninas-de-coliumo\/\" \/>\n<meta property=\"og:locale\" content=\"es_ES\" \/>\n<meta property=\"og:type\" content=\"article\" \/>\n<meta property=\"og:title\" content=\"Trabajadores De CODELCO Norte Ayudan A Ni\u00f1os Y Ni\u00f1as De Coliumo - Nuestro Bio B\u00edo\" \/>\n<meta property=\"og:description\" content=\"Un set de \u00fatiles escolares para cada ni\u00f1o, un LCD de 32 pulgadas, un DVD, una guitarra y un Globo Terr\u00e1queo para las Escuelas Vegas de Coliumo y Caleta del Medio de la misma localidad fue la ayuda que entregaron los trabajadores de la guardia n\u00famero tres de CODELCO Norte, quienes llegaron a Tom\u00e9 para [&hellip;]\" \/>\n<meta property=\"og:url\" content=\"https:\/\/www.fraczinet.cl\/sitio\/2010\/03\/27\/trabajadores-de-codelco-norte-ayudan-a-ninos-y-ninas-de-coliumo\/\" \/>\n<meta property=\"og:site_name\" content=\"Nuestro Bio B\u00edo\" \/>\n<meta property=\"article:published_time\" content=\"2010-03-27T00:56:00+00:00\" \/>\n<meta property=\"article:modified_time\" content=\"2022-10-06T23:23:39+00:00\" \/>\n<meta property=\"og:image\" content=\"https:\/\/2.bp.blogspot.com\/_2S_RxGRVjis\/S61ZjlHEJ7I\/AAAAAAAAN9M\/ohrJkNs3784\/s200\/DSC03667.JPG\" \/>\n<meta name=\"author\" content=\"admin\" \/>\n<meta name=\"twitter:card\" content=\"summary_large_image\" \/>\n<meta name=\"twitter:creator\" content=\"@nuestrobiobio\" \/>\n<meta name=\"twitter:site\" content=\"@nuestrobiobio\" \/>\n<meta name=\"twitter:label1\" content=\"Escrito por\" \/>\n\t<meta name=\"twitter:data1\" content=\"admin\" \/>\n\t<meta name=\"twitter:label2\" content=\"Tiempo de lectura\" \/>\n\t<meta name=\"twitter:data2\" content=\"1 minuto\" \/>\n<script type=\"application\/ld+json\" class=\"yoast-schema-graph\">{\"@context\":\"https:\/\/schema.org\",\"@graph\":[{\"@type\":\"Article\",\"@id\":\"https:\/\/www.fraczinet.cl\/sitio\/2010\/03\/27\/trabajadores-de-codelco-norte-ayudan-a-ninos-y-ninas-de-coliumo\/#article\",\"isPartOf\":{\"@id\":\"https:\/\/www.fraczinet.cl\/sitio\/2010\/03\/27\/trabajadores-de-codelco-norte-ayudan-a-ninos-y-ninas-de-coliumo\/\"},\"author\":{\"name\":\"admin\",\"@id\":\"https:\/\/www.fraczinet.cl\/sitio\/#\/schema\/person\/bc30f98e9cb10ae7e119dbe14bc93784\"},\"headline\":\"Trabajadores De CODELCO Norte Ayudan A Ni\u00f1os Y Ni\u00f1as De Coliumo\",\"datePublished\":\"2010-03-27T00:56:00+00:00\",\"dateModified\":\"2022-10-06T23:23:39+00:00\",\"mainEntityOfPage\":{\"@id\":\"https:\/\/www.fraczinet.cl\/sitio\/2010\/03\/27\/trabajadores-de-codelco-norte-ayudan-a-ninos-y-ninas-de-coliumo\/\"},\"wordCount\":227,\"commentCount\":0,\"publisher\":{\"@id\":\"https:\/\/www.fraczinet.cl\/sitio\/#\/schema\/person\/aec8ee4da68df2b9b0eefdad24a0d582\"},\"image\":{\"@id\":\"https:\/\/www.fraczinet.cl\/sitio\/2010\/03\/27\/trabajadores-de-codelco-norte-ayudan-a-ninos-y-ninas-de-coliumo\/#primaryimage\"},\"thumbnailUrl\":\"https:\/\/2.bp.blogspot.com\/_2S_RxGRVjis\/S61ZjlHEJ7I\/AAAAAAAAN9M\/ohrJkNs3784\/s200\/DSC03667.JPG\",\"articleSection\":[\"Pol\u00edtica\"],\"inLanguage\":\"es\",\"potentialAction\":[{\"@type\":\"CommentAction\",\"name\":\"Comment\",\"target\":[\"https:\/\/www.fraczinet.cl\/sitio\/2010\/03\/27\/trabajadores-de-codelco-norte-ayudan-a-ninos-y-ninas-de-coliumo\/#respond\"]}]},{\"@type\":\"WebPage\",\"@id\":\"https:\/\/www.fraczinet.cl\/sitio\/2010\/03\/27\/trabajadores-de-codelco-norte-ayudan-a-ninos-y-ninas-de-coliumo\/\",\"url\":\"https:\/\/www.fraczinet.cl\/sitio\/2010\/03\/27\/trabajadores-de-codelco-norte-ayudan-a-ninos-y-ninas-de-coliumo\/\",\"name\":\"Trabajadores De CODELCO Norte Ayudan A Ni\u00f1os Y Ni\u00f1as De Coliumo - Nuestro Bio B\u00edo\",\"isPartOf\":{\"@id\":\"https:\/\/www.fraczinet.cl\/sitio\/#website\"},\"primaryImageOfPage\":{\"@id\":\"https:\/\/www.fraczinet.cl\/sitio\/2010\/03\/27\/trabajadores-de-codelco-norte-ayudan-a-ninos-y-ninas-de-coliumo\/#primaryimage\"},\"image\":{\"@id\":\"https:\/\/www.fraczinet.cl\/sitio\/2010\/03\/27\/trabajadores-de-codelco-norte-ayudan-a-ninos-y-ninas-de-coliumo\/#primaryimage\"},\"thumbnailUrl\":\"https:\/\/2.bp.blogspot.com\/_2S_RxGRVjis\/S61ZjlHEJ7I\/AAAAAAAAN9M\/ohrJkNs3784\/s200\/DSC03667.JPG\",\"datePublished\":\"2010-03-27T00:56:00+00:00\",\"dateModified\":\"2022-10-06T23:23:39+00:00\",\"breadcrumb\":{\"@id\":\"https:\/\/www.fraczinet.cl\/sitio\/2010\/03\/27\/trabajadores-de-codelco-norte-ayudan-a-ninos-y-ninas-de-coliumo\/#breadcrumb\"},\"inLanguage\":\"es\",\"potentialAction\":[{\"@type\":\"ReadAction\",\"target\":[\"https:\/\/www.fraczinet.cl\/sitio\/2010\/03\/27\/trabajadores-de-codelco-norte-ayudan-a-ninos-y-ninas-de-coliumo\/\"]}]},{\"@type\":\"ImageObject\",\"inLanguage\":\"es\",\"@id\":\"https:\/\/www.fraczinet.cl\/sitio\/2010\/03\/27\/trabajadores-de-codelco-norte-ayudan-a-ninos-y-ninas-de-coliumo\/#primaryimage\",\"url\":\"https:\/\/2.bp.blogspot.com\/_2S_RxGRVjis\/S61ZjlHEJ7I\/AAAAAAAAN9M\/ohrJkNs3784\/s200\/DSC03667.JPG\",\"contentUrl\":\"https:\/\/2.bp.blogspot.com\/_2S_RxGRVjis\/S61ZjlHEJ7I\/AAAAAAAAN9M\/ohrJkNs3784\/s200\/DSC03667.JPG\"},{\"@type\":\"BreadcrumbList\",\"@id\":\"https:\/\/www.fraczinet.cl\/sitio\/2010\/03\/27\/trabajadores-de-codelco-norte-ayudan-a-ninos-y-ninas-de-coliumo\/#breadcrumb\",\"itemListElement\":[{\"@type\":\"ListItem\",\"position\":1,\"name\":\"Portada\",\"item\":\"https:\/\/www.fraczinet.cl\/sitio\/\"},{\"@type\":\"ListItem\",\"position\":2,\"name\":\"Trabajadores De CODELCO Norte Ayudan A Ni\u00f1os Y Ni\u00f1as De Coliumo\"}]},{\"@type\":\"WebSite\",\"@id\":\"https:\/\/www.fraczinet.cl\/sitio\/#website\",\"url\":\"https:\/\/www.fraczinet.cl\/sitio\/\",\"name\":\"Nuestro Bio B\u00edo\",\"description\":\"Tierra de Encuentros\",\"publisher\":{\"@id\":\"https:\/\/www.fraczinet.cl\/sitio\/#\/schema\/person\/aec8ee4da68df2b9b0eefdad24a0d582\"},\"potentialAction\":[{\"@type\":\"SearchAction\",\"target\":{\"@type\":\"EntryPoint\",\"urlTemplate\":\"https:\/\/www.fraczinet.cl\/sitio\/?s={search_term_string}\"},\"query-input\":{\"@type\":\"PropertyValueSpecification\",\"valueRequired\":true,\"valueName\":\"search_term_string\"}}],\"inLanguage\":\"es\"},{\"@type\":[\"Person\",\"Organization\"],\"@id\":\"https:\/\/www.fraczinet.cl\/sitio\/#\/schema\/person\/aec8ee4da68df2b9b0eefdad24a0d582\",\"name\":\"Luis Fernando Fraczinet\",\"image\":{\"@type\":\"ImageObject\",\"inLanguage\":\"es\",\"@id\":\"https:\/\/www.fraczinet.cl\/sitio\/#\/schema\/person\/image\/\",\"url\":\"https:\/\/www.fraczinet.cl\/sitio\/wp-content\/uploads\/2021\/07\/bannerlogo-1.gif\",\"contentUrl\":\"https:\/\/www.fraczinet.cl\/sitio\/wp-content\/uploads\/2021\/07\/bannerlogo-1.gif\",\"width\":159,\"height\":79,\"caption\":\"Luis Fernando Fraczinet\"},\"logo\":{\"@id\":\"https:\/\/www.fraczinet.cl\/sitio\/#\/schema\/person\/image\/\"},\"sameAs\":[\"https:\/\/www.fraczinet.cl\/sitio\/\"]},{\"@type\":\"Person\",\"@id\":\"https:\/\/www.fraczinet.cl\/sitio\/#\/schema\/person\/bc30f98e9cb10ae7e119dbe14bc93784\",\"name\":\"admin\",\"image\":{\"@type\":\"ImageObject\",\"inLanguage\":\"es\",\"@id\":\"https:\/\/www.fraczinet.cl\/sitio\/#\/schema\/person\/image\/\",\"url\":\"https:\/\/secure.gravatar.com\/avatar\/d5ad3cf7ef3b23a2bb5be73be780c86b2fc8545c3ad6b149f3913ff458c00099?s=96&d=mm&r=g\",\"contentUrl\":\"https:\/\/secure.gravatar.com\/avatar\/d5ad3cf7ef3b23a2bb5be73be780c86b2fc8545c3ad6b149f3913ff458c00099?s=96&d=mm&r=g\",\"caption\":\"admin\"},\"sameAs\":[\"https:\/\/www.fraczinet.cl\/sitio\"]}]}<\/script>\n<!-- \/ Yoast SEO plugin. -->","yoast_head_json":{"title":"Trabajadores De CODELCO Norte Ayudan A Ni\u00f1os Y Ni\u00f1as De Coliumo - Nuestro Bio B\u00edo","robots":{"index":"index","follow":"follow","max-snippet":"max-snippet:-1","max-image-preview":"max-image-preview:large","max-video-preview":"max-video-preview:-1"},"canonical":"https:\/\/www.fraczinet.cl\/sitio\/2010\/03\/27\/trabajadores-de-codelco-norte-ayudan-a-ninos-y-ninas-de-coliumo\/","og_locale":"es_ES","og_type":"article","og_title":"Trabajadores De CODELCO Norte Ayudan A Ni\u00f1os Y Ni\u00f1as De Coliumo - Nuestro Bio B\u00edo","og_description":"Un set de \u00fatiles escolares para cada ni\u00f1o, un LCD de 32 pulgadas, un DVD, una guitarra y un Globo Terr\u00e1queo para las Escuelas Vegas de Coliumo y Caleta del Medio de la misma localidad fue la ayuda que entregaron los trabajadores de la guardia n\u00famero tres de CODELCO Norte, quienes llegaron a Tom\u00e9 para [&hellip;]","og_url":"https:\/\/www.fraczinet.cl\/sitio\/2010\/03\/27\/trabajadores-de-codelco-norte-ayudan-a-ninos-y-ninas-de-coliumo\/","og_site_name":"Nuestro Bio B\u00edo","article_published_time":"2010-03-27T00:56:00+00:00","article_modified_time":"2022-10-06T23:23:39+00:00","og_image":[{"url":"https:\/\/2.bp.blogspot.com\/_2S_RxGRVjis\/S61ZjlHEJ7I\/AAAAAAAAN9M\/ohrJkNs3784\/s200\/DSC03667.JPG","type":"","width":"","height":""}],"author":"admin","twitter_card":"summary_large_image","twitter_creator":"@nuestrobiobio","twitter_site":"@nuestrobiobio","twitter_misc":{"Escrito por":"admin","Tiempo de lectura":"1 minuto"},"schema":{"@context":"https:\/\/schema.org","@graph":[{"@type":"Article","@id":"https:\/\/www.fraczinet.cl\/sitio\/2010\/03\/27\/trabajadores-de-codelco-norte-ayudan-a-ninos-y-ninas-de-coliumo\/#article","isPartOf":{"@id":"https:\/\/www.fraczinet.cl\/sitio\/2010\/03\/27\/trabajadores-de-codelco-norte-ayudan-a-ninos-y-ninas-de-coliumo\/"},"author":{"name":"admin","@id":"https:\/\/www.fraczinet.cl\/sitio\/#\/schema\/person\/bc30f98e9cb10ae7e119dbe14bc93784"},"headline":"Trabajadores De CODELCO Norte Ayudan A Ni\u00f1os Y Ni\u00f1as De Coliumo","datePublished":"2010-03-27T00:56:00+00:00","dateModified":"2022-10-06T23:23:39+00:00","mainEntityOfPage":{"@id":"https:\/\/www.fraczinet.cl\/sitio\/2010\/03\/27\/trabajadores-de-codelco-norte-ayudan-a-ninos-y-ninas-de-coliumo\/"},"wordCount":227,"commentCount":0,"publisher":{"@id":"https:\/\/www.fraczinet.cl\/sitio\/#\/schema\/person\/aec8ee4da68df2b9b0eefdad24a0d582"},"image":{"@id":"https:\/\/www.fraczinet.cl\/sitio\/2010\/03\/27\/trabajadores-de-codelco-norte-ayudan-a-ninos-y-ninas-de-coliumo\/#primaryimage"},"thumbnailUrl":"https:\/\/2.bp.blogspot.com\/_2S_RxGRVjis\/S61ZjlHEJ7I\/AAAAAAAAN9M\/ohrJkNs3784\/s200\/DSC03667.JPG","articleSection":["Pol\u00edtica"],"inLanguage":"es","potentialAction":[{"@type":"CommentAction","name":"Comment","target":["https:\/\/www.fraczinet.cl\/sitio\/2010\/03\/27\/trabajadores-de-codelco-norte-ayudan-a-ninos-y-ninas-de-coliumo\/#respond"]}]},{"@type":"WebPage","@id":"https:\/\/www.fraczinet.cl\/sitio\/2010\/03\/27\/trabajadores-de-codelco-norte-ayudan-a-ninos-y-ninas-de-coliumo\/","url":"https:\/\/www.fraczinet.cl\/sitio\/2010\/03\/27\/trabajadores-de-codelco-norte-ayudan-a-ninos-y-ninas-de-coliumo\/","name":"Trabajadores De CODELCO Norte Ayudan A Ni\u00f1os Y Ni\u00f1as De Coliumo - Nuestro Bio B\u00edo","isPartOf":{"@id":"https:\/\/www.fraczinet.cl\/sitio\/#website"},"primaryImageOfPage":{"@id":"https:\/\/www.fraczinet.cl\/sitio\/2010\/03\/27\/trabajadores-de-codelco-norte-ayudan-a-ninos-y-ninas-de-coliumo\/#primaryimage"},"image":{"@id":"https:\/\/www.fraczinet.cl\/sitio\/2010\/03\/27\/trabajadores-de-codelco-norte-ayudan-a-ninos-y-ninas-de-coliumo\/#primaryimage"},"thumbnailUrl":"https:\/\/2.bp.blogspot.com\/_2S_RxGRVjis\/S61ZjlHEJ7I\/AAAAAAAAN9M\/ohrJkNs3784\/s200\/DSC03667.JPG","datePublished":"2010-03-27T00:56:00+00:00","dateModified":"2022-10-06T23:23:39+00:00","breadcrumb":{"@id":"https:\/\/www.fraczinet.cl\/sitio\/2010\/03\/27\/trabajadores-de-codelco-norte-ayudan-a-ninos-y-ninas-de-coliumo\/#breadcrumb"},"inLanguage":"es","potentialAction":[{"@type":"ReadAction","target":["https:\/\/www.fraczinet.cl\/sitio\/2010\/03\/27\/trabajadores-de-codelco-norte-ayudan-a-ninos-y-ninas-de-coliumo\/"]}]},{"@type":"ImageObject","inLanguage":"es","@id":"https:\/\/www.fraczinet.cl\/sitio\/2010\/03\/27\/trabajadores-de-codelco-norte-ayudan-a-ninos-y-ninas-de-coliumo\/#primaryimage","url":"https:\/\/2.bp.blogspot.com\/_2S_RxGRVjis\/S61ZjlHEJ7I\/AAAAAAAAN9M\/ohrJkNs3784\/s200\/DSC03667.JPG","contentUrl":"https:\/\/2.bp.blogspot.com\/_2S_RxGRVjis\/S61ZjlHEJ7I\/AAAAAAAAN9M\/ohrJkNs3784\/s200\/DSC03667.JPG"},{"@type":"BreadcrumbList","@id":"https:\/\/www.fraczinet.cl\/sitio\/2010\/03\/27\/trabajadores-de-codelco-norte-ayudan-a-ninos-y-ninas-de-coliumo\/#breadcrumb","itemListElement":[{"@type":"ListItem","position":1,"name":"Portada","item":"https:\/\/www.fraczinet.cl\/sitio\/"},{"@type":"ListItem","position":2,"name":"Trabajadores De CODELCO Norte Ayudan A Ni\u00f1os Y Ni\u00f1as De Coliumo"}]},{"@type":"WebSite","@id":"https:\/\/www.fraczinet.cl\/sitio\/#website","url":"https:\/\/www.fraczinet.cl\/sitio\/","name":"Nuestro Bio B\u00edo","description":"Tierra de Encuentros","publisher":{"@id":"https:\/\/www.fraczinet.cl\/sitio\/#\/schema\/person\/aec8ee4da68df2b9b0eefdad24a0d582"},"potentialAction":[{"@type":"SearchAction","target":{"@type":"EntryPoint","urlTemplate":"https:\/\/www.fraczinet.cl\/sitio\/?s={search_term_string}"},"query-input":{"@type":"PropertyValueSpecification","valueRequired":true,"valueName":"search_term_string"}}],"inLanguage":"es"},{"@type":["Person","Organization"],"@id":"https:\/\/www.fraczinet.cl\/sitio\/#\/schema\/person\/aec8ee4da68df2b9b0eefdad24a0d582","name":"Luis Fernando Fraczinet","image":{"@type":"ImageObject","inLanguage":"es","@id":"https:\/\/www.fraczinet.cl\/sitio\/#\/schema\/person\/image\/","url":"https:\/\/www.fraczinet.cl\/sitio\/wp-content\/uploads\/2021\/07\/bannerlogo-1.gif","contentUrl":"https:\/\/www.fraczinet.cl\/sitio\/wp-content\/uploads\/2021\/07\/bannerlogo-1.gif","width":159,"height":79,"caption":"Luis Fernando Fraczinet"},"logo":{"@id":"https:\/\/www.fraczinet.cl\/sitio\/#\/schema\/person\/image\/"},"sameAs":["https:\/\/www.fraczinet.cl\/sitio\/"]},{"@type":"Person","@id":"https:\/\/www.fraczinet.cl\/sitio\/#\/schema\/person\/bc30f98e9cb10ae7e119dbe14bc93784","name":"admin","image":{"@type":"ImageObject","inLanguage":"es","@id":"https:\/\/www.fraczinet.cl\/sitio\/#\/schema\/person\/image\/","url":"https:\/\/secure.gravatar.com\/avatar\/d5ad3cf7ef3b23a2bb5be73be780c86b2fc8545c3ad6b149f3913ff458c00099?s=96&d=mm&r=g","contentUrl":"https:\/\/secure.gravatar.com\/avatar\/d5ad3cf7ef3b23a2bb5be73be780c86b2fc8545c3ad6b149f3913ff458c00099?s=96&d=mm&r=g","caption":"admin"},"sameAs":["https:\/\/www.fraczinet.cl\/sitio"]}]}},"_links":{"self":[{"href":"https:\/\/www.fraczinet.cl\/sitio\/wp-json\/wp\/v2\/posts\/5452","targetHints":{"allow":["GET"]}}],"collection":[{"href":"https:\/\/www.fraczinet.cl\/sitio\/wp-json\/wp\/v2\/posts"}],"about":[{"href":"https:\/\/www.fraczinet.cl\/sitio\/wp-json\/wp\/v2\/types\/post"}],"author":[{"embeddable":true,"href":"https:\/\/www.fraczinet.cl\/sitio\/wp-json\/wp\/v2\/users\/1"}],"replies":[{"embeddable":true,"href":"https:\/\/www.fraczinet.cl\/sitio\/wp-json\/wp\/v2\/comments?post=5452"}],"version-history":[{"count":1,"href":"https:\/\/www.fraczinet.cl\/sitio\/wp-json\/wp\/v2\/posts\/5452\/revisions"}],"predecessor-version":[{"id":14361,"href":"https:\/\/www.fraczinet.cl\/sitio\/wp-json\/wp\/v2\/posts\/5452\/revisions\/14361"}],"wp:attachment":[{"href":"https:\/\/www.fraczinet.cl\/sitio\/wp-json\/wp\/v2\/media?parent=5452"}],"wp:term":[{"taxonomy":"category","embeddable":true,"href":"https:\/\/www.fraczinet.cl\/sitio\/wp-json\/wp\/v2\/categories?post=5452"},{"taxonomy":"post_tag","embeddable":true,"href":"https:\/\/www.fraczinet.cl\/sitio\/wp-json\/wp\/v2\/tags?post=5452"}],"curies":[{"name":"wp","href":"https:\/\/api.w.org\/{rel}","templated":true}]}}