{"id":5454,"date":"2010-03-26T00:25:00","date_gmt":"2010-03-26T00:25:00","guid":{"rendered":"https:\/\/www.fraczinet.cl\/sitio\/2010\/03\/26\/talleres-de-africamerica\/"},"modified":"2022-10-07T00:22:58","modified_gmt":"2022-10-07T00:22:58","slug":"talleres-de-africamerica","status":"publish","type":"post","link":"https:\/\/www.fraczinet.cl\/sitio\/2010\/03\/26\/talleres-de-africamerica\/","title":{"rendered":"Talleres de AfricAm\u00e9rica"},"content":{"rendered":"<div style=\"text-align: justify;\">Para poder liberar las tensiones de los \u00faltimos tiempos, los invitamos a participar en los talleres que ofrecemos, a m\u00f3dicos precios.<\/div>\n<div style=\"text-align: justify;\"><\/div>\n<div style=\"text-align: justify;\">Inicio de talleres Lunes 5 de abril de 2010<\/div>\n<div style=\"text-align: justify;\">Primera Clase Gratis!!!!!<\/div>\n<div style=\"text-align: justify;\"><\/div>\n<div style=\"text-align: justify;\">Taller de DANZA AFRO<\/div>\n<div style=\"text-align: justify;\">Lunes y viernes de 20:00 a 22:00 horas.<\/div>\n<div style=\"text-align: justify;\">Roger Leal.<\/div>\n<div style=\"text-align: justify;\"><\/div>\n<div style=\"text-align: justify;\">Taller de Poes\u00eda, canto rodado y danza de CUECA BRAVA<\/div>\n<div style=\"text-align: justify;\">Martes de 20:00 a 22:00 horas.<\/div>\n<div style=\"text-align: justify;\">Fabiola Gonz\u00e1lez \u00abLa Chinganera\u00bb.<\/div>\n<div style=\"text-align: justify;\"><\/div>\n<div style=\"text-align: justify;\">Taller de DANZA \u00c1RABE<\/div>\n<div style=\"text-align: justify;\">Miercoles de 20:00 a 22:00 horas.<\/div>\n<div style=\"text-align: justify;\">Mar\u00eda Jos\u00e9 Etcheverry.<\/div>\n<div style=\"text-align: justify;\"><\/div>\n<div style=\"text-align: justify;\">Taller de CONFECCION DE T\u00cdTERES.<\/div>\n<div style=\"text-align: justify;\">Martes y jueves de 18:00 a 20:00 horas.<\/div>\n<div style=\"text-align: justify;\">Vania Caro.<\/div>\n<div style=\"text-align: justify;\"><\/div>\n<div style=\"text-align: justify;\">Taller de DANZA DE CANDOMBE<\/div>\n<div style=\"text-align: justify;\">Jueves de 18:00 a 19:00 horas.<\/div>\n<div style=\"text-align: justify;\">Carla Concha.<\/div>\n<div style=\"text-align: justify;\"><\/div>\n<div style=\"text-align: justify;\">Taller de INICIACI\u00d3N ART\u00cdSTICA para ni\u00f1os de 4 a 6 a\u00f1os<\/div>\n<div style=\"text-align: justify;\">S\u00e1bado de 11:00 a 13:00 horas<\/div>\n<div style=\"text-align: justify;\">Sergio Barr\u00eda.<\/div>\n<div style=\"text-align: justify;\"><\/div>\n<div style=\"text-align: justify;\">Taller de PERCUSI\u00d3N MANDINGUE.<\/div>\n<div style=\"text-align: justify;\">Sabado de 15:00 a 17:00 horas.<\/div>\n<div style=\"text-align: justify;\">Cristian Barr\u00eda y Carlos Lecaros.<\/div>\n<div style=\"text-align: justify;\"><\/div>\n<div style=\"text-align: justify;\">Valores:<\/div>\n<div style=\"text-align: justify;\">$10.000 mensual 4 clases.<\/div>\n<div style=\"text-align: justify;\">$18.000 mensual 2 talleres 8 clases<\/div>\n<div style=\"text-align: justify;\">$27.000 mensual 3 talleres 12 clases.<\/div>\n<div style=\"text-align: justify;\"><\/div>\n<div style=\"text-align: justify;\">Inscripci\u00f3n $2.000.-<\/div>\n<div style=\"text-align: justify;\"><\/div>\n<div style=\"text-align: justify;\">Adem\u00e1s:<\/div>\n<div style=\"text-align: justify;\">Clases Particulares de m\u00fasica, danza, arte y cultura. Las especialidades se numeran en el siguiente enlace:<\/div>\n<div style=\"text-align: justify;\">http:\/\/africayamerica6.blogspot.com\/2010\/03\/clases-particulares.html<\/div>\n<div style=\"text-align: justify;\"><\/div>\n<div style=\"text-align: justify;\">Los cursos tienen un valor de:<\/div>\n<div style=\"text-align: justify;\">$12.000.- 4 clases mensuales.<\/div>\n<div style=\"text-align: justify;\">$20.000.- 8 clases mensuales.<\/div>\n<div style=\"text-align: justify;\">$29.000.- 12 clases mensuales.<\/div>\n<div style=\"text-align: justify;\"><\/div>\n<div style=\"text-align: justify;\">M\u00e1s Informaci\u00f3n en:<\/div>\n<div style=\"text-align: justify;\"><\/div>\n<div style=\"text-align: justify;\">Anibal Pinto #1640, Concepci\u00f3n, Chile.<\/div>\n<div style=\"text-align: justify;\">Visite: http:\/\/www.africamerica.tk<\/div>\n<div style=\"text-align: justify;\">Grupo en Facebook: http:\/\/www.facebook.com\/group.php?gid=33623686707<\/div>\n","protected":false},"excerpt":{"rendered":"<p>Para poder liberar las tensiones de los \u00faltimos tiempos, los invitamos a participar en los talleres que ofrecemos, a m\u00f3dicos precios. Inicio de talleres Lunes 5 de abril de 2010 Primera Clase Gratis!!!!! Taller de DANZA AFRO Lunes y viernes de 20:00 a 22:00 horas. Roger Leal. Taller de Poes\u00eda, canto rodado y danza de [&hellip;]<\/p>\n","protected":false},"author":1,"featured_media":0,"comment_status":"open","ping_status":"open","sticky":false,"template":"","format":"standard","meta":{"footnotes":""},"categories":[118,223],"tags":[],"class_list":["post-5454","post","type-post","status-publish","format-standard","hentry","category-la-chinganera","category-talleres"],"yoast_head":"<!-- This site is optimized with the Yoast SEO plugin v25.0 - https:\/\/yoast.com\/wordpress\/plugins\/seo\/ -->\n<title>Talleres de AfricAm\u00e9rica - Nuestro Bio B\u00edo<\/title>\n<meta name=\"robots\" content=\"index, follow, max-snippet:-1, max-image-preview:large, max-video-preview:-1\" \/>\n<link rel=\"canonical\" href=\"https:\/\/www.fraczinet.cl\/sitio\/2010\/03\/26\/talleres-de-africamerica\/\" \/>\n<meta property=\"og:locale\" content=\"es_ES\" \/>\n<meta property=\"og:type\" content=\"article\" \/>\n<meta property=\"og:title\" content=\"Talleres de AfricAm\u00e9rica - Nuestro Bio B\u00edo\" \/>\n<meta property=\"og:description\" content=\"Para poder liberar las tensiones de los \u00faltimos tiempos, los invitamos a participar en los talleres que ofrecemos, a m\u00f3dicos precios. Inicio de talleres Lunes 5 de abril de 2010 Primera Clase Gratis!!!!! Taller de DANZA AFRO Lunes y viernes de 20:00 a 22:00 horas. Roger Leal. Taller de Poes\u00eda, canto rodado y danza de [&hellip;]\" \/>\n<meta property=\"og:url\" content=\"https:\/\/www.fraczinet.cl\/sitio\/2010\/03\/26\/talleres-de-africamerica\/\" \/>\n<meta property=\"og:site_name\" content=\"Nuestro Bio B\u00edo\" \/>\n<meta property=\"article:published_time\" content=\"2010-03-26T00:25:00+00:00\" \/>\n<meta property=\"article:modified_time\" content=\"2022-10-07T00:22:58+00:00\" \/>\n<meta property=\"og:image\" content=\"https:\/\/www.fraczinet.cl\/sitio\/wp-content\/uploads\/2021\/07\/bannerlogo-1.gif\" \/>\n\t<meta property=\"og:image:width\" content=\"159\" \/>\n\t<meta property=\"og:image:height\" content=\"79\" \/>\n\t<meta property=\"og:image:type\" content=\"image\/gif\" \/>\n<meta name=\"author\" content=\"admin\" \/>\n<meta name=\"twitter:card\" content=\"summary_large_image\" \/>\n<meta name=\"twitter:creator\" content=\"@nuestrobiobio\" \/>\n<meta name=\"twitter:site\" content=\"@nuestrobiobio\" \/>\n<meta name=\"twitter:label1\" content=\"Escrito por\" \/>\n\t<meta name=\"twitter:data1\" content=\"admin\" \/>\n\t<meta name=\"twitter:label2\" content=\"Tiempo de lectura\" \/>\n\t<meta name=\"twitter:data2\" content=\"1 minuto\" \/>\n<script type=\"application\/ld+json\" class=\"yoast-schema-graph\">{\"@context\":\"https:\/\/schema.org\",\"@graph\":[{\"@type\":\"Article\",\"@id\":\"https:\/\/www.fraczinet.cl\/sitio\/2010\/03\/26\/talleres-de-africamerica\/#article\",\"isPartOf\":{\"@id\":\"https:\/\/www.fraczinet.cl\/sitio\/2010\/03\/26\/talleres-de-africamerica\/\"},\"author\":{\"name\":\"admin\",\"@id\":\"https:\/\/www.fraczinet.cl\/sitio\/#\/schema\/person\/bc30f98e9cb10ae7e119dbe14bc93784\"},\"headline\":\"Talleres de AfricAm\u00e9rica\",\"datePublished\":\"2010-03-26T00:25:00+00:00\",\"dateModified\":\"2022-10-07T00:22:58+00:00\",\"mainEntityOfPage\":{\"@id\":\"https:\/\/www.fraczinet.cl\/sitio\/2010\/03\/26\/talleres-de-africamerica\/\"},\"wordCount\":218,\"commentCount\":0,\"publisher\":{\"@id\":\"https:\/\/www.fraczinet.cl\/sitio\/#\/schema\/person\/aec8ee4da68df2b9b0eefdad24a0d582\"},\"articleSection\":[\"La Chinganera\",\"Talleres\"],\"inLanguage\":\"es\",\"potentialAction\":[{\"@type\":\"CommentAction\",\"name\":\"Comment\",\"target\":[\"https:\/\/www.fraczinet.cl\/sitio\/2010\/03\/26\/talleres-de-africamerica\/#respond\"]}]},{\"@type\":\"WebPage\",\"@id\":\"https:\/\/www.fraczinet.cl\/sitio\/2010\/03\/26\/talleres-de-africamerica\/\",\"url\":\"https:\/\/www.fraczinet.cl\/sitio\/2010\/03\/26\/talleres-de-africamerica\/\",\"name\":\"Talleres de AfricAm\u00e9rica - Nuestro Bio B\u00edo\",\"isPartOf\":{\"@id\":\"https:\/\/www.fraczinet.cl\/sitio\/#website\"},\"datePublished\":\"2010-03-26T00:25:00+00:00\",\"dateModified\":\"2022-10-07T00:22:58+00:00\",\"breadcrumb\":{\"@id\":\"https:\/\/www.fraczinet.cl\/sitio\/2010\/03\/26\/talleres-de-africamerica\/#breadcrumb\"},\"inLanguage\":\"es\",\"potentialAction\":[{\"@type\":\"ReadAction\",\"target\":[\"https:\/\/www.fraczinet.cl\/sitio\/2010\/03\/26\/talleres-de-africamerica\/\"]}]},{\"@type\":\"BreadcrumbList\",\"@id\":\"https:\/\/www.fraczinet.cl\/sitio\/2010\/03\/26\/talleres-de-africamerica\/#breadcrumb\",\"itemListElement\":[{\"@type\":\"ListItem\",\"position\":1,\"name\":\"Portada\",\"item\":\"https:\/\/www.fraczinet.cl\/sitio\/\"},{\"@type\":\"ListItem\",\"position\":2,\"name\":\"Talleres de AfricAm\u00e9rica\"}]},{\"@type\":\"WebSite\",\"@id\":\"https:\/\/www.fraczinet.cl\/sitio\/#website\",\"url\":\"https:\/\/www.fraczinet.cl\/sitio\/\",\"name\":\"Nuestro Bio B\u00edo\",\"description\":\"Tierra de Encuentros\",\"publisher\":{\"@id\":\"https:\/\/www.fraczinet.cl\/sitio\/#\/schema\/person\/aec8ee4da68df2b9b0eefdad24a0d582\"},\"potentialAction\":[{\"@type\":\"SearchAction\",\"target\":{\"@type\":\"EntryPoint\",\"urlTemplate\":\"https:\/\/www.fraczinet.cl\/sitio\/?s={search_term_string}\"},\"query-input\":{\"@type\":\"PropertyValueSpecification\",\"valueRequired\":true,\"valueName\":\"search_term_string\"}}],\"inLanguage\":\"es\"},{\"@type\":[\"Person\",\"Organization\"],\"@id\":\"https:\/\/www.fraczinet.cl\/sitio\/#\/schema\/person\/aec8ee4da68df2b9b0eefdad24a0d582\",\"name\":\"Luis Fernando Fraczinet\",\"image\":{\"@type\":\"ImageObject\",\"inLanguage\":\"es\",\"@id\":\"https:\/\/www.fraczinet.cl\/sitio\/#\/schema\/person\/image\/\",\"url\":\"https:\/\/www.fraczinet.cl\/sitio\/wp-content\/uploads\/2021\/07\/bannerlogo-1.gif\",\"contentUrl\":\"https:\/\/www.fraczinet.cl\/sitio\/wp-content\/uploads\/2021\/07\/bannerlogo-1.gif\",\"width\":159,\"height\":79,\"caption\":\"Luis Fernando Fraczinet\"},\"logo\":{\"@id\":\"https:\/\/www.fraczinet.cl\/sitio\/#\/schema\/person\/image\/\"},\"sameAs\":[\"https:\/\/www.fraczinet.cl\/sitio\/\"]},{\"@type\":\"Person\",\"@id\":\"https:\/\/www.fraczinet.cl\/sitio\/#\/schema\/person\/bc30f98e9cb10ae7e119dbe14bc93784\",\"name\":\"admin\",\"image\":{\"@type\":\"ImageObject\",\"inLanguage\":\"es\",\"@id\":\"https:\/\/www.fraczinet.cl\/sitio\/#\/schema\/person\/image\/\",\"url\":\"https:\/\/secure.gravatar.com\/avatar\/d5ad3cf7ef3b23a2bb5be73be780c86b2fc8545c3ad6b149f3913ff458c00099?s=96&d=mm&r=g\",\"contentUrl\":\"https:\/\/secure.gravatar.com\/avatar\/d5ad3cf7ef3b23a2bb5be73be780c86b2fc8545c3ad6b149f3913ff458c00099?s=96&d=mm&r=g\",\"caption\":\"admin\"},\"sameAs\":[\"https:\/\/www.fraczinet.cl\/sitio\"]}]}<\/script>\n<!-- \/ Yoast SEO plugin. -->","yoast_head_json":{"title":"Talleres de AfricAm\u00e9rica - Nuestro Bio B\u00edo","robots":{"index":"index","follow":"follow","max-snippet":"max-snippet:-1","max-image-preview":"max-image-preview:large","max-video-preview":"max-video-preview:-1"},"canonical":"https:\/\/www.fraczinet.cl\/sitio\/2010\/03\/26\/talleres-de-africamerica\/","og_locale":"es_ES","og_type":"article","og_title":"Talleres de AfricAm\u00e9rica - Nuestro Bio B\u00edo","og_description":"Para poder liberar las tensiones de los \u00faltimos tiempos, los invitamos a participar en los talleres que ofrecemos, a m\u00f3dicos precios. Inicio de talleres Lunes 5 de abril de 2010 Primera Clase Gratis!!!!! Taller de DANZA AFRO Lunes y viernes de 20:00 a 22:00 horas. Roger Leal. Taller de Poes\u00eda, canto rodado y danza de [&hellip;]","og_url":"https:\/\/www.fraczinet.cl\/sitio\/2010\/03\/26\/talleres-de-africamerica\/","og_site_name":"Nuestro Bio B\u00edo","article_published_time":"2010-03-26T00:25:00+00:00","article_modified_time":"2022-10-07T00:22:58+00:00","og_image":[{"width":159,"height":79,"url":"https:\/\/www.fraczinet.cl\/sitio\/wp-content\/uploads\/2021\/07\/bannerlogo-1.gif","type":"image\/gif"}],"author":"admin","twitter_card":"summary_large_image","twitter_creator":"@nuestrobiobio","twitter_site":"@nuestrobiobio","twitter_misc":{"Escrito por":"admin","Tiempo de lectura":"1 minuto"},"schema":{"@context":"https:\/\/schema.org","@graph":[{"@type":"Article","@id":"https:\/\/www.fraczinet.cl\/sitio\/2010\/03\/26\/talleres-de-africamerica\/#article","isPartOf":{"@id":"https:\/\/www.fraczinet.cl\/sitio\/2010\/03\/26\/talleres-de-africamerica\/"},"author":{"name":"admin","@id":"https:\/\/www.fraczinet.cl\/sitio\/#\/schema\/person\/bc30f98e9cb10ae7e119dbe14bc93784"},"headline":"Talleres de AfricAm\u00e9rica","datePublished":"2010-03-26T00:25:00+00:00","dateModified":"2022-10-07T00:22:58+00:00","mainEntityOfPage":{"@id":"https:\/\/www.fraczinet.cl\/sitio\/2010\/03\/26\/talleres-de-africamerica\/"},"wordCount":218,"commentCount":0,"publisher":{"@id":"https:\/\/www.fraczinet.cl\/sitio\/#\/schema\/person\/aec8ee4da68df2b9b0eefdad24a0d582"},"articleSection":["La Chinganera","Talleres"],"inLanguage":"es","potentialAction":[{"@type":"CommentAction","name":"Comment","target":["https:\/\/www.fraczinet.cl\/sitio\/2010\/03\/26\/talleres-de-africamerica\/#respond"]}]},{"@type":"WebPage","@id":"https:\/\/www.fraczinet.cl\/sitio\/2010\/03\/26\/talleres-de-africamerica\/","url":"https:\/\/www.fraczinet.cl\/sitio\/2010\/03\/26\/talleres-de-africamerica\/","name":"Talleres de AfricAm\u00e9rica - Nuestro Bio B\u00edo","isPartOf":{"@id":"https:\/\/www.fraczinet.cl\/sitio\/#website"},"datePublished":"2010-03-26T00:25:00+00:00","dateModified":"2022-10-07T00:22:58+00:00","breadcrumb":{"@id":"https:\/\/www.fraczinet.cl\/sitio\/2010\/03\/26\/talleres-de-africamerica\/#breadcrumb"},"inLanguage":"es","potentialAction":[{"@type":"ReadAction","target":["https:\/\/www.fraczinet.cl\/sitio\/2010\/03\/26\/talleres-de-africamerica\/"]}]},{"@type":"BreadcrumbList","@id":"https:\/\/www.fraczinet.cl\/sitio\/2010\/03\/26\/talleres-de-africamerica\/#breadcrumb","itemListElement":[{"@type":"ListItem","position":1,"name":"Portada","item":"https:\/\/www.fraczinet.cl\/sitio\/"},{"@type":"ListItem","position":2,"name":"Talleres de AfricAm\u00e9rica"}]},{"@type":"WebSite","@id":"https:\/\/www.fraczinet.cl\/sitio\/#website","url":"https:\/\/www.fraczinet.cl\/sitio\/","name":"Nuestro Bio B\u00edo","description":"Tierra de Encuentros","publisher":{"@id":"https:\/\/www.fraczinet.cl\/sitio\/#\/schema\/person\/aec8ee4da68df2b9b0eefdad24a0d582"},"potentialAction":[{"@type":"SearchAction","target":{"@type":"EntryPoint","urlTemplate":"https:\/\/www.fraczinet.cl\/sitio\/?s={search_term_string}"},"query-input":{"@type":"PropertyValueSpecification","valueRequired":true,"valueName":"search_term_string"}}],"inLanguage":"es"},{"@type":["Person","Organization"],"@id":"https:\/\/www.fraczinet.cl\/sitio\/#\/schema\/person\/aec8ee4da68df2b9b0eefdad24a0d582","name":"Luis Fernando Fraczinet","image":{"@type":"ImageObject","inLanguage":"es","@id":"https:\/\/www.fraczinet.cl\/sitio\/#\/schema\/person\/image\/","url":"https:\/\/www.fraczinet.cl\/sitio\/wp-content\/uploads\/2021\/07\/bannerlogo-1.gif","contentUrl":"https:\/\/www.fraczinet.cl\/sitio\/wp-content\/uploads\/2021\/07\/bannerlogo-1.gif","width":159,"height":79,"caption":"Luis Fernando Fraczinet"},"logo":{"@id":"https:\/\/www.fraczinet.cl\/sitio\/#\/schema\/person\/image\/"},"sameAs":["https:\/\/www.fraczinet.cl\/sitio\/"]},{"@type":"Person","@id":"https:\/\/www.fraczinet.cl\/sitio\/#\/schema\/person\/bc30f98e9cb10ae7e119dbe14bc93784","name":"admin","image":{"@type":"ImageObject","inLanguage":"es","@id":"https:\/\/www.fraczinet.cl\/sitio\/#\/schema\/person\/image\/","url":"https:\/\/secure.gravatar.com\/avatar\/d5ad3cf7ef3b23a2bb5be73be780c86b2fc8545c3ad6b149f3913ff458c00099?s=96&d=mm&r=g","contentUrl":"https:\/\/secure.gravatar.com\/avatar\/d5ad3cf7ef3b23a2bb5be73be780c86b2fc8545c3ad6b149f3913ff458c00099?s=96&d=mm&r=g","caption":"admin"},"sameAs":["https:\/\/www.fraczinet.cl\/sitio"]}]}},"_links":{"self":[{"href":"https:\/\/www.fraczinet.cl\/sitio\/wp-json\/wp\/v2\/posts\/5454","targetHints":{"allow":["GET"]}}],"collection":[{"href":"https:\/\/www.fraczinet.cl\/sitio\/wp-json\/wp\/v2\/posts"}],"about":[{"href":"https:\/\/www.fraczinet.cl\/sitio\/wp-json\/wp\/v2\/types\/post"}],"author":[{"embeddable":true,"href":"https:\/\/www.fraczinet.cl\/sitio\/wp-json\/wp\/v2\/users\/1"}],"replies":[{"embeddable":true,"href":"https:\/\/www.fraczinet.cl\/sitio\/wp-json\/wp\/v2\/comments?post=5454"}],"version-history":[{"count":1,"href":"https:\/\/www.fraczinet.cl\/sitio\/wp-json\/wp\/v2\/posts\/5454\/revisions"}],"predecessor-version":[{"id":14125,"href":"https:\/\/www.fraczinet.cl\/sitio\/wp-json\/wp\/v2\/posts\/5454\/revisions\/14125"}],"wp:attachment":[{"href":"https:\/\/www.fraczinet.cl\/sitio\/wp-json\/wp\/v2\/media?parent=5454"}],"wp:term":[{"taxonomy":"category","embeddable":true,"href":"https:\/\/www.fraczinet.cl\/sitio\/wp-json\/wp\/v2\/categories?post=5454"},{"taxonomy":"post_tag","embeddable":true,"href":"https:\/\/www.fraczinet.cl\/sitio\/wp-json\/wp\/v2\/tags?post=5454"}],"curies":[{"name":"wp","href":"https:\/\/api.w.org\/{rel}","templated":true}]}}