{"id":5457,"date":"2010-03-23T02:59:00","date_gmt":"2010-03-23T02:59:00","guid":{"rendered":"https:\/\/www.fraczinet.cl\/sitio\/2010\/03\/23\/mariposas-en-la-cienaga-alicia-pereda-saavedra\/"},"modified":"2010-03-23T02:59:00","modified_gmt":"2010-03-23T02:59:00","slug":"mariposas-en-la-cienaga-alicia-pereda-saavedra","status":"publish","type":"post","link":"https:\/\/www.fraczinet.cl\/sitio\/2010\/03\/23\/mariposas-en-la-cienaga-alicia-pereda-saavedra\/","title":{"rendered":"Mariposas En La Ci\u00e9naga &#8211; Alicia Pereda Saavedra"},"content":{"rendered":"<div style=\"text-align: justify;\"><a href=\"http:\/\/1.bp.blogspot.com\/_2S_RxGRVjis\/S13hLGbZZJI\/AAAAAAAANkY\/bWTKskRNVnA\/S1600-R\/Mariposas_en_la_Cienega.jpg\" style=\"clear: left; float: left; margin-bottom: 1em; margin-right: 1em;\"><img decoding=\"async\" alt=\"\" border=\"0\" src=\"http:\/\/1.bp.blogspot.com\/_2S_RxGRVjis\/S13hLGbZZJI\/AAAAAAAANkY\/bWTKskRNVnA\/S1600-R\/Mariposas_en_la_Cienega.jpg\" style=\"float: left; height: 305px; margin: 0px 10px 10px 0px; width: 200px;\" \/><\/a>\u201cD\u00e9jame dormir en este sue\u00f1o verde<\/div>\n<div style=\"text-align: justify;\">Ser ra\u00edz, conducto vital en maderas carcomidas\u2026\u201d<\/div>\n<div style=\"text-align: justify;\">A.P.S.<\/div>\n<div style=\"text-align: justify;\"><\/div>\n<div style=\"text-align: justify;\">Mariposas en ci\u00e9naga, libro de poemas de Alicia Pereda Saavedra es un texto ligado a la m\u00e1s profunda tradici\u00f3n po\u00e9tica rom\u00e1ntica. La autora escribe: \u201cTe estoy amando desde siempre\/ con ayeres y ma\u00f1anas esperando\/entre el llanto de la niebla y la llovizna\/ desde el fondo de mi ser atormentado\u201d.<\/div>\n<div style=\"text-align: justify;\"><\/div>\n<div style=\"text-align: justify;\">El amor es gozo y tormenta y torbellino, desde los inicios de la humanidad traza los m\u00e1s variados destinos y desata la m\u00e1s volc\u00e1nica de las pasiones, Alicia expresa: \u201cY ella no viene y tarda como a veces la primavera\/cuando se queda dormida entre los cerros\/ sin escuchar el ardiente llamado de la tierra.<\/div>\n<div style=\"text-align: justify;\"><\/div>\n<div style=\"text-align: justify;\">Estamos frente a una poes\u00eda cl\u00e1sica, m\u00e1s emotiva y en ning\u00fan caso experimental. La poeta utiliza un lenguaje sencillo, coloquial, donde despliega sus sue\u00f1os, deseos, anhelos, ausencia de amor, mediante un discurso que tiende a manifestar no s\u00f3lo estos sentimientos si no sentencias propias con energ\u00eda, fuerza interior que el lector percibe claramente apasionada, creaci\u00f3n que mantiene un equilibrio, posible solamente en la pluma de constante oficio. Pereda desata toda la gama de aspectos y dimensiones de la interioridad y sus versos toman los aspectos intr\u00ednsecos al fluido del sentimiento amoroso.<\/div>\n<div style=\"text-align: justify;\"><\/div>\n<div style=\"text-align: justify;\">Es una escritura que corresponder\u00eda a poes\u00eda pura, pues la poes\u00eda es veh\u00edculo de un mundo interior, que cu\u00e1nto menos aderezo, porta m\u00e1s evidencia, pero de un mundo intuido, a veces escasamente razonado, por lo que se presenta como una sugerencia, un reclamo del autor a la sociedad donde la inspiraci\u00f3n previa s\u00f3lo es informada por la propia sensibilidad.<\/div>\n<div style=\"text-align: justify;\"><\/div>\n<div style=\"text-align: justify;\">\u00bfEscritura Andr\u00f3gina (1)?<\/div>\n<div style=\"text-align: justify;\">Y es que la autora tiene un hablante l\u00edrico dual, por ello Alicia Pereda nos recuerda a la narradora Julieta Campos (3), una de las plumas de la literatura latinoamericana contempor\u00e1nea. \u201cEn 1981, en M\u00e9xico se organiz\u00f3 un congreso de Literatura de mujeres. Julieta sostuvo la idea de una literatura andr\u00f3gina. Para ella, la esencia de la escritura es la disidencia. Fue muy criticada por las feministas de ese momento [\u2026], la autora Nilda Mercado tambi\u00e9n dice: \u201cCuando hago m\u00eda la idea de Julieta Campos de una escritura andr\u00f3gina es porque prefiero que no haya postulados previos. No se me ocurrir\u00eda decir: voy a hacer literatura femenina. Si hubiera de pensar en una sexualidad, la de la escritora ser\u00eda polimorfa\u201d.<\/div>\n<div style=\"text-align: justify;\"><\/div>\n<div style=\"text-align: justify;\">Esa ambivalencia habita la obra de Pereda que transgrede las fronteras de los g\u00e9neros, a nuestro entender, fiel a la convicci\u00f3n de que la literatura s\u00f3lo se compromete con la libertad de la imaginaci\u00f3n y con la palabra.<\/div>\n<div style=\"text-align: justify;\"><\/div>\n<div style=\"text-align: justify;\"><a href=\"http:\/\/3.bp.blogspot.com\/_2S_RxGRVjis\/S6gzkUn_FBI\/AAAAAAAAN8U\/vinHkWZtUWA\/s1600-h\/Mariposas_en_la_Cienaga200.gif\"><img decoding=\"async\" alt=\"\" border=\"0\" id=\"BLOGGER_PHOTO_ID_5451664048036713490\" src=\"https:\/\/3.bp.blogspot.com\/_2S_RxGRVjis\/S6gzkUn_FBI\/AAAAAAAAN8U\/vinHkWZtUWA\/s200\/Mariposas_en_la_Cienaga200.gif\" style=\"cursor: hand; cursor: pointer; float: left; height: 200px; margin: 0 10px 10px 0; width: 133px;\" \/><\/a>La creaci\u00f3n de Alicia, podr\u00edamos asociarla perfectamente a la poes\u00eda rom\u00e1ntica de Safo (4), cuyos poemas se recitaban en la Atenas del siglo V a.C. Escrib\u00eda: \u201cun fuego sutil irrumpe bajo mi piel, \/ nada veo con mis ojos, zumban \/ mis o\u00eddos ,\/ se me esparce el sudor, un escalofr\u00edo me apresa toda, estoy m\u00e1s p\u00e1lida\/ que la hierba y me parece que \/ falta poco para morir.\/ Pero todo hay que soportarlo, pues esto es as\u00ed.\u201d<\/div>\n<div style=\"text-align: justify;\"><\/div>\n<div style=\"text-align: justify;\">Es como parece decirnos Pereda: D\u00e9jame dormir en este sue\u00f1o verde, aunque duela, pues la escritura es as\u00ed, as\u00ed como el amor: gozo y tormenta y torbellino.<\/div>\n<div style=\"text-align: justify;\"><\/div>\n<div style=\"text-align: justify;\">Comentario literario de<\/div>\n<div style=\"text-align: justify;\">Ingrid Odgers Toloza<\/div>\n<div style=\"text-align: justify;\">Poeta y Novelista de Nuestra Tierra<\/div>\n<div style=\"text-align: justify;\"><\/div>\n<div style=\"text-align: justify;\">Vea M\u00e1s de Ingrid en:<\/div>\n<div style=\"text-align: justify;\"><a href=\"http:\/\/escritoraconcepcion.googlepages.com\/\">http:\/\/escritoraconcepcion.googlepages.com<\/a><\/div>\n<div style=\"text-align: justify;\"><a href=\"http:\/\/ingridodgerstoloza.blogspot.com\/\">http:\/\/ingridodgerstoloza.blogspot.com<\/a><\/div>\n<div style=\"text-align: justify;\"><a href=\"http:\/\/programamundodepoesia.blogspot.com\/\">http:\/\/programamundodepoesia.blogspot.com<\/a><\/div>\n<div style=\"text-align: justify;\"><a href=\"http:\/\/revistalasilla.blogspot.com\/\">http:\/\/revistalasilla.blogspot.com<\/a><\/div>\n<div style=\"text-align: justify;\"><a href=\"http:\/\/biobiogestioncultural.blogspot.com\/\">http:\/\/biobiogestioncultural.blogspot.com<\/a><\/div>\n<div style=\"text-align: justify;\"><\/div>\n<div style=\"text-align: justify;\">NOTAS:<\/div>\n<div style=\"text-align: justify;\"><\/div>\n<div style=\"text-align: justify;\">1.- Androginia, proviene de Andros, hombre y gine, mujer. Androginia: Es la mezcla de lo masculino y lo femenino, todo ello en un solo ser.<\/div>\n<div style=\"text-align: justify;\">2.- Androgino\/a: Se refiere a una persona que tiene rasgos propios de lo masculino y lo femenino. Andr\u00f3gina es una mujer de rasgos ambiguos (que no se sabe si es hombre o mujer) y tambi\u00e9n se llamar\u00eda de tal forma a una mujer que se confunde con un hombre.<\/div>\n<div style=\"text-align: justify;\">3.- Nacida el 8 de mayo de 1932, en La Habana, Cuba, Julieta Campos de la Torre es otra de las grandes escritoras que por generaci\u00f3n espont\u00e1nea (junto con Elena Garro, Luisa Valenzuela, Carmen Naranjo, In\u00e9s Arredondo, Rosario Castellanos y Amparo D\u00e1vila, entre otras) hubiera empatado a la perfecci\u00f3n en el llamado boom latinoamericano, de no ser porque fue \u00e9ste la versi\u00f3n culta de El Club de Tobi, dominio de creadores y cr\u00edticos varones.<\/div>\n<div style=\"text-align: justify;\">4.- Safo, la m\u00edtica poetisa de Grecia, naci\u00f3 en Lesbos, probablemente en Mitilene, en torno al 600 a.C <\/div>\n<div style=\"text-align: justify;\"><\/div>\n<div style=\"text-align: justify;\">Fuente: Voz de Mujer &#8211; Arte y Cultura <a href=\"http:\/\/ojodepoeta2007.blogspot.com\/\">http:\/\/ojodepoeta2007.blogspot.com\/<\/a><\/div>\n","protected":false},"excerpt":{"rendered":"<p>\u201cD\u00e9jame dormir en este sue\u00f1o verde Ser ra\u00edz, conducto vital en maderas carcomidas\u2026\u201d A.P.S. Mariposas en ci\u00e9naga, libro de poemas de Alicia Pereda Saavedra es un texto ligado a la m\u00e1s profunda tradici\u00f3n po\u00e9tica rom\u00e1ntica. La autora escribe: \u201cTe estoy amando desde siempre\/ con ayeres y ma\u00f1anas esperando\/entre el llanto de la niebla y la [&hellip;]<\/p>\n","protected":false},"author":1,"featured_media":0,"comment_status":"open","ping_status":"open","sticky":false,"template":"","format":"standard","meta":{"footnotes":""},"categories":[115,149,70,67],"tags":[],"class_list":["post-5457","post","type-post","status-publish","format-standard","hentry","category-alicia-pereda","category-ingrid-odgers","category-libros","category-poesia"],"yoast_head":"<!-- This site is optimized with the Yoast SEO plugin v25.0 - https:\/\/yoast.com\/wordpress\/plugins\/seo\/ -->\n<title>Mariposas En La Ci\u00e9naga - Alicia Pereda Saavedra - Nuestro Bio B\u00edo<\/title>\n<meta name=\"robots\" content=\"index, follow, max-snippet:-1, max-image-preview:large, max-video-preview:-1\" \/>\n<link rel=\"canonical\" href=\"https:\/\/www.fraczinet.cl\/sitio\/2010\/03\/23\/mariposas-en-la-cienaga-alicia-pereda-saavedra\/\" \/>\n<meta property=\"og:locale\" content=\"es_ES\" \/>\n<meta property=\"og:type\" content=\"article\" \/>\n<meta property=\"og:title\" content=\"Mariposas En La Ci\u00e9naga - Alicia Pereda Saavedra - Nuestro Bio B\u00edo\" \/>\n<meta property=\"og:description\" content=\"\u201cD\u00e9jame dormir en este sue\u00f1o verde Ser ra\u00edz, conducto vital en maderas carcomidas\u2026\u201d A.P.S. Mariposas en ci\u00e9naga, libro de poemas de Alicia Pereda Saavedra es un texto ligado a la m\u00e1s profunda tradici\u00f3n po\u00e9tica rom\u00e1ntica. La autora escribe: \u201cTe estoy amando desde siempre\/ con ayeres y ma\u00f1anas esperando\/entre el llanto de la niebla y la [&hellip;]\" \/>\n<meta property=\"og:url\" content=\"https:\/\/www.fraczinet.cl\/sitio\/2010\/03\/23\/mariposas-en-la-cienaga-alicia-pereda-saavedra\/\" \/>\n<meta property=\"og:site_name\" content=\"Nuestro Bio B\u00edo\" \/>\n<meta property=\"article:published_time\" content=\"2010-03-23T02:59:00+00:00\" \/>\n<meta property=\"og:image\" content=\"http:\/\/1.bp.blogspot.com\/_2S_RxGRVjis\/S13hLGbZZJI\/AAAAAAAANkY\/bWTKskRNVnA\/S1600-R\/Mariposas_en_la_Cienega.jpg\" \/>\n<meta name=\"author\" content=\"admin\" \/>\n<meta name=\"twitter:card\" content=\"summary_large_image\" \/>\n<meta name=\"twitter:creator\" content=\"@nuestrobiobio\" \/>\n<meta name=\"twitter:site\" content=\"@nuestrobiobio\" \/>\n<meta name=\"twitter:label1\" content=\"Escrito por\" \/>\n\t<meta name=\"twitter:data1\" content=\"admin\" \/>\n\t<meta name=\"twitter:label2\" content=\"Tiempo de lectura\" \/>\n\t<meta name=\"twitter:data2\" content=\"4 minutos\" \/>\n<script type=\"application\/ld+json\" class=\"yoast-schema-graph\">{\"@context\":\"https:\/\/schema.org\",\"@graph\":[{\"@type\":\"Article\",\"@id\":\"https:\/\/www.fraczinet.cl\/sitio\/2010\/03\/23\/mariposas-en-la-cienaga-alicia-pereda-saavedra\/#article\",\"isPartOf\":{\"@id\":\"https:\/\/www.fraczinet.cl\/sitio\/2010\/03\/23\/mariposas-en-la-cienaga-alicia-pereda-saavedra\/\"},\"author\":{\"name\":\"admin\",\"@id\":\"https:\/\/www.fraczinet.cl\/sitio\/#\/schema\/person\/bc30f98e9cb10ae7e119dbe14bc93784\"},\"headline\":\"Mariposas En La Ci\u00e9naga &#8211; Alicia Pereda Saavedra\",\"datePublished\":\"2010-03-23T02:59:00+00:00\",\"mainEntityOfPage\":{\"@id\":\"https:\/\/www.fraczinet.cl\/sitio\/2010\/03\/23\/mariposas-en-la-cienaga-alicia-pereda-saavedra\/\"},\"wordCount\":819,\"commentCount\":0,\"publisher\":{\"@id\":\"https:\/\/www.fraczinet.cl\/sitio\/#\/schema\/person\/aec8ee4da68df2b9b0eefdad24a0d582\"},\"image\":{\"@id\":\"https:\/\/www.fraczinet.cl\/sitio\/2010\/03\/23\/mariposas-en-la-cienaga-alicia-pereda-saavedra\/#primaryimage\"},\"thumbnailUrl\":\"http:\/\/1.bp.blogspot.com\/_2S_RxGRVjis\/S13hLGbZZJI\/AAAAAAAANkY\/bWTKskRNVnA\/S1600-R\/Mariposas_en_la_Cienega.jpg\",\"articleSection\":[\"Alicia Pereda\",\"Ingrid Odgers\",\"Libros\",\"Poes\u00eda\"],\"inLanguage\":\"es\",\"potentialAction\":[{\"@type\":\"CommentAction\",\"name\":\"Comment\",\"target\":[\"https:\/\/www.fraczinet.cl\/sitio\/2010\/03\/23\/mariposas-en-la-cienaga-alicia-pereda-saavedra\/#respond\"]}]},{\"@type\":\"WebPage\",\"@id\":\"https:\/\/www.fraczinet.cl\/sitio\/2010\/03\/23\/mariposas-en-la-cienaga-alicia-pereda-saavedra\/\",\"url\":\"https:\/\/www.fraczinet.cl\/sitio\/2010\/03\/23\/mariposas-en-la-cienaga-alicia-pereda-saavedra\/\",\"name\":\"Mariposas En La Ci\u00e9naga - Alicia Pereda Saavedra - Nuestro Bio B\u00edo\",\"isPartOf\":{\"@id\":\"https:\/\/www.fraczinet.cl\/sitio\/#website\"},\"primaryImageOfPage\":{\"@id\":\"https:\/\/www.fraczinet.cl\/sitio\/2010\/03\/23\/mariposas-en-la-cienaga-alicia-pereda-saavedra\/#primaryimage\"},\"image\":{\"@id\":\"https:\/\/www.fraczinet.cl\/sitio\/2010\/03\/23\/mariposas-en-la-cienaga-alicia-pereda-saavedra\/#primaryimage\"},\"thumbnailUrl\":\"http:\/\/1.bp.blogspot.com\/_2S_RxGRVjis\/S13hLGbZZJI\/AAAAAAAANkY\/bWTKskRNVnA\/S1600-R\/Mariposas_en_la_Cienega.jpg\",\"datePublished\":\"2010-03-23T02:59:00+00:00\",\"breadcrumb\":{\"@id\":\"https:\/\/www.fraczinet.cl\/sitio\/2010\/03\/23\/mariposas-en-la-cienaga-alicia-pereda-saavedra\/#breadcrumb\"},\"inLanguage\":\"es\",\"potentialAction\":[{\"@type\":\"ReadAction\",\"target\":[\"https:\/\/www.fraczinet.cl\/sitio\/2010\/03\/23\/mariposas-en-la-cienaga-alicia-pereda-saavedra\/\"]}]},{\"@type\":\"ImageObject\",\"inLanguage\":\"es\",\"@id\":\"https:\/\/www.fraczinet.cl\/sitio\/2010\/03\/23\/mariposas-en-la-cienaga-alicia-pereda-saavedra\/#primaryimage\",\"url\":\"http:\/\/1.bp.blogspot.com\/_2S_RxGRVjis\/S13hLGbZZJI\/AAAAAAAANkY\/bWTKskRNVnA\/S1600-R\/Mariposas_en_la_Cienega.jpg\",\"contentUrl\":\"http:\/\/1.bp.blogspot.com\/_2S_RxGRVjis\/S13hLGbZZJI\/AAAAAAAANkY\/bWTKskRNVnA\/S1600-R\/Mariposas_en_la_Cienega.jpg\"},{\"@type\":\"BreadcrumbList\",\"@id\":\"https:\/\/www.fraczinet.cl\/sitio\/2010\/03\/23\/mariposas-en-la-cienaga-alicia-pereda-saavedra\/#breadcrumb\",\"itemListElement\":[{\"@type\":\"ListItem\",\"position\":1,\"name\":\"Portada\",\"item\":\"https:\/\/www.fraczinet.cl\/sitio\/\"},{\"@type\":\"ListItem\",\"position\":2,\"name\":\"Mariposas En La Ci\u00e9naga &#8211; Alicia Pereda Saavedra\"}]},{\"@type\":\"WebSite\",\"@id\":\"https:\/\/www.fraczinet.cl\/sitio\/#website\",\"url\":\"https:\/\/www.fraczinet.cl\/sitio\/\",\"name\":\"Nuestro Bio B\u00edo\",\"description\":\"Tierra de Encuentros\",\"publisher\":{\"@id\":\"https:\/\/www.fraczinet.cl\/sitio\/#\/schema\/person\/aec8ee4da68df2b9b0eefdad24a0d582\"},\"potentialAction\":[{\"@type\":\"SearchAction\",\"target\":{\"@type\":\"EntryPoint\",\"urlTemplate\":\"https:\/\/www.fraczinet.cl\/sitio\/?s={search_term_string}\"},\"query-input\":{\"@type\":\"PropertyValueSpecification\",\"valueRequired\":true,\"valueName\":\"search_term_string\"}}],\"inLanguage\":\"es\"},{\"@type\":[\"Person\",\"Organization\"],\"@id\":\"https:\/\/www.fraczinet.cl\/sitio\/#\/schema\/person\/aec8ee4da68df2b9b0eefdad24a0d582\",\"name\":\"Luis Fernando Fraczinet\",\"image\":{\"@type\":\"ImageObject\",\"inLanguage\":\"es\",\"@id\":\"https:\/\/www.fraczinet.cl\/sitio\/#\/schema\/person\/image\/\",\"url\":\"https:\/\/www.fraczinet.cl\/sitio\/wp-content\/uploads\/2021\/07\/bannerlogo-1.gif\",\"contentUrl\":\"https:\/\/www.fraczinet.cl\/sitio\/wp-content\/uploads\/2021\/07\/bannerlogo-1.gif\",\"width\":159,\"height\":79,\"caption\":\"Luis Fernando Fraczinet\"},\"logo\":{\"@id\":\"https:\/\/www.fraczinet.cl\/sitio\/#\/schema\/person\/image\/\"},\"sameAs\":[\"https:\/\/www.fraczinet.cl\/sitio\/\"]},{\"@type\":\"Person\",\"@id\":\"https:\/\/www.fraczinet.cl\/sitio\/#\/schema\/person\/bc30f98e9cb10ae7e119dbe14bc93784\",\"name\":\"admin\",\"image\":{\"@type\":\"ImageObject\",\"inLanguage\":\"es\",\"@id\":\"https:\/\/www.fraczinet.cl\/sitio\/#\/schema\/person\/image\/\",\"url\":\"https:\/\/secure.gravatar.com\/avatar\/d5ad3cf7ef3b23a2bb5be73be780c86b2fc8545c3ad6b149f3913ff458c00099?s=96&d=mm&r=g\",\"contentUrl\":\"https:\/\/secure.gravatar.com\/avatar\/d5ad3cf7ef3b23a2bb5be73be780c86b2fc8545c3ad6b149f3913ff458c00099?s=96&d=mm&r=g\",\"caption\":\"admin\"},\"sameAs\":[\"https:\/\/www.fraczinet.cl\/sitio\"]}]}<\/script>\n<!-- \/ Yoast SEO plugin. -->","yoast_head_json":{"title":"Mariposas En La Ci\u00e9naga - Alicia Pereda Saavedra - Nuestro Bio B\u00edo","robots":{"index":"index","follow":"follow","max-snippet":"max-snippet:-1","max-image-preview":"max-image-preview:large","max-video-preview":"max-video-preview:-1"},"canonical":"https:\/\/www.fraczinet.cl\/sitio\/2010\/03\/23\/mariposas-en-la-cienaga-alicia-pereda-saavedra\/","og_locale":"es_ES","og_type":"article","og_title":"Mariposas En La Ci\u00e9naga - Alicia Pereda Saavedra - Nuestro Bio B\u00edo","og_description":"\u201cD\u00e9jame dormir en este sue\u00f1o verde Ser ra\u00edz, conducto vital en maderas carcomidas\u2026\u201d A.P.S. Mariposas en ci\u00e9naga, libro de poemas de Alicia Pereda Saavedra es un texto ligado a la m\u00e1s profunda tradici\u00f3n po\u00e9tica rom\u00e1ntica. La autora escribe: \u201cTe estoy amando desde siempre\/ con ayeres y ma\u00f1anas esperando\/entre el llanto de la niebla y la [&hellip;]","og_url":"https:\/\/www.fraczinet.cl\/sitio\/2010\/03\/23\/mariposas-en-la-cienaga-alicia-pereda-saavedra\/","og_site_name":"Nuestro Bio B\u00edo","article_published_time":"2010-03-23T02:59:00+00:00","og_image":[{"url":"http:\/\/1.bp.blogspot.com\/_2S_RxGRVjis\/S13hLGbZZJI\/AAAAAAAANkY\/bWTKskRNVnA\/S1600-R\/Mariposas_en_la_Cienega.jpg","type":"","width":"","height":""}],"author":"admin","twitter_card":"summary_large_image","twitter_creator":"@nuestrobiobio","twitter_site":"@nuestrobiobio","twitter_misc":{"Escrito por":"admin","Tiempo de lectura":"4 minutos"},"schema":{"@context":"https:\/\/schema.org","@graph":[{"@type":"Article","@id":"https:\/\/www.fraczinet.cl\/sitio\/2010\/03\/23\/mariposas-en-la-cienaga-alicia-pereda-saavedra\/#article","isPartOf":{"@id":"https:\/\/www.fraczinet.cl\/sitio\/2010\/03\/23\/mariposas-en-la-cienaga-alicia-pereda-saavedra\/"},"author":{"name":"admin","@id":"https:\/\/www.fraczinet.cl\/sitio\/#\/schema\/person\/bc30f98e9cb10ae7e119dbe14bc93784"},"headline":"Mariposas En La Ci\u00e9naga &#8211; Alicia Pereda Saavedra","datePublished":"2010-03-23T02:59:00+00:00","mainEntityOfPage":{"@id":"https:\/\/www.fraczinet.cl\/sitio\/2010\/03\/23\/mariposas-en-la-cienaga-alicia-pereda-saavedra\/"},"wordCount":819,"commentCount":0,"publisher":{"@id":"https:\/\/www.fraczinet.cl\/sitio\/#\/schema\/person\/aec8ee4da68df2b9b0eefdad24a0d582"},"image":{"@id":"https:\/\/www.fraczinet.cl\/sitio\/2010\/03\/23\/mariposas-en-la-cienaga-alicia-pereda-saavedra\/#primaryimage"},"thumbnailUrl":"http:\/\/1.bp.blogspot.com\/_2S_RxGRVjis\/S13hLGbZZJI\/AAAAAAAANkY\/bWTKskRNVnA\/S1600-R\/Mariposas_en_la_Cienega.jpg","articleSection":["Alicia Pereda","Ingrid Odgers","Libros","Poes\u00eda"],"inLanguage":"es","potentialAction":[{"@type":"CommentAction","name":"Comment","target":["https:\/\/www.fraczinet.cl\/sitio\/2010\/03\/23\/mariposas-en-la-cienaga-alicia-pereda-saavedra\/#respond"]}]},{"@type":"WebPage","@id":"https:\/\/www.fraczinet.cl\/sitio\/2010\/03\/23\/mariposas-en-la-cienaga-alicia-pereda-saavedra\/","url":"https:\/\/www.fraczinet.cl\/sitio\/2010\/03\/23\/mariposas-en-la-cienaga-alicia-pereda-saavedra\/","name":"Mariposas En La Ci\u00e9naga - Alicia Pereda Saavedra - Nuestro Bio B\u00edo","isPartOf":{"@id":"https:\/\/www.fraczinet.cl\/sitio\/#website"},"primaryImageOfPage":{"@id":"https:\/\/www.fraczinet.cl\/sitio\/2010\/03\/23\/mariposas-en-la-cienaga-alicia-pereda-saavedra\/#primaryimage"},"image":{"@id":"https:\/\/www.fraczinet.cl\/sitio\/2010\/03\/23\/mariposas-en-la-cienaga-alicia-pereda-saavedra\/#primaryimage"},"thumbnailUrl":"http:\/\/1.bp.blogspot.com\/_2S_RxGRVjis\/S13hLGbZZJI\/AAAAAAAANkY\/bWTKskRNVnA\/S1600-R\/Mariposas_en_la_Cienega.jpg","datePublished":"2010-03-23T02:59:00+00:00","breadcrumb":{"@id":"https:\/\/www.fraczinet.cl\/sitio\/2010\/03\/23\/mariposas-en-la-cienaga-alicia-pereda-saavedra\/#breadcrumb"},"inLanguage":"es","potentialAction":[{"@type":"ReadAction","target":["https:\/\/www.fraczinet.cl\/sitio\/2010\/03\/23\/mariposas-en-la-cienaga-alicia-pereda-saavedra\/"]}]},{"@type":"ImageObject","inLanguage":"es","@id":"https:\/\/www.fraczinet.cl\/sitio\/2010\/03\/23\/mariposas-en-la-cienaga-alicia-pereda-saavedra\/#primaryimage","url":"http:\/\/1.bp.blogspot.com\/_2S_RxGRVjis\/S13hLGbZZJI\/AAAAAAAANkY\/bWTKskRNVnA\/S1600-R\/Mariposas_en_la_Cienega.jpg","contentUrl":"http:\/\/1.bp.blogspot.com\/_2S_RxGRVjis\/S13hLGbZZJI\/AAAAAAAANkY\/bWTKskRNVnA\/S1600-R\/Mariposas_en_la_Cienega.jpg"},{"@type":"BreadcrumbList","@id":"https:\/\/www.fraczinet.cl\/sitio\/2010\/03\/23\/mariposas-en-la-cienaga-alicia-pereda-saavedra\/#breadcrumb","itemListElement":[{"@type":"ListItem","position":1,"name":"Portada","item":"https:\/\/www.fraczinet.cl\/sitio\/"},{"@type":"ListItem","position":2,"name":"Mariposas En La Ci\u00e9naga &#8211; Alicia Pereda Saavedra"}]},{"@type":"WebSite","@id":"https:\/\/www.fraczinet.cl\/sitio\/#website","url":"https:\/\/www.fraczinet.cl\/sitio\/","name":"Nuestro Bio B\u00edo","description":"Tierra de Encuentros","publisher":{"@id":"https:\/\/www.fraczinet.cl\/sitio\/#\/schema\/person\/aec8ee4da68df2b9b0eefdad24a0d582"},"potentialAction":[{"@type":"SearchAction","target":{"@type":"EntryPoint","urlTemplate":"https:\/\/www.fraczinet.cl\/sitio\/?s={search_term_string}"},"query-input":{"@type":"PropertyValueSpecification","valueRequired":true,"valueName":"search_term_string"}}],"inLanguage":"es"},{"@type":["Person","Organization"],"@id":"https:\/\/www.fraczinet.cl\/sitio\/#\/schema\/person\/aec8ee4da68df2b9b0eefdad24a0d582","name":"Luis Fernando Fraczinet","image":{"@type":"ImageObject","inLanguage":"es","@id":"https:\/\/www.fraczinet.cl\/sitio\/#\/schema\/person\/image\/","url":"https:\/\/www.fraczinet.cl\/sitio\/wp-content\/uploads\/2021\/07\/bannerlogo-1.gif","contentUrl":"https:\/\/www.fraczinet.cl\/sitio\/wp-content\/uploads\/2021\/07\/bannerlogo-1.gif","width":159,"height":79,"caption":"Luis Fernando Fraczinet"},"logo":{"@id":"https:\/\/www.fraczinet.cl\/sitio\/#\/schema\/person\/image\/"},"sameAs":["https:\/\/www.fraczinet.cl\/sitio\/"]},{"@type":"Person","@id":"https:\/\/www.fraczinet.cl\/sitio\/#\/schema\/person\/bc30f98e9cb10ae7e119dbe14bc93784","name":"admin","image":{"@type":"ImageObject","inLanguage":"es","@id":"https:\/\/www.fraczinet.cl\/sitio\/#\/schema\/person\/image\/","url":"https:\/\/secure.gravatar.com\/avatar\/d5ad3cf7ef3b23a2bb5be73be780c86b2fc8545c3ad6b149f3913ff458c00099?s=96&d=mm&r=g","contentUrl":"https:\/\/secure.gravatar.com\/avatar\/d5ad3cf7ef3b23a2bb5be73be780c86b2fc8545c3ad6b149f3913ff458c00099?s=96&d=mm&r=g","caption":"admin"},"sameAs":["https:\/\/www.fraczinet.cl\/sitio"]}]}},"_links":{"self":[{"href":"https:\/\/www.fraczinet.cl\/sitio\/wp-json\/wp\/v2\/posts\/5457","targetHints":{"allow":["GET"]}}],"collection":[{"href":"https:\/\/www.fraczinet.cl\/sitio\/wp-json\/wp\/v2\/posts"}],"about":[{"href":"https:\/\/www.fraczinet.cl\/sitio\/wp-json\/wp\/v2\/types\/post"}],"author":[{"embeddable":true,"href":"https:\/\/www.fraczinet.cl\/sitio\/wp-json\/wp\/v2\/users\/1"}],"replies":[{"embeddable":true,"href":"https:\/\/www.fraczinet.cl\/sitio\/wp-json\/wp\/v2\/comments?post=5457"}],"version-history":[{"count":0,"href":"https:\/\/www.fraczinet.cl\/sitio\/wp-json\/wp\/v2\/posts\/5457\/revisions"}],"wp:attachment":[{"href":"https:\/\/www.fraczinet.cl\/sitio\/wp-json\/wp\/v2\/media?parent=5457"}],"wp:term":[{"taxonomy":"category","embeddable":true,"href":"https:\/\/www.fraczinet.cl\/sitio\/wp-json\/wp\/v2\/categories?post=5457"},{"taxonomy":"post_tag","embeddable":true,"href":"https:\/\/www.fraczinet.cl\/sitio\/wp-json\/wp\/v2\/tags?post=5457"}],"curies":[{"name":"wp","href":"https:\/\/api.w.org\/{rel}","templated":true}]}}