{"id":5464,"date":"2010-03-20T01:47:00","date_gmt":"2010-03-20T01:47:00","guid":{"rendered":"https:\/\/www.fraczinet.cl\/sitio\/2010\/03\/20\/parque-educativo-jorge-alessandri-retoma-su-funcionamiento\/"},"modified":"2022-10-21T00:19:31","modified_gmt":"2022-10-21T00:19:31","slug":"parque-educativo-jorge-alessandri-retoma-su-funcionamiento","status":"publish","type":"post","link":"https:\/\/www.fraczinet.cl\/sitio\/2010\/03\/20\/parque-educativo-jorge-alessandri-retoma-su-funcionamiento\/","title":{"rendered":"Parque Educativo Jorge Alessandri Retoma Su Funcionamiento"},"content":{"rendered":"<div style=\"text-align: justify;\">Desde el d\u00eda 27 de febrero el Parque Educativo Jorge Alessandri, ha permanecido cerrado al p\u00fablico s\u00f3lo por un tema de prevenci\u00f3n y seguridad. Luego de una completa inspecci\u00f3n de los edificios principales y de los espacios educativos, podemos informar que el recinto no tiene ning\u00fan da\u00f1o en sus dependencias ni en los espacios educativos. Adem\u00e1s el Parque ha contado siempre con un adecuado Plan de Emergencia y personal capacitado en caso de requerir implementarlo, las v\u00edas de evacuaci\u00f3n y zonas de seguridad son las adecuadas en caso de producirse alguna necesidad.<\/div>\n<div style=\"text-align: justify;\"><\/div>\n<div style=\"text-align: justify;\">Esperamos con esta informaci\u00f3n tranquilizar a la gente y reiterarles que somos una real alternativa de recreaci\u00f3n para la comunidad de nuestra zona, otorgando un hermoso entorno con la seguridad necesaria que estos tiempos est\u00e1n exigiendo.<\/div>\n<div style=\"text-align: justify;\"><\/div>\n<div style=\"text-align: justify;\">La oferta cultural y educativa del Parque est\u00e1 en normal funcionamiento con todos sus espacios educativos abiertos: Vivero, Sala del \u00c1rbol y Artequ\u00edn, los cuales se unen a los recorridos guiados por sus senderos. Adem\u00e1s contamos con la muestra El Juguete de Papel que nos invita a recordar una antigua pr\u00e1ctica de entretenci\u00f3n infantil.<\/div>\n<div style=\"text-align: justify;\"><\/div>\n<div style=\"text-align: justify;\">De esta manera y aprovechando el buen tiempo que a\u00fan nos acompa\u00f1a, los invitamos a visitarnos en familia para disfrutar de una posibilidad de esparcimiento y adquisici\u00f3n de conocimientos en este especial centro cultural y entorno natural.<\/div>\n<div style=\"text-align: justify;\"><\/div>\n<div style=\"text-align: justify;\">Los esperamos, como siempre, de martes a domingo de 10:00 a 17:00 hrs, en el km 18. del camino Concepci\u00f3n\u2013Coronel.<\/div>\n<div style=\"text-align: justify;\"><\/div>\n<div style=\"text-align: justify;\">Parque Educativo Jorge Alessandri<\/div>\n<div style=\"text-align: justify;\">Fono: 2857411<\/div>\n","protected":false},"excerpt":{"rendered":"<p>Desde el d\u00eda 27 de febrero el Parque Educativo Jorge Alessandri, ha permanecido cerrado al p\u00fablico s\u00f3lo por un tema de prevenci\u00f3n y seguridad. Luego de una completa inspecci\u00f3n de los edificios principales y de los espacios educativos, podemos informar que el recinto no tiene ning\u00fan da\u00f1o en sus dependencias ni en los espacios educativos. [&hellip;]<\/p>\n","protected":false},"author":1,"featured_media":0,"comment_status":"open","ping_status":"open","sticky":false,"template":"","format":"standard","meta":{"footnotes":""},"categories":[44],"tags":[],"class_list":["post-5464","post","type-post","status-publish","format-standard","hentry","category-eventos"],"yoast_head":"<!-- This site is optimized with the Yoast SEO plugin v25.0 - https:\/\/yoast.com\/wordpress\/plugins\/seo\/ -->\n<title>Parque Educativo Jorge Alessandri Retoma Su Funcionamiento - Nuestro Bio B\u00edo<\/title>\n<meta name=\"robots\" content=\"index, follow, max-snippet:-1, max-image-preview:large, max-video-preview:-1\" \/>\n<link rel=\"canonical\" href=\"https:\/\/www.fraczinet.cl\/sitio\/2010\/03\/20\/parque-educativo-jorge-alessandri-retoma-su-funcionamiento\/\" \/>\n<meta property=\"og:locale\" content=\"es_ES\" \/>\n<meta property=\"og:type\" content=\"article\" \/>\n<meta property=\"og:title\" content=\"Parque Educativo Jorge Alessandri Retoma Su Funcionamiento - Nuestro Bio B\u00edo\" \/>\n<meta property=\"og:description\" content=\"Desde el d\u00eda 27 de febrero el Parque Educativo Jorge Alessandri, ha permanecido cerrado al p\u00fablico s\u00f3lo por un tema de prevenci\u00f3n y seguridad. Luego de una completa inspecci\u00f3n de los edificios principales y de los espacios educativos, podemos informar que el recinto no tiene ning\u00fan da\u00f1o en sus dependencias ni en los espacios educativos. [&hellip;]\" \/>\n<meta property=\"og:url\" content=\"https:\/\/www.fraczinet.cl\/sitio\/2010\/03\/20\/parque-educativo-jorge-alessandri-retoma-su-funcionamiento\/\" \/>\n<meta property=\"og:site_name\" content=\"Nuestro Bio B\u00edo\" \/>\n<meta property=\"article:published_time\" content=\"2010-03-20T01:47:00+00:00\" \/>\n<meta property=\"article:modified_time\" content=\"2022-10-21T00:19:31+00:00\" \/>\n<meta property=\"og:image\" content=\"https:\/\/www.fraczinet.cl\/sitio\/wp-content\/uploads\/2021\/07\/bannerlogo-1.gif\" \/>\n\t<meta property=\"og:image:width\" content=\"159\" \/>\n\t<meta property=\"og:image:height\" content=\"79\" \/>\n\t<meta property=\"og:image:type\" content=\"image\/gif\" \/>\n<meta name=\"author\" content=\"admin\" \/>\n<meta name=\"twitter:card\" content=\"summary_large_image\" \/>\n<meta name=\"twitter:creator\" content=\"@nuestrobiobio\" \/>\n<meta name=\"twitter:site\" content=\"@nuestrobiobio\" \/>\n<meta name=\"twitter:label1\" content=\"Escrito por\" \/>\n\t<meta name=\"twitter:data1\" content=\"admin\" \/>\n\t<meta name=\"twitter:label2\" content=\"Tiempo de lectura\" \/>\n\t<meta name=\"twitter:data2\" content=\"1 minuto\" \/>\n<script type=\"application\/ld+json\" class=\"yoast-schema-graph\">{\"@context\":\"https:\/\/schema.org\",\"@graph\":[{\"@type\":\"Article\",\"@id\":\"https:\/\/www.fraczinet.cl\/sitio\/2010\/03\/20\/parque-educativo-jorge-alessandri-retoma-su-funcionamiento\/#article\",\"isPartOf\":{\"@id\":\"https:\/\/www.fraczinet.cl\/sitio\/2010\/03\/20\/parque-educativo-jorge-alessandri-retoma-su-funcionamiento\/\"},\"author\":{\"name\":\"admin\",\"@id\":\"https:\/\/www.fraczinet.cl\/sitio\/#\/schema\/person\/bc30f98e9cb10ae7e119dbe14bc93784\"},\"headline\":\"Parque Educativo Jorge Alessandri Retoma Su Funcionamiento\",\"datePublished\":\"2010-03-20T01:47:00+00:00\",\"dateModified\":\"2022-10-21T00:19:31+00:00\",\"mainEntityOfPage\":{\"@id\":\"https:\/\/www.fraczinet.cl\/sitio\/2010\/03\/20\/parque-educativo-jorge-alessandri-retoma-su-funcionamiento\/\"},\"wordCount\":269,\"commentCount\":0,\"publisher\":{\"@id\":\"https:\/\/www.fraczinet.cl\/sitio\/#\/schema\/person\/aec8ee4da68df2b9b0eefdad24a0d582\"},\"articleSection\":[\"Eventos\"],\"inLanguage\":\"es\",\"potentialAction\":[{\"@type\":\"CommentAction\",\"name\":\"Comment\",\"target\":[\"https:\/\/www.fraczinet.cl\/sitio\/2010\/03\/20\/parque-educativo-jorge-alessandri-retoma-su-funcionamiento\/#respond\"]}]},{\"@type\":\"WebPage\",\"@id\":\"https:\/\/www.fraczinet.cl\/sitio\/2010\/03\/20\/parque-educativo-jorge-alessandri-retoma-su-funcionamiento\/\",\"url\":\"https:\/\/www.fraczinet.cl\/sitio\/2010\/03\/20\/parque-educativo-jorge-alessandri-retoma-su-funcionamiento\/\",\"name\":\"Parque Educativo Jorge Alessandri Retoma Su Funcionamiento - Nuestro Bio B\u00edo\",\"isPartOf\":{\"@id\":\"https:\/\/www.fraczinet.cl\/sitio\/#website\"},\"datePublished\":\"2010-03-20T01:47:00+00:00\",\"dateModified\":\"2022-10-21T00:19:31+00:00\",\"breadcrumb\":{\"@id\":\"https:\/\/www.fraczinet.cl\/sitio\/2010\/03\/20\/parque-educativo-jorge-alessandri-retoma-su-funcionamiento\/#breadcrumb\"},\"inLanguage\":\"es\",\"potentialAction\":[{\"@type\":\"ReadAction\",\"target\":[\"https:\/\/www.fraczinet.cl\/sitio\/2010\/03\/20\/parque-educativo-jorge-alessandri-retoma-su-funcionamiento\/\"]}]},{\"@type\":\"BreadcrumbList\",\"@id\":\"https:\/\/www.fraczinet.cl\/sitio\/2010\/03\/20\/parque-educativo-jorge-alessandri-retoma-su-funcionamiento\/#breadcrumb\",\"itemListElement\":[{\"@type\":\"ListItem\",\"position\":1,\"name\":\"Portada\",\"item\":\"https:\/\/www.fraczinet.cl\/sitio\/\"},{\"@type\":\"ListItem\",\"position\":2,\"name\":\"Parque Educativo Jorge Alessandri Retoma Su Funcionamiento\"}]},{\"@type\":\"WebSite\",\"@id\":\"https:\/\/www.fraczinet.cl\/sitio\/#website\",\"url\":\"https:\/\/www.fraczinet.cl\/sitio\/\",\"name\":\"Nuestro Bio B\u00edo\",\"description\":\"Tierra de Encuentros\",\"publisher\":{\"@id\":\"https:\/\/www.fraczinet.cl\/sitio\/#\/schema\/person\/aec8ee4da68df2b9b0eefdad24a0d582\"},\"potentialAction\":[{\"@type\":\"SearchAction\",\"target\":{\"@type\":\"EntryPoint\",\"urlTemplate\":\"https:\/\/www.fraczinet.cl\/sitio\/?s={search_term_string}\"},\"query-input\":{\"@type\":\"PropertyValueSpecification\",\"valueRequired\":true,\"valueName\":\"search_term_string\"}}],\"inLanguage\":\"es\"},{\"@type\":[\"Person\",\"Organization\"],\"@id\":\"https:\/\/www.fraczinet.cl\/sitio\/#\/schema\/person\/aec8ee4da68df2b9b0eefdad24a0d582\",\"name\":\"Luis Fernando Fraczinet\",\"image\":{\"@type\":\"ImageObject\",\"inLanguage\":\"es\",\"@id\":\"https:\/\/www.fraczinet.cl\/sitio\/#\/schema\/person\/image\/\",\"url\":\"https:\/\/www.fraczinet.cl\/sitio\/wp-content\/uploads\/2021\/07\/bannerlogo-1.gif\",\"contentUrl\":\"https:\/\/www.fraczinet.cl\/sitio\/wp-content\/uploads\/2021\/07\/bannerlogo-1.gif\",\"width\":159,\"height\":79,\"caption\":\"Luis Fernando Fraczinet\"},\"logo\":{\"@id\":\"https:\/\/www.fraczinet.cl\/sitio\/#\/schema\/person\/image\/\"},\"sameAs\":[\"https:\/\/www.fraczinet.cl\/sitio\/\"]},{\"@type\":\"Person\",\"@id\":\"https:\/\/www.fraczinet.cl\/sitio\/#\/schema\/person\/bc30f98e9cb10ae7e119dbe14bc93784\",\"name\":\"admin\",\"image\":{\"@type\":\"ImageObject\",\"inLanguage\":\"es\",\"@id\":\"https:\/\/www.fraczinet.cl\/sitio\/#\/schema\/person\/image\/\",\"url\":\"https:\/\/secure.gravatar.com\/avatar\/d5ad3cf7ef3b23a2bb5be73be780c86b2fc8545c3ad6b149f3913ff458c00099?s=96&d=mm&r=g\",\"contentUrl\":\"https:\/\/secure.gravatar.com\/avatar\/d5ad3cf7ef3b23a2bb5be73be780c86b2fc8545c3ad6b149f3913ff458c00099?s=96&d=mm&r=g\",\"caption\":\"admin\"},\"sameAs\":[\"https:\/\/www.fraczinet.cl\/sitio\"]}]}<\/script>\n<!-- \/ Yoast SEO plugin. -->","yoast_head_json":{"title":"Parque Educativo Jorge Alessandri Retoma Su Funcionamiento - Nuestro Bio B\u00edo","robots":{"index":"index","follow":"follow","max-snippet":"max-snippet:-1","max-image-preview":"max-image-preview:large","max-video-preview":"max-video-preview:-1"},"canonical":"https:\/\/www.fraczinet.cl\/sitio\/2010\/03\/20\/parque-educativo-jorge-alessandri-retoma-su-funcionamiento\/","og_locale":"es_ES","og_type":"article","og_title":"Parque Educativo Jorge Alessandri Retoma Su Funcionamiento - Nuestro Bio B\u00edo","og_description":"Desde el d\u00eda 27 de febrero el Parque Educativo Jorge Alessandri, ha permanecido cerrado al p\u00fablico s\u00f3lo por un tema de prevenci\u00f3n y seguridad. Luego de una completa inspecci\u00f3n de los edificios principales y de los espacios educativos, podemos informar que el recinto no tiene ning\u00fan da\u00f1o en sus dependencias ni en los espacios educativos. [&hellip;]","og_url":"https:\/\/www.fraczinet.cl\/sitio\/2010\/03\/20\/parque-educativo-jorge-alessandri-retoma-su-funcionamiento\/","og_site_name":"Nuestro Bio B\u00edo","article_published_time":"2010-03-20T01:47:00+00:00","article_modified_time":"2022-10-21T00:19:31+00:00","og_image":[{"width":159,"height":79,"url":"https:\/\/www.fraczinet.cl\/sitio\/wp-content\/uploads\/2021\/07\/bannerlogo-1.gif","type":"image\/gif"}],"author":"admin","twitter_card":"summary_large_image","twitter_creator":"@nuestrobiobio","twitter_site":"@nuestrobiobio","twitter_misc":{"Escrito por":"admin","Tiempo de lectura":"1 minuto"},"schema":{"@context":"https:\/\/schema.org","@graph":[{"@type":"Article","@id":"https:\/\/www.fraczinet.cl\/sitio\/2010\/03\/20\/parque-educativo-jorge-alessandri-retoma-su-funcionamiento\/#article","isPartOf":{"@id":"https:\/\/www.fraczinet.cl\/sitio\/2010\/03\/20\/parque-educativo-jorge-alessandri-retoma-su-funcionamiento\/"},"author":{"name":"admin","@id":"https:\/\/www.fraczinet.cl\/sitio\/#\/schema\/person\/bc30f98e9cb10ae7e119dbe14bc93784"},"headline":"Parque Educativo Jorge Alessandri Retoma Su Funcionamiento","datePublished":"2010-03-20T01:47:00+00:00","dateModified":"2022-10-21T00:19:31+00:00","mainEntityOfPage":{"@id":"https:\/\/www.fraczinet.cl\/sitio\/2010\/03\/20\/parque-educativo-jorge-alessandri-retoma-su-funcionamiento\/"},"wordCount":269,"commentCount":0,"publisher":{"@id":"https:\/\/www.fraczinet.cl\/sitio\/#\/schema\/person\/aec8ee4da68df2b9b0eefdad24a0d582"},"articleSection":["Eventos"],"inLanguage":"es","potentialAction":[{"@type":"CommentAction","name":"Comment","target":["https:\/\/www.fraczinet.cl\/sitio\/2010\/03\/20\/parque-educativo-jorge-alessandri-retoma-su-funcionamiento\/#respond"]}]},{"@type":"WebPage","@id":"https:\/\/www.fraczinet.cl\/sitio\/2010\/03\/20\/parque-educativo-jorge-alessandri-retoma-su-funcionamiento\/","url":"https:\/\/www.fraczinet.cl\/sitio\/2010\/03\/20\/parque-educativo-jorge-alessandri-retoma-su-funcionamiento\/","name":"Parque Educativo Jorge Alessandri Retoma Su Funcionamiento - Nuestro Bio B\u00edo","isPartOf":{"@id":"https:\/\/www.fraczinet.cl\/sitio\/#website"},"datePublished":"2010-03-20T01:47:00+00:00","dateModified":"2022-10-21T00:19:31+00:00","breadcrumb":{"@id":"https:\/\/www.fraczinet.cl\/sitio\/2010\/03\/20\/parque-educativo-jorge-alessandri-retoma-su-funcionamiento\/#breadcrumb"},"inLanguage":"es","potentialAction":[{"@type":"ReadAction","target":["https:\/\/www.fraczinet.cl\/sitio\/2010\/03\/20\/parque-educativo-jorge-alessandri-retoma-su-funcionamiento\/"]}]},{"@type":"BreadcrumbList","@id":"https:\/\/www.fraczinet.cl\/sitio\/2010\/03\/20\/parque-educativo-jorge-alessandri-retoma-su-funcionamiento\/#breadcrumb","itemListElement":[{"@type":"ListItem","position":1,"name":"Portada","item":"https:\/\/www.fraczinet.cl\/sitio\/"},{"@type":"ListItem","position":2,"name":"Parque Educativo Jorge Alessandri Retoma Su Funcionamiento"}]},{"@type":"WebSite","@id":"https:\/\/www.fraczinet.cl\/sitio\/#website","url":"https:\/\/www.fraczinet.cl\/sitio\/","name":"Nuestro Bio B\u00edo","description":"Tierra de Encuentros","publisher":{"@id":"https:\/\/www.fraczinet.cl\/sitio\/#\/schema\/person\/aec8ee4da68df2b9b0eefdad24a0d582"},"potentialAction":[{"@type":"SearchAction","target":{"@type":"EntryPoint","urlTemplate":"https:\/\/www.fraczinet.cl\/sitio\/?s={search_term_string}"},"query-input":{"@type":"PropertyValueSpecification","valueRequired":true,"valueName":"search_term_string"}}],"inLanguage":"es"},{"@type":["Person","Organization"],"@id":"https:\/\/www.fraczinet.cl\/sitio\/#\/schema\/person\/aec8ee4da68df2b9b0eefdad24a0d582","name":"Luis Fernando Fraczinet","image":{"@type":"ImageObject","inLanguage":"es","@id":"https:\/\/www.fraczinet.cl\/sitio\/#\/schema\/person\/image\/","url":"https:\/\/www.fraczinet.cl\/sitio\/wp-content\/uploads\/2021\/07\/bannerlogo-1.gif","contentUrl":"https:\/\/www.fraczinet.cl\/sitio\/wp-content\/uploads\/2021\/07\/bannerlogo-1.gif","width":159,"height":79,"caption":"Luis Fernando Fraczinet"},"logo":{"@id":"https:\/\/www.fraczinet.cl\/sitio\/#\/schema\/person\/image\/"},"sameAs":["https:\/\/www.fraczinet.cl\/sitio\/"]},{"@type":"Person","@id":"https:\/\/www.fraczinet.cl\/sitio\/#\/schema\/person\/bc30f98e9cb10ae7e119dbe14bc93784","name":"admin","image":{"@type":"ImageObject","inLanguage":"es","@id":"https:\/\/www.fraczinet.cl\/sitio\/#\/schema\/person\/image\/","url":"https:\/\/secure.gravatar.com\/avatar\/d5ad3cf7ef3b23a2bb5be73be780c86b2fc8545c3ad6b149f3913ff458c00099?s=96&d=mm&r=g","contentUrl":"https:\/\/secure.gravatar.com\/avatar\/d5ad3cf7ef3b23a2bb5be73be780c86b2fc8545c3ad6b149f3913ff458c00099?s=96&d=mm&r=g","caption":"admin"},"sameAs":["https:\/\/www.fraczinet.cl\/sitio"]}]}},"_links":{"self":[{"href":"https:\/\/www.fraczinet.cl\/sitio\/wp-json\/wp\/v2\/posts\/5464","targetHints":{"allow":["GET"]}}],"collection":[{"href":"https:\/\/www.fraczinet.cl\/sitio\/wp-json\/wp\/v2\/posts"}],"about":[{"href":"https:\/\/www.fraczinet.cl\/sitio\/wp-json\/wp\/v2\/types\/post"}],"author":[{"embeddable":true,"href":"https:\/\/www.fraczinet.cl\/sitio\/wp-json\/wp\/v2\/users\/1"}],"replies":[{"embeddable":true,"href":"https:\/\/www.fraczinet.cl\/sitio\/wp-json\/wp\/v2\/comments?post=5464"}],"version-history":[{"count":2,"href":"https:\/\/www.fraczinet.cl\/sitio\/wp-json\/wp\/v2\/posts\/5464\/revisions"}],"predecessor-version":[{"id":14825,"href":"https:\/\/www.fraczinet.cl\/sitio\/wp-json\/wp\/v2\/posts\/5464\/revisions\/14825"}],"wp:attachment":[{"href":"https:\/\/www.fraczinet.cl\/sitio\/wp-json\/wp\/v2\/media?parent=5464"}],"wp:term":[{"taxonomy":"category","embeddable":true,"href":"https:\/\/www.fraczinet.cl\/sitio\/wp-json\/wp\/v2\/categories?post=5464"},{"taxonomy":"post_tag","embeddable":true,"href":"https:\/\/www.fraczinet.cl\/sitio\/wp-json\/wp\/v2\/tags?post=5464"}],"curies":[{"name":"wp","href":"https:\/\/api.w.org\/{rel}","templated":true}]}}